{"id":13390,"date":"2024-11-10T12:06:16","date_gmt":"2024-11-10T12:06:16","guid":{"rendered":"https:\/\/www.atelierdocaractere.pt\/brevemente\/?p=13390"},"modified":"2024-11-11T12:16:49","modified_gmt":"2024-11-11T12:16:49","slug":"edgar-condenso-e-nuno-silva-sagram-se-campeoes-de-portugal-de-todo-o-terreno-t1","status":"publish","type":"post","link":"https:\/\/www.atelierdocaractere.pt\/brevemente\/edgar-condenso-e-nuno-silva-sagram-se-campeoes-de-portugal-de-todo-o-terreno-t1\/","title":{"rendered":"Edgar Condenso e Nuno Silva sagram-se campe\u00f5es\u00a0de Portugal de Todo-o-Terreno T1"},"content":{"rendered":"\n<p><strong>\u00bb O Team Consilcar garantiu novo p\u00f3dio da categoria T1 (2.\u00ba lugar) na Baja Oeste de Portugal e confirmou a conquista do t\u00edtulo nacional T1.<\/strong><\/p>\n\n\n\n<p><strong>\u00bb Edgar Condenso e Nuno Silva sagraram-se campe\u00f5es nacionais pela segunda vez nas suas carreiras, depois de uma \u00e9poca exemplar com a Ford Ranger.<\/strong><\/p>\n\n\n\n<p><strong>\u00bb Georgino Pedroso e R\u00faben Pedroso tamb\u00e9m se estrearam em bom plano com o Can-Am Maverick da categoria T3.<\/strong><\/p>\n\n\n\n<figure class=\"wp-block-image size-large\"><img decoding=\"async\" width=\"1024\" height=\"631\" src=\"https:\/\/www.atelierdocaractere.pt\/wp-content\/uploads\/2024\/11\/team-consilcar-campeoes-1024x631.jpg\" alt=\"\" class=\"wp-image-13391\" srcset=\"https:\/\/www.atelierdocaractere.pt\/wp-content\/uploads\/2024\/11\/team-consilcar-campeoes-1024x631.jpg 1024w, https:\/\/www.atelierdocaractere.pt\/wp-content\/uploads\/2024\/11\/team-consilcar-campeoes-300x185.jpg 300w, https:\/\/www.atelierdocaractere.pt\/wp-content\/uploads\/2024\/11\/team-consilcar-campeoes-768x473.jpg 768w, https:\/\/www.atelierdocaractere.pt\/wp-content\/uploads\/2024\/11\/team-consilcar-campeoes-1536x947.jpg 1536w, https:\/\/www.atelierdocaractere.pt\/wp-content\/uploads\/2024\/11\/team-consilcar-campeoes.jpg 1895w\" sizes=\"(max-width: 1024px) 100vw, 1024px\" \/><\/figure>\n\n\n\n<p>Edgar Condenso e Nuno Silva apenas precisavam de um 6.\u00ba lugar na derradeira Baja Oeste de Portugal, mas os pilotos do Team Consilcar fizeram quest\u00e3o de festejar novo t\u00edtulo de campe\u00f5es nacionais com um p\u00f3dio na s\u00e9tima e \u00faltima prova da temporada.<\/p>\n\n\n\n<p>A dupla da Ford Ranger enfrentou um Setor Seletivo muito sinuoso e dif\u00edcil no s\u00e1bado, mais favor\u00e1vel aos \u00e1geis SSV, mas no domingo atacou forte e garantiu o 2.\u00ba lugar da categoria T1, conseguindo o quarto p\u00f3dio da temporada. Um final de \u00e9poca em beleza e com sabor a champanhe.<\/p>\n\n\n\n<figure class=\"wp-block-image size-large\"><img decoding=\"async\" width=\"1024\" height=\"683\" src=\"https:\/\/www.atelierdocaractere.pt\/wp-content\/uploads\/2024\/11\/team-consilcar-campeoes-1-1024x683.jpg\" alt=\"\" class=\"wp-image-13392\" srcset=\"https:\/\/www.atelierdocaractere.pt\/wp-content\/uploads\/2024\/11\/team-consilcar-campeoes-1-1024x683.jpg 1024w, https:\/\/www.atelierdocaractere.pt\/wp-content\/uploads\/2024\/11\/team-consilcar-campeoes-1-300x200.jpg 300w, https:\/\/www.atelierdocaractere.pt\/wp-content\/uploads\/2024\/11\/team-consilcar-campeoes-1-768x512.jpg 768w, https:\/\/www.atelierdocaractere.pt\/wp-content\/uploads\/2024\/11\/team-consilcar-campeoes-1-1536x1024.jpg 1536w, https:\/\/www.atelierdocaractere.pt\/wp-content\/uploads\/2024\/11\/team-consilcar-campeoes-1-900x600.jpg 900w, https:\/\/www.atelierdocaractere.pt\/wp-content\/uploads\/2024\/11\/team-consilcar-campeoes-1-675x450.jpg 675w, https:\/\/www.atelierdocaractere.pt\/wp-content\/uploads\/2024\/11\/team-consilcar-campeoes-1.jpg 1800w\" sizes=\"(max-width: 1024px) 100vw, 1024px\" \/><\/figure>\n\n\n\n<p><strong>\u201cFoi duro, mas tamb\u00e9m n\u00e3o h\u00e1 t\u00edtulos f\u00e1ceis\u201d<\/strong>, afirmou Edgar Condenso no final.&nbsp;<strong>\u201cHoje o Setor Seletivo j\u00e1 era mais \u2018rolante\u2019 e aproveit\u00e1mos para atacar em alguns s\u00edtios, embora sem arriscar em demasia. Nos quil\u00f3metros finais tivemos de gerir a mec\u00e2nica do carro e garantir o nosso grande objetivo. \u00c9 um campeonato com um \u2018sabor\u2019 especial, que dedicamos \u00e0s nossas fam\u00edlias, aos nossos patrocinadores, que s\u00e3o parceiros fant\u00e1sticos no projeto, a toda a equipa t\u00e9cnica da Prolama, representada pelo Carlos Silva, Rui Sousa, Francisco Carapinha, Bruno Matos, Bruno Carvalho, Lu\u00eds Lois e ao nosso team manager, o Ant\u00f3nio Serr\u00e3o. Este t\u00edtulo tamb\u00e9m \u00e9 deles\u201d<\/strong>, destacou Edgar Condenso.<\/p>\n\n\n\n<figure class=\"wp-block-image size-large\"><img decoding=\"async\" width=\"963\" height=\"1024\" src=\"https:\/\/www.atelierdocaractere.pt\/wp-content\/uploads\/2024\/11\/team-consilcar-campeoes-2-963x1024.jpg\" alt=\"\" class=\"wp-image-13395\" srcset=\"https:\/\/www.atelierdocaractere.pt\/wp-content\/uploads\/2024\/11\/team-consilcar-campeoes-2-963x1024.jpg 963w, https:\/\/www.atelierdocaractere.pt\/wp-content\/uploads\/2024\/11\/team-consilcar-campeoes-2-282x300.jpg 282w, https:\/\/www.atelierdocaractere.pt\/wp-content\/uploads\/2024\/11\/team-consilcar-campeoes-2-768x816.jpg 768w, https:\/\/www.atelierdocaractere.pt\/wp-content\/uploads\/2024\/11\/team-consilcar-campeoes-2-1445x1536.jpg 1445w, https:\/\/www.atelierdocaractere.pt\/wp-content\/uploads\/2024\/11\/team-consilcar-campeoes-2-1927x2048.jpg 1927w, https:\/\/www.atelierdocaractere.pt\/wp-content\/uploads\/2024\/11\/team-consilcar-campeoes-2.jpg 1806w\" sizes=\"(max-width: 963px) 100vw, 963px\" \/><\/figure>\n\n\n\n<p>Campe\u00e3o nacional de T2 em 2013, campe\u00e3o ib\u00e9rico de T2 em 2018 e, agora, campe\u00e3o nacional de T1, Nuno Silva tamb\u00e9m destacou o car\u00e1ter especial desta conquista:&nbsp;<strong>\u201cFoi um campeonato com muita concorr\u00eancia, bons pilotos e carros de topo, que nos deram muita luta. Penso que fomos a equipa mais consistente ao longo da \u00e9poca. Nunca baix\u00e1mos os bra\u00e7os quando encontr\u00e1mos adversidades e, por outro lado, atac\u00e1mos na altura certa, como, ali\u00e1s, aconteceu nesta Baja Oeste de Portugal, que \u00e9 uma prova algo at\u00edpica. Ser campe\u00e3o \u00e9 um sentimento especial, porque representa muito trabalho e dedica\u00e7\u00e3o ao longo de todo o ano. Um obrigado especial \u00e0 minha fam\u00edlia, por compreender esta minha paix\u00e3o h\u00e1 tantos anos, aos nossos patrocinadores, \u00e0 nossa equipa t\u00e9cnica e a todas as pessoas que nos apoiam, dentro e fora das provas\u201d<\/strong>, afirmou Nuno Silva.<\/p>\n\n\n\n<figure class=\"wp-block-image size-large\"><img decoding=\"async\" width=\"1024\" height=\"697\" src=\"https:\/\/www.atelierdocaractere.pt\/wp-content\/uploads\/2024\/11\/team-consilcar-campeoes-3-1024x697.jpg\" alt=\"\" class=\"wp-image-13393\" srcset=\"https:\/\/www.atelierdocaractere.pt\/wp-content\/uploads\/2024\/11\/team-consilcar-campeoes-3-1024x697.jpg 1024w, https:\/\/www.atelierdocaractere.pt\/wp-content\/uploads\/2024\/11\/team-consilcar-campeoes-3-300x204.jpg 300w, https:\/\/www.atelierdocaractere.pt\/wp-content\/uploads\/2024\/11\/team-consilcar-campeoes-3-768x523.jpg 768w, https:\/\/www.atelierdocaractere.pt\/wp-content\/uploads\/2024\/11\/team-consilcar-campeoes-3-1536x1046.jpg 1536w, https:\/\/www.atelierdocaractere.pt\/wp-content\/uploads\/2024\/11\/team-consilcar-campeoes-3.jpg 1800w\" sizes=\"(max-width: 1024px) 100vw, 1024px\" \/><\/figure>\n\n\n\n<p>Al\u00e9m de festejar mais um t\u00edtulo, o Team Consilcar ainda \u2018apadrinhou\u2019 a estreia de Georgino Pedroso e R\u00faben Pedroso com um SSV. E a dupla do Can-Am Maverick dificilmente poderia ter desejado uma estreia melhor, pois mostrou um bom andamento, rodou praticamente sem problemas, com exce\u00e7\u00e3o de um furo no Setor de hoje, e garantiu um lugar no top 10 dos T3, uma categoria cada mais competitiva no CPTT.<\/p>\n\n\n\n<figure class=\"wp-block-image size-large\"><img decoding=\"async\" width=\"1024\" height=\"683\" src=\"https:\/\/www.atelierdocaractere.pt\/wp-content\/uploads\/2024\/11\/team-consilcar-campeoes-4-1024x683.jpg\" alt=\"\" class=\"wp-image-13394\" srcset=\"https:\/\/www.atelierdocaractere.pt\/wp-content\/uploads\/2024\/11\/team-consilcar-campeoes-4-1024x683.jpg 1024w, https:\/\/www.atelierdocaractere.pt\/wp-content\/uploads\/2024\/11\/team-consilcar-campeoes-4-300x200.jpg 300w, https:\/\/www.atelierdocaractere.pt\/wp-content\/uploads\/2024\/11\/team-consilcar-campeoes-4-768x512.jpg 768w, https:\/\/www.atelierdocaractere.pt\/wp-content\/uploads\/2024\/11\/team-consilcar-campeoes-4-1536x1024.jpg 1536w, https:\/\/www.atelierdocaractere.pt\/wp-content\/uploads\/2024\/11\/team-consilcar-campeoes-4-900x600.jpg 900w, https:\/\/www.atelierdocaractere.pt\/wp-content\/uploads\/2024\/11\/team-consilcar-campeoes-4-675x450.jpg 675w, https:\/\/www.atelierdocaractere.pt\/wp-content\/uploads\/2024\/11\/team-consilcar-campeoes-4.jpg 1800w\" sizes=\"(max-width: 1024px) 100vw, 1024px\" \/><\/figure>\n\n\n\n<p>Acompanhe todas as novidades no&nbsp;<a href=\"https:\/\/www.teamconsilcar.com\/\"><strong>website do Team Consilcar<\/strong><\/a>&nbsp;e nas p\u00e1ginas oficiais no&nbsp;<a href=\"https:\/\/www.facebook.com\/teamconsilcarcom\"><strong>Facebook<\/strong><\/a>&nbsp;e&nbsp;<a href=\"https:\/\/www.instagram.com\/team.consilcar\/\"><strong>Instagram<\/strong><\/a>.<\/p>\n\n\n\n<p>Parceiros:<br><strong><a href=\"https:\/\/www.consilcar.pt\/\">CONSILCAR<\/a>&nbsp;|&nbsp;<a href=\"https:\/\/sng.pt\/\">SNG &#8211; GARANTIA AUTOM\u00d3VEL<\/a>&nbsp;|&nbsp;<a href=\"https:\/\/www.credibom.pt\/\">BANCO CREDIBOM<\/a>&nbsp;|&nbsp;<a href=\"https:\/\/ibergift.com\/\">IBERGIFT<\/a>&nbsp;|&nbsp;&nbsp;<a href=\"https:\/\/www.fitcenter.pt\/\">FIT CENTER<\/a>&nbsp;|&nbsp;<a href=\"https:\/\/www.instagram.com\/oeiraspadelacademy\/\">OEIRAS PADEL ACADEMY<\/a>&nbsp;|&nbsp;<a href=\"https:\/\/www.facebook.com\/AntonioAlcobiaUnipessoalLda\">A ALCOBIA<\/a>&nbsp;|&nbsp;<a href=\"https:\/\/www.facebook.com\/profile.php?id=100050234365785\">JLCM<\/a>&nbsp;|&nbsp;<a href=\"https:\/\/maxvision.pt\/\">MAXVISION<\/a><\/strong><\/p>\n","protected":false},"excerpt":{"rendered":"<p>\u00bb O Team Consilcar garantiu novo p\u00f3dio da categoria T1 (2.\u00ba lugar) na Baja Oeste de Portugal e confirmou a&#8230;<\/p>\n","protected":false},"author":7,"featured_media":13391,"comment_status":"closed","ping_status":"open","sticky":false,"template":"","format":"standard","meta":[],"categories":[24],"tags":[859,860,287],"yoast_head":"<!-- This site is optimized with the Yoast SEO plugin v20.12 - https:\/\/yoast.com\/wordpress\/plugins\/seo\/ -->\n<title>Edgar Condenso e Nuno Silva sagram-se campe\u00f5es\u00a0de Portugal de Todo-o-Terreno T1 - Atelier do Caractere<\/title>\n<meta name=\"robots\" content=\"index, follow, max-snippet:-1, max-image-preview:large, max-video-preview:-1\" \/>\n<link rel=\"canonical\" href=\"https:\/\/www.atelierdocaractere.pt\/brevemente\/edgar-condenso-e-nuno-silva-sagram-se-campeoes-de-portugal-de-todo-o-terreno-t1\/\" \/>\n<meta property=\"og:locale\" content=\"pt_PT\" \/>\n<meta property=\"og:type\" content=\"article\" \/>\n<meta property=\"og:title\" content=\"Edgar Condenso e Nuno Silva sagram-se campe\u00f5es\u00a0de Portugal de Todo-o-Terreno T1 - Atelier do Caractere\" \/>\n<meta property=\"og:description\" content=\"\u00bb O Team Consilcar garantiu novo p\u00f3dio da categoria T1 (2.\u00ba lugar) na Baja Oeste de Portugal e confirmou a...\" \/>\n<meta property=\"og:url\" content=\"https:\/\/www.atelierdocaractere.pt\/brevemente\/edgar-condenso-e-nuno-silva-sagram-se-campeoes-de-portugal-de-todo-o-terreno-t1\/\" \/>\n<meta property=\"og:site_name\" content=\"Atelier do Caractere\" \/>\n<meta property=\"article:publisher\" content=\"https:\/\/www.facebook.com\/AtelierdoCaractere\" \/>\n<meta property=\"article:published_time\" content=\"2024-11-10T12:06:16+00:00\" \/>\n<meta property=\"article:modified_time\" content=\"2024-11-11T12:16:49+00:00\" \/>\n<meta property=\"og:image\" content=\"https:\/\/www.atelierdocaractere.pt\/wp-content\/uploads\/2024\/11\/team-consilcar-campeoes.jpg\" \/>\n\t<meta property=\"og:image:width\" content=\"1895\" \/>\n\t<meta property=\"og:image:height\" content=\"1168\" \/>\n\t<meta property=\"og:image:type\" content=\"image\/jpeg\" \/>\n<meta name=\"author\" content=\"Joana Barbosa\" \/>\n<meta name=\"twitter:card\" content=\"summary_large_image\" \/>\n<meta name=\"twitter:label1\" content=\"Escrito por\" \/>\n\t<meta name=\"twitter:data1\" content=\"Joana Barbosa\" \/>\n\t<meta name=\"twitter:label2\" content=\"Tempo estimado de leitura\" \/>\n\t<meta name=\"twitter:data2\" content=\"4 minutos\" \/>\n<script type=\"application\/ld+json\" class=\"yoast-schema-graph\">{\"@context\":\"https:\/\/schema.org\",\"@graph\":[{\"@type\":\"WebPage\",\"@id\":\"https:\/\/www.atelierdocaractere.pt\/brevemente\/edgar-condenso-e-nuno-silva-sagram-se-campeoes-de-portugal-de-todo-o-terreno-t1\/\",\"url\":\"https:\/\/www.atelierdocaractere.pt\/brevemente\/edgar-condenso-e-nuno-silva-sagram-se-campeoes-de-portugal-de-todo-o-terreno-t1\/\",\"name\":\"Edgar Condenso e Nuno Silva sagram-se campe\u00f5es\u00a0de Portugal de Todo-o-Terreno T1 - Atelier do Caractere\",\"isPartOf\":{\"@id\":\"https:\/\/www.atelierdocaractere.pt\/brevemente\/#website\"},\"datePublished\":\"2024-11-10T12:06:16+00:00\",\"dateModified\":\"2024-11-11T12:16:49+00:00\",\"author\":{\"@id\":\"https:\/\/www.atelierdocaractere.pt\/brevemente\/#\/schema\/person\/f2f096eb0f27d9894725af22cb97c0db\"},\"breadcrumb\":{\"@id\":\"https:\/\/www.atelierdocaractere.pt\/brevemente\/edgar-condenso-e-nuno-silva-sagram-se-campeoes-de-portugal-de-todo-o-terreno-t1\/#breadcrumb\"},\"inLanguage\":\"pt-PT\",\"potentialAction\":[{\"@type\":\"ReadAction\",\"target\":[\"https:\/\/www.atelierdocaractere.pt\/brevemente\/edgar-condenso-e-nuno-silva-sagram-se-campeoes-de-portugal-de-todo-o-terreno-t1\/\"]}]},{\"@type\":\"BreadcrumbList\",\"@id\":\"https:\/\/www.atelierdocaractere.pt\/brevemente\/edgar-condenso-e-nuno-silva-sagram-se-campeoes-de-portugal-de-todo-o-terreno-t1\/#breadcrumb\",\"itemListElement\":[{\"@type\":\"ListItem\",\"position\":1,\"name\":\"In\u00edcio\",\"item\":\"https:\/\/www.atelierdocaractere.pt\/brevemente\/\"},{\"@type\":\"ListItem\",\"position\":2,\"name\":\"Edgar Condenso e Nuno Silva sagram-se campe\u00f5es\u00a0de Portugal de Todo-o-Terreno T1\"}]},{\"@type\":\"WebSite\",\"@id\":\"https:\/\/www.atelierdocaractere.pt\/brevemente\/#website\",\"url\":\"https:\/\/www.atelierdocaractere.pt\/brevemente\/\",\"name\":\"Atelier do Caractere\",\"description\":\"\",\"potentialAction\":[{\"@type\":\"SearchAction\",\"target\":{\"@type\":\"EntryPoint\",\"urlTemplate\":\"https:\/\/www.atelierdocaractere.pt\/brevemente\/?s={search_term_string}\"},\"query-input\":\"required name=search_term_string\"}],\"inLanguage\":\"pt-PT\"},{\"@type\":\"Person\",\"@id\":\"https:\/\/www.atelierdocaractere.pt\/brevemente\/#\/schema\/person\/f2f096eb0f27d9894725af22cb97c0db\",\"name\":\"Joana Barbosa\",\"image\":{\"@type\":\"ImageObject\",\"inLanguage\":\"pt-PT\",\"@id\":\"https:\/\/www.atelierdocaractere.pt\/brevemente\/#\/schema\/person\/image\/\",\"url\":\"https:\/\/secure.gravatar.com\/avatar\/33e8214b45e9d68a3a83008731075979?s=96&d=mm&r=g\",\"contentUrl\":\"https:\/\/secure.gravatar.com\/avatar\/33e8214b45e9d68a3a83008731075979?s=96&d=mm&r=g\",\"caption\":\"Joana Barbosa\"},\"url\":\"https:\/\/www.atelierdocaractere.pt\/brevemente\/author\/joanabarbosa\/\"}]}<\/script>\n<!-- \/ Yoast SEO plugin. -->","yoast_head_json":{"title":"Edgar Condenso e Nuno Silva sagram-se campe\u00f5es\u00a0de Portugal de Todo-o-Terreno T1 - Atelier do Caractere","robots":{"index":"index","follow":"follow","max-snippet":"max-snippet:-1","max-image-preview":"max-image-preview:large","max-video-preview":"max-video-preview:-1"},"canonical":"https:\/\/www.atelierdocaractere.pt\/brevemente\/edgar-condenso-e-nuno-silva-sagram-se-campeoes-de-portugal-de-todo-o-terreno-t1\/","og_locale":"pt_PT","og_type":"article","og_title":"Edgar Condenso e Nuno Silva sagram-se campe\u00f5es\u00a0de Portugal de Todo-o-Terreno T1 - Atelier do Caractere","og_description":"\u00bb O Team Consilcar garantiu novo p\u00f3dio da categoria T1 (2.\u00ba lugar) na Baja Oeste de Portugal e confirmou a...","og_url":"https:\/\/www.atelierdocaractere.pt\/brevemente\/edgar-condenso-e-nuno-silva-sagram-se-campeoes-de-portugal-de-todo-o-terreno-t1\/","og_site_name":"Atelier do Caractere","article_publisher":"https:\/\/www.facebook.com\/AtelierdoCaractere","article_published_time":"2024-11-10T12:06:16+00:00","article_modified_time":"2024-11-11T12:16:49+00:00","og_image":[{"width":1895,"height":1168,"url":"https:\/\/www.atelierdocaractere.pt\/wp-content\/uploads\/2024\/11\/team-consilcar-campeoes.jpg","type":"image\/jpeg"}],"author":"Joana Barbosa","twitter_card":"summary_large_image","twitter_misc":{"Escrito por":"Joana Barbosa","Tempo estimado de leitura":"4 minutos"},"schema":{"@context":"https:\/\/schema.org","@graph":[{"@type":"WebPage","@id":"https:\/\/www.atelierdocaractere.pt\/brevemente\/edgar-condenso-e-nuno-silva-sagram-se-campeoes-de-portugal-de-todo-o-terreno-t1\/","url":"https:\/\/www.atelierdocaractere.pt\/brevemente\/edgar-condenso-e-nuno-silva-sagram-se-campeoes-de-portugal-de-todo-o-terreno-t1\/","name":"Edgar Condenso e Nuno Silva sagram-se campe\u00f5es\u00a0de Portugal de Todo-o-Terreno T1 - Atelier do Caractere","isPartOf":{"@id":"https:\/\/www.atelierdocaractere.pt\/brevemente\/#website"},"datePublished":"2024-11-10T12:06:16+00:00","dateModified":"2024-11-11T12:16:49+00:00","author":{"@id":"https:\/\/www.atelierdocaractere.pt\/brevemente\/#\/schema\/person\/f2f096eb0f27d9894725af22cb97c0db"},"breadcrumb":{"@id":"https:\/\/www.atelierdocaractere.pt\/brevemente\/edgar-condenso-e-nuno-silva-sagram-se-campeoes-de-portugal-de-todo-o-terreno-t1\/#breadcrumb"},"inLanguage":"pt-PT","potentialAction":[{"@type":"ReadAction","target":["https:\/\/www.atelierdocaractere.pt\/brevemente\/edgar-condenso-e-nuno-silva-sagram-se-campeoes-de-portugal-de-todo-o-terreno-t1\/"]}]},{"@type":"BreadcrumbList","@id":"https:\/\/www.atelierdocaractere.pt\/brevemente\/edgar-condenso-e-nuno-silva-sagram-se-campeoes-de-portugal-de-todo-o-terreno-t1\/#breadcrumb","itemListElement":[{"@type":"ListItem","position":1,"name":"In\u00edcio","item":"https:\/\/www.atelierdocaractere.pt\/brevemente\/"},{"@type":"ListItem","position":2,"name":"Edgar Condenso e Nuno Silva sagram-se campe\u00f5es\u00a0de Portugal de Todo-o-Terreno T1"}]},{"@type":"WebSite","@id":"https:\/\/www.atelierdocaractere.pt\/brevemente\/#website","url":"https:\/\/www.atelierdocaractere.pt\/brevemente\/","name":"Atelier do Caractere","description":"","potentialAction":[{"@type":"SearchAction","target":{"@type":"EntryPoint","urlTemplate":"https:\/\/www.atelierdocaractere.pt\/brevemente\/?s={search_term_string}"},"query-input":"required name=search_term_string"}],"inLanguage":"pt-PT"},{"@type":"Person","@id":"https:\/\/www.atelierdocaractere.pt\/brevemente\/#\/schema\/person\/f2f096eb0f27d9894725af22cb97c0db","name":"Joana Barbosa","image":{"@type":"ImageObject","inLanguage":"pt-PT","@id":"https:\/\/www.atelierdocaractere.pt\/brevemente\/#\/schema\/person\/image\/","url":"https:\/\/secure.gravatar.com\/avatar\/33e8214b45e9d68a3a83008731075979?s=96&d=mm&r=g","contentUrl":"https:\/\/secure.gravatar.com\/avatar\/33e8214b45e9d68a3a83008731075979?s=96&d=mm&r=g","caption":"Joana Barbosa"},"url":"https:\/\/www.atelierdocaractere.pt\/brevemente\/author\/joanabarbosa\/"}]}},"_links":{"self":[{"href":"https:\/\/www.atelierdocaractere.pt\/brevemente\/wp-json\/wp\/v2\/posts\/13390"}],"collection":[{"href":"https:\/\/www.atelierdocaractere.pt\/brevemente\/wp-json\/wp\/v2\/posts"}],"about":[{"href":"https:\/\/www.atelierdocaractere.pt\/brevemente\/wp-json\/wp\/v2\/types\/post"}],"author":[{"embeddable":true,"href":"https:\/\/www.atelierdocaractere.pt\/brevemente\/wp-json\/wp\/v2\/users\/7"}],"replies":[{"embeddable":true,"href":"https:\/\/www.atelierdocaractere.pt\/brevemente\/wp-json\/wp\/v2\/comments?post=13390"}],"version-history":[{"count":1,"href":"https:\/\/www.atelierdocaractere.pt\/brevemente\/wp-json\/wp\/v2\/posts\/13390\/revisions"}],"predecessor-version":[{"id":13396,"href":"https:\/\/www.atelierdocaractere.pt\/brevemente\/wp-json\/wp\/v2\/posts\/13390\/revisions\/13396"}],"wp:featuredmedia":[{"embeddable":true,"href":"https:\/\/www.atelierdocaractere.pt\/brevemente\/wp-json\/wp\/v2\/media\/13391"}],"wp:attachment":[{"href":"https:\/\/www.atelierdocaractere.pt\/brevemente\/wp-json\/wp\/v2\/media?parent=13390"}],"wp:term":[{"taxonomy":"category","embeddable":true,"href":"https:\/\/www.atelierdocaractere.pt\/brevemente\/wp-json\/wp\/v2\/categories?post=13390"},{"taxonomy":"post_tag","embeddable":true,"href":"https:\/\/www.atelierdocaractere.pt\/brevemente\/wp-json\/wp\/v2\/tags?post=13390"}],"curies":[{"name":"wp","href":"https:\/\/api.w.org\/{rel}","templated":true}]}}