{"id":13397,"date":"2024-11-12T15:35:55","date_gmt":"2024-11-12T15:35:55","guid":{"rendered":"https:\/\/www.atelierdocaractere.pt\/brevemente\/?p=13397"},"modified":"2024-11-12T15:57:56","modified_gmt":"2024-11-12T15:57:56","slug":"conversas-com-futuro-80-empresarios-discutem-o-futuro-socio-economico-da-regiao-oeste-e-do-pais","status":"publish","type":"post","link":"https:\/\/www.atelierdocaractere.pt\/brevemente\/conversas-com-futuro-80-empresarios-discutem-o-futuro-socio-economico-da-regiao-oeste-e-do-pais\/","title":{"rendered":"Conversas com\u00a0Futuro.\u00a080 empres\u00e1rios discutem o futuro\u00a0s\u00f3cio-econ\u00f3mico da\u00a0Regi\u00e3o\u00a0Oeste e do\u00a0Pa\u00eds"},"content":{"rendered":"\n<p><strong>A confer\u00eancia \u201cConversas com futuro: o desenvolvimento econ\u00f3mico e social da Regi\u00e3o Oeste e do Pa\u00eds &#8211; constrangimentos e oportunidades\u201d realiza-se no pr\u00f3ximo dia 22 de novembro e re\u00fane os principais agentes econ\u00f3micos da Regi\u00e3o Oeste perante um painel com presen\u00e7as confirmadas de Lu\u00eds Campos e Cunha (Economista e Ex-Ministro das Finan\u00e7as), \u00c1lvaro Beleza (Presidente da SEDES), Manuel Jos\u00e9 Guerreiro (Presidente da Caixa de Cr\u00e9dito Agr\u00edcola de Torres Vedras) e Jo\u00e3o Catal\u00e3o (Empres\u00e1rio).<\/strong><\/p>\n\n\n\n<figure class=\"wp-block-image size-large\"><img decoding=\"async\" width=\"1024\" height=\"536\" src=\"https:\/\/www.atelierdocaractere.pt\/wp-content\/uploads\/2024\/11\/ccfuturo-1024x536.jpeg\" alt=\"\" class=\"wp-image-13399\" srcset=\"https:\/\/www.atelierdocaractere.pt\/wp-content\/uploads\/2024\/11\/ccfuturo-1024x536.jpeg 1024w, https:\/\/www.atelierdocaractere.pt\/wp-content\/uploads\/2024\/11\/ccfuturo-300x157.jpeg 300w, https:\/\/www.atelierdocaractere.pt\/wp-content\/uploads\/2024\/11\/ccfuturo-768x402.jpeg 768w, https:\/\/www.atelierdocaractere.pt\/wp-content\/uploads\/2024\/11\/ccfuturo-1536x804.jpeg 1536w, https:\/\/www.atelierdocaractere.pt\/wp-content\/uploads\/2024\/11\/ccfuturo.jpeg 1600w\" sizes=\"(max-width: 1024px) 100vw, 1024px\" \/><\/figure>\n\n\n\n<p>A discuss\u00e3o em torno dos desafios e do futuro da Regi\u00e3o Oeste e do Pa\u00eds \u00e9 o mote para a realiza\u00e7\u00e3o da confer\u00eancia \u201cConversas com Futuro: o desenvolvimento econ\u00f3mico e social da Regi\u00e3o Oeste e do Pa\u00eds &#8211; constrangimentos e oportunidades\u201d. O f\u00f3rum, que se realiza no pr\u00f3ximo dia 22 de novembro, em Torres Vedras, vai reunir 80 empres\u00e1rios representantes dos principais agentes econ\u00f3micos da regi\u00e3o.<\/p>\n\n\n\n<p>Esta iniciativa de reflex\u00e3o conta com um painel de oradores onde se destaca a presen\u00e7a Lu\u00eds Campos e Cunha (Economista e Ex-Ministro das Finan\u00e7as), \u00c1lvaro Beleza (Presidente da SEDES \u2013 Associa\u00e7\u00e3o para o Desenvolvimento Econ\u00f3mico e Social), Manuel Jos\u00e9 Guerreiro (Presidente da Caixa de Cr\u00e9dito Agr\u00edcola de Torres Vedras) e Jo\u00e3o Catal\u00e3o (Empres\u00e1rio).<\/p>\n\n\n\n<p>A Regi\u00e3o Oeste depara-se com desafios diversos; na potencia\u00e7\u00e3o de atividades econ\u00f3micas emblem\u00e1ticas (como s\u00e3o por exemplo a agricultura ou a viticultura \u2013 Torres Vedras \u00e9 o concelho com maior produ\u00e7\u00e3o de vinho no pa\u00eds); na sua integra\u00e7\u00e3o nacional e internacional (car\u00eancia de redes vi\u00e1rias e ferrovi\u00e1rias); tem ainda potencial para desenvolvimento de clusters na \u00e1rea da sa\u00fade (v\u00e1rias institui\u00e7\u00f5es na regi\u00e3o que s\u00e3o refer\u00eancia mundial) e da educa\u00e7\u00e3o (car\u00eancia de um grande polo acad\u00e9mico de dimens\u00e3o nacional); ou para a cria\u00e7\u00e3o de marcas de alto valor e capacidade de exporta\u00e7\u00e3o (horticultura; vinho; turismo; etc.).<\/p>\n\n\n\n<p><strong>\u201c<em>Estes s\u00e3o alguns dos temas cuja discuss\u00e3o queremos evidenciar, porque s\u00e3o cruciais para a economia local e para o Pa\u00eds\u201d<\/em><\/strong>, afirma Ant\u00f3nio Ferreira dos Anjos, administrador da empresa Tecline e promotor da iniciativa, com a qual fecha, simbolicamente, o programa de celebra\u00e7\u00f5es do 25\u00ba anivers\u00e1rio da empresa.<\/p>\n\n\n\n<p><strong><em>\u201cQueremos criar uma oportunidade de reflex\u00e3o, que integre o pensamento e a vis\u00e3o que os empres\u00e1rios, os economistas e demais agentes t\u00eam para a regi\u00e3o e para o Pa\u00eds. As empresas t\u00eam sobretudo uma fun\u00e7\u00e3o social; acreditamos que devemos promover a liga\u00e7\u00e3o \u00e0 Sociedade e aos principais atores, p\u00fablicos e privados, desencadeando ideias e mecanismos de desenvolvimento da comunidade\u201d<\/em><\/strong>, termina Ant\u00f3nio Ferreira dos Anjos. <\/p>\n","protected":false},"excerpt":{"rendered":"<p>A confer\u00eancia \u201cConversas com futuro: o desenvolvimento econ\u00f3mico e social da Regi\u00e3o Oeste e do Pa\u00eds &#8211; constrangimentos e oportunidades\u201d&#8230;<\/p>\n","protected":false},"author":7,"featured_media":13399,"comment_status":"closed","ping_status":"open","sticky":false,"template":"","format":"standard","meta":[],"categories":[33],"tags":[861,863,862,760],"yoast_head":"<!-- This site is optimized with the Yoast SEO plugin v20.12 - https:\/\/yoast.com\/wordpress\/plugins\/seo\/ -->\n<title>Conversas com\u00a0Futuro.\u00a080 empres\u00e1rios discutem o futuro\u00a0s\u00f3cio-econ\u00f3mico da\u00a0Regi\u00e3o\u00a0Oeste e do\u00a0Pa\u00eds - Atelier do Caractere<\/title>\n<meta name=\"robots\" content=\"index, follow, max-snippet:-1, max-image-preview:large, max-video-preview:-1\" \/>\n<link rel=\"canonical\" href=\"https:\/\/www.atelierdocaractere.pt\/brevemente\/conversas-com-futuro-80-empresarios-discutem-o-futuro-socio-economico-da-regiao-oeste-e-do-pais\/\" \/>\n<meta property=\"og:locale\" content=\"pt_PT\" \/>\n<meta property=\"og:type\" content=\"article\" \/>\n<meta property=\"og:title\" content=\"Conversas com\u00a0Futuro.\u00a080 empres\u00e1rios discutem o futuro\u00a0s\u00f3cio-econ\u00f3mico da\u00a0Regi\u00e3o\u00a0Oeste e do\u00a0Pa\u00eds - Atelier do Caractere\" \/>\n<meta property=\"og:description\" content=\"A confer\u00eancia \u201cConversas com futuro: o desenvolvimento econ\u00f3mico e social da Regi\u00e3o Oeste e do Pa\u00eds &#8211; constrangimentos e oportunidades\u201d...\" \/>\n<meta property=\"og:url\" content=\"https:\/\/www.atelierdocaractere.pt\/brevemente\/conversas-com-futuro-80-empresarios-discutem-o-futuro-socio-economico-da-regiao-oeste-e-do-pais\/\" \/>\n<meta property=\"og:site_name\" content=\"Atelier do Caractere\" \/>\n<meta property=\"article:publisher\" content=\"https:\/\/www.facebook.com\/AtelierdoCaractere\" \/>\n<meta property=\"article:published_time\" content=\"2024-11-12T15:35:55+00:00\" \/>\n<meta property=\"article:modified_time\" content=\"2024-11-12T15:57:56+00:00\" \/>\n<meta property=\"og:image\" content=\"https:\/\/www.atelierdocaractere.pt\/wp-content\/uploads\/2024\/11\/ccfuturo.jpeg\" \/>\n\t<meta property=\"og:image:width\" content=\"1600\" \/>\n\t<meta property=\"og:image:height\" content=\"838\" \/>\n\t<meta property=\"og:image:type\" content=\"image\/jpeg\" \/>\n<meta name=\"author\" content=\"Joana Barbosa\" \/>\n<meta name=\"twitter:card\" content=\"summary_large_image\" \/>\n<meta name=\"twitter:label1\" content=\"Escrito por\" \/>\n\t<meta name=\"twitter:data1\" content=\"Joana Barbosa\" \/>\n\t<meta name=\"twitter:label2\" content=\"Tempo estimado de leitura\" \/>\n\t<meta name=\"twitter:data2\" content=\"3 minutos\" \/>\n<script type=\"application\/ld+json\" class=\"yoast-schema-graph\">{\"@context\":\"https:\/\/schema.org\",\"@graph\":[{\"@type\":\"WebPage\",\"@id\":\"https:\/\/www.atelierdocaractere.pt\/brevemente\/conversas-com-futuro-80-empresarios-discutem-o-futuro-socio-economico-da-regiao-oeste-e-do-pais\/\",\"url\":\"https:\/\/www.atelierdocaractere.pt\/brevemente\/conversas-com-futuro-80-empresarios-discutem-o-futuro-socio-economico-da-regiao-oeste-e-do-pais\/\",\"name\":\"Conversas com\u00a0Futuro.\u00a080 empres\u00e1rios discutem o futuro\u00a0s\u00f3cio-econ\u00f3mico da\u00a0Regi\u00e3o\u00a0Oeste e do\u00a0Pa\u00eds - Atelier do Caractere\",\"isPartOf\":{\"@id\":\"https:\/\/www.atelierdocaractere.pt\/brevemente\/#website\"},\"datePublished\":\"2024-11-12T15:35:55+00:00\",\"dateModified\":\"2024-11-12T15:57:56+00:00\",\"author\":{\"@id\":\"https:\/\/www.atelierdocaractere.pt\/brevemente\/#\/schema\/person\/f2f096eb0f27d9894725af22cb97c0db\"},\"breadcrumb\":{\"@id\":\"https:\/\/www.atelierdocaractere.pt\/brevemente\/conversas-com-futuro-80-empresarios-discutem-o-futuro-socio-economico-da-regiao-oeste-e-do-pais\/#breadcrumb\"},\"inLanguage\":\"pt-PT\",\"potentialAction\":[{\"@type\":\"ReadAction\",\"target\":[\"https:\/\/www.atelierdocaractere.pt\/brevemente\/conversas-com-futuro-80-empresarios-discutem-o-futuro-socio-economico-da-regiao-oeste-e-do-pais\/\"]}]},{\"@type\":\"BreadcrumbList\",\"@id\":\"https:\/\/www.atelierdocaractere.pt\/brevemente\/conversas-com-futuro-80-empresarios-discutem-o-futuro-socio-economico-da-regiao-oeste-e-do-pais\/#breadcrumb\",\"itemListElement\":[{\"@type\":\"ListItem\",\"position\":1,\"name\":\"In\u00edcio\",\"item\":\"https:\/\/www.atelierdocaractere.pt\/brevemente\/\"},{\"@type\":\"ListItem\",\"position\":2,\"name\":\"Conversas com\u00a0Futuro.\u00a080 empres\u00e1rios discutem o futuro\u00a0s\u00f3cio-econ\u00f3mico da\u00a0Regi\u00e3o\u00a0Oeste e do\u00a0Pa\u00eds\"}]},{\"@type\":\"WebSite\",\"@id\":\"https:\/\/www.atelierdocaractere.pt\/brevemente\/#website\",\"url\":\"https:\/\/www.atelierdocaractere.pt\/brevemente\/\",\"name\":\"Atelier do Caractere\",\"description\":\"\",\"potentialAction\":[{\"@type\":\"SearchAction\",\"target\":{\"@type\":\"EntryPoint\",\"urlTemplate\":\"https:\/\/www.atelierdocaractere.pt\/brevemente\/?s={search_term_string}\"},\"query-input\":\"required name=search_term_string\"}],\"inLanguage\":\"pt-PT\"},{\"@type\":\"Person\",\"@id\":\"https:\/\/www.atelierdocaractere.pt\/brevemente\/#\/schema\/person\/f2f096eb0f27d9894725af22cb97c0db\",\"name\":\"Joana Barbosa\",\"image\":{\"@type\":\"ImageObject\",\"inLanguage\":\"pt-PT\",\"@id\":\"https:\/\/www.atelierdocaractere.pt\/brevemente\/#\/schema\/person\/image\/\",\"url\":\"https:\/\/secure.gravatar.com\/avatar\/33e8214b45e9d68a3a83008731075979?s=96&d=mm&r=g\",\"contentUrl\":\"https:\/\/secure.gravatar.com\/avatar\/33e8214b45e9d68a3a83008731075979?s=96&d=mm&r=g\",\"caption\":\"Joana Barbosa\"},\"url\":\"https:\/\/www.atelierdocaractere.pt\/brevemente\/author\/joanabarbosa\/\"}]}<\/script>\n<!-- \/ Yoast SEO plugin. -->","yoast_head_json":{"title":"Conversas com\u00a0Futuro.\u00a080 empres\u00e1rios discutem o futuro\u00a0s\u00f3cio-econ\u00f3mico da\u00a0Regi\u00e3o\u00a0Oeste e do\u00a0Pa\u00eds - Atelier do Caractere","robots":{"index":"index","follow":"follow","max-snippet":"max-snippet:-1","max-image-preview":"max-image-preview:large","max-video-preview":"max-video-preview:-1"},"canonical":"https:\/\/www.atelierdocaractere.pt\/brevemente\/conversas-com-futuro-80-empresarios-discutem-o-futuro-socio-economico-da-regiao-oeste-e-do-pais\/","og_locale":"pt_PT","og_type":"article","og_title":"Conversas com\u00a0Futuro.\u00a080 empres\u00e1rios discutem o futuro\u00a0s\u00f3cio-econ\u00f3mico da\u00a0Regi\u00e3o\u00a0Oeste e do\u00a0Pa\u00eds - Atelier do Caractere","og_description":"A confer\u00eancia \u201cConversas com futuro: o desenvolvimento econ\u00f3mico e social da Regi\u00e3o Oeste e do Pa\u00eds &#8211; constrangimentos e oportunidades\u201d...","og_url":"https:\/\/www.atelierdocaractere.pt\/brevemente\/conversas-com-futuro-80-empresarios-discutem-o-futuro-socio-economico-da-regiao-oeste-e-do-pais\/","og_site_name":"Atelier do Caractere","article_publisher":"https:\/\/www.facebook.com\/AtelierdoCaractere","article_published_time":"2024-11-12T15:35:55+00:00","article_modified_time":"2024-11-12T15:57:56+00:00","og_image":[{"width":1600,"height":838,"url":"https:\/\/www.atelierdocaractere.pt\/wp-content\/uploads\/2024\/11\/ccfuturo.jpeg","type":"image\/jpeg"}],"author":"Joana Barbosa","twitter_card":"summary_large_image","twitter_misc":{"Escrito por":"Joana Barbosa","Tempo estimado de leitura":"3 minutos"},"schema":{"@context":"https:\/\/schema.org","@graph":[{"@type":"WebPage","@id":"https:\/\/www.atelierdocaractere.pt\/brevemente\/conversas-com-futuro-80-empresarios-discutem-o-futuro-socio-economico-da-regiao-oeste-e-do-pais\/","url":"https:\/\/www.atelierdocaractere.pt\/brevemente\/conversas-com-futuro-80-empresarios-discutem-o-futuro-socio-economico-da-regiao-oeste-e-do-pais\/","name":"Conversas com\u00a0Futuro.\u00a080 empres\u00e1rios discutem o futuro\u00a0s\u00f3cio-econ\u00f3mico da\u00a0Regi\u00e3o\u00a0Oeste e do\u00a0Pa\u00eds - Atelier do Caractere","isPartOf":{"@id":"https:\/\/www.atelierdocaractere.pt\/brevemente\/#website"},"datePublished":"2024-11-12T15:35:55+00:00","dateModified":"2024-11-12T15:57:56+00:00","author":{"@id":"https:\/\/www.atelierdocaractere.pt\/brevemente\/#\/schema\/person\/f2f096eb0f27d9894725af22cb97c0db"},"breadcrumb":{"@id":"https:\/\/www.atelierdocaractere.pt\/brevemente\/conversas-com-futuro-80-empresarios-discutem-o-futuro-socio-economico-da-regiao-oeste-e-do-pais\/#breadcrumb"},"inLanguage":"pt-PT","potentialAction":[{"@type":"ReadAction","target":["https:\/\/www.atelierdocaractere.pt\/brevemente\/conversas-com-futuro-80-empresarios-discutem-o-futuro-socio-economico-da-regiao-oeste-e-do-pais\/"]}]},{"@type":"BreadcrumbList","@id":"https:\/\/www.atelierdocaractere.pt\/brevemente\/conversas-com-futuro-80-empresarios-discutem-o-futuro-socio-economico-da-regiao-oeste-e-do-pais\/#breadcrumb","itemListElement":[{"@type":"ListItem","position":1,"name":"In\u00edcio","item":"https:\/\/www.atelierdocaractere.pt\/brevemente\/"},{"@type":"ListItem","position":2,"name":"Conversas com\u00a0Futuro.\u00a080 empres\u00e1rios discutem o futuro\u00a0s\u00f3cio-econ\u00f3mico da\u00a0Regi\u00e3o\u00a0Oeste e do\u00a0Pa\u00eds"}]},{"@type":"WebSite","@id":"https:\/\/www.atelierdocaractere.pt\/brevemente\/#website","url":"https:\/\/www.atelierdocaractere.pt\/brevemente\/","name":"Atelier do Caractere","description":"","potentialAction":[{"@type":"SearchAction","target":{"@type":"EntryPoint","urlTemplate":"https:\/\/www.atelierdocaractere.pt\/brevemente\/?s={search_term_string}"},"query-input":"required name=search_term_string"}],"inLanguage":"pt-PT"},{"@type":"Person","@id":"https:\/\/www.atelierdocaractere.pt\/brevemente\/#\/schema\/person\/f2f096eb0f27d9894725af22cb97c0db","name":"Joana Barbosa","image":{"@type":"ImageObject","inLanguage":"pt-PT","@id":"https:\/\/www.atelierdocaractere.pt\/brevemente\/#\/schema\/person\/image\/","url":"https:\/\/secure.gravatar.com\/avatar\/33e8214b45e9d68a3a83008731075979?s=96&d=mm&r=g","contentUrl":"https:\/\/secure.gravatar.com\/avatar\/33e8214b45e9d68a3a83008731075979?s=96&d=mm&r=g","caption":"Joana Barbosa"},"url":"https:\/\/www.atelierdocaractere.pt\/brevemente\/author\/joanabarbosa\/"}]}},"_links":{"self":[{"href":"https:\/\/www.atelierdocaractere.pt\/brevemente\/wp-json\/wp\/v2\/posts\/13397"}],"collection":[{"href":"https:\/\/www.atelierdocaractere.pt\/brevemente\/wp-json\/wp\/v2\/posts"}],"about":[{"href":"https:\/\/www.atelierdocaractere.pt\/brevemente\/wp-json\/wp\/v2\/types\/post"}],"author":[{"embeddable":true,"href":"https:\/\/www.atelierdocaractere.pt\/brevemente\/wp-json\/wp\/v2\/users\/7"}],"replies":[{"embeddable":true,"href":"https:\/\/www.atelierdocaractere.pt\/brevemente\/wp-json\/wp\/v2\/comments?post=13397"}],"version-history":[{"count":2,"href":"https:\/\/www.atelierdocaractere.pt\/brevemente\/wp-json\/wp\/v2\/posts\/13397\/revisions"}],"predecessor-version":[{"id":13402,"href":"https:\/\/www.atelierdocaractere.pt\/brevemente\/wp-json\/wp\/v2\/posts\/13397\/revisions\/13402"}],"wp:featuredmedia":[{"embeddable":true,"href":"https:\/\/www.atelierdocaractere.pt\/brevemente\/wp-json\/wp\/v2\/media\/13399"}],"wp:attachment":[{"href":"https:\/\/www.atelierdocaractere.pt\/brevemente\/wp-json\/wp\/v2\/media?parent=13397"}],"wp:term":[{"taxonomy":"category","embeddable":true,"href":"https:\/\/www.atelierdocaractere.pt\/brevemente\/wp-json\/wp\/v2\/categories?post=13397"},{"taxonomy":"post_tag","embeddable":true,"href":"https:\/\/www.atelierdocaractere.pt\/brevemente\/wp-json\/wp\/v2\/tags?post=13397"}],"curies":[{"name":"wp","href":"https:\/\/api.w.org\/{rel}","templated":true}]}}