{"id":13408,"date":"2024-11-12T17:11:38","date_gmt":"2024-11-12T17:11:38","guid":{"rendered":"https:\/\/www.atelierdocaractere.pt\/brevemente\/?p=13408"},"modified":"2024-11-13T17:14:35","modified_gmt":"2024-11-13T17:14:35","slug":"congresso-mundial-de-turismo-do-interior-portugal-e-espanha-juntos-por-um-destino-sem-fronteiras","status":"publish","type":"post","link":"https:\/\/www.atelierdocaractere.pt\/brevemente\/congresso-mundial-de-turismo-do-interior-portugal-e-espanha-juntos-por-um-destino-sem-fronteiras\/","title":{"rendered":"Congresso Mundial de Turismo do Interior: Portugal e Espanha juntos por um destino sem fronteiras"},"content":{"rendered":"\n<p><strong>AITI e Turismo Centro de Portugal apresentaram hoje a primeira edi\u00e7\u00e3o do evento<\/strong><\/p>\n\n\n\n<figure class=\"wp-block-image size-large\"><img decoding=\"async\" width=\"1024\" height=\"768\" src=\"https:\/\/www.atelierdocaractere.pt\/wp-content\/uploads\/2024\/11\/img-20241112-144247-1024x768.jpg\" alt=\"\" class=\"wp-image-13409\" srcset=\"https:\/\/www.atelierdocaractere.pt\/wp-content\/uploads\/2024\/11\/img-20241112-144247-1024x768.jpg 1024w, https:\/\/www.atelierdocaractere.pt\/wp-content\/uploads\/2024\/11\/img-20241112-144247-300x225.jpg 300w, https:\/\/www.atelierdocaractere.pt\/wp-content\/uploads\/2024\/11\/img-20241112-144247-768x576.jpg 768w, https:\/\/www.atelierdocaractere.pt\/wp-content\/uploads\/2024\/11\/img-20241112-144247-1536x1152.jpg 1536w, https:\/\/www.atelierdocaractere.pt\/wp-content\/uploads\/2024\/11\/img-20241112-144247-2048x1536.jpg 2048w\" sizes=\"(max-width: 1024px) 100vw, 1024px\" \/><\/figure>\n\n\n\n<p>A AITI &#8211;&nbsp;<strong>Associa\u00e7\u00e3o Ib\u00e9rica de Turismo do Interior<\/strong>&nbsp;e a&nbsp;<strong>Turismo Centro de Portugal<\/strong>&nbsp;apresentaram hoje, em Lisboa, o 1.\u00ba&nbsp;<a href=\"https:\/\/turismodocentro.us17.list-manage.com\/track\/click?u=9b14ef0c6c1999e92ddae9fc9&amp;id=f779eda621&amp;e=cf2176b759\">Congresso Mundial de Turismo do Interior 2024<\/a>, um evento que vai ter lugar em C\u00e1ceres, Espanha, nos dias 26 e27 de novembro.<\/p>\n\n\n\n<p>O Congresso junta as regi\u00f5es de interior de Portugal e Espanha, para uma discuss\u00e3o comum sobre o presente e o futuro do turismo de interior, bem como para incentivar a\u00e7\u00f5es de promo\u00e7\u00e3o tur\u00edstica conjunta. Al\u00e9m disso, pretende facilitar a coopera\u00e7\u00e3o entre os diferentes agentes envolvidos no desenvolvimento tur\u00edstico dos territ\u00f3rios do interior.<\/p>\n\n\n\n<p>A apresenta\u00e7\u00e3o do evento contou com a presen\u00e7a de&nbsp;<strong>Anabela Freitas, Vice-Presidente da Turismo Centro de Portugal<\/strong>,&nbsp;<strong>Esther Guti\u00e9rrez, Vice-Presidente da Diputaci\u00f3n de C\u00e1ceres<\/strong>,&nbsp;<strong>Jes\u00fas Vi\u00f1uales, Diretor-Geral de Turismo da Extremadura<\/strong>, e&nbsp;<strong>Miguel Martins, Presidente da Associa\u00e7\u00e3o Ib\u00e9rica Turismo do Interior.<\/strong><\/p>\n\n\n\n<p>Na ocasi\u00e3o,&nbsp;<strong>Jesus Vi\u00f1uales<\/strong>&nbsp;agradeceu \u00e0 organiza\u00e7\u00e3o do Congresso,&nbsp;<em>\u201cpor acreditar neste mercado tur\u00edstico\u201d<\/em>.&nbsp;<em>\u201cDurante muito tempo, estes dois pa\u00edses n\u00e3o se olhavam aos olhos. Eventos como este servem para nos aproximar e para eliminar as fronteiras, promovendo um destino conjunto, que \u00e9 a zona da raia\u201d<\/em>, destacou.<\/p>\n\n\n\n<p><strong>Esther Guti\u00e9rrez<\/strong>&nbsp;considerou que&nbsp;<em>\u201ceste Congresso vai ser um ponto de encontro para ambos os pa\u00edses, com especial aten\u00e7\u00e3o para as zonas Centro de Portugal e Extremadura\u201d<\/em>.&nbsp;<em>\u201cO Turismo \u00e9 um motor muito importante de desenvolvimento e que nos ajuda a lutar contra a desertifica\u00e7\u00e3o, que \u00e9 um desafio comum do Centro de Portugal e da Extremadura. Mas o Turismo precisa de territ\u00f3rios aut\u00eanticos, que preservem o patrim\u00f3nio cultural e natural, para ser um turismo de qualidade. Esta ser\u00e1 uma oportunidade \u00fanica para trocarmos experi\u00eancias\u201d<\/em>, acrescentou.<\/p>\n\n\n\n<p><strong>Miguel Martins<\/strong>&nbsp;explicou como se vai realizar o evento, sublinhando que&nbsp;<em>\u201ceste Congresso, antes de come\u00e7ar, j\u00e1 serviu para estarmos aqui todos e para estreitarmos rela\u00e7\u00f5es entre os dois pa\u00edses\u201d<\/em>. O Congresso ter\u00e1 tr\u00eas vertentes: a Academia, o p\u00fablico e o privado.&nbsp;<em>\u201cTeremos uma componente acad\u00e9mica muito forte, com 58 comunica\u00e7\u00f5es, de 35 universidades\u201d<\/em>. Al\u00e9m disso, haver\u00e1 uma zona de exposi\u00e7\u00e3o, com 39 expositores dos dois pa\u00edses. Em Portugal, j\u00e1 confirmaram a presen\u00e7a expositores de todo o pa\u00eds, desde Guarda a Alcoutim, Coruche. Alf\u00e2ndega da F\u00e9, Our\u00e9m ou Tomar, sendo que o mesmo se passa da parte espanhola, de acordo com Miguel Martins.<\/p>\n\n\n\n<p>Um momento alto do evento, revelou o promotor, ser\u00e1 a apresenta\u00e7\u00e3o de uma rota da Guerra dos Tronos, que inclui locais de filmagem ic\u00f3nicos ao longo da fronteira ib\u00e9rica, trazendo visibilidade internacional e um novo atrativo para a regi\u00e3o.<\/p>\n\n\n\n<p>A finalizar a apresenta\u00e7\u00e3o,&nbsp;<strong>Anabela Freitas<\/strong>&nbsp;real\u00e7ou que a Turismo do Centro aceitou o desafio deste Congresso&nbsp;<em>\u201clogo na primeira hora\u201d<\/em>.&nbsp;<em>\u201cSe tomarmos como ponto de partida que o Turismo pode ser um fator de desenvolvimento para os territ\u00f3rios, ent\u00e3o estamos no caminho certo. \u00c9 essa a vis\u00e3o que temos desta atividade\u201d<\/em>, disse.&nbsp;<\/p>\n\n\n\n<p><em>\u201cDo ponto de vista de promo\u00e7\u00e3o tur\u00edstica, n\u00e3o faz sentido existir aqui uma fronteira, que \u00e9 apenas administrativa, porque \u00e9 mais aquilo que nos une do que aquilo que nos separa\u201d<\/em>, concluiu a Vice-Presidente da Turismo Centro de Portugal.<br><br><a href=\"https:\/\/turismodocentro.us17.list-manage.com\/track\/click?u=9b14ef0c6c1999e92ddae9fc9&amp;id=0ad509a4a0&amp;e=cf2176b759\">Mais informa\u00e7\u00f5es e programa<\/a><\/p>\n\n\n\n<p><\/p>\n\n\n\n<p><strong>Sobre a Turismo Centro de Portugal:<\/strong><\/p>\n\n\n\n<p>A Turismo Centro de Portugal \u00e9 a entidade que estrutura e promove o turismo na Regi\u00e3o Centro do pa\u00eds. Esta \u00e9 a maior e mais diversificada \u00e1rea tur\u00edstica nacional, abrangendo 100 munic\u00edpios, e tem registado um intenso crescimento da procura interna e externa. \u00c9 a regi\u00e3o a escolher para quem pretende experi\u00eancias diversificadas, pois concilia locais Patrim\u00f3nio da Humanidade com a melhor costa de surf da Europa, termas e spas id\u00edlicos, locais de culto de import\u00e2ncia mundial e as mais belas aldeias.<\/p>\n","protected":false},"excerpt":{"rendered":"<p>AITI e Turismo Centro de Portugal apresentaram hoje a primeira edi\u00e7\u00e3o do evento A AITI &#8211;&nbsp;Associa\u00e7\u00e3o Ib\u00e9rica de Turismo do&#8230;<\/p>\n","protected":false},"author":7,"featured_media":13409,"comment_status":"closed","ping_status":"open","sticky":false,"template":"","format":"standard","meta":[],"categories":[39],"tags":[866,765,865,349,864,345],"yoast_head":"<!-- This site is optimized with the Yoast SEO plugin v20.12 - https:\/\/yoast.com\/wordpress\/plugins\/seo\/ -->\n<title>Congresso Mundial de Turismo do Interior: Portugal e Espanha juntos por um destino sem fronteiras - Atelier do Caractere<\/title>\n<meta name=\"robots\" content=\"index, follow, max-snippet:-1, max-image-preview:large, max-video-preview:-1\" \/>\n<link rel=\"canonical\" href=\"https:\/\/www.atelierdocaractere.pt\/brevemente\/congresso-mundial-de-turismo-do-interior-portugal-e-espanha-juntos-por-um-destino-sem-fronteiras\/\" \/>\n<meta property=\"og:locale\" content=\"pt_PT\" \/>\n<meta property=\"og:type\" content=\"article\" \/>\n<meta property=\"og:title\" content=\"Congresso Mundial de Turismo do Interior: Portugal e Espanha juntos por um destino sem fronteiras - Atelier do Caractere\" \/>\n<meta property=\"og:description\" content=\"AITI e Turismo Centro de Portugal apresentaram hoje a primeira edi\u00e7\u00e3o do evento A AITI &#8211;&nbsp;Associa\u00e7\u00e3o Ib\u00e9rica de Turismo do...\" \/>\n<meta property=\"og:url\" content=\"https:\/\/www.atelierdocaractere.pt\/brevemente\/congresso-mundial-de-turismo-do-interior-portugal-e-espanha-juntos-por-um-destino-sem-fronteiras\/\" \/>\n<meta property=\"og:site_name\" content=\"Atelier do Caractere\" \/>\n<meta property=\"article:publisher\" content=\"https:\/\/www.facebook.com\/AtelierdoCaractere\" \/>\n<meta property=\"article:published_time\" content=\"2024-11-12T17:11:38+00:00\" \/>\n<meta property=\"article:modified_time\" content=\"2024-11-13T17:14:35+00:00\" \/>\n<meta property=\"og:image\" content=\"https:\/\/www.atelierdocaractere.pt\/wp-content\/uploads\/2024\/11\/img-20241112-144247.jpg\" \/>\n\t<meta property=\"og:image:width\" content=\"3648\" \/>\n\t<meta property=\"og:image:height\" content=\"2736\" \/>\n\t<meta property=\"og:image:type\" content=\"image\/jpeg\" \/>\n<meta name=\"author\" content=\"Joana Barbosa\" \/>\n<meta name=\"twitter:card\" content=\"summary_large_image\" \/>\n<meta name=\"twitter:label1\" content=\"Escrito por\" \/>\n\t<meta name=\"twitter:data1\" content=\"Joana Barbosa\" \/>\n\t<meta name=\"twitter:label2\" content=\"Tempo estimado de leitura\" \/>\n\t<meta name=\"twitter:data2\" content=\"4 minutos\" \/>\n<script type=\"application\/ld+json\" class=\"yoast-schema-graph\">{\"@context\":\"https:\/\/schema.org\",\"@graph\":[{\"@type\":\"WebPage\",\"@id\":\"https:\/\/www.atelierdocaractere.pt\/brevemente\/congresso-mundial-de-turismo-do-interior-portugal-e-espanha-juntos-por-um-destino-sem-fronteiras\/\",\"url\":\"https:\/\/www.atelierdocaractere.pt\/brevemente\/congresso-mundial-de-turismo-do-interior-portugal-e-espanha-juntos-por-um-destino-sem-fronteiras\/\",\"name\":\"Congresso Mundial de Turismo do Interior: Portugal e Espanha juntos por um destino sem fronteiras - Atelier do Caractere\",\"isPartOf\":{\"@id\":\"https:\/\/www.atelierdocaractere.pt\/brevemente\/#website\"},\"datePublished\":\"2024-11-12T17:11:38+00:00\",\"dateModified\":\"2024-11-13T17:14:35+00:00\",\"author\":{\"@id\":\"https:\/\/www.atelierdocaractere.pt\/brevemente\/#\/schema\/person\/f2f096eb0f27d9894725af22cb97c0db\"},\"breadcrumb\":{\"@id\":\"https:\/\/www.atelierdocaractere.pt\/brevemente\/congresso-mundial-de-turismo-do-interior-portugal-e-espanha-juntos-por-um-destino-sem-fronteiras\/#breadcrumb\"},\"inLanguage\":\"pt-PT\",\"potentialAction\":[{\"@type\":\"ReadAction\",\"target\":[\"https:\/\/www.atelierdocaractere.pt\/brevemente\/congresso-mundial-de-turismo-do-interior-portugal-e-espanha-juntos-por-um-destino-sem-fronteiras\/\"]}]},{\"@type\":\"BreadcrumbList\",\"@id\":\"https:\/\/www.atelierdocaractere.pt\/brevemente\/congresso-mundial-de-turismo-do-interior-portugal-e-espanha-juntos-por-um-destino-sem-fronteiras\/#breadcrumb\",\"itemListElement\":[{\"@type\":\"ListItem\",\"position\":1,\"name\":\"In\u00edcio\",\"item\":\"https:\/\/www.atelierdocaractere.pt\/brevemente\/\"},{\"@type\":\"ListItem\",\"position\":2,\"name\":\"Congresso Mundial de Turismo do Interior: Portugal e Espanha juntos por um destino sem fronteiras\"}]},{\"@type\":\"WebSite\",\"@id\":\"https:\/\/www.atelierdocaractere.pt\/brevemente\/#website\",\"url\":\"https:\/\/www.atelierdocaractere.pt\/brevemente\/\",\"name\":\"Atelier do Caractere\",\"description\":\"\",\"potentialAction\":[{\"@type\":\"SearchAction\",\"target\":{\"@type\":\"EntryPoint\",\"urlTemplate\":\"https:\/\/www.atelierdocaractere.pt\/brevemente\/?s={search_term_string}\"},\"query-input\":\"required name=search_term_string\"}],\"inLanguage\":\"pt-PT\"},{\"@type\":\"Person\",\"@id\":\"https:\/\/www.atelierdocaractere.pt\/brevemente\/#\/schema\/person\/f2f096eb0f27d9894725af22cb97c0db\",\"name\":\"Joana Barbosa\",\"image\":{\"@type\":\"ImageObject\",\"inLanguage\":\"pt-PT\",\"@id\":\"https:\/\/www.atelierdocaractere.pt\/brevemente\/#\/schema\/person\/image\/\",\"url\":\"https:\/\/secure.gravatar.com\/avatar\/33e8214b45e9d68a3a83008731075979?s=96&d=mm&r=g\",\"contentUrl\":\"https:\/\/secure.gravatar.com\/avatar\/33e8214b45e9d68a3a83008731075979?s=96&d=mm&r=g\",\"caption\":\"Joana Barbosa\"},\"url\":\"https:\/\/www.atelierdocaractere.pt\/brevemente\/author\/joanabarbosa\/\"}]}<\/script>\n<!-- \/ Yoast SEO plugin. -->","yoast_head_json":{"title":"Congresso Mundial de Turismo do Interior: Portugal e Espanha juntos por um destino sem fronteiras - Atelier do Caractere","robots":{"index":"index","follow":"follow","max-snippet":"max-snippet:-1","max-image-preview":"max-image-preview:large","max-video-preview":"max-video-preview:-1"},"canonical":"https:\/\/www.atelierdocaractere.pt\/brevemente\/congresso-mundial-de-turismo-do-interior-portugal-e-espanha-juntos-por-um-destino-sem-fronteiras\/","og_locale":"pt_PT","og_type":"article","og_title":"Congresso Mundial de Turismo do Interior: Portugal e Espanha juntos por um destino sem fronteiras - Atelier do Caractere","og_description":"AITI e Turismo Centro de Portugal apresentaram hoje a primeira edi\u00e7\u00e3o do evento A AITI &#8211;&nbsp;Associa\u00e7\u00e3o Ib\u00e9rica de Turismo do...","og_url":"https:\/\/www.atelierdocaractere.pt\/brevemente\/congresso-mundial-de-turismo-do-interior-portugal-e-espanha-juntos-por-um-destino-sem-fronteiras\/","og_site_name":"Atelier do Caractere","article_publisher":"https:\/\/www.facebook.com\/AtelierdoCaractere","article_published_time":"2024-11-12T17:11:38+00:00","article_modified_time":"2024-11-13T17:14:35+00:00","og_image":[{"width":3648,"height":2736,"url":"https:\/\/www.atelierdocaractere.pt\/wp-content\/uploads\/2024\/11\/img-20241112-144247.jpg","type":"image\/jpeg"}],"author":"Joana Barbosa","twitter_card":"summary_large_image","twitter_misc":{"Escrito por":"Joana Barbosa","Tempo estimado de leitura":"4 minutos"},"schema":{"@context":"https:\/\/schema.org","@graph":[{"@type":"WebPage","@id":"https:\/\/www.atelierdocaractere.pt\/brevemente\/congresso-mundial-de-turismo-do-interior-portugal-e-espanha-juntos-por-um-destino-sem-fronteiras\/","url":"https:\/\/www.atelierdocaractere.pt\/brevemente\/congresso-mundial-de-turismo-do-interior-portugal-e-espanha-juntos-por-um-destino-sem-fronteiras\/","name":"Congresso Mundial de Turismo do Interior: Portugal e Espanha juntos por um destino sem fronteiras - Atelier do Caractere","isPartOf":{"@id":"https:\/\/www.atelierdocaractere.pt\/brevemente\/#website"},"datePublished":"2024-11-12T17:11:38+00:00","dateModified":"2024-11-13T17:14:35+00:00","author":{"@id":"https:\/\/www.atelierdocaractere.pt\/brevemente\/#\/schema\/person\/f2f096eb0f27d9894725af22cb97c0db"},"breadcrumb":{"@id":"https:\/\/www.atelierdocaractere.pt\/brevemente\/congresso-mundial-de-turismo-do-interior-portugal-e-espanha-juntos-por-um-destino-sem-fronteiras\/#breadcrumb"},"inLanguage":"pt-PT","potentialAction":[{"@type":"ReadAction","target":["https:\/\/www.atelierdocaractere.pt\/brevemente\/congresso-mundial-de-turismo-do-interior-portugal-e-espanha-juntos-por-um-destino-sem-fronteiras\/"]}]},{"@type":"BreadcrumbList","@id":"https:\/\/www.atelierdocaractere.pt\/brevemente\/congresso-mundial-de-turismo-do-interior-portugal-e-espanha-juntos-por-um-destino-sem-fronteiras\/#breadcrumb","itemListElement":[{"@type":"ListItem","position":1,"name":"In\u00edcio","item":"https:\/\/www.atelierdocaractere.pt\/brevemente\/"},{"@type":"ListItem","position":2,"name":"Congresso Mundial de Turismo do Interior: Portugal e Espanha juntos por um destino sem fronteiras"}]},{"@type":"WebSite","@id":"https:\/\/www.atelierdocaractere.pt\/brevemente\/#website","url":"https:\/\/www.atelierdocaractere.pt\/brevemente\/","name":"Atelier do Caractere","description":"","potentialAction":[{"@type":"SearchAction","target":{"@type":"EntryPoint","urlTemplate":"https:\/\/www.atelierdocaractere.pt\/brevemente\/?s={search_term_string}"},"query-input":"required name=search_term_string"}],"inLanguage":"pt-PT"},{"@type":"Person","@id":"https:\/\/www.atelierdocaractere.pt\/brevemente\/#\/schema\/person\/f2f096eb0f27d9894725af22cb97c0db","name":"Joana Barbosa","image":{"@type":"ImageObject","inLanguage":"pt-PT","@id":"https:\/\/www.atelierdocaractere.pt\/brevemente\/#\/schema\/person\/image\/","url":"https:\/\/secure.gravatar.com\/avatar\/33e8214b45e9d68a3a83008731075979?s=96&d=mm&r=g","contentUrl":"https:\/\/secure.gravatar.com\/avatar\/33e8214b45e9d68a3a83008731075979?s=96&d=mm&r=g","caption":"Joana Barbosa"},"url":"https:\/\/www.atelierdocaractere.pt\/brevemente\/author\/joanabarbosa\/"}]}},"_links":{"self":[{"href":"https:\/\/www.atelierdocaractere.pt\/brevemente\/wp-json\/wp\/v2\/posts\/13408"}],"collection":[{"href":"https:\/\/www.atelierdocaractere.pt\/brevemente\/wp-json\/wp\/v2\/posts"}],"about":[{"href":"https:\/\/www.atelierdocaractere.pt\/brevemente\/wp-json\/wp\/v2\/types\/post"}],"author":[{"embeddable":true,"href":"https:\/\/www.atelierdocaractere.pt\/brevemente\/wp-json\/wp\/v2\/users\/7"}],"replies":[{"embeddable":true,"href":"https:\/\/www.atelierdocaractere.pt\/brevemente\/wp-json\/wp\/v2\/comments?post=13408"}],"version-history":[{"count":1,"href":"https:\/\/www.atelierdocaractere.pt\/brevemente\/wp-json\/wp\/v2\/posts\/13408\/revisions"}],"predecessor-version":[{"id":13410,"href":"https:\/\/www.atelierdocaractere.pt\/brevemente\/wp-json\/wp\/v2\/posts\/13408\/revisions\/13410"}],"wp:featuredmedia":[{"embeddable":true,"href":"https:\/\/www.atelierdocaractere.pt\/brevemente\/wp-json\/wp\/v2\/media\/13409"}],"wp:attachment":[{"href":"https:\/\/www.atelierdocaractere.pt\/brevemente\/wp-json\/wp\/v2\/media?parent=13408"}],"wp:term":[{"taxonomy":"category","embeddable":true,"href":"https:\/\/www.atelierdocaractere.pt\/brevemente\/wp-json\/wp\/v2\/categories?post=13408"},{"taxonomy":"post_tag","embeddable":true,"href":"https:\/\/www.atelierdocaractere.pt\/brevemente\/wp-json\/wp\/v2\/tags?post=13408"}],"curies":[{"name":"wp","href":"https:\/\/api.w.org\/{rel}","templated":true}]}}