{"id":13416,"date":"2024-11-15T11:56:46","date_gmt":"2024-11-15T11:56:46","guid":{"rendered":"https:\/\/www.atelierdocaractere.pt\/brevemente\/?p=13416"},"modified":"2024-11-16T12:01:38","modified_gmt":"2024-11-16T12:01:38","slug":"turismo-no-centro-de-portugal-em-alta-com-crescimento-acima-de-10-nas-receitas","status":"publish","type":"post","link":"https:\/\/www.atelierdocaractere.pt\/brevemente\/turismo-no-centro-de-portugal-em-alta-com-crescimento-acima-de-10-nas-receitas\/","title":{"rendered":"Turismo no Centro de Portugal em alta com crescimento acima de 10% nas receitas"},"content":{"rendered":"\n<p><strong>Atividade tur\u00edstica na regi\u00e3o supera recordes e cresce acima da m\u00e9dia nacional.<\/strong><\/p>\n\n\n\n<figure class=\"wp-block-image size-large\"><img decoding=\"async\" width=\"1024\" height=\"683\" src=\"https:\/\/www.atelierdocaractere.pt\/wp-content\/uploads\/2024\/11\/31184909198-be081dc2b7-o-1024x683.jpg\" alt=\"\" class=\"wp-image-13417\" srcset=\"https:\/\/www.atelierdocaractere.pt\/wp-content\/uploads\/2024\/11\/31184909198-be081dc2b7-o-1024x683.jpg 1024w, https:\/\/www.atelierdocaractere.pt\/wp-content\/uploads\/2024\/11\/31184909198-be081dc2b7-o-300x200.jpg 300w, https:\/\/www.atelierdocaractere.pt\/wp-content\/uploads\/2024\/11\/31184909198-be081dc2b7-o-768x512.jpg 768w, https:\/\/www.atelierdocaractere.pt\/wp-content\/uploads\/2024\/11\/31184909198-be081dc2b7-o-1536x1024.jpg 1536w, https:\/\/www.atelierdocaractere.pt\/wp-content\/uploads\/2024\/11\/31184909198-be081dc2b7-o-900x600.jpg 900w, https:\/\/www.atelierdocaractere.pt\/wp-content\/uploads\/2024\/11\/31184909198-be081dc2b7-o-675x450.jpg 675w, https:\/\/www.atelierdocaractere.pt\/wp-content\/uploads\/2024\/11\/31184909198-be081dc2b7-o.jpg 1920w\" sizes=\"(max-width: 1024px) 100vw, 1024px\" \/><\/figure>\n\n\n\n<p>A atividade tur\u00edstica no&nbsp;<strong>Centro de Portugal&nbsp;<\/strong>est\u00e1 a registar, este ano, um crescimento que supera a m\u00e9dia nacional, de acordo com os dados mais recentes do Instituto Nacional de Estat\u00edstica (INE), relativos ao m\u00eas de setembro. A regi\u00e3o destaca-se por subidas expressivas nos principais indicadores, como dormidas, receitas dos alojamentos tur\u00edsticos e n\u00famero de h\u00f3spedes. &nbsp;<\/p>\n\n\n\n<p>Entre janeiro e setembro, as&nbsp;<strong>dormidas&nbsp;<\/strong>no Centro de Portugal ultrapassaram os 6,5 milh\u00f5es, representando um aumento de 5,23% face ao mesmo per\u00edodo de 2023, que j\u00e1 tinha sido o melhor ano de sempre para a regi\u00e3o. Este crescimento supera a m\u00e9dia nacional, que se fixou nos 3,88%.<\/p>\n\n\n\n<figure class=\"wp-block-image size-large\"><img decoding=\"async\" width=\"1024\" height=\"662\" src=\"https:\/\/www.atelierdocaractere.pt\/wp-content\/uploads\/2024\/11\/md-tcp-leiria-aguda-plate-studio-230705-142558-25-1024x662.jpg\" alt=\"\" class=\"wp-image-13420\" srcset=\"https:\/\/www.atelierdocaractere.pt\/wp-content\/uploads\/2024\/11\/md-tcp-leiria-aguda-plate-studio-230705-142558-25-1024x662.jpg 1024w, https:\/\/www.atelierdocaractere.pt\/wp-content\/uploads\/2024\/11\/md-tcp-leiria-aguda-plate-studio-230705-142558-25-300x194.jpg 300w, https:\/\/www.atelierdocaractere.pt\/wp-content\/uploads\/2024\/11\/md-tcp-leiria-aguda-plate-studio-230705-142558-25-768x496.jpg 768w, https:\/\/www.atelierdocaractere.pt\/wp-content\/uploads\/2024\/11\/md-tcp-leiria-aguda-plate-studio-230705-142558-25-1536x993.jpg 1536w, https:\/\/www.atelierdocaractere.pt\/wp-content\/uploads\/2024\/11\/md-tcp-leiria-aguda-plate-studio-230705-142558-25.jpg 1920w\" sizes=\"(max-width: 1024px) 100vw, 1024px\" \/><\/figure>\n\n\n\n<p>O desempenho no indicador dos&nbsp;<strong>proveitos&nbsp;<\/strong>nos alojamentos tur\u00edsticos foi igualmente muito positivo: nos primeiros nove meses do ano, os proveitos na regi\u00e3o atingiram 401,4 milh\u00f5es de euros, uma receita 10,23% acima do mesmo per\u00edodo de 2023.<\/p>\n\n\n\n<p>No que toca a&nbsp;<strong>h\u00f3spedes<\/strong>, o Centro de Portugal registou um total de 3,65 milh\u00f5es entre janeiro e setembro, um aumento de 5,96% comparativamente ao ano anterior. &nbsp;<\/p>\n\n\n\n<figure class=\"wp-block-image size-large\"><img decoding=\"async\" width=\"1024\" height=\"682\" src=\"https:\/\/www.atelierdocaractere.pt\/wp-content\/uploads\/2024\/11\/31182743598-fde581796c-o-1024x682.jpg\" alt=\"\" class=\"wp-image-13419\" srcset=\"https:\/\/www.atelierdocaractere.pt\/wp-content\/uploads\/2024\/11\/31182743598-fde581796c-o-1024x682.jpg 1024w, https:\/\/www.atelierdocaractere.pt\/wp-content\/uploads\/2024\/11\/31182743598-fde581796c-o-300x200.jpg 300w, https:\/\/www.atelierdocaractere.pt\/wp-content\/uploads\/2024\/11\/31182743598-fde581796c-o-768x511.jpg 768w, https:\/\/www.atelierdocaractere.pt\/wp-content\/uploads\/2024\/11\/31182743598-fde581796c-o-900x600.jpg 900w, https:\/\/www.atelierdocaractere.pt\/wp-content\/uploads\/2024\/11\/31182743598-fde581796c-o-675x450.jpg 675w, https:\/\/www.atelierdocaractere.pt\/wp-content\/uploads\/2024\/11\/31182743598-fde581796c-o.jpg 1250w\" sizes=\"(max-width: 1024px) 100vw, 1024px\" \/><\/figure>\n\n\n\n<p>Para\u00a0<strong>Raul Almeida, presidente da Turismo Centro de Portugal<\/strong>, estes resultados refor\u00e7am o dinamismo da regi\u00e3o e a sua atratividade enquanto destino tur\u00edstico:\u00a0<em>\u201cOs n\u00fameros falam por si. O crescimento sustentado da atividade tur\u00edstica no Centro de Portugal \u00e9 uma realidade e demonstra a estrat\u00e9gia acertada que foi definida, assim como o trabalho excecional dos agentes do setor, que t\u00eam sabido valorizar as potencialidades \u00fanicas da regi\u00e3o. Vamos continuar a apostar na promo\u00e7\u00e3o do destino e na melhoria da qualidade da oferta tur\u00edstica, para consolidar este trajeto de sucesso\u201d<\/em>.<\/p>\n\n\n\n<figure class=\"wp-block-image size-large\"><img decoding=\"async\" width=\"1024\" height=\"683\" src=\"https:\/\/www.atelierdocaractere.pt\/wp-content\/uploads\/2024\/11\/md-tcp-viseu-nagozela-tc2020-bc-mg-1586-1024x683.jpg\" alt=\"\" class=\"wp-image-13418\" srcset=\"https:\/\/www.atelierdocaractere.pt\/wp-content\/uploads\/2024\/11\/md-tcp-viseu-nagozela-tc2020-bc-mg-1586-1024x683.jpg 1024w, https:\/\/www.atelierdocaractere.pt\/wp-content\/uploads\/2024\/11\/md-tcp-viseu-nagozela-tc2020-bc-mg-1586-300x200.jpg 300w, https:\/\/www.atelierdocaractere.pt\/wp-content\/uploads\/2024\/11\/md-tcp-viseu-nagozela-tc2020-bc-mg-1586-768x512.jpg 768w, https:\/\/www.atelierdocaractere.pt\/wp-content\/uploads\/2024\/11\/md-tcp-viseu-nagozela-tc2020-bc-mg-1586-1536x1024.jpg 1536w, https:\/\/www.atelierdocaractere.pt\/wp-content\/uploads\/2024\/11\/md-tcp-viseu-nagozela-tc2020-bc-mg-1586-900x600.jpg 900w, https:\/\/www.atelierdocaractere.pt\/wp-content\/uploads\/2024\/11\/md-tcp-viseu-nagozela-tc2020-bc-mg-1586-675x450.jpg 675w, https:\/\/www.atelierdocaractere.pt\/wp-content\/uploads\/2024\/11\/md-tcp-viseu-nagozela-tc2020-bc-mg-1586.jpg 1920w\" sizes=\"(max-width: 1024px) 100vw, 1024px\" \/><\/figure>\n\n\n\n<p><strong>Sobre a Turismo Centro de Portugal:<\/strong><\/p>\n\n\n\n<p>A Turismo Centro de Portugal \u00e9 a entidade que estrutura e promove o turismo na Regi\u00e3o Centro do pa\u00eds. Esta \u00e9 a maior e mais diversificada \u00e1rea tur\u00edstica nacional, abrangendo 100 munic\u00edpios, e tem registado um intenso crescimento da procura interna e externa. \u00c9 a regi\u00e3o a escolher para quem pretende experi\u00eancias diversificadas, pois concilia locais Patrim\u00f3nio da Humanidade com a melhor costa de surf da Europa, termas e spas id\u00edlicos, locais de culto de import\u00e2ncia mundial e as mais belas aldeias.<\/p>\n","protected":false},"excerpt":{"rendered":"<p>Atividade tur\u00edstica na regi\u00e3o supera recordes e cresce acima da m\u00e9dia nacional. A atividade tur\u00edstica no&nbsp;Centro de Portugal&nbsp;est\u00e1 a registar,&#8230;<\/p>\n","protected":false},"author":7,"featured_media":13417,"comment_status":"closed","ping_status":"open","sticky":false,"template":"","format":"standard","meta":[],"categories":[39],"tags":[765,349,346,345],"yoast_head":"<!-- This site is optimized with the Yoast SEO plugin v20.12 - https:\/\/yoast.com\/wordpress\/plugins\/seo\/ -->\n<title>Turismo no Centro de Portugal em alta com crescimento acima de 10% nas receitas - Atelier do Caractere<\/title>\n<meta name=\"robots\" content=\"index, follow, max-snippet:-1, max-image-preview:large, max-video-preview:-1\" \/>\n<link rel=\"canonical\" href=\"https:\/\/www.atelierdocaractere.pt\/brevemente\/turismo-no-centro-de-portugal-em-alta-com-crescimento-acima-de-10-nas-receitas\/\" \/>\n<meta property=\"og:locale\" content=\"pt_PT\" \/>\n<meta property=\"og:type\" content=\"article\" \/>\n<meta property=\"og:title\" content=\"Turismo no Centro de Portugal em alta com crescimento acima de 10% nas receitas - Atelier do Caractere\" \/>\n<meta property=\"og:description\" content=\"Atividade tur\u00edstica na regi\u00e3o supera recordes e cresce acima da m\u00e9dia nacional. A atividade tur\u00edstica no&nbsp;Centro de Portugal&nbsp;est\u00e1 a registar,...\" \/>\n<meta property=\"og:url\" content=\"https:\/\/www.atelierdocaractere.pt\/brevemente\/turismo-no-centro-de-portugal-em-alta-com-crescimento-acima-de-10-nas-receitas\/\" \/>\n<meta property=\"og:site_name\" content=\"Atelier do Caractere\" \/>\n<meta property=\"article:publisher\" content=\"https:\/\/www.facebook.com\/AtelierdoCaractere\" \/>\n<meta property=\"article:published_time\" content=\"2024-11-15T11:56:46+00:00\" \/>\n<meta property=\"article:modified_time\" content=\"2024-11-16T12:01:38+00:00\" \/>\n<meta property=\"og:image\" content=\"https:\/\/www.atelierdocaractere.pt\/wp-content\/uploads\/2024\/11\/31184909198-be081dc2b7-o.jpg\" \/>\n\t<meta property=\"og:image:width\" content=\"1920\" \/>\n\t<meta property=\"og:image:height\" content=\"1280\" \/>\n\t<meta property=\"og:image:type\" content=\"image\/jpeg\" \/>\n<meta name=\"author\" content=\"Joana Barbosa\" \/>\n<meta name=\"twitter:card\" content=\"summary_large_image\" \/>\n<meta name=\"twitter:label1\" content=\"Escrito por\" \/>\n\t<meta name=\"twitter:data1\" content=\"Joana Barbosa\" \/>\n\t<meta name=\"twitter:label2\" content=\"Tempo estimado de leitura\" \/>\n\t<meta name=\"twitter:data2\" content=\"3 minutos\" \/>\n<script type=\"application\/ld+json\" class=\"yoast-schema-graph\">{\"@context\":\"https:\/\/schema.org\",\"@graph\":[{\"@type\":\"WebPage\",\"@id\":\"https:\/\/www.atelierdocaractere.pt\/brevemente\/turismo-no-centro-de-portugal-em-alta-com-crescimento-acima-de-10-nas-receitas\/\",\"url\":\"https:\/\/www.atelierdocaractere.pt\/brevemente\/turismo-no-centro-de-portugal-em-alta-com-crescimento-acima-de-10-nas-receitas\/\",\"name\":\"Turismo no Centro de Portugal em alta com crescimento acima de 10% nas receitas - Atelier do Caractere\",\"isPartOf\":{\"@id\":\"https:\/\/www.atelierdocaractere.pt\/brevemente\/#website\"},\"datePublished\":\"2024-11-15T11:56:46+00:00\",\"dateModified\":\"2024-11-16T12:01:38+00:00\",\"author\":{\"@id\":\"https:\/\/www.atelierdocaractere.pt\/brevemente\/#\/schema\/person\/f2f096eb0f27d9894725af22cb97c0db\"},\"breadcrumb\":{\"@id\":\"https:\/\/www.atelierdocaractere.pt\/brevemente\/turismo-no-centro-de-portugal-em-alta-com-crescimento-acima-de-10-nas-receitas\/#breadcrumb\"},\"inLanguage\":\"pt-PT\",\"potentialAction\":[{\"@type\":\"ReadAction\",\"target\":[\"https:\/\/www.atelierdocaractere.pt\/brevemente\/turismo-no-centro-de-portugal-em-alta-com-crescimento-acima-de-10-nas-receitas\/\"]}]},{\"@type\":\"BreadcrumbList\",\"@id\":\"https:\/\/www.atelierdocaractere.pt\/brevemente\/turismo-no-centro-de-portugal-em-alta-com-crescimento-acima-de-10-nas-receitas\/#breadcrumb\",\"itemListElement\":[{\"@type\":\"ListItem\",\"position\":1,\"name\":\"In\u00edcio\",\"item\":\"https:\/\/www.atelierdocaractere.pt\/brevemente\/\"},{\"@type\":\"ListItem\",\"position\":2,\"name\":\"Turismo no Centro de Portugal em alta com crescimento acima de 10% nas receitas\"}]},{\"@type\":\"WebSite\",\"@id\":\"https:\/\/www.atelierdocaractere.pt\/brevemente\/#website\",\"url\":\"https:\/\/www.atelierdocaractere.pt\/brevemente\/\",\"name\":\"Atelier do Caractere\",\"description\":\"\",\"potentialAction\":[{\"@type\":\"SearchAction\",\"target\":{\"@type\":\"EntryPoint\",\"urlTemplate\":\"https:\/\/www.atelierdocaractere.pt\/brevemente\/?s={search_term_string}\"},\"query-input\":\"required name=search_term_string\"}],\"inLanguage\":\"pt-PT\"},{\"@type\":\"Person\",\"@id\":\"https:\/\/www.atelierdocaractere.pt\/brevemente\/#\/schema\/person\/f2f096eb0f27d9894725af22cb97c0db\",\"name\":\"Joana Barbosa\",\"image\":{\"@type\":\"ImageObject\",\"inLanguage\":\"pt-PT\",\"@id\":\"https:\/\/www.atelierdocaractere.pt\/brevemente\/#\/schema\/person\/image\/\",\"url\":\"https:\/\/secure.gravatar.com\/avatar\/33e8214b45e9d68a3a83008731075979?s=96&d=mm&r=g\",\"contentUrl\":\"https:\/\/secure.gravatar.com\/avatar\/33e8214b45e9d68a3a83008731075979?s=96&d=mm&r=g\",\"caption\":\"Joana Barbosa\"},\"url\":\"https:\/\/www.atelierdocaractere.pt\/brevemente\/author\/joanabarbosa\/\"}]}<\/script>\n<!-- \/ Yoast SEO plugin. -->","yoast_head_json":{"title":"Turismo no Centro de Portugal em alta com crescimento acima de 10% nas receitas - Atelier do Caractere","robots":{"index":"index","follow":"follow","max-snippet":"max-snippet:-1","max-image-preview":"max-image-preview:large","max-video-preview":"max-video-preview:-1"},"canonical":"https:\/\/www.atelierdocaractere.pt\/brevemente\/turismo-no-centro-de-portugal-em-alta-com-crescimento-acima-de-10-nas-receitas\/","og_locale":"pt_PT","og_type":"article","og_title":"Turismo no Centro de Portugal em alta com crescimento acima de 10% nas receitas - Atelier do Caractere","og_description":"Atividade tur\u00edstica na regi\u00e3o supera recordes e cresce acima da m\u00e9dia nacional. A atividade tur\u00edstica no&nbsp;Centro de Portugal&nbsp;est\u00e1 a registar,...","og_url":"https:\/\/www.atelierdocaractere.pt\/brevemente\/turismo-no-centro-de-portugal-em-alta-com-crescimento-acima-de-10-nas-receitas\/","og_site_name":"Atelier do Caractere","article_publisher":"https:\/\/www.facebook.com\/AtelierdoCaractere","article_published_time":"2024-11-15T11:56:46+00:00","article_modified_time":"2024-11-16T12:01:38+00:00","og_image":[{"width":1920,"height":1280,"url":"https:\/\/www.atelierdocaractere.pt\/wp-content\/uploads\/2024\/11\/31184909198-be081dc2b7-o.jpg","type":"image\/jpeg"}],"author":"Joana Barbosa","twitter_card":"summary_large_image","twitter_misc":{"Escrito por":"Joana Barbosa","Tempo estimado de leitura":"3 minutos"},"schema":{"@context":"https:\/\/schema.org","@graph":[{"@type":"WebPage","@id":"https:\/\/www.atelierdocaractere.pt\/brevemente\/turismo-no-centro-de-portugal-em-alta-com-crescimento-acima-de-10-nas-receitas\/","url":"https:\/\/www.atelierdocaractere.pt\/brevemente\/turismo-no-centro-de-portugal-em-alta-com-crescimento-acima-de-10-nas-receitas\/","name":"Turismo no Centro de Portugal em alta com crescimento acima de 10% nas receitas - Atelier do Caractere","isPartOf":{"@id":"https:\/\/www.atelierdocaractere.pt\/brevemente\/#website"},"datePublished":"2024-11-15T11:56:46+00:00","dateModified":"2024-11-16T12:01:38+00:00","author":{"@id":"https:\/\/www.atelierdocaractere.pt\/brevemente\/#\/schema\/person\/f2f096eb0f27d9894725af22cb97c0db"},"breadcrumb":{"@id":"https:\/\/www.atelierdocaractere.pt\/brevemente\/turismo-no-centro-de-portugal-em-alta-com-crescimento-acima-de-10-nas-receitas\/#breadcrumb"},"inLanguage":"pt-PT","potentialAction":[{"@type":"ReadAction","target":["https:\/\/www.atelierdocaractere.pt\/brevemente\/turismo-no-centro-de-portugal-em-alta-com-crescimento-acima-de-10-nas-receitas\/"]}]},{"@type":"BreadcrumbList","@id":"https:\/\/www.atelierdocaractere.pt\/brevemente\/turismo-no-centro-de-portugal-em-alta-com-crescimento-acima-de-10-nas-receitas\/#breadcrumb","itemListElement":[{"@type":"ListItem","position":1,"name":"In\u00edcio","item":"https:\/\/www.atelierdocaractere.pt\/brevemente\/"},{"@type":"ListItem","position":2,"name":"Turismo no Centro de Portugal em alta com crescimento acima de 10% nas receitas"}]},{"@type":"WebSite","@id":"https:\/\/www.atelierdocaractere.pt\/brevemente\/#website","url":"https:\/\/www.atelierdocaractere.pt\/brevemente\/","name":"Atelier do Caractere","description":"","potentialAction":[{"@type":"SearchAction","target":{"@type":"EntryPoint","urlTemplate":"https:\/\/www.atelierdocaractere.pt\/brevemente\/?s={search_term_string}"},"query-input":"required name=search_term_string"}],"inLanguage":"pt-PT"},{"@type":"Person","@id":"https:\/\/www.atelierdocaractere.pt\/brevemente\/#\/schema\/person\/f2f096eb0f27d9894725af22cb97c0db","name":"Joana Barbosa","image":{"@type":"ImageObject","inLanguage":"pt-PT","@id":"https:\/\/www.atelierdocaractere.pt\/brevemente\/#\/schema\/person\/image\/","url":"https:\/\/secure.gravatar.com\/avatar\/33e8214b45e9d68a3a83008731075979?s=96&d=mm&r=g","contentUrl":"https:\/\/secure.gravatar.com\/avatar\/33e8214b45e9d68a3a83008731075979?s=96&d=mm&r=g","caption":"Joana Barbosa"},"url":"https:\/\/www.atelierdocaractere.pt\/brevemente\/author\/joanabarbosa\/"}]}},"_links":{"self":[{"href":"https:\/\/www.atelierdocaractere.pt\/brevemente\/wp-json\/wp\/v2\/posts\/13416"}],"collection":[{"href":"https:\/\/www.atelierdocaractere.pt\/brevemente\/wp-json\/wp\/v2\/posts"}],"about":[{"href":"https:\/\/www.atelierdocaractere.pt\/brevemente\/wp-json\/wp\/v2\/types\/post"}],"author":[{"embeddable":true,"href":"https:\/\/www.atelierdocaractere.pt\/brevemente\/wp-json\/wp\/v2\/users\/7"}],"replies":[{"embeddable":true,"href":"https:\/\/www.atelierdocaractere.pt\/brevemente\/wp-json\/wp\/v2\/comments?post=13416"}],"version-history":[{"count":1,"href":"https:\/\/www.atelierdocaractere.pt\/brevemente\/wp-json\/wp\/v2\/posts\/13416\/revisions"}],"predecessor-version":[{"id":13421,"href":"https:\/\/www.atelierdocaractere.pt\/brevemente\/wp-json\/wp\/v2\/posts\/13416\/revisions\/13421"}],"wp:featuredmedia":[{"embeddable":true,"href":"https:\/\/www.atelierdocaractere.pt\/brevemente\/wp-json\/wp\/v2\/media\/13417"}],"wp:attachment":[{"href":"https:\/\/www.atelierdocaractere.pt\/brevemente\/wp-json\/wp\/v2\/media?parent=13416"}],"wp:term":[{"taxonomy":"category","embeddable":true,"href":"https:\/\/www.atelierdocaractere.pt\/brevemente\/wp-json\/wp\/v2\/categories?post=13416"},{"taxonomy":"post_tag","embeddable":true,"href":"https:\/\/www.atelierdocaractere.pt\/brevemente\/wp-json\/wp\/v2\/tags?post=13416"}],"curies":[{"name":"wp","href":"https:\/\/api.w.org\/{rel}","templated":true}]}}