{"id":13422,"date":"2024-11-15T12:08:58","date_gmt":"2024-11-15T12:08:58","guid":{"rendered":"https:\/\/www.atelierdocaractere.pt\/brevemente\/?p=13422"},"modified":"2024-11-16T12:13:41","modified_gmt":"2024-11-16T12:13:41","slug":"turismo-centro-de-portugal-destaca-importancia-dos-world-cheese-awards-para-a-promocao-da-regiao","status":"publish","type":"post","link":"https:\/\/www.atelierdocaractere.pt\/brevemente\/turismo-centro-de-portugal-destaca-importancia-dos-world-cheese-awards-para-a-promocao-da-regiao\/","title":{"rendered":"Turismo Centro de Portugal destaca import\u00e2ncia dos World Cheese Awards para a promo\u00e7\u00e3o da regi\u00e3o"},"content":{"rendered":"\n<p><strong>Realiza\u00e7\u00e3o do evento em Viseu posiciona o Centro de Portugal no centro das aten\u00e7\u00f5es globais.\u00a0<\/strong><\/p>\n\n\n\n<figure class=\"wp-block-image size-large\"><img decoding=\"async\" width=\"1024\" height=\"659\" src=\"https:\/\/www.atelierdocaractere.pt\/wp-content\/uploads\/2024\/11\/img-20241115-wa0044-1024x659.jpg\" alt=\"\" class=\"wp-image-13424\" srcset=\"https:\/\/www.atelierdocaractere.pt\/wp-content\/uploads\/2024\/11\/img-20241115-wa0044-1024x659.jpg 1024w, https:\/\/www.atelierdocaractere.pt\/wp-content\/uploads\/2024\/11\/img-20241115-wa0044-300x193.jpg 300w, https:\/\/www.atelierdocaractere.pt\/wp-content\/uploads\/2024\/11\/img-20241115-wa0044-768x494.jpg 768w, https:\/\/www.atelierdocaractere.pt\/wp-content\/uploads\/2024\/11\/img-20241115-wa0044.jpg 1342w\" sizes=\"(max-width: 1024px) 100vw, 1024px\" \/><\/figure>\n\n\n\n<p>A&nbsp;<strong>Turismo Centro de Portugal<\/strong>&nbsp;(TCP) e a&nbsp;<strong>Ag\u00eancia Regional de Promo\u00e7\u00e3o Tur\u00edstica Centro de Portugal<\/strong>&nbsp;(ARPTC) est\u00e3o presentes na 36.\u00aa edi\u00e7\u00e3o dos&nbsp;<strong>World Cheese Awards<\/strong>, que decorre em Viseu at\u00e9 ao pr\u00f3ximo domingo. A participa\u00e7\u00e3o das duas entidades respons\u00e1veis pela promo\u00e7\u00e3o tur\u00edstica da regi\u00e3o Centro \u00e9 o reconhecimento da import\u00e2ncia do evento, considerado o maior certame mundial dedicado ao queijo, e que acontece pela primeira vez em Portugal<\/p>\n\n\n\n<p>Os World Cheese Awards re\u00fanem milhares de queijos de mais de 40 pa\u00edses, assim como vinhos e produtos regionais, num evento que, mais do que apenas uma mostra, se assume como um Festival Gastron\u00f3mico de escala internacional. S\u00f3 de Portugal, concorrem 182 queijos aos prestigiados &#8220;\u00d3scares do Queijo\u201d, na maior representa\u00e7\u00e3o nacional de sempre. Um j\u00fari internacional, composto por mais de 250 especialistas de 40 nacionalidades, tem a \u201cdif\u00edcil\u201d tarefa de avaliar os candidatos.<\/p>\n\n\n\n<p>Al\u00e9m da competi\u00e7\u00e3o, o evento inclui um extenso programa de atividades abertas ao p\u00fablico, como visitas guiadas, degusta\u00e7\u00f5es comentadas, harmoniza\u00e7\u00f5es de vinhos e queijos, e uma feira de produtores.&nbsp;<\/p>\n\n\n\n<p>A cerim\u00f3nia de abertura dos World Cheese Awards contou com a presen\u00e7a de figuras como\u00a0<strong>John Farrand<\/strong>, Diretor Executivo da Guild of Fine Food,<strong>\u00a0Fernando Ruas<\/strong>, presidente da Comunidade Intermunicipal (CIM) Viseu D\u00e3o Laf\u00f5es e da C\u00e2mara Municipal de Viseu,\u00a0<strong>Ant\u00f3nio Leit\u00e3o Amaro<\/strong>, Ministro da Presid\u00eancia e\u00a0<strong>Pedro Machado<\/strong>, Secret\u00e1rio de Estado do Turismo.<\/p>\n\n\n\n<figure class=\"wp-block-image size-large\"><img decoding=\"async\" width=\"1024\" height=\"658\" src=\"https:\/\/www.atelierdocaractere.pt\/wp-content\/uploads\/2024\/11\/imagem-whatsapp-2024-11-15-as-110451-9d781768-1024x658.jpg\" alt=\"\" class=\"wp-image-13423\" srcset=\"https:\/\/www.atelierdocaractere.pt\/wp-content\/uploads\/2024\/11\/imagem-whatsapp-2024-11-15-as-110451-9d781768-1024x658.jpg 1024w, https:\/\/www.atelierdocaractere.pt\/wp-content\/uploads\/2024\/11\/imagem-whatsapp-2024-11-15-as-110451-9d781768-300x193.jpg 300w, https:\/\/www.atelierdocaractere.pt\/wp-content\/uploads\/2024\/11\/imagem-whatsapp-2024-11-15-as-110451-9d781768-768x494.jpg 768w, https:\/\/www.atelierdocaractere.pt\/wp-content\/uploads\/2024\/11\/imagem-whatsapp-2024-11-15-as-110451-9d781768-1536x987.jpg 1536w, https:\/\/www.atelierdocaractere.pt\/wp-content\/uploads\/2024\/11\/imagem-whatsapp-2024-11-15-as-110451-9d781768.jpg 1794w\" sizes=\"(max-width: 1024px) 100vw, 1024px\" \/><\/figure>\n\n\n\n<p><strong>\u201cCentro de Portugal no centro das aten\u00e7\u00f5es\u201d<\/strong><\/p>\n\n\n\n<p>Tamb\u00e9m presente no evento,&nbsp;<strong>Anabela Freitas, vice-presidente da Turismo Centro de Portugal<\/strong>, sublinha a import\u00e2ncia desta realiza\u00e7\u00e3o.&nbsp;<em>\u201cOs World Cheese Awards colocam o Centro de Portugal no centro das aten\u00e7\u00f5es globais e constituem uma oportunidade \u00edmpar para a promo\u00e7\u00e3o internacional da regi\u00e3o. \u00c9 um evento de refer\u00eancia, com uma enorme notoriedade mundial, pelo que se insere na estrat\u00e9gia de promo\u00e7\u00e3o delineada pela TCP. O queijo \u00e9 um produto emblem\u00e1tico do Centro de Portugal, representando n\u00e3o apenas a nossa gastronomia, mas tamb\u00e9m a identidade cultural das comunidades da regi\u00e3o. Estamos, por tudo isto, muito orgulhosos por apoiar esta iniciativa, que trouxe os holofotes internacionais para a nossa regi\u00e3o\u201d<\/em>, considera Anabela Freitas.&nbsp;<\/p>\n\n\n\n<p>A vice-presidente da TCP destaca ainda o papel estrat\u00e9gico dos eventos no combate \u00e0 sazonalidade tur\u00edstica:&nbsp;<em>\u201cEventos como este, realizados fora da \u00e9poca alta tur\u00edstica, s\u00e3o essenciais para a atra\u00e7\u00e3o de fluxos tur\u00edsticos ao longo de todo o ano, que \u00e9 um grande objetivo da regi\u00e3o\u201d<\/em>. Por outro lado, por acontecer fora das \u00e1reas metropolitanas, \u00e9 tamb\u00e9m um fator de coes\u00e3o territorial.&nbsp;<em>\u201cA escolha de Viseu por parte da organiza\u00e7\u00e3o foi muito feliz, pois d\u00e1 a conhecer aos visitantes, nacionais e internacionais, que h\u00e1 muito mais no pa\u00eds al\u00e9m de Lisboa e do Porto; o interior do pa\u00eds tem uma a riqueza que merece ser reconhecida&#8221;<\/em>, conclui Anabela Freitas.<\/p>\n\n\n\n<p>Os\u00a0<strong>World Cheese Awards<\/strong>\u00a0s\u00e3o organizados pela \u201cGuild of Fine Food\u201d, institui\u00e7\u00e3o que h\u00e1 mais de tr\u00eas d\u00e9cadas celebra o que de melhor se faz no mundo do queijo, e contam com o apoio da TCP e da ARPTC, al\u00e9m das Comunidades Intermunicipais de Viseu D\u00e3o Laf\u00f5es, Beira Baixa e Regi\u00e3o de Coimbra. A iniciativa tem ainda o envolvimento da INOVCluster, associa\u00e7\u00e3o que trabalha o setor do queijo na regi\u00e3o, refor\u00e7ando o posicionamento do Centro de Portugal como destino gastron\u00f3mico de excel\u00eancia.<\/p>\n\n\n\n<figure class=\"wp-block-image size-large\"><img decoding=\"async\" width=\"1024\" height=\"658\" src=\"https:\/\/www.atelierdocaractere.pt\/wp-content\/uploads\/2024\/11\/img-20241115-wa0043-1024x658.jpg\" alt=\"\" class=\"wp-image-13425\" srcset=\"https:\/\/www.atelierdocaractere.pt\/wp-content\/uploads\/2024\/11\/img-20241115-wa0043-1024x658.jpg 1024w, https:\/\/www.atelierdocaractere.pt\/wp-content\/uploads\/2024\/11\/img-20241115-wa0043-300x193.jpg 300w, https:\/\/www.atelierdocaractere.pt\/wp-content\/uploads\/2024\/11\/img-20241115-wa0043-768x494.jpg 768w, https:\/\/www.atelierdocaractere.pt\/wp-content\/uploads\/2024\/11\/img-20241115-wa0043.jpg 1402w\" sizes=\"(max-width: 1024px) 100vw, 1024px\" \/><\/figure>\n\n\n\n<p><strong>Sobre a Turismo Centro de Portugal:<\/strong><\/p>\n\n\n\n<p>A Turismo Centro de Portugal \u00e9 a entidade que estrutura e promove o turismo na Regi\u00e3o Centro do pa\u00eds. Esta \u00e9 a maior e mais diversificada \u00e1rea tur\u00edstica nacional, abrangendo 100 munic\u00edpios, e tem registado um intenso crescimento da procura interna e externa. \u00c9 a regi\u00e3o a escolher para quem pretende experi\u00eancias diversificadas, pois concilia locais Patrim\u00f3nio da Humanidade com a melhor costa de surf da Europa, termas e spas id\u00edlicos, locais de culto de import\u00e2ncia mundial e as mais belas aldeias.<\/p>\n","protected":false},"excerpt":{"rendered":"<p>Realiza\u00e7\u00e3o do evento em Viseu posiciona o Centro de Portugal no centro das aten\u00e7\u00f5es globais.\u00a0 A&nbsp;Turismo Centro de Portugal&nbsp;(TCP) e&#8230;<\/p>\n","protected":false},"author":7,"featured_media":13424,"comment_status":"closed","ping_status":"open","sticky":false,"template":"","format":"standard","meta":[],"categories":[39],"tags":[765,346,805],"yoast_head":"<!-- This site is optimized with the Yoast SEO plugin v20.12 - https:\/\/yoast.com\/wordpress\/plugins\/seo\/ -->\n<title>Turismo Centro de Portugal destaca import\u00e2ncia dos World Cheese Awards para a promo\u00e7\u00e3o da regi\u00e3o - Atelier do Caractere<\/title>\n<meta name=\"robots\" content=\"index, follow, max-snippet:-1, max-image-preview:large, max-video-preview:-1\" \/>\n<link rel=\"canonical\" href=\"https:\/\/www.atelierdocaractere.pt\/brevemente\/turismo-centro-de-portugal-destaca-importancia-dos-world-cheese-awards-para-a-promocao-da-regiao\/\" \/>\n<meta property=\"og:locale\" content=\"pt_PT\" \/>\n<meta property=\"og:type\" content=\"article\" \/>\n<meta property=\"og:title\" content=\"Turismo Centro de Portugal destaca import\u00e2ncia dos World Cheese Awards para a promo\u00e7\u00e3o da regi\u00e3o - Atelier do Caractere\" \/>\n<meta property=\"og:description\" content=\"Realiza\u00e7\u00e3o do evento em Viseu posiciona o Centro de Portugal no centro das aten\u00e7\u00f5es globais.\u00a0 A&nbsp;Turismo Centro de Portugal&nbsp;(TCP) e...\" \/>\n<meta property=\"og:url\" content=\"https:\/\/www.atelierdocaractere.pt\/brevemente\/turismo-centro-de-portugal-destaca-importancia-dos-world-cheese-awards-para-a-promocao-da-regiao\/\" \/>\n<meta property=\"og:site_name\" content=\"Atelier do Caractere\" \/>\n<meta property=\"article:publisher\" content=\"https:\/\/www.facebook.com\/AtelierdoCaractere\" \/>\n<meta property=\"article:published_time\" content=\"2024-11-15T12:08:58+00:00\" \/>\n<meta property=\"article:modified_time\" content=\"2024-11-16T12:13:41+00:00\" \/>\n<meta property=\"og:image\" content=\"https:\/\/www.atelierdocaractere.pt\/wp-content\/uploads\/2024\/11\/img-20241115-wa0044.jpg\" \/>\n\t<meta property=\"og:image:width\" content=\"1342\" \/>\n\t<meta property=\"og:image:height\" content=\"863\" \/>\n\t<meta property=\"og:image:type\" content=\"image\/jpeg\" \/>\n<meta name=\"author\" content=\"Joana Barbosa\" \/>\n<meta name=\"twitter:card\" content=\"summary_large_image\" \/>\n<meta name=\"twitter:label1\" content=\"Escrito por\" \/>\n\t<meta name=\"twitter:data1\" content=\"Joana Barbosa\" \/>\n\t<meta name=\"twitter:label2\" content=\"Tempo estimado de leitura\" \/>\n\t<meta name=\"twitter:data2\" content=\"5 minutos\" \/>\n<script type=\"application\/ld+json\" class=\"yoast-schema-graph\">{\"@context\":\"https:\/\/schema.org\",\"@graph\":[{\"@type\":\"WebPage\",\"@id\":\"https:\/\/www.atelierdocaractere.pt\/brevemente\/turismo-centro-de-portugal-destaca-importancia-dos-world-cheese-awards-para-a-promocao-da-regiao\/\",\"url\":\"https:\/\/www.atelierdocaractere.pt\/brevemente\/turismo-centro-de-portugal-destaca-importancia-dos-world-cheese-awards-para-a-promocao-da-regiao\/\",\"name\":\"Turismo Centro de Portugal destaca import\u00e2ncia dos World Cheese Awards para a promo\u00e7\u00e3o da regi\u00e3o - Atelier do Caractere\",\"isPartOf\":{\"@id\":\"https:\/\/www.atelierdocaractere.pt\/brevemente\/#website\"},\"datePublished\":\"2024-11-15T12:08:58+00:00\",\"dateModified\":\"2024-11-16T12:13:41+00:00\",\"author\":{\"@id\":\"https:\/\/www.atelierdocaractere.pt\/brevemente\/#\/schema\/person\/f2f096eb0f27d9894725af22cb97c0db\"},\"breadcrumb\":{\"@id\":\"https:\/\/www.atelierdocaractere.pt\/brevemente\/turismo-centro-de-portugal-destaca-importancia-dos-world-cheese-awards-para-a-promocao-da-regiao\/#breadcrumb\"},\"inLanguage\":\"pt-PT\",\"potentialAction\":[{\"@type\":\"ReadAction\",\"target\":[\"https:\/\/www.atelierdocaractere.pt\/brevemente\/turismo-centro-de-portugal-destaca-importancia-dos-world-cheese-awards-para-a-promocao-da-regiao\/\"]}]},{\"@type\":\"BreadcrumbList\",\"@id\":\"https:\/\/www.atelierdocaractere.pt\/brevemente\/turismo-centro-de-portugal-destaca-importancia-dos-world-cheese-awards-para-a-promocao-da-regiao\/#breadcrumb\",\"itemListElement\":[{\"@type\":\"ListItem\",\"position\":1,\"name\":\"In\u00edcio\",\"item\":\"https:\/\/www.atelierdocaractere.pt\/brevemente\/\"},{\"@type\":\"ListItem\",\"position\":2,\"name\":\"Turismo Centro de Portugal destaca import\u00e2ncia dos World Cheese Awards para a promo\u00e7\u00e3o da regi\u00e3o\"}]},{\"@type\":\"WebSite\",\"@id\":\"https:\/\/www.atelierdocaractere.pt\/brevemente\/#website\",\"url\":\"https:\/\/www.atelierdocaractere.pt\/brevemente\/\",\"name\":\"Atelier do Caractere\",\"description\":\"\",\"potentialAction\":[{\"@type\":\"SearchAction\",\"target\":{\"@type\":\"EntryPoint\",\"urlTemplate\":\"https:\/\/www.atelierdocaractere.pt\/brevemente\/?s={search_term_string}\"},\"query-input\":\"required name=search_term_string\"}],\"inLanguage\":\"pt-PT\"},{\"@type\":\"Person\",\"@id\":\"https:\/\/www.atelierdocaractere.pt\/brevemente\/#\/schema\/person\/f2f096eb0f27d9894725af22cb97c0db\",\"name\":\"Joana Barbosa\",\"image\":{\"@type\":\"ImageObject\",\"inLanguage\":\"pt-PT\",\"@id\":\"https:\/\/www.atelierdocaractere.pt\/brevemente\/#\/schema\/person\/image\/\",\"url\":\"https:\/\/secure.gravatar.com\/avatar\/33e8214b45e9d68a3a83008731075979?s=96&d=mm&r=g\",\"contentUrl\":\"https:\/\/secure.gravatar.com\/avatar\/33e8214b45e9d68a3a83008731075979?s=96&d=mm&r=g\",\"caption\":\"Joana Barbosa\"},\"url\":\"https:\/\/www.atelierdocaractere.pt\/brevemente\/author\/joanabarbosa\/\"}]}<\/script>\n<!-- \/ Yoast SEO plugin. -->","yoast_head_json":{"title":"Turismo Centro de Portugal destaca import\u00e2ncia dos World Cheese Awards para a promo\u00e7\u00e3o da regi\u00e3o - Atelier do Caractere","robots":{"index":"index","follow":"follow","max-snippet":"max-snippet:-1","max-image-preview":"max-image-preview:large","max-video-preview":"max-video-preview:-1"},"canonical":"https:\/\/www.atelierdocaractere.pt\/brevemente\/turismo-centro-de-portugal-destaca-importancia-dos-world-cheese-awards-para-a-promocao-da-regiao\/","og_locale":"pt_PT","og_type":"article","og_title":"Turismo Centro de Portugal destaca import\u00e2ncia dos World Cheese Awards para a promo\u00e7\u00e3o da regi\u00e3o - Atelier do Caractere","og_description":"Realiza\u00e7\u00e3o do evento em Viseu posiciona o Centro de Portugal no centro das aten\u00e7\u00f5es globais.\u00a0 A&nbsp;Turismo Centro de Portugal&nbsp;(TCP) e...","og_url":"https:\/\/www.atelierdocaractere.pt\/brevemente\/turismo-centro-de-portugal-destaca-importancia-dos-world-cheese-awards-para-a-promocao-da-regiao\/","og_site_name":"Atelier do Caractere","article_publisher":"https:\/\/www.facebook.com\/AtelierdoCaractere","article_published_time":"2024-11-15T12:08:58+00:00","article_modified_time":"2024-11-16T12:13:41+00:00","og_image":[{"width":1342,"height":863,"url":"https:\/\/www.atelierdocaractere.pt\/wp-content\/uploads\/2024\/11\/img-20241115-wa0044.jpg","type":"image\/jpeg"}],"author":"Joana Barbosa","twitter_card":"summary_large_image","twitter_misc":{"Escrito por":"Joana Barbosa","Tempo estimado de leitura":"5 minutos"},"schema":{"@context":"https:\/\/schema.org","@graph":[{"@type":"WebPage","@id":"https:\/\/www.atelierdocaractere.pt\/brevemente\/turismo-centro-de-portugal-destaca-importancia-dos-world-cheese-awards-para-a-promocao-da-regiao\/","url":"https:\/\/www.atelierdocaractere.pt\/brevemente\/turismo-centro-de-portugal-destaca-importancia-dos-world-cheese-awards-para-a-promocao-da-regiao\/","name":"Turismo Centro de Portugal destaca import\u00e2ncia dos World Cheese Awards para a promo\u00e7\u00e3o da regi\u00e3o - Atelier do Caractere","isPartOf":{"@id":"https:\/\/www.atelierdocaractere.pt\/brevemente\/#website"},"datePublished":"2024-11-15T12:08:58+00:00","dateModified":"2024-11-16T12:13:41+00:00","author":{"@id":"https:\/\/www.atelierdocaractere.pt\/brevemente\/#\/schema\/person\/f2f096eb0f27d9894725af22cb97c0db"},"breadcrumb":{"@id":"https:\/\/www.atelierdocaractere.pt\/brevemente\/turismo-centro-de-portugal-destaca-importancia-dos-world-cheese-awards-para-a-promocao-da-regiao\/#breadcrumb"},"inLanguage":"pt-PT","potentialAction":[{"@type":"ReadAction","target":["https:\/\/www.atelierdocaractere.pt\/brevemente\/turismo-centro-de-portugal-destaca-importancia-dos-world-cheese-awards-para-a-promocao-da-regiao\/"]}]},{"@type":"BreadcrumbList","@id":"https:\/\/www.atelierdocaractere.pt\/brevemente\/turismo-centro-de-portugal-destaca-importancia-dos-world-cheese-awards-para-a-promocao-da-regiao\/#breadcrumb","itemListElement":[{"@type":"ListItem","position":1,"name":"In\u00edcio","item":"https:\/\/www.atelierdocaractere.pt\/brevemente\/"},{"@type":"ListItem","position":2,"name":"Turismo Centro de Portugal destaca import\u00e2ncia dos World Cheese Awards para a promo\u00e7\u00e3o da regi\u00e3o"}]},{"@type":"WebSite","@id":"https:\/\/www.atelierdocaractere.pt\/brevemente\/#website","url":"https:\/\/www.atelierdocaractere.pt\/brevemente\/","name":"Atelier do Caractere","description":"","potentialAction":[{"@type":"SearchAction","target":{"@type":"EntryPoint","urlTemplate":"https:\/\/www.atelierdocaractere.pt\/brevemente\/?s={search_term_string}"},"query-input":"required name=search_term_string"}],"inLanguage":"pt-PT"},{"@type":"Person","@id":"https:\/\/www.atelierdocaractere.pt\/brevemente\/#\/schema\/person\/f2f096eb0f27d9894725af22cb97c0db","name":"Joana Barbosa","image":{"@type":"ImageObject","inLanguage":"pt-PT","@id":"https:\/\/www.atelierdocaractere.pt\/brevemente\/#\/schema\/person\/image\/","url":"https:\/\/secure.gravatar.com\/avatar\/33e8214b45e9d68a3a83008731075979?s=96&d=mm&r=g","contentUrl":"https:\/\/secure.gravatar.com\/avatar\/33e8214b45e9d68a3a83008731075979?s=96&d=mm&r=g","caption":"Joana Barbosa"},"url":"https:\/\/www.atelierdocaractere.pt\/brevemente\/author\/joanabarbosa\/"}]}},"_links":{"self":[{"href":"https:\/\/www.atelierdocaractere.pt\/brevemente\/wp-json\/wp\/v2\/posts\/13422"}],"collection":[{"href":"https:\/\/www.atelierdocaractere.pt\/brevemente\/wp-json\/wp\/v2\/posts"}],"about":[{"href":"https:\/\/www.atelierdocaractere.pt\/brevemente\/wp-json\/wp\/v2\/types\/post"}],"author":[{"embeddable":true,"href":"https:\/\/www.atelierdocaractere.pt\/brevemente\/wp-json\/wp\/v2\/users\/7"}],"replies":[{"embeddable":true,"href":"https:\/\/www.atelierdocaractere.pt\/brevemente\/wp-json\/wp\/v2\/comments?post=13422"}],"version-history":[{"count":1,"href":"https:\/\/www.atelierdocaractere.pt\/brevemente\/wp-json\/wp\/v2\/posts\/13422\/revisions"}],"predecessor-version":[{"id":13426,"href":"https:\/\/www.atelierdocaractere.pt\/brevemente\/wp-json\/wp\/v2\/posts\/13422\/revisions\/13426"}],"wp:featuredmedia":[{"embeddable":true,"href":"https:\/\/www.atelierdocaractere.pt\/brevemente\/wp-json\/wp\/v2\/media\/13424"}],"wp:attachment":[{"href":"https:\/\/www.atelierdocaractere.pt\/brevemente\/wp-json\/wp\/v2\/media?parent=13422"}],"wp:term":[{"taxonomy":"category","embeddable":true,"href":"https:\/\/www.atelierdocaractere.pt\/brevemente\/wp-json\/wp\/v2\/categories?post=13422"},{"taxonomy":"post_tag","embeddable":true,"href":"https:\/\/www.atelierdocaractere.pt\/brevemente\/wp-json\/wp\/v2\/tags?post=13422"}],"curies":[{"name":"wp","href":"https:\/\/api.w.org\/{rel}","templated":true}]}}