{"id":13427,"date":"2024-11-15T12:14:40","date_gmt":"2024-11-15T12:14:40","guid":{"rendered":"https:\/\/www.atelierdocaractere.pt\/brevemente\/?p=13427"},"modified":"2024-11-16T12:17:47","modified_gmt":"2024-11-16T12:17:47","slug":"projeto-das-aldeias-historicas-de-portugal-entre-os-tres-melhores-do-mundo-nos-premios-da-associacao-britanica-de-escritores-de-viagens","status":"publish","type":"post","link":"https:\/\/www.atelierdocaractere.pt\/brevemente\/projeto-das-aldeias-historicas-de-portugal-entre-os-tres-melhores-do-mundo-nos-premios-da-associacao-britanica-de-escritores-de-viagens\/","title":{"rendered":"Projeto das Aldeias Hist\u00f3ricas de Portugal entre os tr\u00eas melhores do mundo nos pr\u00e9mios da Associa\u00e7\u00e3o Brit\u00e2nica de Escritores de Viagens"},"content":{"rendered":"\n<p><strong>A iniciativa \u201cMobilidade Urbana Sustent\u00e1vel\u201d est\u00e1 entre os tr\u00eas melhores projetos, a n\u00edvel mundial, na categoria \u201cBetter World for Sustainability, Conservation and Cultural Preservation\u201d dos prestigiados BGTW International Tourism Awards 2024.<\/strong><\/p>\n\n\n\n<figure class=\"wp-block-image size-large\"><img decoding=\"async\" width=\"1024\" height=\"682\" src=\"https:\/\/www.atelierdocaractere.pt\/wp-content\/uploads\/2024\/11\/ahp-renault-1024x682.jpg\" alt=\"\" class=\"wp-image-13428\" srcset=\"https:\/\/www.atelierdocaractere.pt\/wp-content\/uploads\/2024\/11\/ahp-renault-1024x682.jpg 1024w, https:\/\/www.atelierdocaractere.pt\/wp-content\/uploads\/2024\/11\/ahp-renault-300x200.jpg 300w, https:\/\/www.atelierdocaractere.pt\/wp-content\/uploads\/2024\/11\/ahp-renault-768x511.jpg 768w, https:\/\/www.atelierdocaractere.pt\/wp-content\/uploads\/2024\/11\/ahp-renault-1536x1022.jpg 1536w, https:\/\/www.atelierdocaractere.pt\/wp-content\/uploads\/2024\/11\/ahp-renault-900x600.jpg 900w, https:\/\/www.atelierdocaractere.pt\/wp-content\/uploads\/2024\/11\/ahp-renault-675x450.jpg 675w, https:\/\/www.atelierdocaractere.pt\/wp-content\/uploads\/2024\/11\/ahp-renault.jpg 1920w\" sizes=\"(max-width: 1024px) 100vw, 1024px\" \/><\/figure>\n\n\n\n<p>Desenvolvido em parceria com a Renault Portugal e o Munic\u00edpio do Fund\u00e3o, a Aldeias Hist\u00f3ricas de Portugal &#8211; Associa\u00e7\u00e3o de Desenvolvimento Tur\u00edstico (AHP-ADT) disponibiliza um pioneiro servi\u00e7o gratuito de mobilidade sustent\u00e1vel, que coloca ao dispor de turistas, residentes e profissionais uma frota de cinco viaturas Renault el\u00e9tricas, a partir da Aldeia Hist\u00f3rica de Castelo Novo, ou das esta\u00e7\u00f5es ferrovi\u00e1rias de Castelo Novo, Alpedrinha e Fund\u00e3o. \u00c9 o projeto \u201cMobilidade Urbana Sustent\u00e1vel\u201d, que surge agora entre os tr\u00eas melhores do mundo, na categoria \u201cBetter World for Sustainability, Conservation and Cultural Preservation\u201d dos prestigiados BGTW International Tourism Awards 2024.&nbsp;<\/p>\n\n\n\n<p>O projeto tem como objetivo promover uma mobilidade mais verde e acess\u00edvel, integrando solu\u00e7\u00f5es de transporte el\u00e9trico nas Aldeias Hist\u00f3ricas de Portugal, para fomentar um turismo mais sustent\u00e1vel e reduzir a pegada ecol\u00f3gica dos habitantes, visitantes e empresas.<\/p>\n\n\n\n<p>Este reconhecimento dos BGTW International Tourism Awards destaca a relev\u00e2ncia do projeto das Aldeias Hist\u00f3ricas de Portugal como exemplo de boas pr\u00e1ticas em sustentabilidade e inclus\u00e3o, alinhando-se com as tend\u00eancias globais de prote\u00e7\u00e3o ambiental e desenvolvimento de comunidades locais. As Aldeias Hist\u00f3ricas de Portugal s\u00e3o pioneiras ao combinar patrim\u00f3nio cultural, turismo e tecnologia de mobilidade el\u00e9trica para oferecer uma experi\u00eancia \u00fanica que beneficia tanto os visitantes como as popula\u00e7\u00f5es locais.<\/p>\n\n\n\n<p>Os BGTW International Tourism Awards s\u00e3o promovidos pela Associa\u00e7\u00e3o Brit\u00e2nica de Escritores de Viagens, em parceria com o departamento de turismo das Ilhas Caim\u00e3o.<\/p>\n\n\n\n<p><strong>Sobre a Aldeias Hist\u00f3ricas de Portugal<\/strong><\/p>\n\n\n\n<p>Entre montes e vales da verdejante paisagem do interior de Portugal, repletas de lendas e castelos, sabores e tradi\u00e7\u00f5es, encontram-se 12 singelas aldeias onde apetece perdermo-nos. Almeida, Belmonte, Castelo Mendo, Castelo Novo, Castelo Rodrigo, Idanha-a-Velha, Linhares da Beira, Marialva, Monsanto, Pi\u00f3d\u00e3o, Sortelha e Trancoso: as Aldeias Hist\u00f3ricas de Portugal, um destino que s\u00e3o 12, surgem como para\u00edsos escondidos que nos levam numa viagem ao tempo de reis e rainhas, de \u00e9picas e infinitas batalhas que escreveram a Hist\u00f3ria como a conhecemos hoje. S\u00e3o, ainda, a garantia de momentos inesquec\u00edveis de lazer, aventura e descoberta, temperados com os inigual\u00e1veis aromas e sabores da regi\u00e3o, que comp\u00f5em a sua t\u00edpica gastronomia.<\/p>\n\n\n\n<p>No territ\u00f3rio das Aldeias Hist\u00f3ricas de Portugal h\u00e1 um sem fim de trilhos para caminhadas e percursos de bicicleta e BTT \u2013 como a Grande Rota 22, a maior rota de Walking &amp; Cycling na Europa e em Portugal, com cerca de 600 km. A Grande Rota 22 tem o selo Leading Quality Trails \u2013 Best of Europe, entregue pela European Ramblers Association (Associa\u00e7\u00e3o Europeia de Caminhada).<\/p>\n\n\n\n<p>As Aldeias Hist\u00f3ricas de Portugal s\u00e3o o primeiro destino em rede \u2013 \u00e0 escala mundial \u2013 e o primeiro destino nacional a receber a certifica\u00e7\u00e3o BIOSPHERE DESTINATION. E, em 2020, foram o primeiro destino a n\u00edvel nacional a criar o \u201cManifesto do Turista Respons\u00e1vel\u201d, lembrando aos seus visitantes a import\u00e2ncia do respeito pela natureza.<\/p>\n","protected":false},"excerpt":{"rendered":"<p>A iniciativa \u201cMobilidade Urbana Sustent\u00e1vel\u201d est\u00e1 entre os tr\u00eas melhores projetos, a n\u00edvel mundial, na categoria \u201cBetter World for Sustainability,&#8230;<\/p>\n","protected":false},"author":7,"featured_media":13428,"comment_status":"closed","ping_status":"open","sticky":false,"template":"","format":"standard","meta":[],"categories":[22],"tags":[870],"yoast_head":"<!-- This site is optimized with the Yoast SEO plugin v20.12 - https:\/\/yoast.com\/wordpress\/plugins\/seo\/ -->\n<title>Projeto das Aldeias Hist\u00f3ricas de Portugal entre os tr\u00eas melhores do mundo nos pr\u00e9mios da Associa\u00e7\u00e3o Brit\u00e2nica de Escritores de Viagens - Atelier do Caractere<\/title>\n<meta name=\"robots\" content=\"index, follow, max-snippet:-1, max-image-preview:large, max-video-preview:-1\" \/>\n<link rel=\"canonical\" href=\"https:\/\/www.atelierdocaractere.pt\/brevemente\/projeto-das-aldeias-historicas-de-portugal-entre-os-tres-melhores-do-mundo-nos-premios-da-associacao-britanica-de-escritores-de-viagens\/\" \/>\n<meta property=\"og:locale\" content=\"pt_PT\" \/>\n<meta property=\"og:type\" content=\"article\" \/>\n<meta property=\"og:title\" content=\"Projeto das Aldeias Hist\u00f3ricas de Portugal entre os tr\u00eas melhores do mundo nos pr\u00e9mios da Associa\u00e7\u00e3o Brit\u00e2nica de Escritores de Viagens - Atelier do Caractere\" \/>\n<meta property=\"og:description\" content=\"A iniciativa \u201cMobilidade Urbana Sustent\u00e1vel\u201d est\u00e1 entre os tr\u00eas melhores projetos, a n\u00edvel mundial, na categoria \u201cBetter World for Sustainability,...\" \/>\n<meta property=\"og:url\" content=\"https:\/\/www.atelierdocaractere.pt\/brevemente\/projeto-das-aldeias-historicas-de-portugal-entre-os-tres-melhores-do-mundo-nos-premios-da-associacao-britanica-de-escritores-de-viagens\/\" \/>\n<meta property=\"og:site_name\" content=\"Atelier do Caractere\" \/>\n<meta property=\"article:publisher\" content=\"https:\/\/www.facebook.com\/AtelierdoCaractere\" \/>\n<meta property=\"article:published_time\" content=\"2024-11-15T12:14:40+00:00\" \/>\n<meta property=\"article:modified_time\" content=\"2024-11-16T12:17:47+00:00\" \/>\n<meta property=\"og:image\" content=\"https:\/\/www.atelierdocaractere.pt\/wp-content\/uploads\/2024\/11\/ahp-renault.jpg\" \/>\n\t<meta property=\"og:image:width\" content=\"1920\" \/>\n\t<meta property=\"og:image:height\" content=\"1278\" \/>\n\t<meta property=\"og:image:type\" content=\"image\/jpeg\" \/>\n<meta name=\"author\" content=\"Joana Barbosa\" \/>\n<meta name=\"twitter:card\" content=\"summary_large_image\" \/>\n<meta name=\"twitter:label1\" content=\"Escrito por\" \/>\n\t<meta name=\"twitter:data1\" content=\"Joana Barbosa\" \/>\n\t<meta name=\"twitter:label2\" content=\"Tempo estimado de leitura\" \/>\n\t<meta name=\"twitter:data2\" content=\"3 minutos\" \/>\n<script type=\"application\/ld+json\" class=\"yoast-schema-graph\">{\"@context\":\"https:\/\/schema.org\",\"@graph\":[{\"@type\":\"WebPage\",\"@id\":\"https:\/\/www.atelierdocaractere.pt\/brevemente\/projeto-das-aldeias-historicas-de-portugal-entre-os-tres-melhores-do-mundo-nos-premios-da-associacao-britanica-de-escritores-de-viagens\/\",\"url\":\"https:\/\/www.atelierdocaractere.pt\/brevemente\/projeto-das-aldeias-historicas-de-portugal-entre-os-tres-melhores-do-mundo-nos-premios-da-associacao-britanica-de-escritores-de-viagens\/\",\"name\":\"Projeto das Aldeias Hist\u00f3ricas de Portugal entre os tr\u00eas melhores do mundo nos pr\u00e9mios da Associa\u00e7\u00e3o Brit\u00e2nica de Escritores de Viagens - Atelier do Caractere\",\"isPartOf\":{\"@id\":\"https:\/\/www.atelierdocaractere.pt\/brevemente\/#website\"},\"datePublished\":\"2024-11-15T12:14:40+00:00\",\"dateModified\":\"2024-11-16T12:17:47+00:00\",\"author\":{\"@id\":\"https:\/\/www.atelierdocaractere.pt\/brevemente\/#\/schema\/person\/f2f096eb0f27d9894725af22cb97c0db\"},\"breadcrumb\":{\"@id\":\"https:\/\/www.atelierdocaractere.pt\/brevemente\/projeto-das-aldeias-historicas-de-portugal-entre-os-tres-melhores-do-mundo-nos-premios-da-associacao-britanica-de-escritores-de-viagens\/#breadcrumb\"},\"inLanguage\":\"pt-PT\",\"potentialAction\":[{\"@type\":\"ReadAction\",\"target\":[\"https:\/\/www.atelierdocaractere.pt\/brevemente\/projeto-das-aldeias-historicas-de-portugal-entre-os-tres-melhores-do-mundo-nos-premios-da-associacao-britanica-de-escritores-de-viagens\/\"]}]},{\"@type\":\"BreadcrumbList\",\"@id\":\"https:\/\/www.atelierdocaractere.pt\/brevemente\/projeto-das-aldeias-historicas-de-portugal-entre-os-tres-melhores-do-mundo-nos-premios-da-associacao-britanica-de-escritores-de-viagens\/#breadcrumb\",\"itemListElement\":[{\"@type\":\"ListItem\",\"position\":1,\"name\":\"In\u00edcio\",\"item\":\"https:\/\/www.atelierdocaractere.pt\/brevemente\/\"},{\"@type\":\"ListItem\",\"position\":2,\"name\":\"Projeto das Aldeias Hist\u00f3ricas de Portugal entre os tr\u00eas melhores do mundo nos pr\u00e9mios da Associa\u00e7\u00e3o Brit\u00e2nica de Escritores de Viagens\"}]},{\"@type\":\"WebSite\",\"@id\":\"https:\/\/www.atelierdocaractere.pt\/brevemente\/#website\",\"url\":\"https:\/\/www.atelierdocaractere.pt\/brevemente\/\",\"name\":\"Atelier do Caractere\",\"description\":\"\",\"potentialAction\":[{\"@type\":\"SearchAction\",\"target\":{\"@type\":\"EntryPoint\",\"urlTemplate\":\"https:\/\/www.atelierdocaractere.pt\/brevemente\/?s={search_term_string}\"},\"query-input\":\"required name=search_term_string\"}],\"inLanguage\":\"pt-PT\"},{\"@type\":\"Person\",\"@id\":\"https:\/\/www.atelierdocaractere.pt\/brevemente\/#\/schema\/person\/f2f096eb0f27d9894725af22cb97c0db\",\"name\":\"Joana Barbosa\",\"image\":{\"@type\":\"ImageObject\",\"inLanguage\":\"pt-PT\",\"@id\":\"https:\/\/www.atelierdocaractere.pt\/brevemente\/#\/schema\/person\/image\/\",\"url\":\"https:\/\/secure.gravatar.com\/avatar\/33e8214b45e9d68a3a83008731075979?s=96&d=mm&r=g\",\"contentUrl\":\"https:\/\/secure.gravatar.com\/avatar\/33e8214b45e9d68a3a83008731075979?s=96&d=mm&r=g\",\"caption\":\"Joana Barbosa\"},\"url\":\"https:\/\/www.atelierdocaractere.pt\/brevemente\/author\/joanabarbosa\/\"}]}<\/script>\n<!-- \/ Yoast SEO plugin. -->","yoast_head_json":{"title":"Projeto das Aldeias Hist\u00f3ricas de Portugal entre os tr\u00eas melhores do mundo nos pr\u00e9mios da Associa\u00e7\u00e3o Brit\u00e2nica de Escritores de Viagens - Atelier do Caractere","robots":{"index":"index","follow":"follow","max-snippet":"max-snippet:-1","max-image-preview":"max-image-preview:large","max-video-preview":"max-video-preview:-1"},"canonical":"https:\/\/www.atelierdocaractere.pt\/brevemente\/projeto-das-aldeias-historicas-de-portugal-entre-os-tres-melhores-do-mundo-nos-premios-da-associacao-britanica-de-escritores-de-viagens\/","og_locale":"pt_PT","og_type":"article","og_title":"Projeto das Aldeias Hist\u00f3ricas de Portugal entre os tr\u00eas melhores do mundo nos pr\u00e9mios da Associa\u00e7\u00e3o Brit\u00e2nica de Escritores de Viagens - Atelier do Caractere","og_description":"A iniciativa \u201cMobilidade Urbana Sustent\u00e1vel\u201d est\u00e1 entre os tr\u00eas melhores projetos, a n\u00edvel mundial, na categoria \u201cBetter World for Sustainability,...","og_url":"https:\/\/www.atelierdocaractere.pt\/brevemente\/projeto-das-aldeias-historicas-de-portugal-entre-os-tres-melhores-do-mundo-nos-premios-da-associacao-britanica-de-escritores-de-viagens\/","og_site_name":"Atelier do Caractere","article_publisher":"https:\/\/www.facebook.com\/AtelierdoCaractere","article_published_time":"2024-11-15T12:14:40+00:00","article_modified_time":"2024-11-16T12:17:47+00:00","og_image":[{"width":1920,"height":1278,"url":"https:\/\/www.atelierdocaractere.pt\/wp-content\/uploads\/2024\/11\/ahp-renault.jpg","type":"image\/jpeg"}],"author":"Joana Barbosa","twitter_card":"summary_large_image","twitter_misc":{"Escrito por":"Joana Barbosa","Tempo estimado de leitura":"3 minutos"},"schema":{"@context":"https:\/\/schema.org","@graph":[{"@type":"WebPage","@id":"https:\/\/www.atelierdocaractere.pt\/brevemente\/projeto-das-aldeias-historicas-de-portugal-entre-os-tres-melhores-do-mundo-nos-premios-da-associacao-britanica-de-escritores-de-viagens\/","url":"https:\/\/www.atelierdocaractere.pt\/brevemente\/projeto-das-aldeias-historicas-de-portugal-entre-os-tres-melhores-do-mundo-nos-premios-da-associacao-britanica-de-escritores-de-viagens\/","name":"Projeto das Aldeias Hist\u00f3ricas de Portugal entre os tr\u00eas melhores do mundo nos pr\u00e9mios da Associa\u00e7\u00e3o Brit\u00e2nica de Escritores de Viagens - Atelier do Caractere","isPartOf":{"@id":"https:\/\/www.atelierdocaractere.pt\/brevemente\/#website"},"datePublished":"2024-11-15T12:14:40+00:00","dateModified":"2024-11-16T12:17:47+00:00","author":{"@id":"https:\/\/www.atelierdocaractere.pt\/brevemente\/#\/schema\/person\/f2f096eb0f27d9894725af22cb97c0db"},"breadcrumb":{"@id":"https:\/\/www.atelierdocaractere.pt\/brevemente\/projeto-das-aldeias-historicas-de-portugal-entre-os-tres-melhores-do-mundo-nos-premios-da-associacao-britanica-de-escritores-de-viagens\/#breadcrumb"},"inLanguage":"pt-PT","potentialAction":[{"@type":"ReadAction","target":["https:\/\/www.atelierdocaractere.pt\/brevemente\/projeto-das-aldeias-historicas-de-portugal-entre-os-tres-melhores-do-mundo-nos-premios-da-associacao-britanica-de-escritores-de-viagens\/"]}]},{"@type":"BreadcrumbList","@id":"https:\/\/www.atelierdocaractere.pt\/brevemente\/projeto-das-aldeias-historicas-de-portugal-entre-os-tres-melhores-do-mundo-nos-premios-da-associacao-britanica-de-escritores-de-viagens\/#breadcrumb","itemListElement":[{"@type":"ListItem","position":1,"name":"In\u00edcio","item":"https:\/\/www.atelierdocaractere.pt\/brevemente\/"},{"@type":"ListItem","position":2,"name":"Projeto das Aldeias Hist\u00f3ricas de Portugal entre os tr\u00eas melhores do mundo nos pr\u00e9mios da Associa\u00e7\u00e3o Brit\u00e2nica de Escritores de Viagens"}]},{"@type":"WebSite","@id":"https:\/\/www.atelierdocaractere.pt\/brevemente\/#website","url":"https:\/\/www.atelierdocaractere.pt\/brevemente\/","name":"Atelier do Caractere","description":"","potentialAction":[{"@type":"SearchAction","target":{"@type":"EntryPoint","urlTemplate":"https:\/\/www.atelierdocaractere.pt\/brevemente\/?s={search_term_string}"},"query-input":"required name=search_term_string"}],"inLanguage":"pt-PT"},{"@type":"Person","@id":"https:\/\/www.atelierdocaractere.pt\/brevemente\/#\/schema\/person\/f2f096eb0f27d9894725af22cb97c0db","name":"Joana Barbosa","image":{"@type":"ImageObject","inLanguage":"pt-PT","@id":"https:\/\/www.atelierdocaractere.pt\/brevemente\/#\/schema\/person\/image\/","url":"https:\/\/secure.gravatar.com\/avatar\/33e8214b45e9d68a3a83008731075979?s=96&d=mm&r=g","contentUrl":"https:\/\/secure.gravatar.com\/avatar\/33e8214b45e9d68a3a83008731075979?s=96&d=mm&r=g","caption":"Joana Barbosa"},"url":"https:\/\/www.atelierdocaractere.pt\/brevemente\/author\/joanabarbosa\/"}]}},"_links":{"self":[{"href":"https:\/\/www.atelierdocaractere.pt\/brevemente\/wp-json\/wp\/v2\/posts\/13427"}],"collection":[{"href":"https:\/\/www.atelierdocaractere.pt\/brevemente\/wp-json\/wp\/v2\/posts"}],"about":[{"href":"https:\/\/www.atelierdocaractere.pt\/brevemente\/wp-json\/wp\/v2\/types\/post"}],"author":[{"embeddable":true,"href":"https:\/\/www.atelierdocaractere.pt\/brevemente\/wp-json\/wp\/v2\/users\/7"}],"replies":[{"embeddable":true,"href":"https:\/\/www.atelierdocaractere.pt\/brevemente\/wp-json\/wp\/v2\/comments?post=13427"}],"version-history":[{"count":1,"href":"https:\/\/www.atelierdocaractere.pt\/brevemente\/wp-json\/wp\/v2\/posts\/13427\/revisions"}],"predecessor-version":[{"id":13429,"href":"https:\/\/www.atelierdocaractere.pt\/brevemente\/wp-json\/wp\/v2\/posts\/13427\/revisions\/13429"}],"wp:featuredmedia":[{"embeddable":true,"href":"https:\/\/www.atelierdocaractere.pt\/brevemente\/wp-json\/wp\/v2\/media\/13428"}],"wp:attachment":[{"href":"https:\/\/www.atelierdocaractere.pt\/brevemente\/wp-json\/wp\/v2\/media?parent=13427"}],"wp:term":[{"taxonomy":"category","embeddable":true,"href":"https:\/\/www.atelierdocaractere.pt\/brevemente\/wp-json\/wp\/v2\/categories?post=13427"},{"taxonomy":"post_tag","embeddable":true,"href":"https:\/\/www.atelierdocaractere.pt\/brevemente\/wp-json\/wp\/v2\/tags?post=13427"}],"curies":[{"name":"wp","href":"https:\/\/api.w.org\/{rel}","templated":true}]}}