{"id":13431,"date":"2024-11-18T14:43:33","date_gmt":"2024-11-18T14:43:33","guid":{"rendered":"https:\/\/www.atelierdocaractere.pt\/brevemente\/?p=13431"},"modified":"2024-11-18T14:43:40","modified_gmt":"2024-11-18T14:43:40","slug":"projeto-da-renault-portugal-nas-aldeias-historicas-de-portugal-entre-os-tres-melhores-do-mundo-nos-premios-da-associacao-britanica-de-escritores-de-viagem","status":"publish","type":"post","link":"https:\/\/www.atelierdocaractere.pt\/brevemente\/projeto-da-renault-portugal-nas-aldeias-historicas-de-portugal-entre-os-tres-melhores-do-mundo-nos-premios-da-associacao-britanica-de-escritores-de-viagem\/","title":{"rendered":"Projeto da Renault Portugal nas Aldeias Hist\u00f3ricas de Portugal entre os tr\u00eas melhores do mundo nos pr\u00e9mios da Associa\u00e7\u00e3o Brit\u00e2nica de Escritores de Viagem"},"content":{"rendered":"\n<p><strong>Desenvolvido em parceria com a Renault Portugal, o projeto \u201cMobilidade Urbana Sustent\u00e1vel\u201d foi nomeado um dos tr\u00eas melhores, a n\u00edvel mundial, na categoria \u201cBetter World for Sustainability, Conservation and Cultural Preservation\u201d, dos prestigiados BGTW International Tourism Awards 2024.<\/strong><\/p>\n\n\n\n<figure class=\"wp-block-image size-large\"><img decoding=\"async\" width=\"1024\" height=\"681\" src=\"https:\/\/www.atelierdocaractere.pt\/wp-content\/uploads\/2024\/11\/42a90e9d1d8585ca2f91734b5e91b2de-l.jpg-1024x681.webp\" alt=\"\" class=\"wp-image-13432\" srcset=\"https:\/\/www.atelierdocaractere.pt\/wp-content\/uploads\/2024\/11\/42a90e9d1d8585ca2f91734b5e91b2de-l.jpg-1024x681.webp 1024w, https:\/\/www.atelierdocaractere.pt\/wp-content\/uploads\/2024\/11\/42a90e9d1d8585ca2f91734b5e91b2de-l.jpg-300x200.webp 300w, https:\/\/www.atelierdocaractere.pt\/wp-content\/uploads\/2024\/11\/42a90e9d1d8585ca2f91734b5e91b2de-l.jpg-768x511.webp 768w, https:\/\/www.atelierdocaractere.pt\/wp-content\/uploads\/2024\/11\/42a90e9d1d8585ca2f91734b5e91b2de-l.jpg-1536x1022.webp 1536w, https:\/\/www.atelierdocaractere.pt\/wp-content\/uploads\/2024\/11\/42a90e9d1d8585ca2f91734b5e91b2de-l.jpg-900x600.webp 900w, https:\/\/www.atelierdocaractere.pt\/wp-content\/uploads\/2024\/11\/42a90e9d1d8585ca2f91734b5e91b2de-l.jpg-675x450.webp 675w, https:\/\/www.atelierdocaractere.pt\/wp-content\/uploads\/2024\/11\/42a90e9d1d8585ca2f91734b5e91b2de-l.jpg.webp 2000w\" sizes=\"(max-width: 1024px) 100vw, 1024px\" \/><\/figure>\n\n\n\n<p>A partir da Aldeia Hist\u00f3rica de Castelo Novo, ou das esta\u00e7\u00f5es ferrovi\u00e1rias de Castelo Novo, Alpedrinha e Fund\u00e3o, uma frota constitu\u00edda pelos modelos Renault Megane E-Tech 100% el\u00e9trico, Renault Twingo E-Tech 100% el\u00e9trico e Renault Kangoo E-Tech 100% el\u00e9trico est\u00e1 dispon\u00edvel, sem qualquer custo associado, para turistas, residentes e profissionais. Designado por \u201cMobilidade Urbana Sustent\u00e1vel\u201d, o projeto tem promovido uma mobilidade mais verde e acess\u00edvel, com o objetivo de fomentar um turismo mais sustent\u00e1vel e reduzir a pegada ecol\u00f3gica dos habitantes, visitantes e empresas.<\/p>\n\n\n\n<p>Esta iniciativa, que resulta de uma parceria entre a Renault Portugal, a Aldeias Hist\u00f3ricas de Portugal &#8211; Associa\u00e7\u00e3o de Desenvolvimento Tur\u00edstico (AHP-ADT) e o Munic\u00edpio do Fund\u00e3o, foi agora reconhecida como uma das tr\u00eas melhores do mundo, na categoria \u201cBetter World for Sustainability, Conservation and Cultural Preservation\u201d, dos prestigiados BGTW International Tourism Awards 2024.&nbsp;Um projeto exemplo do que s\u00e3o as melhores pr\u00e1ticas em sustentabilidade e inclus\u00e3o, perfeitamente alinhado com as tend\u00eancias globais de prote\u00e7\u00e3o ambiental e desenvolvimento de comunidades locais.<\/p>\n\n\n\n<p>Gra\u00e7as \u00e0 Renault, o territ\u00f3rio das Aldeias Hist\u00f3ricas de Portugal \u00e9 pioneiro ao combinar patrim\u00f3nio cultural, turismo e tecnologia de mobilidade el\u00e9trica, para oferecer uma experi\u00eancia \u00fanica que beneficia tanto os visitantes como as popula\u00e7\u00f5es locais. As reservas \u2013 gratuitas! \u2013 dos autom\u00f3veis 100% el\u00e9tricos da Renault devem ser feitas atrav\u00e9s do seguinte link:&nbsp;<a href=\"https:\/\/www.plataformaaldeiashistoricas.com\/mobility\/renault-mobilidade?language=pt\">https:\/\/www.plataformaaldeiashistoricas.com\/mobility\/renault-mobilidade?language=pt<\/a><\/p>\n\n\n\n<p>Os BGTW International Tourism Awards s\u00e3o promovidos pela Associa\u00e7\u00e3o Brit\u00e2nica de Escritores de Viagens, em parceria com o departamento de turismo das Ilhas Caim\u00e3o.<\/p>\n","protected":false},"excerpt":{"rendered":"<p>Desenvolvido em parceria com a Renault Portugal, o projeto \u201cMobilidade Urbana Sustent\u00e1vel\u201d foi nomeado um dos tr\u00eas melhores, a n\u00edvel&#8230;<\/p>\n","protected":false},"author":7,"featured_media":13432,"comment_status":"closed","ping_status":"open","sticky":false,"template":"","format":"standard","meta":[],"categories":[22],"tags":[819,371,561,763,87],"yoast_head":"<!-- This site is optimized with the Yoast SEO plugin v20.12 - https:\/\/yoast.com\/wordpress\/plugins\/seo\/ -->\n<title>Projeto da Renault Portugal nas Aldeias Hist\u00f3ricas de Portugal entre os tr\u00eas melhores do mundo nos pr\u00e9mios da Associa\u00e7\u00e3o Brit\u00e2nica de Escritores de Viagem - Atelier do Caractere<\/title>\n<meta name=\"robots\" content=\"index, follow, max-snippet:-1, max-image-preview:large, max-video-preview:-1\" \/>\n<link rel=\"canonical\" href=\"https:\/\/www.atelierdocaractere.pt\/brevemente\/projeto-da-renault-portugal-nas-aldeias-historicas-de-portugal-entre-os-tres-melhores-do-mundo-nos-premios-da-associacao-britanica-de-escritores-de-viagem\/\" \/>\n<meta property=\"og:locale\" content=\"pt_PT\" \/>\n<meta property=\"og:type\" content=\"article\" \/>\n<meta property=\"og:title\" content=\"Projeto da Renault Portugal nas Aldeias Hist\u00f3ricas de Portugal entre os tr\u00eas melhores do mundo nos pr\u00e9mios da Associa\u00e7\u00e3o Brit\u00e2nica de Escritores de Viagem - Atelier do Caractere\" \/>\n<meta property=\"og:description\" content=\"Desenvolvido em parceria com a Renault Portugal, o projeto \u201cMobilidade Urbana Sustent\u00e1vel\u201d foi nomeado um dos tr\u00eas melhores, a n\u00edvel...\" \/>\n<meta property=\"og:url\" content=\"https:\/\/www.atelierdocaractere.pt\/brevemente\/projeto-da-renault-portugal-nas-aldeias-historicas-de-portugal-entre-os-tres-melhores-do-mundo-nos-premios-da-associacao-britanica-de-escritores-de-viagem\/\" \/>\n<meta property=\"og:site_name\" content=\"Atelier do Caractere\" \/>\n<meta property=\"article:publisher\" content=\"https:\/\/www.facebook.com\/AtelierdoCaractere\" \/>\n<meta property=\"article:published_time\" content=\"2024-11-18T14:43:33+00:00\" \/>\n<meta property=\"article:modified_time\" content=\"2024-11-18T14:43:40+00:00\" \/>\n<meta property=\"og:image\" content=\"https:\/\/www.atelierdocaractere.pt\/wp-content\/uploads\/2024\/11\/42a90e9d1d8585ca2f91734b5e91b2de-l.jpg.webp\" \/>\n\t<meta property=\"og:image:width\" content=\"2000\" \/>\n\t<meta property=\"og:image:height\" content=\"1331\" \/>\n\t<meta property=\"og:image:type\" content=\"image\/webp\" \/>\n<meta name=\"author\" content=\"Joana Barbosa\" \/>\n<meta name=\"twitter:card\" content=\"summary_large_image\" \/>\n<meta name=\"twitter:label1\" content=\"Escrito por\" \/>\n\t<meta name=\"twitter:data1\" content=\"Joana Barbosa\" \/>\n\t<meta name=\"twitter:label2\" content=\"Tempo estimado de leitura\" \/>\n\t<meta name=\"twitter:data2\" content=\"2 minutos\" \/>\n<script type=\"application\/ld+json\" class=\"yoast-schema-graph\">{\"@context\":\"https:\/\/schema.org\",\"@graph\":[{\"@type\":\"WebPage\",\"@id\":\"https:\/\/www.atelierdocaractere.pt\/brevemente\/projeto-da-renault-portugal-nas-aldeias-historicas-de-portugal-entre-os-tres-melhores-do-mundo-nos-premios-da-associacao-britanica-de-escritores-de-viagem\/\",\"url\":\"https:\/\/www.atelierdocaractere.pt\/brevemente\/projeto-da-renault-portugal-nas-aldeias-historicas-de-portugal-entre-os-tres-melhores-do-mundo-nos-premios-da-associacao-britanica-de-escritores-de-viagem\/\",\"name\":\"Projeto da Renault Portugal nas Aldeias Hist\u00f3ricas de Portugal entre os tr\u00eas melhores do mundo nos pr\u00e9mios da Associa\u00e7\u00e3o Brit\u00e2nica de Escritores de Viagem - Atelier do Caractere\",\"isPartOf\":{\"@id\":\"https:\/\/www.atelierdocaractere.pt\/brevemente\/#website\"},\"datePublished\":\"2024-11-18T14:43:33+00:00\",\"dateModified\":\"2024-11-18T14:43:40+00:00\",\"author\":{\"@id\":\"https:\/\/www.atelierdocaractere.pt\/brevemente\/#\/schema\/person\/f2f096eb0f27d9894725af22cb97c0db\"},\"breadcrumb\":{\"@id\":\"https:\/\/www.atelierdocaractere.pt\/brevemente\/projeto-da-renault-portugal-nas-aldeias-historicas-de-portugal-entre-os-tres-melhores-do-mundo-nos-premios-da-associacao-britanica-de-escritores-de-viagem\/#breadcrumb\"},\"inLanguage\":\"pt-PT\",\"potentialAction\":[{\"@type\":\"ReadAction\",\"target\":[\"https:\/\/www.atelierdocaractere.pt\/brevemente\/projeto-da-renault-portugal-nas-aldeias-historicas-de-portugal-entre-os-tres-melhores-do-mundo-nos-premios-da-associacao-britanica-de-escritores-de-viagem\/\"]}]},{\"@type\":\"BreadcrumbList\",\"@id\":\"https:\/\/www.atelierdocaractere.pt\/brevemente\/projeto-da-renault-portugal-nas-aldeias-historicas-de-portugal-entre-os-tres-melhores-do-mundo-nos-premios-da-associacao-britanica-de-escritores-de-viagem\/#breadcrumb\",\"itemListElement\":[{\"@type\":\"ListItem\",\"position\":1,\"name\":\"In\u00edcio\",\"item\":\"https:\/\/www.atelierdocaractere.pt\/brevemente\/\"},{\"@type\":\"ListItem\",\"position\":2,\"name\":\"Projeto da Renault Portugal nas Aldeias Hist\u00f3ricas de Portugal entre os tr\u00eas melhores do mundo nos pr\u00e9mios da Associa\u00e7\u00e3o Brit\u00e2nica de Escritores de Viagem\"}]},{\"@type\":\"WebSite\",\"@id\":\"https:\/\/www.atelierdocaractere.pt\/brevemente\/#website\",\"url\":\"https:\/\/www.atelierdocaractere.pt\/brevemente\/\",\"name\":\"Atelier do Caractere\",\"description\":\"\",\"potentialAction\":[{\"@type\":\"SearchAction\",\"target\":{\"@type\":\"EntryPoint\",\"urlTemplate\":\"https:\/\/www.atelierdocaractere.pt\/brevemente\/?s={search_term_string}\"},\"query-input\":\"required name=search_term_string\"}],\"inLanguage\":\"pt-PT\"},{\"@type\":\"Person\",\"@id\":\"https:\/\/www.atelierdocaractere.pt\/brevemente\/#\/schema\/person\/f2f096eb0f27d9894725af22cb97c0db\",\"name\":\"Joana Barbosa\",\"image\":{\"@type\":\"ImageObject\",\"inLanguage\":\"pt-PT\",\"@id\":\"https:\/\/www.atelierdocaractere.pt\/brevemente\/#\/schema\/person\/image\/\",\"url\":\"https:\/\/secure.gravatar.com\/avatar\/33e8214b45e9d68a3a83008731075979?s=96&d=mm&r=g\",\"contentUrl\":\"https:\/\/secure.gravatar.com\/avatar\/33e8214b45e9d68a3a83008731075979?s=96&d=mm&r=g\",\"caption\":\"Joana Barbosa\"},\"url\":\"https:\/\/www.atelierdocaractere.pt\/brevemente\/author\/joanabarbosa\/\"}]}<\/script>\n<!-- \/ Yoast SEO plugin. -->","yoast_head_json":{"title":"Projeto da Renault Portugal nas Aldeias Hist\u00f3ricas de Portugal entre os tr\u00eas melhores do mundo nos pr\u00e9mios da Associa\u00e7\u00e3o Brit\u00e2nica de Escritores de Viagem - Atelier do Caractere","robots":{"index":"index","follow":"follow","max-snippet":"max-snippet:-1","max-image-preview":"max-image-preview:large","max-video-preview":"max-video-preview:-1"},"canonical":"https:\/\/www.atelierdocaractere.pt\/brevemente\/projeto-da-renault-portugal-nas-aldeias-historicas-de-portugal-entre-os-tres-melhores-do-mundo-nos-premios-da-associacao-britanica-de-escritores-de-viagem\/","og_locale":"pt_PT","og_type":"article","og_title":"Projeto da Renault Portugal nas Aldeias Hist\u00f3ricas de Portugal entre os tr\u00eas melhores do mundo nos pr\u00e9mios da Associa\u00e7\u00e3o Brit\u00e2nica de Escritores de Viagem - Atelier do Caractere","og_description":"Desenvolvido em parceria com a Renault Portugal, o projeto \u201cMobilidade Urbana Sustent\u00e1vel\u201d foi nomeado um dos tr\u00eas melhores, a n\u00edvel...","og_url":"https:\/\/www.atelierdocaractere.pt\/brevemente\/projeto-da-renault-portugal-nas-aldeias-historicas-de-portugal-entre-os-tres-melhores-do-mundo-nos-premios-da-associacao-britanica-de-escritores-de-viagem\/","og_site_name":"Atelier do Caractere","article_publisher":"https:\/\/www.facebook.com\/AtelierdoCaractere","article_published_time":"2024-11-18T14:43:33+00:00","article_modified_time":"2024-11-18T14:43:40+00:00","og_image":[{"width":2000,"height":1331,"url":"https:\/\/www.atelierdocaractere.pt\/wp-content\/uploads\/2024\/11\/42a90e9d1d8585ca2f91734b5e91b2de-l.jpg.webp","type":"image\/webp"}],"author":"Joana Barbosa","twitter_card":"summary_large_image","twitter_misc":{"Escrito por":"Joana Barbosa","Tempo estimado de leitura":"2 minutos"},"schema":{"@context":"https:\/\/schema.org","@graph":[{"@type":"WebPage","@id":"https:\/\/www.atelierdocaractere.pt\/brevemente\/projeto-da-renault-portugal-nas-aldeias-historicas-de-portugal-entre-os-tres-melhores-do-mundo-nos-premios-da-associacao-britanica-de-escritores-de-viagem\/","url":"https:\/\/www.atelierdocaractere.pt\/brevemente\/projeto-da-renault-portugal-nas-aldeias-historicas-de-portugal-entre-os-tres-melhores-do-mundo-nos-premios-da-associacao-britanica-de-escritores-de-viagem\/","name":"Projeto da Renault Portugal nas Aldeias Hist\u00f3ricas de Portugal entre os tr\u00eas melhores do mundo nos pr\u00e9mios da Associa\u00e7\u00e3o Brit\u00e2nica de Escritores de Viagem - Atelier do Caractere","isPartOf":{"@id":"https:\/\/www.atelierdocaractere.pt\/brevemente\/#website"},"datePublished":"2024-11-18T14:43:33+00:00","dateModified":"2024-11-18T14:43:40+00:00","author":{"@id":"https:\/\/www.atelierdocaractere.pt\/brevemente\/#\/schema\/person\/f2f096eb0f27d9894725af22cb97c0db"},"breadcrumb":{"@id":"https:\/\/www.atelierdocaractere.pt\/brevemente\/projeto-da-renault-portugal-nas-aldeias-historicas-de-portugal-entre-os-tres-melhores-do-mundo-nos-premios-da-associacao-britanica-de-escritores-de-viagem\/#breadcrumb"},"inLanguage":"pt-PT","potentialAction":[{"@type":"ReadAction","target":["https:\/\/www.atelierdocaractere.pt\/brevemente\/projeto-da-renault-portugal-nas-aldeias-historicas-de-portugal-entre-os-tres-melhores-do-mundo-nos-premios-da-associacao-britanica-de-escritores-de-viagem\/"]}]},{"@type":"BreadcrumbList","@id":"https:\/\/www.atelierdocaractere.pt\/brevemente\/projeto-da-renault-portugal-nas-aldeias-historicas-de-portugal-entre-os-tres-melhores-do-mundo-nos-premios-da-associacao-britanica-de-escritores-de-viagem\/#breadcrumb","itemListElement":[{"@type":"ListItem","position":1,"name":"In\u00edcio","item":"https:\/\/www.atelierdocaractere.pt\/brevemente\/"},{"@type":"ListItem","position":2,"name":"Projeto da Renault Portugal nas Aldeias Hist\u00f3ricas de Portugal entre os tr\u00eas melhores do mundo nos pr\u00e9mios da Associa\u00e7\u00e3o Brit\u00e2nica de Escritores de Viagem"}]},{"@type":"WebSite","@id":"https:\/\/www.atelierdocaractere.pt\/brevemente\/#website","url":"https:\/\/www.atelierdocaractere.pt\/brevemente\/","name":"Atelier do Caractere","description":"","potentialAction":[{"@type":"SearchAction","target":{"@type":"EntryPoint","urlTemplate":"https:\/\/www.atelierdocaractere.pt\/brevemente\/?s={search_term_string}"},"query-input":"required name=search_term_string"}],"inLanguage":"pt-PT"},{"@type":"Person","@id":"https:\/\/www.atelierdocaractere.pt\/brevemente\/#\/schema\/person\/f2f096eb0f27d9894725af22cb97c0db","name":"Joana Barbosa","image":{"@type":"ImageObject","inLanguage":"pt-PT","@id":"https:\/\/www.atelierdocaractere.pt\/brevemente\/#\/schema\/person\/image\/","url":"https:\/\/secure.gravatar.com\/avatar\/33e8214b45e9d68a3a83008731075979?s=96&d=mm&r=g","contentUrl":"https:\/\/secure.gravatar.com\/avatar\/33e8214b45e9d68a3a83008731075979?s=96&d=mm&r=g","caption":"Joana Barbosa"},"url":"https:\/\/www.atelierdocaractere.pt\/brevemente\/author\/joanabarbosa\/"}]}},"_links":{"self":[{"href":"https:\/\/www.atelierdocaractere.pt\/brevemente\/wp-json\/wp\/v2\/posts\/13431"}],"collection":[{"href":"https:\/\/www.atelierdocaractere.pt\/brevemente\/wp-json\/wp\/v2\/posts"}],"about":[{"href":"https:\/\/www.atelierdocaractere.pt\/brevemente\/wp-json\/wp\/v2\/types\/post"}],"author":[{"embeddable":true,"href":"https:\/\/www.atelierdocaractere.pt\/brevemente\/wp-json\/wp\/v2\/users\/7"}],"replies":[{"embeddable":true,"href":"https:\/\/www.atelierdocaractere.pt\/brevemente\/wp-json\/wp\/v2\/comments?post=13431"}],"version-history":[{"count":1,"href":"https:\/\/www.atelierdocaractere.pt\/brevemente\/wp-json\/wp\/v2\/posts\/13431\/revisions"}],"predecessor-version":[{"id":13433,"href":"https:\/\/www.atelierdocaractere.pt\/brevemente\/wp-json\/wp\/v2\/posts\/13431\/revisions\/13433"}],"wp:featuredmedia":[{"embeddable":true,"href":"https:\/\/www.atelierdocaractere.pt\/brevemente\/wp-json\/wp\/v2\/media\/13432"}],"wp:attachment":[{"href":"https:\/\/www.atelierdocaractere.pt\/brevemente\/wp-json\/wp\/v2\/media?parent=13431"}],"wp:term":[{"taxonomy":"category","embeddable":true,"href":"https:\/\/www.atelierdocaractere.pt\/brevemente\/wp-json\/wp\/v2\/categories?post=13431"},{"taxonomy":"post_tag","embeddable":true,"href":"https:\/\/www.atelierdocaractere.pt\/brevemente\/wp-json\/wp\/v2\/tags?post=13431"}],"curies":[{"name":"wp","href":"https:\/\/api.w.org\/{rel}","templated":true}]}}