{"id":13436,"date":"2024-11-21T10:34:17","date_gmt":"2024-11-21T10:34:17","guid":{"rendered":"https:\/\/www.atelierdocaractere.pt\/brevemente\/?p=13436"},"modified":"2024-11-22T10:37:54","modified_gmt":"2024-11-22T10:37:54","slug":"jornadas-internacionais-debatem-a-importancia-das-memorias-no-turismo","status":"publish","type":"post","link":"https:\/\/www.atelierdocaractere.pt\/brevemente\/jornadas-internacionais-debatem-a-importancia-das-memorias-no-turismo\/","title":{"rendered":"Jornadas Internacionais debatem a import\u00e2ncia das mem\u00f3rias no Turismo"},"content":{"rendered":"\n<p><strong>9.\u00aa edi\u00e7\u00e3o do evento decorre entre hoje e amanh\u00e3 em \u00c1gueda.<\/strong><\/p>\n\n\n\n<figure class=\"wp-block-image size-large\"><img decoding=\"async\" width=\"1024\" height=\"658\" src=\"https:\/\/www.atelierdocaractere.pt\/wp-content\/uploads\/2024\/11\/agueda-4-1024x658.jpg\" alt=\"\" class=\"wp-image-13437\" srcset=\"https:\/\/www.atelierdocaractere.pt\/wp-content\/uploads\/2024\/11\/agueda-4-1024x658.jpg 1024w, https:\/\/www.atelierdocaractere.pt\/wp-content\/uploads\/2024\/11\/agueda-4-300x193.jpg 300w, https:\/\/www.atelierdocaractere.pt\/wp-content\/uploads\/2024\/11\/agueda-4-768x494.jpg 768w, https:\/\/www.atelierdocaractere.pt\/wp-content\/uploads\/2024\/11\/agueda-4-1536x987.jpg 1536w, https:\/\/www.atelierdocaractere.pt\/wp-content\/uploads\/2024\/11\/agueda-4.jpg 1803w\" sizes=\"(max-width: 1024px) 100vw, 1024px\" \/><\/figure>\n\n\n\n<p>A import\u00e2ncia do setor tur\u00edstico para a cria\u00e7\u00e3o de mem\u00f3rias \u00e9 o tema da 9.\u00aa edi\u00e7\u00e3o das&nbsp;<strong>Jornadas Internacionais de Turismo<\/strong>, um evento que decorre at\u00e9 amanh\u00e3, dia 22, no Centro de Artes de \u00c1gueda. Esta iniciativa re\u00fane especialistas nacionais e internacionais, num f\u00f3rum dedicado \u00e0 partilha de projetos e experi\u00eancias que valorizam e promovem os territ\u00f3rios.<\/p>\n\n\n\n<p>A sess\u00e3o de abertura contou com a participa\u00e7\u00e3o de&nbsp;<strong>Jorge Sampaio<\/strong>, vogal da Comiss\u00e3o Executiva da Turismo Centro de Portugal (TCP), e&nbsp;<strong>Jorge Almeida&nbsp;<\/strong>e&nbsp;<strong>Edson Santos<\/strong>, respetivamente presidente e vice-presidente da C\u00e2mara Municipal de \u00c1gueda.&nbsp;<strong>Adriana Rodrigues<\/strong>, diretora da TCP, moderou um dos debates.<\/p>\n\n\n\n<p>Na sua interven\u00e7\u00e3o,&nbsp;<strong>Jorge Sampaio<\/strong>&nbsp;sublinhou a import\u00e2ncia de refletir sobre o papel do turismo na sociedade contempor\u00e2nea.&nbsp;<em>\u201cCada vez \u00e9 mais importante discutirmos o turismo. \u00c9 um setor que est\u00e1 na ordem do dia e \u00e9 importante percebemos a import\u00e2ncia que tem para o pa\u00eds, para a regi\u00e3o e para os munic\u00edpios\u201d<\/em>, destacou, elogiando a escolha do tema desta edi\u00e7\u00e3o:&nbsp;<em>\u201cO turismo \u00e9 hoje a ind\u00fastria das experi\u00eancias, que criam mem\u00f3rias. Mas as mem\u00f3rias assentam na diferencia\u00e7\u00e3o: cada vez mais, temos de ser diferentes e fazer diferente. \u00c1gueda \u00e9 um bom exemplo disso, com os seus guarda-chuvas e o colorido que tem nas ruas. Hoje, \u00c1gueda \u00e9 um destino diferente de todos os outros, com a diversidade que criou\u201d<\/em>.<\/p>\n\n\n\n<p><strong>Jorge Almeida<\/strong>&nbsp;refor\u00e7ou a ideia, explicando como o concelho se reinventou para atrair turistas.&nbsp;<em>\u201c\u00c1gueda \u00e9 um concelho empresarial, que n\u00e3o tinha tradi\u00e7\u00e3o no turismo. Mas o turismo passou a fazer parte do dia a dia de \u00c1gueda e dos aguedenses, com a cria\u00e7\u00e3o do festival Agit&#8217;\u00c1gueda, com os chap\u00e9us coloridos e com o maior Pai Natal do Mundo. Esta capacidade de surpreender a cada ano, tornou \u00c1gueda um destino tur\u00edstico escolhido por muitos. O Natal de \u00c1gueda \u00e9 hoje um fen\u00f3meno, com turismo organizado todos os dias, que atrai imensa gente. \u00c9 um exemplo de que, por vezes, precisamos de nos inventar e reinventar para nos mostrarmos ao mundo\u201d<\/em>, concluiu.&nbsp;<\/p>\n\n\n\n<p>O programa das Jornadas Internacionais de Turismo inclui sete pain\u00e9is de discuss\u00e3o, com temas variados que v\u00e3o desde a Intelig\u00eancia Artificial e a Sustentabilidade, at\u00e9 ao impacto dos grandes eventos.\u00a0<strong>Adriana Rodrigues<\/strong>, diretora do N\u00facleo de Comunica\u00e7\u00e3o, Imagem e Rela\u00e7\u00f5es P\u00fablicas da TCP, moderou o painel inaugural, intitulado\u00a0<strong>\u201cNa Linha das Grandes Viagens!\u201d<\/strong>, que explorou o potencial das grandes viagens de comboio. Este painel contou com a participa\u00e7\u00e3o de David Costa, das Pousadas da Juventude, Carlos Machado, da CP \u2013 Comboios de Portugal, e Paulo Rodrigues, da IP Patrim\u00f3nio, que partilharam ideias e experi\u00eancias sobre a valoriza\u00e7\u00e3o de viagens ferrovi\u00e1rias como produtos tur\u00edsticos.<\/p>\n\n\n\n<p><strong>Sobre a Turismo Centro de Portugal:<\/strong><\/p>\n\n\n\n<p>A Turismo Centro de Portugal \u00e9 a entidade que estrutura e promove o turismo na Regi\u00e3o Centro do pa\u00eds. Esta \u00e9 a maior e mais diversificada \u00e1rea tur\u00edstica nacional, abrangendo 100 munic\u00edpios, e tem registado um intenso crescimento da procura interna e externa. \u00c9 a regi\u00e3o a escolher para quem pretende experi\u00eancias diversificadas, pois concilia locais Patrim\u00f3nio da Humanidade com a melhor costa de surf da Europa, termas e spas id\u00edlicos, locais de culto de import\u00e2ncia mundial e as mais belas aldeias.<\/p>\n","protected":false},"excerpt":{"rendered":"<p>9.\u00aa edi\u00e7\u00e3o do evento decorre entre hoje e amanh\u00e3 em \u00c1gueda. A import\u00e2ncia do setor tur\u00edstico para a cria\u00e7\u00e3o de&#8230;<\/p>\n","protected":false},"author":7,"featured_media":13437,"comment_status":"closed","ping_status":"open","sticky":false,"template":"","format":"standard","meta":[],"categories":[39],"tags":[349,346,345],"yoast_head":"<!-- This site is optimized with the Yoast SEO plugin v20.12 - https:\/\/yoast.com\/wordpress\/plugins\/seo\/ -->\n<title>Jornadas Internacionais debatem a import\u00e2ncia das mem\u00f3rias no Turismo - Atelier do Caractere<\/title>\n<meta name=\"robots\" content=\"index, follow, max-snippet:-1, max-image-preview:large, max-video-preview:-1\" \/>\n<link rel=\"canonical\" href=\"https:\/\/www.atelierdocaractere.pt\/brevemente\/jornadas-internacionais-debatem-a-importancia-das-memorias-no-turismo\/\" \/>\n<meta property=\"og:locale\" content=\"pt_PT\" \/>\n<meta property=\"og:type\" content=\"article\" \/>\n<meta property=\"og:title\" content=\"Jornadas Internacionais debatem a import\u00e2ncia das mem\u00f3rias no Turismo - Atelier do Caractere\" \/>\n<meta property=\"og:description\" content=\"9.\u00aa edi\u00e7\u00e3o do evento decorre entre hoje e amanh\u00e3 em \u00c1gueda. A import\u00e2ncia do setor tur\u00edstico para a cria\u00e7\u00e3o de...\" \/>\n<meta property=\"og:url\" content=\"https:\/\/www.atelierdocaractere.pt\/brevemente\/jornadas-internacionais-debatem-a-importancia-das-memorias-no-turismo\/\" \/>\n<meta property=\"og:site_name\" content=\"Atelier do Caractere\" \/>\n<meta property=\"article:publisher\" content=\"https:\/\/www.facebook.com\/AtelierdoCaractere\" \/>\n<meta property=\"article:published_time\" content=\"2024-11-21T10:34:17+00:00\" \/>\n<meta property=\"article:modified_time\" content=\"2024-11-22T10:37:54+00:00\" \/>\n<meta property=\"og:image\" content=\"https:\/\/www.atelierdocaractere.pt\/wp-content\/uploads\/2024\/11\/agueda-4.jpg\" \/>\n\t<meta property=\"og:image:width\" content=\"1803\" \/>\n\t<meta property=\"og:image:height\" content=\"1159\" \/>\n\t<meta property=\"og:image:type\" content=\"image\/jpeg\" \/>\n<meta name=\"author\" content=\"Joana Barbosa\" \/>\n<meta name=\"twitter:card\" content=\"summary_large_image\" \/>\n<meta name=\"twitter:label1\" content=\"Escrito por\" \/>\n\t<meta name=\"twitter:data1\" content=\"Joana Barbosa\" \/>\n\t<meta name=\"twitter:label2\" content=\"Tempo estimado de leitura\" \/>\n\t<meta name=\"twitter:data2\" content=\"4 minutos\" \/>\n<script type=\"application\/ld+json\" class=\"yoast-schema-graph\">{\"@context\":\"https:\/\/schema.org\",\"@graph\":[{\"@type\":\"WebPage\",\"@id\":\"https:\/\/www.atelierdocaractere.pt\/brevemente\/jornadas-internacionais-debatem-a-importancia-das-memorias-no-turismo\/\",\"url\":\"https:\/\/www.atelierdocaractere.pt\/brevemente\/jornadas-internacionais-debatem-a-importancia-das-memorias-no-turismo\/\",\"name\":\"Jornadas Internacionais debatem a import\u00e2ncia das mem\u00f3rias no Turismo - Atelier do Caractere\",\"isPartOf\":{\"@id\":\"https:\/\/www.atelierdocaractere.pt\/brevemente\/#website\"},\"datePublished\":\"2024-11-21T10:34:17+00:00\",\"dateModified\":\"2024-11-22T10:37:54+00:00\",\"author\":{\"@id\":\"https:\/\/www.atelierdocaractere.pt\/brevemente\/#\/schema\/person\/f2f096eb0f27d9894725af22cb97c0db\"},\"breadcrumb\":{\"@id\":\"https:\/\/www.atelierdocaractere.pt\/brevemente\/jornadas-internacionais-debatem-a-importancia-das-memorias-no-turismo\/#breadcrumb\"},\"inLanguage\":\"pt-PT\",\"potentialAction\":[{\"@type\":\"ReadAction\",\"target\":[\"https:\/\/www.atelierdocaractere.pt\/brevemente\/jornadas-internacionais-debatem-a-importancia-das-memorias-no-turismo\/\"]}]},{\"@type\":\"BreadcrumbList\",\"@id\":\"https:\/\/www.atelierdocaractere.pt\/brevemente\/jornadas-internacionais-debatem-a-importancia-das-memorias-no-turismo\/#breadcrumb\",\"itemListElement\":[{\"@type\":\"ListItem\",\"position\":1,\"name\":\"In\u00edcio\",\"item\":\"https:\/\/www.atelierdocaractere.pt\/brevemente\/\"},{\"@type\":\"ListItem\",\"position\":2,\"name\":\"Jornadas Internacionais debatem a import\u00e2ncia das mem\u00f3rias no Turismo\"}]},{\"@type\":\"WebSite\",\"@id\":\"https:\/\/www.atelierdocaractere.pt\/brevemente\/#website\",\"url\":\"https:\/\/www.atelierdocaractere.pt\/brevemente\/\",\"name\":\"Atelier do Caractere\",\"description\":\"\",\"potentialAction\":[{\"@type\":\"SearchAction\",\"target\":{\"@type\":\"EntryPoint\",\"urlTemplate\":\"https:\/\/www.atelierdocaractere.pt\/brevemente\/?s={search_term_string}\"},\"query-input\":\"required name=search_term_string\"}],\"inLanguage\":\"pt-PT\"},{\"@type\":\"Person\",\"@id\":\"https:\/\/www.atelierdocaractere.pt\/brevemente\/#\/schema\/person\/f2f096eb0f27d9894725af22cb97c0db\",\"name\":\"Joana Barbosa\",\"image\":{\"@type\":\"ImageObject\",\"inLanguage\":\"pt-PT\",\"@id\":\"https:\/\/www.atelierdocaractere.pt\/brevemente\/#\/schema\/person\/image\/\",\"url\":\"https:\/\/secure.gravatar.com\/avatar\/33e8214b45e9d68a3a83008731075979?s=96&d=mm&r=g\",\"contentUrl\":\"https:\/\/secure.gravatar.com\/avatar\/33e8214b45e9d68a3a83008731075979?s=96&d=mm&r=g\",\"caption\":\"Joana Barbosa\"},\"url\":\"https:\/\/www.atelierdocaractere.pt\/brevemente\/author\/joanabarbosa\/\"}]}<\/script>\n<!-- \/ Yoast SEO plugin. -->","yoast_head_json":{"title":"Jornadas Internacionais debatem a import\u00e2ncia das mem\u00f3rias no Turismo - Atelier do Caractere","robots":{"index":"index","follow":"follow","max-snippet":"max-snippet:-1","max-image-preview":"max-image-preview:large","max-video-preview":"max-video-preview:-1"},"canonical":"https:\/\/www.atelierdocaractere.pt\/brevemente\/jornadas-internacionais-debatem-a-importancia-das-memorias-no-turismo\/","og_locale":"pt_PT","og_type":"article","og_title":"Jornadas Internacionais debatem a import\u00e2ncia das mem\u00f3rias no Turismo - Atelier do Caractere","og_description":"9.\u00aa edi\u00e7\u00e3o do evento decorre entre hoje e amanh\u00e3 em \u00c1gueda. A import\u00e2ncia do setor tur\u00edstico para a cria\u00e7\u00e3o de...","og_url":"https:\/\/www.atelierdocaractere.pt\/brevemente\/jornadas-internacionais-debatem-a-importancia-das-memorias-no-turismo\/","og_site_name":"Atelier do Caractere","article_publisher":"https:\/\/www.facebook.com\/AtelierdoCaractere","article_published_time":"2024-11-21T10:34:17+00:00","article_modified_time":"2024-11-22T10:37:54+00:00","og_image":[{"width":1803,"height":1159,"url":"https:\/\/www.atelierdocaractere.pt\/wp-content\/uploads\/2024\/11\/agueda-4.jpg","type":"image\/jpeg"}],"author":"Joana Barbosa","twitter_card":"summary_large_image","twitter_misc":{"Escrito por":"Joana Barbosa","Tempo estimado de leitura":"4 minutos"},"schema":{"@context":"https:\/\/schema.org","@graph":[{"@type":"WebPage","@id":"https:\/\/www.atelierdocaractere.pt\/brevemente\/jornadas-internacionais-debatem-a-importancia-das-memorias-no-turismo\/","url":"https:\/\/www.atelierdocaractere.pt\/brevemente\/jornadas-internacionais-debatem-a-importancia-das-memorias-no-turismo\/","name":"Jornadas Internacionais debatem a import\u00e2ncia das mem\u00f3rias no Turismo - Atelier do Caractere","isPartOf":{"@id":"https:\/\/www.atelierdocaractere.pt\/brevemente\/#website"},"datePublished":"2024-11-21T10:34:17+00:00","dateModified":"2024-11-22T10:37:54+00:00","author":{"@id":"https:\/\/www.atelierdocaractere.pt\/brevemente\/#\/schema\/person\/f2f096eb0f27d9894725af22cb97c0db"},"breadcrumb":{"@id":"https:\/\/www.atelierdocaractere.pt\/brevemente\/jornadas-internacionais-debatem-a-importancia-das-memorias-no-turismo\/#breadcrumb"},"inLanguage":"pt-PT","potentialAction":[{"@type":"ReadAction","target":["https:\/\/www.atelierdocaractere.pt\/brevemente\/jornadas-internacionais-debatem-a-importancia-das-memorias-no-turismo\/"]}]},{"@type":"BreadcrumbList","@id":"https:\/\/www.atelierdocaractere.pt\/brevemente\/jornadas-internacionais-debatem-a-importancia-das-memorias-no-turismo\/#breadcrumb","itemListElement":[{"@type":"ListItem","position":1,"name":"In\u00edcio","item":"https:\/\/www.atelierdocaractere.pt\/brevemente\/"},{"@type":"ListItem","position":2,"name":"Jornadas Internacionais debatem a import\u00e2ncia das mem\u00f3rias no Turismo"}]},{"@type":"WebSite","@id":"https:\/\/www.atelierdocaractere.pt\/brevemente\/#website","url":"https:\/\/www.atelierdocaractere.pt\/brevemente\/","name":"Atelier do Caractere","description":"","potentialAction":[{"@type":"SearchAction","target":{"@type":"EntryPoint","urlTemplate":"https:\/\/www.atelierdocaractere.pt\/brevemente\/?s={search_term_string}"},"query-input":"required name=search_term_string"}],"inLanguage":"pt-PT"},{"@type":"Person","@id":"https:\/\/www.atelierdocaractere.pt\/brevemente\/#\/schema\/person\/f2f096eb0f27d9894725af22cb97c0db","name":"Joana Barbosa","image":{"@type":"ImageObject","inLanguage":"pt-PT","@id":"https:\/\/www.atelierdocaractere.pt\/brevemente\/#\/schema\/person\/image\/","url":"https:\/\/secure.gravatar.com\/avatar\/33e8214b45e9d68a3a83008731075979?s=96&d=mm&r=g","contentUrl":"https:\/\/secure.gravatar.com\/avatar\/33e8214b45e9d68a3a83008731075979?s=96&d=mm&r=g","caption":"Joana Barbosa"},"url":"https:\/\/www.atelierdocaractere.pt\/brevemente\/author\/joanabarbosa\/"}]}},"_links":{"self":[{"href":"https:\/\/www.atelierdocaractere.pt\/brevemente\/wp-json\/wp\/v2\/posts\/13436"}],"collection":[{"href":"https:\/\/www.atelierdocaractere.pt\/brevemente\/wp-json\/wp\/v2\/posts"}],"about":[{"href":"https:\/\/www.atelierdocaractere.pt\/brevemente\/wp-json\/wp\/v2\/types\/post"}],"author":[{"embeddable":true,"href":"https:\/\/www.atelierdocaractere.pt\/brevemente\/wp-json\/wp\/v2\/users\/7"}],"replies":[{"embeddable":true,"href":"https:\/\/www.atelierdocaractere.pt\/brevemente\/wp-json\/wp\/v2\/comments?post=13436"}],"version-history":[{"count":1,"href":"https:\/\/www.atelierdocaractere.pt\/brevemente\/wp-json\/wp\/v2\/posts\/13436\/revisions"}],"predecessor-version":[{"id":13438,"href":"https:\/\/www.atelierdocaractere.pt\/brevemente\/wp-json\/wp\/v2\/posts\/13436\/revisions\/13438"}],"wp:featuredmedia":[{"embeddable":true,"href":"https:\/\/www.atelierdocaractere.pt\/brevemente\/wp-json\/wp\/v2\/media\/13437"}],"wp:attachment":[{"href":"https:\/\/www.atelierdocaractere.pt\/brevemente\/wp-json\/wp\/v2\/media?parent=13436"}],"wp:term":[{"taxonomy":"category","embeddable":true,"href":"https:\/\/www.atelierdocaractere.pt\/brevemente\/wp-json\/wp\/v2\/categories?post=13436"},{"taxonomy":"post_tag","embeddable":true,"href":"https:\/\/www.atelierdocaractere.pt\/brevemente\/wp-json\/wp\/v2\/tags?post=13436"}],"curies":[{"name":"wp","href":"https:\/\/api.w.org\/{rel}","templated":true}]}}