{"id":13439,"date":"2024-11-21T10:38:46","date_gmt":"2024-11-21T10:38:46","guid":{"rendered":"https:\/\/www.atelierdocaractere.pt\/brevemente\/?p=13439"},"modified":"2024-11-22T10:40:59","modified_gmt":"2024-11-22T10:40:59","slug":"filme-promocional-do-centro-de-portugal-vence-primeiro-lugar-em-festival-na-grecia","status":"publish","type":"post","link":"https:\/\/www.atelierdocaractere.pt\/brevemente\/filme-promocional-do-centro-de-portugal-vence-primeiro-lugar-em-festival-na-grecia\/","title":{"rendered":"Filme promocional do Centro de Portugal vence primeiro lugar em festival na Gr\u00e9cia"},"content":{"rendered":"\n<p><strong>\u201cVou S\u00f3 3 Dias\u201d conquista o Gold Award no 15.\u00ba Festival Internacional de Filmes de Turismo de Amorgos. Filme da Nazar\u00e9 tamb\u00e9m foi premiado.<\/strong><\/p>\n\n\n\n<p>O filme promocional&nbsp;<strong>&#8220;Vou S\u00f3 3 Dias&#8221;<\/strong>, da&nbsp;<strong>Turismo Centro de Portugal<\/strong>, continua a somar distin\u00e7\u00f5es internacionais. Desta vez, foi premiado no 15.\u00ba Festival Internacional de Filmes de Turismo de Amorgos, realizado nesta ilha grega. O j\u00fari internacional distinguiu o filme da regi\u00e3o Centro com um \u201cGold Award\u201d, equivalente ao primeiro lugar, na categoria Promo\u00e7\u00e3o Regi\u00f5es.<\/p>\n\n\n\n<p>Esta \u00e9 mais uma conquista para a promo\u00e7\u00e3o da regi\u00e3o&nbsp;<strong>Centro de Portugal<\/strong>, que ajuda a consolidar uma presen\u00e7a forte no panorama internacional de filmes de turismo. O filme ganhador, produzido pela Lobby Films and Advertising, refor\u00e7a a atratividade da regi\u00e3o, apresentada como um destino ideal para descobrir experi\u00eancias \u00fanicas.<\/p>\n\n\n\n<p>Com mais este trof\u00e9u, o &#8220;Vou S\u00f3 3 Dias&#8221; est\u00e1 na corrida para integrar o top 5,&nbsp;na categoria Destinos Regi\u00f5es, dos melhores filmes de turismo do CIFFT, o circuito internacional de festivais de filmes de turismo. Os vencedores do circuito&nbsp;ser\u00e3o conhecidos na gala final, no dia 27 de novembro,&nbsp;em&nbsp;Val\u00eancia, Espanha. O filme est\u00e1 dispon\u00edvel para visualiza\u00e7\u00e3o em&nbsp;<a href=\"https:\/\/turismodocentro.us17.list-manage.com\/track\/click?u=9b14ef0c6c1999e92ddae9fc9&amp;id=1ab8ed6fe7&amp;e=cf2176b759\">https:\/\/www.youtube.com\/watch?v=VWPtIAK20a4<\/a>.<\/p>\n\n\n\n<p>Al\u00e9m desta vit\u00f3ria, outro filme com origem na regi\u00e3o Centro foi igualmente premiado no festival. Trata-se de&nbsp;<strong>\u201cNazar\u00e9 &#8211; Bigger Than Life\u201d<\/strong>&nbsp;(&#8220;Nazar\u00e9 \u2013 Maior do que a Vida&#8221;), do munic\u00edpio da Nazar\u00e9, que conquistou o primeiro lugar na categoria Promo\u00e7\u00e3o Cidades. Este filme est\u00e1 dispon\u00edvel em&nbsp;<a href=\"https:\/\/turismodocentro.us17.list-manage.com\/track\/click?u=9b14ef0c6c1999e92ddae9fc9&amp;id=687c5a7142&amp;e=cf2176b759\">https:\/\/www.youtube.com\/watch?v=WeKsGPdQxAA<\/a>.<\/p>\n\n\n\n<p><em>\u201cEstes pr\u00e9mios s\u00e3o mais um reconhecimento de um trabalho intenso que tem vindo a ser realizado para promover o Centro de Portugal como um destino de excel\u00eancia, tanto pela Turismo Centro de Portugal como pelos seus munic\u00edpios e associa\u00e7\u00f5es&#8221;<\/em>, sublinha\u00a0<strong>Raul Almeida, presidente da Turismo Centro de Portugal<\/strong>.\u00a0<em>&#8220;O filme \u2018Vou S\u00f3 3 Dias\u2019 \u00e9 uma celebra\u00e7\u00e3o das experi\u00eancias incr\u00edveis que a nossa regi\u00e3o tem para oferecer, com paisagens deslumbrantes, uma cultura distintiva e uma gastronomia inigual\u00e1vel. Este triunfo \u00e9 de todos os que acreditam no potencial do Centro de Portugal e contribuem diariamente para mais sucessos\u201d<\/em>, conclui.<\/p>\n\n\n\n<p><strong>Sobre a Turismo Centro de Portugal:<\/strong><\/p>\n\n\n\n<p>A Turismo Centro de Portugal \u00e9 a entidade que estrutura e promove o turismo na Regi\u00e3o Centro do pa\u00eds. Esta \u00e9 a maior e mais diversificada \u00e1rea tur\u00edstica nacional, abrangendo 100 munic\u00edpios, e tem registado um intenso crescimento da procura interna e externa. \u00c9 a regi\u00e3o a escolher para quem pretende experi\u00eancias diversificadas, pois concilia locais Patrim\u00f3nio da Humanidade com a melhor costa de surf da Europa, termas e spas id\u00edlicos, locais de culto de import\u00e2ncia mundial e as mais belas aldeias.<\/p>\n","protected":false},"excerpt":{"rendered":"<p>\u201cVou S\u00f3 3 Dias\u201d conquista o Gold Award no 15.\u00ba Festival Internacional de Filmes de Turismo de Amorgos. Filme da&#8230;<\/p>\n","protected":false},"author":7,"featured_media":13440,"comment_status":"closed","ping_status":"open","sticky":false,"template":"","format":"standard","meta":[],"categories":[39],"tags":[765,349,346,345],"yoast_head":"<!-- This site is optimized with the Yoast SEO plugin v20.12 - https:\/\/yoast.com\/wordpress\/plugins\/seo\/ -->\n<title>Filme promocional do Centro de Portugal vence primeiro lugar em festival na Gr\u00e9cia - Atelier do Caractere<\/title>\n<meta name=\"robots\" content=\"index, follow, max-snippet:-1, max-image-preview:large, max-video-preview:-1\" \/>\n<link rel=\"canonical\" href=\"https:\/\/www.atelierdocaractere.pt\/brevemente\/filme-promocional-do-centro-de-portugal-vence-primeiro-lugar-em-festival-na-grecia\/\" \/>\n<meta property=\"og:locale\" content=\"pt_PT\" \/>\n<meta property=\"og:type\" content=\"article\" \/>\n<meta property=\"og:title\" content=\"Filme promocional do Centro de Portugal vence primeiro lugar em festival na Gr\u00e9cia - Atelier do Caractere\" \/>\n<meta property=\"og:description\" content=\"\u201cVou S\u00f3 3 Dias\u201d conquista o Gold Award no 15.\u00ba Festival Internacional de Filmes de Turismo de Amorgos. Filme da...\" \/>\n<meta property=\"og:url\" content=\"https:\/\/www.atelierdocaractere.pt\/brevemente\/filme-promocional-do-centro-de-portugal-vence-primeiro-lugar-em-festival-na-grecia\/\" \/>\n<meta property=\"og:site_name\" content=\"Atelier do Caractere\" \/>\n<meta property=\"article:publisher\" content=\"https:\/\/www.facebook.com\/AtelierdoCaractere\" \/>\n<meta property=\"article:published_time\" content=\"2024-11-21T10:38:46+00:00\" \/>\n<meta property=\"article:modified_time\" content=\"2024-11-22T10:40:59+00:00\" \/>\n<meta property=\"og:image\" content=\"https:\/\/www.atelierdocaractere.pt\/wp-content\/uploads\/2024\/11\/vou-so-3-dias.jpg\" \/>\n\t<meta property=\"og:image:width\" content=\"821\" \/>\n\t<meta property=\"og:image:height\" content=\"528\" \/>\n\t<meta property=\"og:image:type\" content=\"image\/jpeg\" \/>\n<meta name=\"author\" content=\"Joana Barbosa\" \/>\n<meta name=\"twitter:card\" content=\"summary_large_image\" \/>\n<meta name=\"twitter:label1\" content=\"Escrito por\" \/>\n\t<meta name=\"twitter:data1\" content=\"Joana Barbosa\" \/>\n\t<meta name=\"twitter:label2\" content=\"Tempo estimado de leitura\" \/>\n\t<meta name=\"twitter:data2\" content=\"3 minutos\" \/>\n<script type=\"application\/ld+json\" class=\"yoast-schema-graph\">{\"@context\":\"https:\/\/schema.org\",\"@graph\":[{\"@type\":\"WebPage\",\"@id\":\"https:\/\/www.atelierdocaractere.pt\/brevemente\/filme-promocional-do-centro-de-portugal-vence-primeiro-lugar-em-festival-na-grecia\/\",\"url\":\"https:\/\/www.atelierdocaractere.pt\/brevemente\/filme-promocional-do-centro-de-portugal-vence-primeiro-lugar-em-festival-na-grecia\/\",\"name\":\"Filme promocional do Centro de Portugal vence primeiro lugar em festival na Gr\u00e9cia - Atelier do Caractere\",\"isPartOf\":{\"@id\":\"https:\/\/www.atelierdocaractere.pt\/brevemente\/#website\"},\"datePublished\":\"2024-11-21T10:38:46+00:00\",\"dateModified\":\"2024-11-22T10:40:59+00:00\",\"author\":{\"@id\":\"https:\/\/www.atelierdocaractere.pt\/brevemente\/#\/schema\/person\/f2f096eb0f27d9894725af22cb97c0db\"},\"breadcrumb\":{\"@id\":\"https:\/\/www.atelierdocaractere.pt\/brevemente\/filme-promocional-do-centro-de-portugal-vence-primeiro-lugar-em-festival-na-grecia\/#breadcrumb\"},\"inLanguage\":\"pt-PT\",\"potentialAction\":[{\"@type\":\"ReadAction\",\"target\":[\"https:\/\/www.atelierdocaractere.pt\/brevemente\/filme-promocional-do-centro-de-portugal-vence-primeiro-lugar-em-festival-na-grecia\/\"]}]},{\"@type\":\"BreadcrumbList\",\"@id\":\"https:\/\/www.atelierdocaractere.pt\/brevemente\/filme-promocional-do-centro-de-portugal-vence-primeiro-lugar-em-festival-na-grecia\/#breadcrumb\",\"itemListElement\":[{\"@type\":\"ListItem\",\"position\":1,\"name\":\"In\u00edcio\",\"item\":\"https:\/\/www.atelierdocaractere.pt\/brevemente\/\"},{\"@type\":\"ListItem\",\"position\":2,\"name\":\"Filme promocional do Centro de Portugal vence primeiro lugar em festival na Gr\u00e9cia\"}]},{\"@type\":\"WebSite\",\"@id\":\"https:\/\/www.atelierdocaractere.pt\/brevemente\/#website\",\"url\":\"https:\/\/www.atelierdocaractere.pt\/brevemente\/\",\"name\":\"Atelier do Caractere\",\"description\":\"\",\"potentialAction\":[{\"@type\":\"SearchAction\",\"target\":{\"@type\":\"EntryPoint\",\"urlTemplate\":\"https:\/\/www.atelierdocaractere.pt\/brevemente\/?s={search_term_string}\"},\"query-input\":\"required name=search_term_string\"}],\"inLanguage\":\"pt-PT\"},{\"@type\":\"Person\",\"@id\":\"https:\/\/www.atelierdocaractere.pt\/brevemente\/#\/schema\/person\/f2f096eb0f27d9894725af22cb97c0db\",\"name\":\"Joana Barbosa\",\"image\":{\"@type\":\"ImageObject\",\"inLanguage\":\"pt-PT\",\"@id\":\"https:\/\/www.atelierdocaractere.pt\/brevemente\/#\/schema\/person\/image\/\",\"url\":\"https:\/\/secure.gravatar.com\/avatar\/33e8214b45e9d68a3a83008731075979?s=96&d=mm&r=g\",\"contentUrl\":\"https:\/\/secure.gravatar.com\/avatar\/33e8214b45e9d68a3a83008731075979?s=96&d=mm&r=g\",\"caption\":\"Joana Barbosa\"},\"url\":\"https:\/\/www.atelierdocaractere.pt\/brevemente\/author\/joanabarbosa\/\"}]}<\/script>\n<!-- \/ Yoast SEO plugin. -->","yoast_head_json":{"title":"Filme promocional do Centro de Portugal vence primeiro lugar em festival na Gr\u00e9cia - Atelier do Caractere","robots":{"index":"index","follow":"follow","max-snippet":"max-snippet:-1","max-image-preview":"max-image-preview:large","max-video-preview":"max-video-preview:-1"},"canonical":"https:\/\/www.atelierdocaractere.pt\/brevemente\/filme-promocional-do-centro-de-portugal-vence-primeiro-lugar-em-festival-na-grecia\/","og_locale":"pt_PT","og_type":"article","og_title":"Filme promocional do Centro de Portugal vence primeiro lugar em festival na Gr\u00e9cia - Atelier do Caractere","og_description":"\u201cVou S\u00f3 3 Dias\u201d conquista o Gold Award no 15.\u00ba Festival Internacional de Filmes de Turismo de Amorgos. Filme da...","og_url":"https:\/\/www.atelierdocaractere.pt\/brevemente\/filme-promocional-do-centro-de-portugal-vence-primeiro-lugar-em-festival-na-grecia\/","og_site_name":"Atelier do Caractere","article_publisher":"https:\/\/www.facebook.com\/AtelierdoCaractere","article_published_time":"2024-11-21T10:38:46+00:00","article_modified_time":"2024-11-22T10:40:59+00:00","og_image":[{"width":821,"height":528,"url":"https:\/\/www.atelierdocaractere.pt\/wp-content\/uploads\/2024\/11\/vou-so-3-dias.jpg","type":"image\/jpeg"}],"author":"Joana Barbosa","twitter_card":"summary_large_image","twitter_misc":{"Escrito por":"Joana Barbosa","Tempo estimado de leitura":"3 minutos"},"schema":{"@context":"https:\/\/schema.org","@graph":[{"@type":"WebPage","@id":"https:\/\/www.atelierdocaractere.pt\/brevemente\/filme-promocional-do-centro-de-portugal-vence-primeiro-lugar-em-festival-na-grecia\/","url":"https:\/\/www.atelierdocaractere.pt\/brevemente\/filme-promocional-do-centro-de-portugal-vence-primeiro-lugar-em-festival-na-grecia\/","name":"Filme promocional do Centro de Portugal vence primeiro lugar em festival na Gr\u00e9cia - Atelier do Caractere","isPartOf":{"@id":"https:\/\/www.atelierdocaractere.pt\/brevemente\/#website"},"datePublished":"2024-11-21T10:38:46+00:00","dateModified":"2024-11-22T10:40:59+00:00","author":{"@id":"https:\/\/www.atelierdocaractere.pt\/brevemente\/#\/schema\/person\/f2f096eb0f27d9894725af22cb97c0db"},"breadcrumb":{"@id":"https:\/\/www.atelierdocaractere.pt\/brevemente\/filme-promocional-do-centro-de-portugal-vence-primeiro-lugar-em-festival-na-grecia\/#breadcrumb"},"inLanguage":"pt-PT","potentialAction":[{"@type":"ReadAction","target":["https:\/\/www.atelierdocaractere.pt\/brevemente\/filme-promocional-do-centro-de-portugal-vence-primeiro-lugar-em-festival-na-grecia\/"]}]},{"@type":"BreadcrumbList","@id":"https:\/\/www.atelierdocaractere.pt\/brevemente\/filme-promocional-do-centro-de-portugal-vence-primeiro-lugar-em-festival-na-grecia\/#breadcrumb","itemListElement":[{"@type":"ListItem","position":1,"name":"In\u00edcio","item":"https:\/\/www.atelierdocaractere.pt\/brevemente\/"},{"@type":"ListItem","position":2,"name":"Filme promocional do Centro de Portugal vence primeiro lugar em festival na Gr\u00e9cia"}]},{"@type":"WebSite","@id":"https:\/\/www.atelierdocaractere.pt\/brevemente\/#website","url":"https:\/\/www.atelierdocaractere.pt\/brevemente\/","name":"Atelier do Caractere","description":"","potentialAction":[{"@type":"SearchAction","target":{"@type":"EntryPoint","urlTemplate":"https:\/\/www.atelierdocaractere.pt\/brevemente\/?s={search_term_string}"},"query-input":"required name=search_term_string"}],"inLanguage":"pt-PT"},{"@type":"Person","@id":"https:\/\/www.atelierdocaractere.pt\/brevemente\/#\/schema\/person\/f2f096eb0f27d9894725af22cb97c0db","name":"Joana Barbosa","image":{"@type":"ImageObject","inLanguage":"pt-PT","@id":"https:\/\/www.atelierdocaractere.pt\/brevemente\/#\/schema\/person\/image\/","url":"https:\/\/secure.gravatar.com\/avatar\/33e8214b45e9d68a3a83008731075979?s=96&d=mm&r=g","contentUrl":"https:\/\/secure.gravatar.com\/avatar\/33e8214b45e9d68a3a83008731075979?s=96&d=mm&r=g","caption":"Joana Barbosa"},"url":"https:\/\/www.atelierdocaractere.pt\/brevemente\/author\/joanabarbosa\/"}]}},"_links":{"self":[{"href":"https:\/\/www.atelierdocaractere.pt\/brevemente\/wp-json\/wp\/v2\/posts\/13439"}],"collection":[{"href":"https:\/\/www.atelierdocaractere.pt\/brevemente\/wp-json\/wp\/v2\/posts"}],"about":[{"href":"https:\/\/www.atelierdocaractere.pt\/brevemente\/wp-json\/wp\/v2\/types\/post"}],"author":[{"embeddable":true,"href":"https:\/\/www.atelierdocaractere.pt\/brevemente\/wp-json\/wp\/v2\/users\/7"}],"replies":[{"embeddable":true,"href":"https:\/\/www.atelierdocaractere.pt\/brevemente\/wp-json\/wp\/v2\/comments?post=13439"}],"version-history":[{"count":1,"href":"https:\/\/www.atelierdocaractere.pt\/brevemente\/wp-json\/wp\/v2\/posts\/13439\/revisions"}],"predecessor-version":[{"id":13441,"href":"https:\/\/www.atelierdocaractere.pt\/brevemente\/wp-json\/wp\/v2\/posts\/13439\/revisions\/13441"}],"wp:featuredmedia":[{"embeddable":true,"href":"https:\/\/www.atelierdocaractere.pt\/brevemente\/wp-json\/wp\/v2\/media\/13440"}],"wp:attachment":[{"href":"https:\/\/www.atelierdocaractere.pt\/brevemente\/wp-json\/wp\/v2\/media?parent=13439"}],"wp:term":[{"taxonomy":"category","embeddable":true,"href":"https:\/\/www.atelierdocaractere.pt\/brevemente\/wp-json\/wp\/v2\/categories?post=13439"},{"taxonomy":"post_tag","embeddable":true,"href":"https:\/\/www.atelierdocaractere.pt\/brevemente\/wp-json\/wp\/v2\/tags?post=13439"}],"curies":[{"name":"wp","href":"https:\/\/api.w.org\/{rel}","templated":true}]}}