{"id":13446,"date":"2024-11-20T10:52:12","date_gmt":"2024-11-20T10:52:12","guid":{"rendered":"https:\/\/www.atelierdocaractere.pt\/brevemente\/?p=13446"},"modified":"2024-11-22T11:00:04","modified_gmt":"2024-11-22T11:00:04","slug":"regresso-a-elms-foi-momento-especial-para-guilherme-oliveira","status":"publish","type":"post","link":"https:\/\/www.atelierdocaractere.pt\/brevemente\/regresso-a-elms-foi-momento-especial-para-guilherme-oliveira\/","title":{"rendered":"Regresso \u00e0 ELMS foi momento especial para Guilherme Oliveira"},"content":{"rendered":"\n<p><strong>Numa \u00e9poca em que subiu ao p\u00f3dio no mais competitivo pelot\u00e3o de GT do mundo, com apenas 19 anos, Guilherme Oliveira tamb\u00e9m regressou aos prot\u00f3tipos e \u00e0 European Le Mans Series. Um momento especial para o jovem piloto portugu\u00eas, que fez um balan\u00e7o da temporada e destacou o regresso aos LMP3, onde se sagrou vice-campe\u00e3o da Europa em 2022.<\/strong><\/p>\n\n\n\n<figure class=\"wp-block-image size-large\"><img decoding=\"async\" width=\"1024\" height=\"683\" src=\"https:\/\/www.atelierdocaractere.pt\/wp-content\/uploads\/2024\/11\/guilherme-oliveira-elms-1024x683.jpg\" alt=\"\" class=\"wp-image-13447\" srcset=\"https:\/\/www.atelierdocaractere.pt\/wp-content\/uploads\/2024\/11\/guilherme-oliveira-elms-1024x683.jpg 1024w, https:\/\/www.atelierdocaractere.pt\/wp-content\/uploads\/2024\/11\/guilherme-oliveira-elms-300x200.jpg 300w, https:\/\/www.atelierdocaractere.pt\/wp-content\/uploads\/2024\/11\/guilherme-oliveira-elms-768x512.jpg 768w, https:\/\/www.atelierdocaractere.pt\/wp-content\/uploads\/2024\/11\/guilherme-oliveira-elms-1536x1025.jpg 1536w, https:\/\/www.atelierdocaractere.pt\/wp-content\/uploads\/2024\/11\/guilherme-oliveira-elms-900x600.jpg 900w, https:\/\/www.atelierdocaractere.pt\/wp-content\/uploads\/2024\/11\/guilherme-oliveira-elms-675x450.jpg 675w, https:\/\/www.atelierdocaractere.pt\/wp-content\/uploads\/2024\/11\/guilherme-oliveira-elms.jpg 1920w\" sizes=\"(max-width: 1024px) 100vw, 1024px\" \/><\/figure>\n\n\n\n<p>A \u00e9poca de 2024 proporcionou a Guilherme Oliveira uma experi\u00eancia \u00fanica para um piloto de apenas 19 anos: competir no Fanatec GT World Challenge Endurance, o mais concorrido e disputado campeonato de GT do mundo, com grelhas de mais de 50 equipas e os melhores pilotos da especialidade ao volante dos modernos GT3 constru\u00eddos pela Porsche, Ferrari, Mercedes-Benz, Aston Martin, Lamborghini, BMW, McLaren, Audi e Ford.<\/p>\n\n\n\n<p>No calend\u00e1rio estavam provas emblem\u00e1ticas, como as 24 Horas de Spa-Francorchamps, onde Guilherme Oliveira conseguiu uma das melhores performances da \u00e9poca com o Porsche 911 GT3 R da Dinamic GT, at\u00e9 um problema mec\u00e2nico obrigar a equipa a um abandono ingl\u00f3rio. A resposta \u00e0 adversidade foi em grande, pois logo na ronda seguinte, em N\u00fcrburging, o jovem piloto de Vila Nova de Gaia conseguiu o seu primeiro p\u00f3dio no mais competitivo pelot\u00e3o de GT do mundo, com o 3.\u00ba lugar da classe Bronze.<\/p>\n\n\n\n<p>Um resultado que acabou por validar uma \u00e9poca de aprendizagem e resili\u00eancia para Guilherme Oliveira, que enfrentou um contexto ultra-competitivo com poucos testes de prepara\u00e7\u00e3o.<\/p>\n\n\n\n<p>No final do ano, surgiu o convite da DKR Engineering para um regresso aos prot\u00f3tipos LMP3 e \u00e0 European Le Mans Series, para as duas \u00faltimas provas do \u2018Europeu\u2019 de Endurance, em Mugello e Portim\u00e3o. Ao volante do Duqueine da equipa luxemburguesa, bem diferente do Ligier com que se sagrou vice-campe\u00e3o da ELMS em 2022, Guilherme Oliveira e os seus companheiros de equipa foram obrigados a abandonar em It\u00e1lia, com um problema t\u00e9cnico, e depois conseguiram um top 5 no fecho do campeonato, em Portugal.<\/p>\n\n\n\n<p><strong>Regresso a casa<\/strong><\/p>\n\n\n\n<p>Em jeito de balan\u00e7o da temporada, Guilherme Oliveira refere que evoluiu muito como piloto e como pessoa neste ano dividido entre duas realidades completamente diferentes<strong>. \u201cFoi um ano exigente, no campeonato de GT mais dif\u00edcil do mundo e onde entrei vindo dos prot\u00f3tipos, ou seja, sem o background deste tipo de carros\u201d<\/strong>, analisou o jovem piloto portugu\u00eas.<\/p>\n\n\n\n<p><strong>\u201cSenti alguma falta de tempo de pista, pois os fins-de-semana do GT World t\u00eam essa caracter\u00edstica e teria sido muito importante ter mais testes de prepara\u00e7\u00e3o. Concentrei-me em aproveitar todas as oportunidades e, depois do azar que tivemos em Spa, onde sentia que t\u00ednhamos realmente a melhor oportunidade do ano, demos a volta por cima com o p\u00f3dio em N\u00fcrburgring, o que nunca \u00e9 f\u00e1cil no GT World Challenge. Esse resultado acabou por premiar o nosso trabalho e resili\u00eancia desde o in\u00edcio da \u00e9poca. Depois surgiu o convite para voltar \u00e0 ELMS e foi uma esp\u00e9cie de regresso a \u2018casa\u2019. Sinto-me muito \u00e0 vontade nos LMP3 e acho que esse convite tamb\u00e9m mostra a boa imagem que deixei na ELMS. Portim\u00e3o era, obviamente, uma corrida muito importante para mim, mas, realisticamente, n\u00e3o t\u00ednhamos carro para lutar pelos primeiros lugares nesse fim de semana. O 5.\u00ba lugar acabou por ser um bom resultado nessas circunst\u00e2ncias. Aprendi que a vida de piloto \u00e9 mesmo assim: temos de maximizar as oportunidades com os recursos que temos, tentando sempre manter o foco e uma atitude positiva quando as coisas n\u00e3o correm como queremos. Quando estamos a construir uma carreira com poucos apoios, queremos sempre aproveitar cada oportunidade para brilhar, mas isso nem sempre est\u00e1 sob o nosso controlo. Foi um ano de amadurecimento, com experi\u00eancias fant\u00e1sticas e alguns resultados que me enchem de orgulho\u201d<\/strong>, afirmou Guilherme Oliveira, que, apesar da juventude, tamb\u00e9m j\u00e1 desempenha fun\u00e7\u00f5es de \u2018Expert Host\u2019 (anfitri\u00e3o especializado) nos Grandes Pr\u00e9mios de F\u00f3rmula 1, onde pode contactar com as estrelas e equipas do campeonato.<\/p>\n","protected":false},"excerpt":{"rendered":"<p>Numa \u00e9poca em que subiu ao p\u00f3dio no mais competitivo pelot\u00e3o de GT do mundo, com apenas 19 anos, Guilherme&#8230;<\/p>\n","protected":false},"author":7,"featured_media":13447,"comment_status":"closed","ping_status":"open","sticky":false,"template":"","format":"standard","meta":[],"categories":[24],"tags":[852,447],"yoast_head":"<!-- This site is optimized with the Yoast SEO plugin v20.12 - https:\/\/yoast.com\/wordpress\/plugins\/seo\/ -->\n<title>Regresso \u00e0 ELMS foi momento especial para Guilherme Oliveira - Atelier do Caractere<\/title>\n<meta name=\"robots\" content=\"index, follow, max-snippet:-1, max-image-preview:large, max-video-preview:-1\" \/>\n<link rel=\"canonical\" href=\"https:\/\/www.atelierdocaractere.pt\/brevemente\/regresso-a-elms-foi-momento-especial-para-guilherme-oliveira\/\" \/>\n<meta property=\"og:locale\" content=\"pt_PT\" \/>\n<meta property=\"og:type\" content=\"article\" \/>\n<meta property=\"og:title\" content=\"Regresso \u00e0 ELMS foi momento especial para Guilherme Oliveira - Atelier do Caractere\" \/>\n<meta property=\"og:description\" content=\"Numa \u00e9poca em que subiu ao p\u00f3dio no mais competitivo pelot\u00e3o de GT do mundo, com apenas 19 anos, Guilherme...\" \/>\n<meta property=\"og:url\" content=\"https:\/\/www.atelierdocaractere.pt\/brevemente\/regresso-a-elms-foi-momento-especial-para-guilherme-oliveira\/\" \/>\n<meta property=\"og:site_name\" content=\"Atelier do Caractere\" \/>\n<meta property=\"article:publisher\" content=\"https:\/\/www.facebook.com\/AtelierdoCaractere\" \/>\n<meta property=\"article:published_time\" content=\"2024-11-20T10:52:12+00:00\" \/>\n<meta property=\"article:modified_time\" content=\"2024-11-22T11:00:04+00:00\" \/>\n<meta property=\"og:image\" content=\"https:\/\/www.atelierdocaractere.pt\/wp-content\/uploads\/2024\/11\/guilherme-oliveira-elms.jpg\" \/>\n\t<meta property=\"og:image:width\" content=\"1920\" \/>\n\t<meta property=\"og:image:height\" content=\"1281\" \/>\n\t<meta property=\"og:image:type\" content=\"image\/jpeg\" \/>\n<meta name=\"author\" content=\"Joana Barbosa\" \/>\n<meta name=\"twitter:card\" content=\"summary_large_image\" \/>\n<meta name=\"twitter:label1\" content=\"Escrito por\" \/>\n\t<meta name=\"twitter:data1\" content=\"Joana Barbosa\" \/>\n\t<meta name=\"twitter:label2\" content=\"Tempo estimado de leitura\" \/>\n\t<meta name=\"twitter:data2\" content=\"4 minutos\" \/>\n<script type=\"application\/ld+json\" class=\"yoast-schema-graph\">{\"@context\":\"https:\/\/schema.org\",\"@graph\":[{\"@type\":\"WebPage\",\"@id\":\"https:\/\/www.atelierdocaractere.pt\/brevemente\/regresso-a-elms-foi-momento-especial-para-guilherme-oliveira\/\",\"url\":\"https:\/\/www.atelierdocaractere.pt\/brevemente\/regresso-a-elms-foi-momento-especial-para-guilherme-oliveira\/\",\"name\":\"Regresso \u00e0 ELMS foi momento especial para Guilherme Oliveira - Atelier do Caractere\",\"isPartOf\":{\"@id\":\"https:\/\/www.atelierdocaractere.pt\/brevemente\/#website\"},\"datePublished\":\"2024-11-20T10:52:12+00:00\",\"dateModified\":\"2024-11-22T11:00:04+00:00\",\"author\":{\"@id\":\"https:\/\/www.atelierdocaractere.pt\/brevemente\/#\/schema\/person\/f2f096eb0f27d9894725af22cb97c0db\"},\"breadcrumb\":{\"@id\":\"https:\/\/www.atelierdocaractere.pt\/brevemente\/regresso-a-elms-foi-momento-especial-para-guilherme-oliveira\/#breadcrumb\"},\"inLanguage\":\"pt-PT\",\"potentialAction\":[{\"@type\":\"ReadAction\",\"target\":[\"https:\/\/www.atelierdocaractere.pt\/brevemente\/regresso-a-elms-foi-momento-especial-para-guilherme-oliveira\/\"]}]},{\"@type\":\"BreadcrumbList\",\"@id\":\"https:\/\/www.atelierdocaractere.pt\/brevemente\/regresso-a-elms-foi-momento-especial-para-guilherme-oliveira\/#breadcrumb\",\"itemListElement\":[{\"@type\":\"ListItem\",\"position\":1,\"name\":\"In\u00edcio\",\"item\":\"https:\/\/www.atelierdocaractere.pt\/brevemente\/\"},{\"@type\":\"ListItem\",\"position\":2,\"name\":\"Regresso \u00e0 ELMS foi momento especial para Guilherme Oliveira\"}]},{\"@type\":\"WebSite\",\"@id\":\"https:\/\/www.atelierdocaractere.pt\/brevemente\/#website\",\"url\":\"https:\/\/www.atelierdocaractere.pt\/brevemente\/\",\"name\":\"Atelier do Caractere\",\"description\":\"\",\"potentialAction\":[{\"@type\":\"SearchAction\",\"target\":{\"@type\":\"EntryPoint\",\"urlTemplate\":\"https:\/\/www.atelierdocaractere.pt\/brevemente\/?s={search_term_string}\"},\"query-input\":\"required name=search_term_string\"}],\"inLanguage\":\"pt-PT\"},{\"@type\":\"Person\",\"@id\":\"https:\/\/www.atelierdocaractere.pt\/brevemente\/#\/schema\/person\/f2f096eb0f27d9894725af22cb97c0db\",\"name\":\"Joana Barbosa\",\"image\":{\"@type\":\"ImageObject\",\"inLanguage\":\"pt-PT\",\"@id\":\"https:\/\/www.atelierdocaractere.pt\/brevemente\/#\/schema\/person\/image\/\",\"url\":\"https:\/\/secure.gravatar.com\/avatar\/33e8214b45e9d68a3a83008731075979?s=96&d=mm&r=g\",\"contentUrl\":\"https:\/\/secure.gravatar.com\/avatar\/33e8214b45e9d68a3a83008731075979?s=96&d=mm&r=g\",\"caption\":\"Joana Barbosa\"},\"url\":\"https:\/\/www.atelierdocaractere.pt\/brevemente\/author\/joanabarbosa\/\"}]}<\/script>\n<!-- \/ Yoast SEO plugin. -->","yoast_head_json":{"title":"Regresso \u00e0 ELMS foi momento especial para Guilherme Oliveira - Atelier do Caractere","robots":{"index":"index","follow":"follow","max-snippet":"max-snippet:-1","max-image-preview":"max-image-preview:large","max-video-preview":"max-video-preview:-1"},"canonical":"https:\/\/www.atelierdocaractere.pt\/brevemente\/regresso-a-elms-foi-momento-especial-para-guilherme-oliveira\/","og_locale":"pt_PT","og_type":"article","og_title":"Regresso \u00e0 ELMS foi momento especial para Guilherme Oliveira - Atelier do Caractere","og_description":"Numa \u00e9poca em que subiu ao p\u00f3dio no mais competitivo pelot\u00e3o de GT do mundo, com apenas 19 anos, Guilherme...","og_url":"https:\/\/www.atelierdocaractere.pt\/brevemente\/regresso-a-elms-foi-momento-especial-para-guilherme-oliveira\/","og_site_name":"Atelier do Caractere","article_publisher":"https:\/\/www.facebook.com\/AtelierdoCaractere","article_published_time":"2024-11-20T10:52:12+00:00","article_modified_time":"2024-11-22T11:00:04+00:00","og_image":[{"width":1920,"height":1281,"url":"https:\/\/www.atelierdocaractere.pt\/wp-content\/uploads\/2024\/11\/guilherme-oliveira-elms.jpg","type":"image\/jpeg"}],"author":"Joana Barbosa","twitter_card":"summary_large_image","twitter_misc":{"Escrito por":"Joana Barbosa","Tempo estimado de leitura":"4 minutos"},"schema":{"@context":"https:\/\/schema.org","@graph":[{"@type":"WebPage","@id":"https:\/\/www.atelierdocaractere.pt\/brevemente\/regresso-a-elms-foi-momento-especial-para-guilherme-oliveira\/","url":"https:\/\/www.atelierdocaractere.pt\/brevemente\/regresso-a-elms-foi-momento-especial-para-guilherme-oliveira\/","name":"Regresso \u00e0 ELMS foi momento especial para Guilherme Oliveira - Atelier do Caractere","isPartOf":{"@id":"https:\/\/www.atelierdocaractere.pt\/brevemente\/#website"},"datePublished":"2024-11-20T10:52:12+00:00","dateModified":"2024-11-22T11:00:04+00:00","author":{"@id":"https:\/\/www.atelierdocaractere.pt\/brevemente\/#\/schema\/person\/f2f096eb0f27d9894725af22cb97c0db"},"breadcrumb":{"@id":"https:\/\/www.atelierdocaractere.pt\/brevemente\/regresso-a-elms-foi-momento-especial-para-guilherme-oliveira\/#breadcrumb"},"inLanguage":"pt-PT","potentialAction":[{"@type":"ReadAction","target":["https:\/\/www.atelierdocaractere.pt\/brevemente\/regresso-a-elms-foi-momento-especial-para-guilherme-oliveira\/"]}]},{"@type":"BreadcrumbList","@id":"https:\/\/www.atelierdocaractere.pt\/brevemente\/regresso-a-elms-foi-momento-especial-para-guilherme-oliveira\/#breadcrumb","itemListElement":[{"@type":"ListItem","position":1,"name":"In\u00edcio","item":"https:\/\/www.atelierdocaractere.pt\/brevemente\/"},{"@type":"ListItem","position":2,"name":"Regresso \u00e0 ELMS foi momento especial para Guilherme Oliveira"}]},{"@type":"WebSite","@id":"https:\/\/www.atelierdocaractere.pt\/brevemente\/#website","url":"https:\/\/www.atelierdocaractere.pt\/brevemente\/","name":"Atelier do Caractere","description":"","potentialAction":[{"@type":"SearchAction","target":{"@type":"EntryPoint","urlTemplate":"https:\/\/www.atelierdocaractere.pt\/brevemente\/?s={search_term_string}"},"query-input":"required name=search_term_string"}],"inLanguage":"pt-PT"},{"@type":"Person","@id":"https:\/\/www.atelierdocaractere.pt\/brevemente\/#\/schema\/person\/f2f096eb0f27d9894725af22cb97c0db","name":"Joana Barbosa","image":{"@type":"ImageObject","inLanguage":"pt-PT","@id":"https:\/\/www.atelierdocaractere.pt\/brevemente\/#\/schema\/person\/image\/","url":"https:\/\/secure.gravatar.com\/avatar\/33e8214b45e9d68a3a83008731075979?s=96&d=mm&r=g","contentUrl":"https:\/\/secure.gravatar.com\/avatar\/33e8214b45e9d68a3a83008731075979?s=96&d=mm&r=g","caption":"Joana Barbosa"},"url":"https:\/\/www.atelierdocaractere.pt\/brevemente\/author\/joanabarbosa\/"}]}},"_links":{"self":[{"href":"https:\/\/www.atelierdocaractere.pt\/brevemente\/wp-json\/wp\/v2\/posts\/13446"}],"collection":[{"href":"https:\/\/www.atelierdocaractere.pt\/brevemente\/wp-json\/wp\/v2\/posts"}],"about":[{"href":"https:\/\/www.atelierdocaractere.pt\/brevemente\/wp-json\/wp\/v2\/types\/post"}],"author":[{"embeddable":true,"href":"https:\/\/www.atelierdocaractere.pt\/brevemente\/wp-json\/wp\/v2\/users\/7"}],"replies":[{"embeddable":true,"href":"https:\/\/www.atelierdocaractere.pt\/brevemente\/wp-json\/wp\/v2\/comments?post=13446"}],"version-history":[{"count":1,"href":"https:\/\/www.atelierdocaractere.pt\/brevemente\/wp-json\/wp\/v2\/posts\/13446\/revisions"}],"predecessor-version":[{"id":13449,"href":"https:\/\/www.atelierdocaractere.pt\/brevemente\/wp-json\/wp\/v2\/posts\/13446\/revisions\/13449"}],"wp:featuredmedia":[{"embeddable":true,"href":"https:\/\/www.atelierdocaractere.pt\/brevemente\/wp-json\/wp\/v2\/media\/13447"}],"wp:attachment":[{"href":"https:\/\/www.atelierdocaractere.pt\/brevemente\/wp-json\/wp\/v2\/media?parent=13446"}],"wp:term":[{"taxonomy":"category","embeddable":true,"href":"https:\/\/www.atelierdocaractere.pt\/brevemente\/wp-json\/wp\/v2\/categories?post=13446"},{"taxonomy":"post_tag","embeddable":true,"href":"https:\/\/www.atelierdocaractere.pt\/brevemente\/wp-json\/wp\/v2\/tags?post=13446"}],"curies":[{"name":"wp","href":"https:\/\/api.w.org\/{rel}","templated":true}]}}