{"id":13450,"date":"2024-11-20T11:01:25","date_gmt":"2024-11-20T11:01:25","guid":{"rendered":"https:\/\/www.atelierdocaractere.pt\/brevemente\/?p=13450"},"modified":"2024-11-22T11:08:34","modified_gmt":"2024-11-22T11:08:34","slug":"laboratorio-movel-das-ciencias-inicia-itinerancia-para-inspirar-as-geracoes-do-futuro-em-viseu-dao-lafoes","status":"publish","type":"post","link":"https:\/\/www.atelierdocaractere.pt\/brevemente\/laboratorio-movel-das-ciencias-inicia-itinerancia-para-inspirar-as-geracoes-do-futuro-em-viseu-dao-lafoes\/","title":{"rendered":"Laborat\u00f3rio M\u00f3vel das Ci\u00eancias inicia itiner\u00e2ncia para inspirar as gera\u00e7\u00f5es do futuro em Viseu D\u00e3o Laf\u00f5es"},"content":{"rendered":"\n<p><strong>Projeto \u201cExplorast\u00f3rias\u201d, destinado aos alunos do pr\u00e9-escolar\u00a0e uma nova imagem s\u00e3o as grandes novidades deste ano.<\/strong><\/p>\n\n\n\n<figure class=\"wp-block-image size-large\"><img decoding=\"async\" width=\"1024\" height=\"1024\" src=\"https:\/\/www.atelierdocaractere.pt\/wp-content\/uploads\/2024\/11\/laboratorio-1-1024x1024.jpg\" alt=\"\" class=\"wp-image-13454\" srcset=\"https:\/\/www.atelierdocaractere.pt\/wp-content\/uploads\/2024\/11\/laboratorio-1-1024x1024.jpg 1024w, https:\/\/www.atelierdocaractere.pt\/wp-content\/uploads\/2024\/11\/laboratorio-1-300x300.jpg 300w, https:\/\/www.atelierdocaractere.pt\/wp-content\/uploads\/2024\/11\/laboratorio-1-150x150.jpg 150w, https:\/\/www.atelierdocaractere.pt\/wp-content\/uploads\/2024\/11\/laboratorio-1-768x768.jpg 768w, https:\/\/www.atelierdocaractere.pt\/wp-content\/uploads\/2024\/11\/laboratorio-1-1536x1536.jpg 1536w, https:\/\/www.atelierdocaractere.pt\/wp-content\/uploads\/2024\/11\/laboratorio-1-100x100.jpg 100w, https:\/\/www.atelierdocaractere.pt\/wp-content\/uploads\/2024\/11\/laboratorio-1-140x140.jpg 140w, https:\/\/www.atelierdocaractere.pt\/wp-content\/uploads\/2024\/11\/laboratorio-1-500x500.jpg 500w, https:\/\/www.atelierdocaractere.pt\/wp-content\/uploads\/2024\/11\/laboratorio-1-350x350.jpg 350w, https:\/\/www.atelierdocaractere.pt\/wp-content\/uploads\/2024\/11\/laboratorio-1-1000x1000.jpg 1000w, https:\/\/www.atelierdocaractere.pt\/wp-content\/uploads\/2024\/11\/laboratorio-1-800x800.jpg 800w, https:\/\/www.atelierdocaractere.pt\/wp-content\/uploads\/2024\/11\/laboratorio-1.jpg 2048w\" sizes=\"(max-width: 1024px) 100vw, 1024px\" \/><\/figure>\n\n\n\n<p>Hoje, dia 20 de novembro, o&nbsp;<strong>Laborat\u00f3rio M\u00f3vel das Ci\u00eancias<\/strong>&nbsp;inicia a sua itiner\u00e2ncia por todos os agrupamentos&nbsp;de&nbsp;escolas da regi\u00e3o&nbsp;de&nbsp;Viseu D\u00e3o Laf\u00f5es. Esta iniciativa da&nbsp;<strong>Comunidade Intermunicipal (CIM) Viseu D\u00e3o Laf\u00f5es<\/strong>&nbsp;visa promover diversas literacias&nbsp;desde as idades mais precoces e potenciar o sucesso educativo das crian\u00e7as, criando ambientes&nbsp;de&nbsp;aprendizagem inovadores e motivadores. Para este ano letivo, o Laborat\u00f3rio M\u00f3vel apresenta uma nova imagem, em linha com o plano de comunica\u00e7\u00e3o do projeto Valoriza-te Viseu D\u00e3o Laf\u00f5es.<\/p>\n\n\n\n<p>Com tr\u00eas projetos distintos e direcionados a diferentes faixas et\u00e1rias, o Laborat\u00f3rio M\u00f3vel das Ci\u00eancias pretende marcar a diferen\u00e7a no processo&nbsp;de&nbsp;ensino e de&nbsp;aprendizagem, preparando os&nbsp;alunos&nbsp;para os&nbsp;desafios do futuro atrav\u00e9s&nbsp;de&nbsp;experi\u00eancias pedag\u00f3gicas enriquecedoras.&nbsp;<\/p>\n\n\n\n<p><strong>Projetos abrangem alunos do pr\u00e9-escolar, 1.\u00ba Ciclo e 3.\u00ba Ciclo<\/strong><\/p>\n\n\n\n<p>Um dos&nbsp;projetos,&nbsp;designado&nbsp;<strong>\u201cExplorast\u00f3rias\u201d<\/strong>, \u00e9&nbsp;destinado \u00e0s crian\u00e7as do pr\u00e9-escolar e alia o gosto pela leitura \u00e0 literacia cient\u00edfica. \u00c9 uma estreia este ano letivo. Ao longo&nbsp;de&nbsp;60 minutos, as crian\u00e7as v\u00e3o explorar a ci\u00eancia, p\u00e1gina a p\u00e1gina, tendo como ponto&nbsp;de&nbsp;partida uma hist\u00f3ria&nbsp;de&nbsp;um livro infantil. Com hist\u00f3rias que abordam temas diversos, esta sinergia entre literatura e ci\u00eancia&nbsp;desperta a curiosidade e introduz conceitos cient\u00edficos&nbsp;desde cedo, num ambiente l\u00fadico e envolvente.&nbsp;<\/p>\n\n\n\n<p>Outro projeto \u00e9 o&nbsp;<strong>\u201cLaborat\u00f3rio M\u00f3vel das Ci\u00eancias\u201d<\/strong>, que est\u00e1 focado nas crian\u00e7as do 1.\u00ba Ciclo do Ensino B\u00e1sico (2.\u00ba e 3.\u00ba anos). Est\u00e1 assente numa din\u00e2mica de explora\u00e7\u00e3o de novas pr\u00e1ticas focadas no aluno, onde as crian\u00e7as, desde o in\u00edcio da escolaridade, vivenciam ambientes potenciadores do desenvolvimento de diversas compet\u00eancias, por exemplo, nas \u00e1reas da rob\u00f3tica, do mundo digital, da criatividade e inova\u00e7\u00e3o, da colabora\u00e7\u00e3o e da resolu\u00e7\u00e3o de problemas. Est\u00e1 prevista uma a\u00e7\u00e3o para cada grupo de crian\u00e7as, de forma que todos os alunos possam participar. Nessa a\u00e7\u00e3o, com a dura\u00e7\u00e3o de 90 minutos, os alunos ter\u00e3o ao seu dispor um ambiente pedag\u00f3gico, rico e diferente do seu contexto normal de aprendizagem, com material e conte\u00fado estimulante e enriquecedor, que permitir\u00e1 partir \u00e0 descoberta do conhecimento.<\/p>\n\n\n\n<figure class=\"wp-block-image size-large\"><img decoding=\"async\" width=\"1024\" height=\"865\" src=\"https:\/\/www.atelierdocaractere.pt\/wp-content\/uploads\/2024\/11\/laboratorio-2-1024x865.jpg\" alt=\"\" class=\"wp-image-13453\" srcset=\"https:\/\/www.atelierdocaractere.pt\/wp-content\/uploads\/2024\/11\/laboratorio-2-1024x865.jpg 1024w, https:\/\/www.atelierdocaractere.pt\/wp-content\/uploads\/2024\/11\/laboratorio-2-300x253.jpg 300w, https:\/\/www.atelierdocaractere.pt\/wp-content\/uploads\/2024\/11\/laboratorio-2-768x649.jpg 768w, https:\/\/www.atelierdocaractere.pt\/wp-content\/uploads\/2024\/11\/laboratorio-2-1536x1298.jpg 1536w, https:\/\/www.atelierdocaractere.pt\/wp-content\/uploads\/2024\/11\/laboratorio-2.jpg 1920w\" sizes=\"(max-width: 1024px) 100vw, 1024px\" \/><\/figure>\n\n\n\n<p>Os alunos mais velhos, do 3.\u00ba Ciclo do Ensino B\u00e1sico, ir\u00e3o contactar com&nbsp;<strong>\u201cO Futuro \u00e9 Amanh\u00e3\u201d<\/strong>, um projeto que visa sensibilizar os jovens para quest\u00f5es do ambiente, das altera\u00e7\u00f5es clim\u00e1ticas e da sustentabilidade, atrav\u00e9s&nbsp;de&nbsp;v\u00e1rias atividades&nbsp;de&nbsp;90 minutos. Estas s\u00e3o&nbsp;desde atividades pr\u00e1ticas&nbsp;de&nbsp;ci\u00eancia, na \u201cBancada M\u00f3vel das Ci\u00eancias\u201d, ao jogo&nbsp;<em>breakout<\/em>&nbsp;educativo \u201cApanhados pelo Clima\u201d, que pretendem motivar a reflex\u00e3o, o&nbsp;debate e divulga\u00e7\u00e3o da problem\u00e1tica das altera\u00e7\u00f5es clim\u00e1ticas; e ainda v\u00e1rias atividades entusiasmantes sobre \u201cEconomia Circular\u201d, que pretendem consciencializar e capacitar para uma nova forma&nbsp;de&nbsp;produ\u00e7\u00e3o e consumo mais sustent\u00e1vel e para os princ\u00edpios da economia circular.<\/p>\n\n\n\n<p>Para assegurar que mais alunos t\u00eam acesso a estas experi\u00eancias, o Laborat\u00f3rio M\u00f3vel estar\u00e1 dispon\u00edvel em julho, durante a interrup\u00e7\u00e3o letiva&nbsp;de&nbsp;fim&nbsp;de&nbsp;ano escolar. Ao longo&nbsp;desse m\u00eas, a iniciativa permanecer\u00e1 em cada um dos munic\u00edpios, permitindo que as crian\u00e7as possam tamb\u00e9m usufruir&nbsp;desta experi\u00eancia enriquecedora durante as f\u00e9rias&nbsp;de&nbsp;ver\u00e3o.&nbsp;<\/p>\n\n\n\n<p><strong>Fernando Ruas, Presidente da CIM Viseu D\u00e3o Laf\u00f5es<\/strong>, considera que esta iniciativa \u00e9 uma mais-valia&nbsp;de&nbsp;grande import\u00e2ncia para os jovens da regi\u00e3o.&nbsp;<em>\u201cO Laborat\u00f3rio M\u00f3vel das Ci\u00eancias \u00e9 uma iniciativa&nbsp;de&nbsp;sucesso, que vamos prosseguir neste ano letivo,&nbsp;de&nbsp;uma forma ainda mais atraente para os alunos. O projeto n\u00e3o s\u00f3 promove o sucesso escolar, como tamb\u00e9m incentiva a curiosidade, a criatividade e o pensamento cr\u00edtico, compet\u00eancias fundamentais para enfrentar os&nbsp;desafios&nbsp;de&nbsp;um futuro em constante transforma\u00e7\u00e3o\u201d<\/em>, sublinha.&nbsp;<em>\u201c\u00c9 atrav\u00e9s&nbsp;de&nbsp;iniciativas como esta que conseguimos, enquanto comunidade intermunicipal, preparar as novas gera\u00e7\u00f5es para um mundo competitivo, sem nunca perder&nbsp;de&nbsp;vista a identidade e os valores da nossa regi\u00e3o\u201d<\/em>, diz tamb\u00e9m Fernando Ruas.&nbsp;<\/p>\n\n\n\n<p><strong>Nuno Martinho, Secret\u00e1rio Executivo da CIM Viseu D\u00e3o Laf\u00f5es<\/strong>, considera que s\u00e3o iniciativas como esta que fazem a diferen\u00e7a.\u00a0<em>\u201cA itiner\u00e2ncia do Laborat\u00f3rio M\u00f3vel das Ci\u00eancias \u00e9 um exemplo concreto do que significa inovar no setor educativo, levando experi\u00eancias \u00fanicas e transformadoras a todas as escolas da nossa regi\u00e3o. Queremos que os alunos tenham contacto com metodologias ativas e pr\u00e1ticas que os motivem a aprender e a\u00a0desenvolver compet\u00eancias que ser\u00e3o\u00a0decisivas ao longo das suas vidas,\u00a0desde o gosto pela leitura at\u00e9 \u00e0 literacia cient\u00edfica e ambiental\u201d<\/em>, explica.\u00a0<em>\u201cEste projeto \u00e9 uma\u00a0demonstra\u00e7\u00e3o da capacidade\u00a0de\u00a0Viseu D\u00e3o Laf\u00f5es\u00a0de\u00a0liderar iniciativas que fazem a diferen\u00e7a no territ\u00f3rio. Estamos a construir um futuro onde o conhecimento, a ci\u00eancia e a sustentabilidade caminham\u00a0de\u00a0m\u00e3os dadas\u201d<\/em>, conclui Nuno Martinho.<\/p>\n\n\n\n<figure class=\"wp-block-image size-large\"><img decoding=\"async\" width=\"1024\" height=\"1024\" src=\"https:\/\/www.atelierdocaractere.pt\/wp-content\/uploads\/2024\/11\/laboratorio-3-1024x1024.jpeg\" alt=\"\" class=\"wp-image-13452\" srcset=\"https:\/\/www.atelierdocaractere.pt\/wp-content\/uploads\/2024\/11\/laboratorio-3-1024x1024.jpeg 1024w, https:\/\/www.atelierdocaractere.pt\/wp-content\/uploads\/2024\/11\/laboratorio-3-300x300.jpeg 300w, https:\/\/www.atelierdocaractere.pt\/wp-content\/uploads\/2024\/11\/laboratorio-3-150x150.jpeg 150w, https:\/\/www.atelierdocaractere.pt\/wp-content\/uploads\/2024\/11\/laboratorio-3-768x768.jpeg 768w, https:\/\/www.atelierdocaractere.pt\/wp-content\/uploads\/2024\/11\/laboratorio-3-1536x1536.jpeg 1536w, https:\/\/www.atelierdocaractere.pt\/wp-content\/uploads\/2024\/11\/laboratorio-3-100x100.jpeg 100w, https:\/\/www.atelierdocaractere.pt\/wp-content\/uploads\/2024\/11\/laboratorio-3-140x140.jpeg 140w, https:\/\/www.atelierdocaractere.pt\/wp-content\/uploads\/2024\/11\/laboratorio-3-500x500.jpeg 500w, https:\/\/www.atelierdocaractere.pt\/wp-content\/uploads\/2024\/11\/laboratorio-3-350x350.jpeg 350w, https:\/\/www.atelierdocaractere.pt\/wp-content\/uploads\/2024\/11\/laboratorio-3-1000x1000.jpeg 1000w, https:\/\/www.atelierdocaractere.pt\/wp-content\/uploads\/2024\/11\/laboratorio-3-800x800.jpeg 800w, https:\/\/www.atelierdocaractere.pt\/wp-content\/uploads\/2024\/11\/laboratorio-3.jpeg 1600w\" sizes=\"(max-width: 1024px) 100vw, 1024px\" \/><\/figure>\n\n\n\n<p><strong>Sobre a CIM Viseu D\u00e3o Laf\u00f5es:<br><\/strong>A CIM Viseu D\u00e3o Laf\u00f5es \u00e9 uma associa\u00e7\u00e3o de munic\u00edpios, denominada como Comunidade Intermunicipal, sendo constitu\u00edda pelos munic\u00edpios de Aguiar da Beira, Carregal do Sal, Castro Daire, Mangualde, Nelas, Oliveira de Frades, Penalva do Castelo, Santa Comba D\u00e3o, S\u00e3o Pedro do Sul, S\u00e1t\u00e3o, Tondela, Vila Nova de Paiva, Viseu e Vouzela.<\/p>\n","protected":false},"excerpt":{"rendered":"<p>Projeto \u201cExplorast\u00f3rias\u201d, destinado aos alunos do pr\u00e9-escolar\u00a0e uma nova imagem s\u00e3o as grandes novidades deste ano. Hoje, dia 20 de&#8230;<\/p>\n","protected":false},"author":7,"featured_media":13451,"comment_status":"closed","ping_status":"open","sticky":false,"template":"","format":"standard","meta":[],"categories":[779],"tags":[448,744,636],"yoast_head":"<!-- This site is optimized with the Yoast SEO plugin v20.12 - https:\/\/yoast.com\/wordpress\/plugins\/seo\/ -->\n<title>Laborat\u00f3rio M\u00f3vel das Ci\u00eancias inicia itiner\u00e2ncia para inspirar as gera\u00e7\u00f5es do futuro em Viseu D\u00e3o Laf\u00f5es - Atelier do Caractere<\/title>\n<meta name=\"robots\" content=\"index, follow, max-snippet:-1, max-image-preview:large, max-video-preview:-1\" \/>\n<link rel=\"canonical\" href=\"https:\/\/www.atelierdocaractere.pt\/brevemente\/laboratorio-movel-das-ciencias-inicia-itinerancia-para-inspirar-as-geracoes-do-futuro-em-viseu-dao-lafoes\/\" \/>\n<meta property=\"og:locale\" content=\"pt_PT\" \/>\n<meta property=\"og:type\" content=\"article\" \/>\n<meta property=\"og:title\" content=\"Laborat\u00f3rio M\u00f3vel das Ci\u00eancias inicia itiner\u00e2ncia para inspirar as gera\u00e7\u00f5es do futuro em Viseu D\u00e3o Laf\u00f5es - Atelier do Caractere\" \/>\n<meta property=\"og:description\" content=\"Projeto \u201cExplorast\u00f3rias\u201d, destinado aos alunos do pr\u00e9-escolar\u00a0e uma nova imagem s\u00e3o as grandes novidades deste ano. Hoje, dia 20 de...\" \/>\n<meta property=\"og:url\" content=\"https:\/\/www.atelierdocaractere.pt\/brevemente\/laboratorio-movel-das-ciencias-inicia-itinerancia-para-inspirar-as-geracoes-do-futuro-em-viseu-dao-lafoes\/\" \/>\n<meta property=\"og:site_name\" content=\"Atelier do Caractere\" \/>\n<meta property=\"article:publisher\" content=\"https:\/\/www.facebook.com\/AtelierdoCaractere\" \/>\n<meta property=\"article:published_time\" content=\"2024-11-20T11:01:25+00:00\" \/>\n<meta property=\"article:modified_time\" content=\"2024-11-22T11:08:34+00:00\" \/>\n<meta property=\"og:image\" content=\"https:\/\/www.atelierdocaractere.pt\/wp-content\/uploads\/2024\/11\/laboratorio-11.jpg\" \/>\n\t<meta property=\"og:image:width\" content=\"1920\" \/>\n\t<meta property=\"og:image:height\" content=\"1440\" \/>\n\t<meta property=\"og:image:type\" content=\"image\/jpeg\" \/>\n<meta name=\"author\" content=\"Joana Barbosa\" \/>\n<meta name=\"twitter:card\" content=\"summary_large_image\" \/>\n<meta name=\"twitter:label1\" content=\"Escrito por\" \/>\n\t<meta name=\"twitter:data1\" content=\"Joana Barbosa\" \/>\n\t<meta name=\"twitter:label2\" content=\"Tempo estimado de leitura\" \/>\n\t<meta name=\"twitter:data2\" content=\"6 minutos\" \/>\n<script type=\"application\/ld+json\" class=\"yoast-schema-graph\">{\"@context\":\"https:\/\/schema.org\",\"@graph\":[{\"@type\":\"WebPage\",\"@id\":\"https:\/\/www.atelierdocaractere.pt\/brevemente\/laboratorio-movel-das-ciencias-inicia-itinerancia-para-inspirar-as-geracoes-do-futuro-em-viseu-dao-lafoes\/\",\"url\":\"https:\/\/www.atelierdocaractere.pt\/brevemente\/laboratorio-movel-das-ciencias-inicia-itinerancia-para-inspirar-as-geracoes-do-futuro-em-viseu-dao-lafoes\/\",\"name\":\"Laborat\u00f3rio M\u00f3vel das Ci\u00eancias inicia itiner\u00e2ncia para inspirar as gera\u00e7\u00f5es do futuro em Viseu D\u00e3o Laf\u00f5es - Atelier do Caractere\",\"isPartOf\":{\"@id\":\"https:\/\/www.atelierdocaractere.pt\/brevemente\/#website\"},\"datePublished\":\"2024-11-20T11:01:25+00:00\",\"dateModified\":\"2024-11-22T11:08:34+00:00\",\"author\":{\"@id\":\"https:\/\/www.atelierdocaractere.pt\/brevemente\/#\/schema\/person\/f2f096eb0f27d9894725af22cb97c0db\"},\"breadcrumb\":{\"@id\":\"https:\/\/www.atelierdocaractere.pt\/brevemente\/laboratorio-movel-das-ciencias-inicia-itinerancia-para-inspirar-as-geracoes-do-futuro-em-viseu-dao-lafoes\/#breadcrumb\"},\"inLanguage\":\"pt-PT\",\"potentialAction\":[{\"@type\":\"ReadAction\",\"target\":[\"https:\/\/www.atelierdocaractere.pt\/brevemente\/laboratorio-movel-das-ciencias-inicia-itinerancia-para-inspirar-as-geracoes-do-futuro-em-viseu-dao-lafoes\/\"]}]},{\"@type\":\"BreadcrumbList\",\"@id\":\"https:\/\/www.atelierdocaractere.pt\/brevemente\/laboratorio-movel-das-ciencias-inicia-itinerancia-para-inspirar-as-geracoes-do-futuro-em-viseu-dao-lafoes\/#breadcrumb\",\"itemListElement\":[{\"@type\":\"ListItem\",\"position\":1,\"name\":\"In\u00edcio\",\"item\":\"https:\/\/www.atelierdocaractere.pt\/brevemente\/\"},{\"@type\":\"ListItem\",\"position\":2,\"name\":\"Laborat\u00f3rio M\u00f3vel das Ci\u00eancias inicia itiner\u00e2ncia para inspirar as gera\u00e7\u00f5es do futuro em Viseu D\u00e3o Laf\u00f5es\"}]},{\"@type\":\"WebSite\",\"@id\":\"https:\/\/www.atelierdocaractere.pt\/brevemente\/#website\",\"url\":\"https:\/\/www.atelierdocaractere.pt\/brevemente\/\",\"name\":\"Atelier do Caractere\",\"description\":\"\",\"potentialAction\":[{\"@type\":\"SearchAction\",\"target\":{\"@type\":\"EntryPoint\",\"urlTemplate\":\"https:\/\/www.atelierdocaractere.pt\/brevemente\/?s={search_term_string}\"},\"query-input\":\"required name=search_term_string\"}],\"inLanguage\":\"pt-PT\"},{\"@type\":\"Person\",\"@id\":\"https:\/\/www.atelierdocaractere.pt\/brevemente\/#\/schema\/person\/f2f096eb0f27d9894725af22cb97c0db\",\"name\":\"Joana Barbosa\",\"image\":{\"@type\":\"ImageObject\",\"inLanguage\":\"pt-PT\",\"@id\":\"https:\/\/www.atelierdocaractere.pt\/brevemente\/#\/schema\/person\/image\/\",\"url\":\"https:\/\/secure.gravatar.com\/avatar\/33e8214b45e9d68a3a83008731075979?s=96&d=mm&r=g\",\"contentUrl\":\"https:\/\/secure.gravatar.com\/avatar\/33e8214b45e9d68a3a83008731075979?s=96&d=mm&r=g\",\"caption\":\"Joana Barbosa\"},\"url\":\"https:\/\/www.atelierdocaractere.pt\/brevemente\/author\/joanabarbosa\/\"}]}<\/script>\n<!-- \/ Yoast SEO plugin. -->","yoast_head_json":{"title":"Laborat\u00f3rio M\u00f3vel das Ci\u00eancias inicia itiner\u00e2ncia para inspirar as gera\u00e7\u00f5es do futuro em Viseu D\u00e3o Laf\u00f5es - Atelier do Caractere","robots":{"index":"index","follow":"follow","max-snippet":"max-snippet:-1","max-image-preview":"max-image-preview:large","max-video-preview":"max-video-preview:-1"},"canonical":"https:\/\/www.atelierdocaractere.pt\/brevemente\/laboratorio-movel-das-ciencias-inicia-itinerancia-para-inspirar-as-geracoes-do-futuro-em-viseu-dao-lafoes\/","og_locale":"pt_PT","og_type":"article","og_title":"Laborat\u00f3rio M\u00f3vel das Ci\u00eancias inicia itiner\u00e2ncia para inspirar as gera\u00e7\u00f5es do futuro em Viseu D\u00e3o Laf\u00f5es - Atelier do Caractere","og_description":"Projeto \u201cExplorast\u00f3rias\u201d, destinado aos alunos do pr\u00e9-escolar\u00a0e uma nova imagem s\u00e3o as grandes novidades deste ano. Hoje, dia 20 de...","og_url":"https:\/\/www.atelierdocaractere.pt\/brevemente\/laboratorio-movel-das-ciencias-inicia-itinerancia-para-inspirar-as-geracoes-do-futuro-em-viseu-dao-lafoes\/","og_site_name":"Atelier do Caractere","article_publisher":"https:\/\/www.facebook.com\/AtelierdoCaractere","article_published_time":"2024-11-20T11:01:25+00:00","article_modified_time":"2024-11-22T11:08:34+00:00","og_image":[{"width":1920,"height":1440,"url":"https:\/\/www.atelierdocaractere.pt\/wp-content\/uploads\/2024\/11\/laboratorio-11.jpg","type":"image\/jpeg"}],"author":"Joana Barbosa","twitter_card":"summary_large_image","twitter_misc":{"Escrito por":"Joana Barbosa","Tempo estimado de leitura":"6 minutos"},"schema":{"@context":"https:\/\/schema.org","@graph":[{"@type":"WebPage","@id":"https:\/\/www.atelierdocaractere.pt\/brevemente\/laboratorio-movel-das-ciencias-inicia-itinerancia-para-inspirar-as-geracoes-do-futuro-em-viseu-dao-lafoes\/","url":"https:\/\/www.atelierdocaractere.pt\/brevemente\/laboratorio-movel-das-ciencias-inicia-itinerancia-para-inspirar-as-geracoes-do-futuro-em-viseu-dao-lafoes\/","name":"Laborat\u00f3rio M\u00f3vel das Ci\u00eancias inicia itiner\u00e2ncia para inspirar as gera\u00e7\u00f5es do futuro em Viseu D\u00e3o Laf\u00f5es - Atelier do Caractere","isPartOf":{"@id":"https:\/\/www.atelierdocaractere.pt\/brevemente\/#website"},"datePublished":"2024-11-20T11:01:25+00:00","dateModified":"2024-11-22T11:08:34+00:00","author":{"@id":"https:\/\/www.atelierdocaractere.pt\/brevemente\/#\/schema\/person\/f2f096eb0f27d9894725af22cb97c0db"},"breadcrumb":{"@id":"https:\/\/www.atelierdocaractere.pt\/brevemente\/laboratorio-movel-das-ciencias-inicia-itinerancia-para-inspirar-as-geracoes-do-futuro-em-viseu-dao-lafoes\/#breadcrumb"},"inLanguage":"pt-PT","potentialAction":[{"@type":"ReadAction","target":["https:\/\/www.atelierdocaractere.pt\/brevemente\/laboratorio-movel-das-ciencias-inicia-itinerancia-para-inspirar-as-geracoes-do-futuro-em-viseu-dao-lafoes\/"]}]},{"@type":"BreadcrumbList","@id":"https:\/\/www.atelierdocaractere.pt\/brevemente\/laboratorio-movel-das-ciencias-inicia-itinerancia-para-inspirar-as-geracoes-do-futuro-em-viseu-dao-lafoes\/#breadcrumb","itemListElement":[{"@type":"ListItem","position":1,"name":"In\u00edcio","item":"https:\/\/www.atelierdocaractere.pt\/brevemente\/"},{"@type":"ListItem","position":2,"name":"Laborat\u00f3rio M\u00f3vel das Ci\u00eancias inicia itiner\u00e2ncia para inspirar as gera\u00e7\u00f5es do futuro em Viseu D\u00e3o Laf\u00f5es"}]},{"@type":"WebSite","@id":"https:\/\/www.atelierdocaractere.pt\/brevemente\/#website","url":"https:\/\/www.atelierdocaractere.pt\/brevemente\/","name":"Atelier do Caractere","description":"","potentialAction":[{"@type":"SearchAction","target":{"@type":"EntryPoint","urlTemplate":"https:\/\/www.atelierdocaractere.pt\/brevemente\/?s={search_term_string}"},"query-input":"required name=search_term_string"}],"inLanguage":"pt-PT"},{"@type":"Person","@id":"https:\/\/www.atelierdocaractere.pt\/brevemente\/#\/schema\/person\/f2f096eb0f27d9894725af22cb97c0db","name":"Joana Barbosa","image":{"@type":"ImageObject","inLanguage":"pt-PT","@id":"https:\/\/www.atelierdocaractere.pt\/brevemente\/#\/schema\/person\/image\/","url":"https:\/\/secure.gravatar.com\/avatar\/33e8214b45e9d68a3a83008731075979?s=96&d=mm&r=g","contentUrl":"https:\/\/secure.gravatar.com\/avatar\/33e8214b45e9d68a3a83008731075979?s=96&d=mm&r=g","caption":"Joana Barbosa"},"url":"https:\/\/www.atelierdocaractere.pt\/brevemente\/author\/joanabarbosa\/"}]}},"_links":{"self":[{"href":"https:\/\/www.atelierdocaractere.pt\/brevemente\/wp-json\/wp\/v2\/posts\/13450"}],"collection":[{"href":"https:\/\/www.atelierdocaractere.pt\/brevemente\/wp-json\/wp\/v2\/posts"}],"about":[{"href":"https:\/\/www.atelierdocaractere.pt\/brevemente\/wp-json\/wp\/v2\/types\/post"}],"author":[{"embeddable":true,"href":"https:\/\/www.atelierdocaractere.pt\/brevemente\/wp-json\/wp\/v2\/users\/7"}],"replies":[{"embeddable":true,"href":"https:\/\/www.atelierdocaractere.pt\/brevemente\/wp-json\/wp\/v2\/comments?post=13450"}],"version-history":[{"count":1,"href":"https:\/\/www.atelierdocaractere.pt\/brevemente\/wp-json\/wp\/v2\/posts\/13450\/revisions"}],"predecessor-version":[{"id":13455,"href":"https:\/\/www.atelierdocaractere.pt\/brevemente\/wp-json\/wp\/v2\/posts\/13450\/revisions\/13455"}],"wp:featuredmedia":[{"embeddable":true,"href":"https:\/\/www.atelierdocaractere.pt\/brevemente\/wp-json\/wp\/v2\/media\/13451"}],"wp:attachment":[{"href":"https:\/\/www.atelierdocaractere.pt\/brevemente\/wp-json\/wp\/v2\/media?parent=13450"}],"wp:term":[{"taxonomy":"category","embeddable":true,"href":"https:\/\/www.atelierdocaractere.pt\/brevemente\/wp-json\/wp\/v2\/categories?post=13450"},{"taxonomy":"post_tag","embeddable":true,"href":"https:\/\/www.atelierdocaractere.pt\/brevemente\/wp-json\/wp\/v2\/tags?post=13450"}],"curies":[{"name":"wp","href":"https:\/\/api.w.org\/{rel}","templated":true}]}}