{"id":13456,"date":"2024-11-22T13:35:51","date_gmt":"2024-11-22T13:35:51","guid":{"rendered":"https:\/\/www.atelierdocaractere.pt\/brevemente\/?p=13456"},"modified":"2024-11-22T13:35:56","modified_gmt":"2024-11-22T13:35:56","slug":"observatorio-do-turismo-sustentavel-do-centro-de-portugal-lanca-inquerito-a-residentes-sobre-impacto-do-turismo-na-regiao","status":"publish","type":"post","link":"https:\/\/www.atelierdocaractere.pt\/brevemente\/observatorio-do-turismo-sustentavel-do-centro-de-portugal-lanca-inquerito-a-residentes-sobre-impacto-do-turismo-na-regiao\/","title":{"rendered":"Observat\u00f3rio do Turismo Sustent\u00e1vel do Centro de Portugal lan\u00e7a inqu\u00e9rito a residentes sobre impacto do turismo na regi\u00e3o"},"content":{"rendered":"\n<p><strong>Inqu\u00e9rito est\u00e1 dispon\u00edvel online e pode ser respondido at\u00e9 30 de novembro.<\/strong><\/p>\n\n\n\n<figure class=\"wp-block-image size-large\"><img decoding=\"async\" width=\"1024\" height=\"662\" src=\"https:\/\/www.atelierdocaractere.pt\/wp-content\/uploads\/2024\/11\/45056570511-a7fc8984ef-o-1024x662.jpg\" alt=\"\" class=\"wp-image-13457\" srcset=\"https:\/\/www.atelierdocaractere.pt\/wp-content\/uploads\/2024\/11\/45056570511-a7fc8984ef-o-1024x662.jpg 1024w, https:\/\/www.atelierdocaractere.pt\/wp-content\/uploads\/2024\/11\/45056570511-a7fc8984ef-o-300x194.jpg 300w, https:\/\/www.atelierdocaractere.pt\/wp-content\/uploads\/2024\/11\/45056570511-a7fc8984ef-o-768x497.jpg 768w, https:\/\/www.atelierdocaractere.pt\/wp-content\/uploads\/2024\/11\/45056570511-a7fc8984ef-o-1536x994.jpg 1536w, https:\/\/www.atelierdocaractere.pt\/wp-content\/uploads\/2024\/11\/45056570511-a7fc8984ef-o.jpg 1920w\" sizes=\"(max-width: 1024px) 100vw, 1024px\" \/><\/figure>\n\n\n\n<p>O&nbsp;<strong>Observat\u00f3rio do Turismo Sustent\u00e1vel do Centro de Portugal<\/strong>&nbsp;(OTSCP) lan\u00e7ou um inqu\u00e9rito online, em que pretende conhecer a opini\u00e3o dos residentes na regi\u00e3o Centro sobre os impactos do turismo na regi\u00e3o. O inqu\u00e9rito pode ser respondido na liga\u00e7\u00e3o&nbsp;<a href=\"https:\/\/turismodocentro.us17.list-manage.com\/track\/click?u=9b14ef0c6c1999e92ddae9fc9&amp;id=5ab2921003&amp;e=cf2176b759\">https:\/\/bit.ly\/4i0TBkb<\/a>, at\u00e9 30 de novembro.<\/p>\n\n\n\n<p>O inqu\u00e9rito, com o nome&nbsp;<strong>\u201cO Turismo na Perspetiva dos Residentes &#8211; Centro de Portugal 2024\u201d<\/strong>, avalia a perce\u00e7\u00e3o dos residentes de qualquer um dos 100 munic\u00edpios da regi\u00e3o sobre os impactos, positivos ou negativos, do turismo em diversos dom\u00ednios.<\/p>\n\n\n\n<p>Atrav\u00e9s deste estudo, que demora apenas cinco minutos a responder, o Observat\u00f3rio procura recolher opini\u00f5es sobre os efeitos do turismo em \u00e1reas como a cria\u00e7\u00e3o de emprego, a dinamiza\u00e7\u00e3o da economia local, a melhoria de infraestruturas b\u00e1sicas, o aumento de op\u00e7\u00f5es culturais e de lazer, a requalifica\u00e7\u00e3o urbana e a conserva\u00e7\u00e3o do patrim\u00f3nio natural. Simultaneamente, analisa poss\u00edveis impactos negativos, como o aumento do custo de vida, a superlota\u00e7\u00e3o urbana, o vandalismo, a polui\u00e7\u00e3o visual e sonora e a gest\u00e3o de res\u00edduos.<\/p>\n\n\n\n<p>Para&nbsp;<strong>Francisco Dias<\/strong>, coordenador do OTSCP, a participa\u00e7\u00e3o dos residentes \u00e9 crucial:&nbsp;<em>\u201cO juiz supremo a quem incumbe confirmar o veredito sobre o n\u00edvel de sustentabilidade do turismo no Centro de Portugal s\u00e3o os cidad\u00e3os que residem na regi\u00e3o. Em \u00faltima an\u00e1lise, o turismo s\u00f3 traz benef\u00edcios \u00e0 regi\u00e3o se os residentes forem dos principais benefici\u00e1rios desta atividade\u201d<\/em>.<\/p>\n\n\n\n<p><em>\u201cPresume-se que uma avalia\u00e7\u00e3o globalmente positiva destes itens ser\u00e1 o testemunho de que as co<\/em><em>munidades locais est\u00e3o diretamente envolvidas no planeamento do turismo, a n\u00edvel local e regional, e que os&nbsp;<\/em><em>residentes consideram o turismo ben\u00e9fico para si e para as suas comunidades\u201d<\/em>, acrescenta Francisco Dias.<\/p>\n\n\n\n<p><strong>Monitorizar o turismo em todas as vertentes<\/strong><\/p>\n\n\n\n<p>O&nbsp;<strong>Observat\u00f3rio do Turismo Sustent\u00e1vel do Centro de Portugal<\/strong>&nbsp;foi criado pela&nbsp;<strong>Turismo Centro de Portugal<\/strong>, em parceria com o&nbsp;<strong>Instituto Polit\u00e9cnico de Leiria<\/strong>, atrav\u00e9s do CiTUR \u2013 Centro de Investiga\u00e7\u00e3o, Desenvolvimento e Inova\u00e7\u00e3o em Turismo do Polit\u00e9cnico de Leiria. A sua miss\u00e3o consiste em monitorizar todos os aspetos relacionados com o turismo na regi\u00e3o, fornecendo informa\u00e7\u00f5es de valor \u00e0s empresas e organiza\u00e7\u00f5es. Desta forma, constitui um apoio fundamental \u00e0 tomada de decis\u00e3o dos protagonistas da atividade tur\u00edstica no territ\u00f3rio.<\/p>\n\n\n\n<p>O Conselho T\u00e9cnico-Cient\u00edfico do Observat\u00f3rio \u00e9 composto por 30 investigadores de v\u00e1rias institui\u00e7\u00f5es de ensino superior no Centro de Portugal. O Conselho Consultivo Empresarial integra os principais empres\u00e1rios e institui\u00e7\u00f5es representativas da atividade tur\u00edstica na regi\u00e3o.<\/p>\n\n\n\n<p><strong>Sobre a Turismo Centro de Portugal:<\/strong><\/p>\n\n\n\n<p>A Turismo Centro de Portugal \u00e9 a entidade que estrutura e promove o turismo na Regi\u00e3o Centro do pa\u00eds. Esta \u00e9 a maior e mais diversificada \u00e1rea tur\u00edstica nacional, abrangendo 100 munic\u00edpios, e tem registado um intenso crescimento da procura interna e externa. \u00c9 a regi\u00e3o a escolher para quem pretende experi\u00eancias diversificadas, pois concilia locais Patrim\u00f3nio da Humanidade com a melhor costa de surf da Europa, termas e spas id\u00edlicos, locais de culto de import\u00e2ncia mundial e as mais belas aldeias.<\/p>\n","protected":false},"excerpt":{"rendered":"<p>Inqu\u00e9rito est\u00e1 dispon\u00edvel online e pode ser respondido at\u00e9 30 de novembro. O&nbsp;Observat\u00f3rio do Turismo Sustent\u00e1vel do Centro de Portugal&nbsp;(OTSCP)&#8230;<\/p>\n","protected":false},"author":7,"featured_media":13457,"comment_status":"closed","ping_status":"open","sticky":false,"template":"","format":"standard","meta":[],"categories":[39],"tags":[464,349,346,345],"yoast_head":"<!-- This site is optimized with the Yoast SEO plugin v20.12 - https:\/\/yoast.com\/wordpress\/plugins\/seo\/ -->\n<title>Observat\u00f3rio do Turismo Sustent\u00e1vel do Centro de Portugal lan\u00e7a inqu\u00e9rito a residentes sobre impacto do turismo na regi\u00e3o - Atelier do Caractere<\/title>\n<meta name=\"robots\" content=\"index, follow, max-snippet:-1, max-image-preview:large, max-video-preview:-1\" \/>\n<link rel=\"canonical\" href=\"https:\/\/www.atelierdocaractere.pt\/brevemente\/observatorio-do-turismo-sustentavel-do-centro-de-portugal-lanca-inquerito-a-residentes-sobre-impacto-do-turismo-na-regiao\/\" \/>\n<meta property=\"og:locale\" content=\"pt_PT\" \/>\n<meta property=\"og:type\" content=\"article\" \/>\n<meta property=\"og:title\" content=\"Observat\u00f3rio do Turismo Sustent\u00e1vel do Centro de Portugal lan\u00e7a inqu\u00e9rito a residentes sobre impacto do turismo na regi\u00e3o - Atelier do Caractere\" \/>\n<meta property=\"og:description\" content=\"Inqu\u00e9rito est\u00e1 dispon\u00edvel online e pode ser respondido at\u00e9 30 de novembro. O&nbsp;Observat\u00f3rio do Turismo Sustent\u00e1vel do Centro de Portugal&nbsp;(OTSCP)...\" \/>\n<meta property=\"og:url\" content=\"https:\/\/www.atelierdocaractere.pt\/brevemente\/observatorio-do-turismo-sustentavel-do-centro-de-portugal-lanca-inquerito-a-residentes-sobre-impacto-do-turismo-na-regiao\/\" \/>\n<meta property=\"og:site_name\" content=\"Atelier do Caractere\" \/>\n<meta property=\"article:publisher\" content=\"https:\/\/www.facebook.com\/AtelierdoCaractere\" \/>\n<meta property=\"article:published_time\" content=\"2024-11-22T13:35:51+00:00\" \/>\n<meta property=\"article:modified_time\" content=\"2024-11-22T13:35:56+00:00\" \/>\n<meta property=\"og:image\" content=\"https:\/\/www.atelierdocaractere.pt\/wp-content\/uploads\/2024\/11\/45056570511-a7fc8984ef-o.jpg\" \/>\n\t<meta property=\"og:image:width\" content=\"1920\" \/>\n\t<meta property=\"og:image:height\" content=\"1242\" \/>\n\t<meta property=\"og:image:type\" content=\"image\/jpeg\" \/>\n<meta name=\"author\" content=\"Joana Barbosa\" \/>\n<meta name=\"twitter:card\" content=\"summary_large_image\" \/>\n<meta name=\"twitter:label1\" content=\"Escrito por\" \/>\n\t<meta name=\"twitter:data1\" content=\"Joana Barbosa\" \/>\n\t<meta name=\"twitter:label2\" content=\"Tempo estimado de leitura\" \/>\n\t<meta name=\"twitter:data2\" content=\"3 minutos\" \/>\n<script type=\"application\/ld+json\" class=\"yoast-schema-graph\">{\"@context\":\"https:\/\/schema.org\",\"@graph\":[{\"@type\":\"WebPage\",\"@id\":\"https:\/\/www.atelierdocaractere.pt\/brevemente\/observatorio-do-turismo-sustentavel-do-centro-de-portugal-lanca-inquerito-a-residentes-sobre-impacto-do-turismo-na-regiao\/\",\"url\":\"https:\/\/www.atelierdocaractere.pt\/brevemente\/observatorio-do-turismo-sustentavel-do-centro-de-portugal-lanca-inquerito-a-residentes-sobre-impacto-do-turismo-na-regiao\/\",\"name\":\"Observat\u00f3rio do Turismo Sustent\u00e1vel do Centro de Portugal lan\u00e7a inqu\u00e9rito a residentes sobre impacto do turismo na regi\u00e3o - Atelier do Caractere\",\"isPartOf\":{\"@id\":\"https:\/\/www.atelierdocaractere.pt\/brevemente\/#website\"},\"datePublished\":\"2024-11-22T13:35:51+00:00\",\"dateModified\":\"2024-11-22T13:35:56+00:00\",\"author\":{\"@id\":\"https:\/\/www.atelierdocaractere.pt\/brevemente\/#\/schema\/person\/f2f096eb0f27d9894725af22cb97c0db\"},\"breadcrumb\":{\"@id\":\"https:\/\/www.atelierdocaractere.pt\/brevemente\/observatorio-do-turismo-sustentavel-do-centro-de-portugal-lanca-inquerito-a-residentes-sobre-impacto-do-turismo-na-regiao\/#breadcrumb\"},\"inLanguage\":\"pt-PT\",\"potentialAction\":[{\"@type\":\"ReadAction\",\"target\":[\"https:\/\/www.atelierdocaractere.pt\/brevemente\/observatorio-do-turismo-sustentavel-do-centro-de-portugal-lanca-inquerito-a-residentes-sobre-impacto-do-turismo-na-regiao\/\"]}]},{\"@type\":\"BreadcrumbList\",\"@id\":\"https:\/\/www.atelierdocaractere.pt\/brevemente\/observatorio-do-turismo-sustentavel-do-centro-de-portugal-lanca-inquerito-a-residentes-sobre-impacto-do-turismo-na-regiao\/#breadcrumb\",\"itemListElement\":[{\"@type\":\"ListItem\",\"position\":1,\"name\":\"In\u00edcio\",\"item\":\"https:\/\/www.atelierdocaractere.pt\/brevemente\/\"},{\"@type\":\"ListItem\",\"position\":2,\"name\":\"Observat\u00f3rio do Turismo Sustent\u00e1vel do Centro de Portugal lan\u00e7a inqu\u00e9rito a residentes sobre impacto do turismo na regi\u00e3o\"}]},{\"@type\":\"WebSite\",\"@id\":\"https:\/\/www.atelierdocaractere.pt\/brevemente\/#website\",\"url\":\"https:\/\/www.atelierdocaractere.pt\/brevemente\/\",\"name\":\"Atelier do Caractere\",\"description\":\"\",\"potentialAction\":[{\"@type\":\"SearchAction\",\"target\":{\"@type\":\"EntryPoint\",\"urlTemplate\":\"https:\/\/www.atelierdocaractere.pt\/brevemente\/?s={search_term_string}\"},\"query-input\":\"required name=search_term_string\"}],\"inLanguage\":\"pt-PT\"},{\"@type\":\"Person\",\"@id\":\"https:\/\/www.atelierdocaractere.pt\/brevemente\/#\/schema\/person\/f2f096eb0f27d9894725af22cb97c0db\",\"name\":\"Joana Barbosa\",\"image\":{\"@type\":\"ImageObject\",\"inLanguage\":\"pt-PT\",\"@id\":\"https:\/\/www.atelierdocaractere.pt\/brevemente\/#\/schema\/person\/image\/\",\"url\":\"https:\/\/secure.gravatar.com\/avatar\/33e8214b45e9d68a3a83008731075979?s=96&d=mm&r=g\",\"contentUrl\":\"https:\/\/secure.gravatar.com\/avatar\/33e8214b45e9d68a3a83008731075979?s=96&d=mm&r=g\",\"caption\":\"Joana Barbosa\"},\"url\":\"https:\/\/www.atelierdocaractere.pt\/brevemente\/author\/joanabarbosa\/\"}]}<\/script>\n<!-- \/ Yoast SEO plugin. -->","yoast_head_json":{"title":"Observat\u00f3rio do Turismo Sustent\u00e1vel do Centro de Portugal lan\u00e7a inqu\u00e9rito a residentes sobre impacto do turismo na regi\u00e3o - Atelier do Caractere","robots":{"index":"index","follow":"follow","max-snippet":"max-snippet:-1","max-image-preview":"max-image-preview:large","max-video-preview":"max-video-preview:-1"},"canonical":"https:\/\/www.atelierdocaractere.pt\/brevemente\/observatorio-do-turismo-sustentavel-do-centro-de-portugal-lanca-inquerito-a-residentes-sobre-impacto-do-turismo-na-regiao\/","og_locale":"pt_PT","og_type":"article","og_title":"Observat\u00f3rio do Turismo Sustent\u00e1vel do Centro de Portugal lan\u00e7a inqu\u00e9rito a residentes sobre impacto do turismo na regi\u00e3o - Atelier do Caractere","og_description":"Inqu\u00e9rito est\u00e1 dispon\u00edvel online e pode ser respondido at\u00e9 30 de novembro. O&nbsp;Observat\u00f3rio do Turismo Sustent\u00e1vel do Centro de Portugal&nbsp;(OTSCP)...","og_url":"https:\/\/www.atelierdocaractere.pt\/brevemente\/observatorio-do-turismo-sustentavel-do-centro-de-portugal-lanca-inquerito-a-residentes-sobre-impacto-do-turismo-na-regiao\/","og_site_name":"Atelier do Caractere","article_publisher":"https:\/\/www.facebook.com\/AtelierdoCaractere","article_published_time":"2024-11-22T13:35:51+00:00","article_modified_time":"2024-11-22T13:35:56+00:00","og_image":[{"width":1920,"height":1242,"url":"https:\/\/www.atelierdocaractere.pt\/wp-content\/uploads\/2024\/11\/45056570511-a7fc8984ef-o.jpg","type":"image\/jpeg"}],"author":"Joana Barbosa","twitter_card":"summary_large_image","twitter_misc":{"Escrito por":"Joana Barbosa","Tempo estimado de leitura":"3 minutos"},"schema":{"@context":"https:\/\/schema.org","@graph":[{"@type":"WebPage","@id":"https:\/\/www.atelierdocaractere.pt\/brevemente\/observatorio-do-turismo-sustentavel-do-centro-de-portugal-lanca-inquerito-a-residentes-sobre-impacto-do-turismo-na-regiao\/","url":"https:\/\/www.atelierdocaractere.pt\/brevemente\/observatorio-do-turismo-sustentavel-do-centro-de-portugal-lanca-inquerito-a-residentes-sobre-impacto-do-turismo-na-regiao\/","name":"Observat\u00f3rio do Turismo Sustent\u00e1vel do Centro de Portugal lan\u00e7a inqu\u00e9rito a residentes sobre impacto do turismo na regi\u00e3o - Atelier do Caractere","isPartOf":{"@id":"https:\/\/www.atelierdocaractere.pt\/brevemente\/#website"},"datePublished":"2024-11-22T13:35:51+00:00","dateModified":"2024-11-22T13:35:56+00:00","author":{"@id":"https:\/\/www.atelierdocaractere.pt\/brevemente\/#\/schema\/person\/f2f096eb0f27d9894725af22cb97c0db"},"breadcrumb":{"@id":"https:\/\/www.atelierdocaractere.pt\/brevemente\/observatorio-do-turismo-sustentavel-do-centro-de-portugal-lanca-inquerito-a-residentes-sobre-impacto-do-turismo-na-regiao\/#breadcrumb"},"inLanguage":"pt-PT","potentialAction":[{"@type":"ReadAction","target":["https:\/\/www.atelierdocaractere.pt\/brevemente\/observatorio-do-turismo-sustentavel-do-centro-de-portugal-lanca-inquerito-a-residentes-sobre-impacto-do-turismo-na-regiao\/"]}]},{"@type":"BreadcrumbList","@id":"https:\/\/www.atelierdocaractere.pt\/brevemente\/observatorio-do-turismo-sustentavel-do-centro-de-portugal-lanca-inquerito-a-residentes-sobre-impacto-do-turismo-na-regiao\/#breadcrumb","itemListElement":[{"@type":"ListItem","position":1,"name":"In\u00edcio","item":"https:\/\/www.atelierdocaractere.pt\/brevemente\/"},{"@type":"ListItem","position":2,"name":"Observat\u00f3rio do Turismo Sustent\u00e1vel do Centro de Portugal lan\u00e7a inqu\u00e9rito a residentes sobre impacto do turismo na regi\u00e3o"}]},{"@type":"WebSite","@id":"https:\/\/www.atelierdocaractere.pt\/brevemente\/#website","url":"https:\/\/www.atelierdocaractere.pt\/brevemente\/","name":"Atelier do Caractere","description":"","potentialAction":[{"@type":"SearchAction","target":{"@type":"EntryPoint","urlTemplate":"https:\/\/www.atelierdocaractere.pt\/brevemente\/?s={search_term_string}"},"query-input":"required name=search_term_string"}],"inLanguage":"pt-PT"},{"@type":"Person","@id":"https:\/\/www.atelierdocaractere.pt\/brevemente\/#\/schema\/person\/f2f096eb0f27d9894725af22cb97c0db","name":"Joana Barbosa","image":{"@type":"ImageObject","inLanguage":"pt-PT","@id":"https:\/\/www.atelierdocaractere.pt\/brevemente\/#\/schema\/person\/image\/","url":"https:\/\/secure.gravatar.com\/avatar\/33e8214b45e9d68a3a83008731075979?s=96&d=mm&r=g","contentUrl":"https:\/\/secure.gravatar.com\/avatar\/33e8214b45e9d68a3a83008731075979?s=96&d=mm&r=g","caption":"Joana Barbosa"},"url":"https:\/\/www.atelierdocaractere.pt\/brevemente\/author\/joanabarbosa\/"}]}},"_links":{"self":[{"href":"https:\/\/www.atelierdocaractere.pt\/brevemente\/wp-json\/wp\/v2\/posts\/13456"}],"collection":[{"href":"https:\/\/www.atelierdocaractere.pt\/brevemente\/wp-json\/wp\/v2\/posts"}],"about":[{"href":"https:\/\/www.atelierdocaractere.pt\/brevemente\/wp-json\/wp\/v2\/types\/post"}],"author":[{"embeddable":true,"href":"https:\/\/www.atelierdocaractere.pt\/brevemente\/wp-json\/wp\/v2\/users\/7"}],"replies":[{"embeddable":true,"href":"https:\/\/www.atelierdocaractere.pt\/brevemente\/wp-json\/wp\/v2\/comments?post=13456"}],"version-history":[{"count":1,"href":"https:\/\/www.atelierdocaractere.pt\/brevemente\/wp-json\/wp\/v2\/posts\/13456\/revisions"}],"predecessor-version":[{"id":13458,"href":"https:\/\/www.atelierdocaractere.pt\/brevemente\/wp-json\/wp\/v2\/posts\/13456\/revisions\/13458"}],"wp:featuredmedia":[{"embeddable":true,"href":"https:\/\/www.atelierdocaractere.pt\/brevemente\/wp-json\/wp\/v2\/media\/13457"}],"wp:attachment":[{"href":"https:\/\/www.atelierdocaractere.pt\/brevemente\/wp-json\/wp\/v2\/media?parent=13456"}],"wp:term":[{"taxonomy":"category","embeddable":true,"href":"https:\/\/www.atelierdocaractere.pt\/brevemente\/wp-json\/wp\/v2\/categories?post=13456"},{"taxonomy":"post_tag","embeddable":true,"href":"https:\/\/www.atelierdocaractere.pt\/brevemente\/wp-json\/wp\/v2\/tags?post=13456"}],"curies":[{"name":"wp","href":"https:\/\/api.w.org\/{rel}","templated":true}]}}