{"id":13459,"date":"2024-11-25T15:28:19","date_gmt":"2024-11-25T15:28:19","guid":{"rendered":"https:\/\/www.atelierdocaractere.pt\/brevemente\/?p=13459"},"modified":"2024-11-26T15:55:50","modified_gmt":"2024-11-26T15:55:50","slug":"empresas-de-congressos-animacao-turistica-e-eventos-reunidas-em-tomar-para-debater-a-liberdade-no-setor","status":"publish","type":"post","link":"https:\/\/www.atelierdocaractere.pt\/brevemente\/empresas-de-congressos-animacao-turistica-e-eventos-reunidas-em-tomar-para-debater-a-liberdade-no-setor\/","title":{"rendered":"Empresas de Congressos, Anima\u00e7\u00e3o Tur\u00edstica e Eventos reunidas em Tomar para debater \u201ca liberdade\u201d no setor"},"content":{"rendered":"\n<p><strong>12.\u00ba Congresso da APECATE debate o turismo e os desafios da cidadania, 50 anos depois da Revolu\u00e7\u00e3o de Abril.<\/strong><\/p>\n\n\n\n<p>A Liberdade e a Cidadania, 50 anos depois do 25 de Abril, \u00e9 o tema do&nbsp;<strong>12.\u00ba Congresso da APECATE<\/strong>&nbsp;&#8211; Associa\u00e7\u00e3o Portuguesa de Empresas de Congressos, Anima\u00e7\u00e3o Tur\u00edstica e Eventos, que est\u00e1 a decorrer no Cineteatro Para\u00edso, em Tomar.<\/p>\n\n\n\n<p>O evento de dois dias \u2013 25 e 26 de novembro \u2013 re\u00fane profissionais e especialistas para debater os desafios atuais e futuros do setor do Turismo. Os participantes podem assistir a conversas e debates sobre assuntos como \u201c50 anos depois: Liberdade e Cidadania\u201d, \u201cOrdenamento: desafios no espa\u00e7o natural\u201d, \u201cAI \u2013 como aplicar na ind\u00fastria dos eventos e anima\u00e7\u00e3o tur\u00edstica\u201d, \u201cFiscalidade: IVA nacional e internacional\u201d, \u201cOrdenamento: desafios da mobilidade\u201d, e \u201cLobby: sinergias e contextos\u201d. Durante o congresso, ser\u00e3o ainda entregues os Pr\u00e9mios APECATE, que distinguem pessoas ou institui\u00e7\u00f5es de destaque na \u00e1rea.<\/p>\n\n\n\n<p>A sess\u00e3o de abertura contou com interven\u00e7\u00f5es de&nbsp;<strong>Pedro Machado<\/strong>, Secret\u00e1rio de Estado do Turismo,&nbsp;<strong>Francisco Calheiros<\/strong>, Presidente da Confedera\u00e7\u00e3o do Turismo de Portugal,&nbsp;<strong>Anabela Freitas<\/strong>, Vice-Presidente da Turismo Centro de Portugal,&nbsp;<strong>Filipa Fernandes<\/strong>, Vice-Presidente da C\u00e2mara Municipal de Tomar, e&nbsp;<strong>Ant\u00f3nio Marques Vidal<\/strong>, Presidente da APECATE. A cerim\u00f3nia de encerramento estar\u00e1 a cargo de&nbsp;<strong>Carlos Abade<\/strong>, Presidente do Turismo de Portugal.<\/p>\n\n\n\n<p>Na ocasi\u00e3o,&nbsp;<strong>Anabela Freitas<\/strong>&nbsp;destacou o papel essencial das empresas no crescimento tur\u00edstico da regi\u00e3o:&nbsp;<em>\u201cO Centro de Portugal apresenta n\u00fameros excecionais nos principais indicadores da atividade tur\u00edstica, que n\u00e3o seriam alcan\u00e7ados se n\u00e3o fosse o trabalho de todas as empresas do setor do turismo. Est\u00e3o de parab\u00e9ns as empresas, porque est\u00e3o a trabalhar bem, e tamb\u00e9m as popula\u00e7\u00f5es, porque o dinheiro gerado pelo turismo fica nos territ\u00f3rios\u201d<\/em>, sublinhou.<\/p>\n\n\n\n<p>Anabela Freitas lan\u00e7ou ainda dois desafios aos congressistas: aumentar de forma sustent\u00e1vel o n\u00famero de empresas Turismo 360\u00ba com gest\u00e3o ESG no Centro de Portugal; e potenciar o turismo de natureza e ecoturismo ao longo de todo o ano:&nbsp;<em>\u201cO Centro de Portugal tem mais de 1300 ativos naturais. Temos de conseguir conciliar a prote\u00e7\u00e3o dos recursos naturais com a atividade econ\u00f3mica, que deve ser permitida durante todo o ano e n\u00e3o apenas em alguns per\u00edodos\u201d.<\/em><\/p>\n\n\n\n<p>O Programa Empresas Turismo 360\u00b0 incentiva as empresas do setor a reportar o seu desempenho em mat\u00e9ria de sustentabilidade, apoiando-as tecnicamente na integra\u00e7\u00e3o dos fatores ESG \u2013 Environmental, Social and Governance na estrat\u00e9gia de neg\u00f3cio, na gest\u00e3o e na cultura organizacional e orientando-as no processo de reporte regular de informa\u00e7\u00e3o relacionada com as suas pr\u00e1ticas ambientais, sociais e de governa\u00e7\u00e3o.<\/p>\n\n\n\n<p>Por sua vez,&nbsp;<strong>Ant\u00f3nio Marques Vidal<\/strong>&nbsp;reconheceu os avan\u00e7os alcan\u00e7ados nas \u00faltimas d\u00e9cadas, mas alertou para quest\u00f5es estruturais que precisam de ser resolvidas, nomeadamente a excessiva burocracia.&nbsp;<em>\u201cNo setor dos congressos, dos eventos e da anima\u00e7\u00e3o tur\u00edstica, sentimos que este pa\u00eds continua a funcionar de uma maneira desarticulada. Muitas vezes temos de pedir a mesma autoriza\u00e7\u00e3o a tr\u00eas entidades diferentes, o que n\u00e3o faz sentido, \u00e9 desperdi\u00e7ar energias\u201d<\/em>, disse. &nbsp;Al\u00e9m disso, lamentou a falta de envolvimento das associa\u00e7\u00f5es empresariais nos processos de decis\u00e3o p\u00fablica:&nbsp;<em>\u201c\u00c9 urgente exigir que as associa\u00e7\u00f5es empresariais tenham assento em todos os processos. \u00c9 preciso acabar com a cultura de que as entidades do Estado s\u00f3 se consultam a si mesmas, at\u00e9 porque a evolu\u00e7\u00e3o, o saber e o conhecer est\u00e1 muitas vezes mais fora do Estado do que dentro. A APECATE est\u00e1 pronta para isso, para trabalhar, pensar e procurar solu\u00e7\u00f5es\u201d<\/em>.<\/p>\n\n\n\n<p>O presidente da APECATE apontou ainda como prioridade a revis\u00e3o do IVA do setor dos eventos, atualmente a 23%, propondo uma taxa equiparada ao desporto e \u00e0 cultura, que \u00e9 de 6%, de modo a promover o investimento e a sustentabilidade.<\/p>\n\n\n\n<p>A terminar a sess\u00e3o de abertura,&nbsp;<strong>Pedro Machado<\/strong>&nbsp;real\u00e7ou o momento positivo do Turismo em Portugal.&nbsp;<em>\u201cPortugal vive um momento extraordin\u00e1rio no Turismo. Portugal posiciona-se hoje diretamente em 25 mercados internacionais, com 22 produtos tur\u00edsticos, e espera no final deste ano mais de 27.000 milh\u00f5es de euros de receitas, muito acima daquilo que era expect\u00e1vel. Este momento deve-se muito \u00e0s empresas e aos empres\u00e1rios, mas tamb\u00e9m \u00e0 consist\u00eancia e \u00e0 previsibilidade que a pol\u00edtica p\u00fablica tem tido nas \u00faltimas d\u00e9cadas nesta \u00e1rea. H\u00e1 poucos setores que tenham esta consist\u00eancia e solidez na estrat\u00e9gia nacional\u201d<\/em>, elogiou.<\/p>\n\n\n\n<p>O governante desmontou ainda quatro mitos frequentemente associados ao setor, a come\u00e7ar pelo alegado predom\u00ednio de sal\u00e1rios baixos \u2013&nbsp;<em>\u201centre 2017 e 2023, a economia portuguesa cresceu entre 2 e 2,5%; no mesmo per\u00edodo, os sal\u00e1rios do alojamento e da restaura\u00e7\u00e3o cresceram entre 5 e 5,3%. \u00c9 este caminho que queremos prosseguir\u201d<\/em>. Outro mito \u00e9 o \u201cexcesso de turismo\u201d. Pedro Machado exemplificou com o Centro de Portugal, o Alentejo, os A\u00e7ores e outras regi\u00f5es, onde a estadia m\u00e9dia global n\u00e3o ultrapassa os 50%.&nbsp;<em>\u201cQuando se fala em turismo a mais, est\u00e1 a referir-se aos dois ou tr\u00eas focos em que h\u00e1 essa press\u00e3o, que queremos aliviar\u201d<\/em>, considerou. Um terceiro mito \u00e9 a entrada de migrantes como amea\u00e7a ao emprego dos nacionais.&nbsp;<em>\u201cA verdade \u00e9 que h\u00e1 falta de m\u00e3o de obra no setor. Portugal n\u00e3o tem recursos humanos suficientes para responder ao aumento da procura e, por isso precisa de encontrar solu\u00e7\u00f5es fora de Portugal. S\u00e3o migrantes que contribuem para a estabilidade da seguran\u00e7a social\u201d<\/em>, explicou. Finalmente, o mito do impacto do turismo no acesso \u00e0 habita\u00e7\u00e3o:&nbsp;<em>\u201cN\u00e3o h\u00e1 qualquer rela\u00e7\u00e3o direta entre o crescimento da procura tur\u00edstica e o d\u00e9fice de habita\u00e7\u00e3o em Portugal\u201d.<\/em><\/p>\n\n\n\n<p>Pedro Machado respondeu ainda a alguns desafios deixados pela APECATE, nomeadamente em rela\u00e7\u00e3o a um Decreto-Lei que regule a atividade destas empresas.\u00a0<em>\u201cEstamos a conseguir atrair grandes eventos internacionais para Portugal, mas falta fazer algum trabalho de casa. E \u00e9 esse trabalho que estamos a fazer com a APECATE. Precisamos de criar este Decreto-Lei e percebo o enquadramento do desafio da APECATE. Precisamos de trabalhar este tema tamb\u00e9m com a APAVT e com a ASAE, porque h\u00e1 transversalidade na a\u00e7\u00e3o, mas fica aqui este compromisso: a vossa ambi\u00e7\u00e3o \u00e9 a nossa ambi\u00e7\u00e3o. Mais do que organizarem congressos e constru\u00edrem projetos de anima\u00e7\u00e3o tur\u00edstica, as empresas deste setor t\u00eam a capacidade de os fazerem nos quatro cantos do nosso pa\u00eds, mesmo naqueles territ\u00f3rios mais improv\u00e1veis\u201d<\/em>, salientou o Secret\u00e1rio de Estado.<\/p>\n\n\n\n<p><strong>Sobre a Turismo Centro de Portugal:<\/strong><\/p>\n\n\n\n<p>A Turismo Centro de Portugal \u00e9 a entidade que estrutura e promove o turismo na Regi\u00e3o Centro do pa\u00eds. Esta \u00e9 a maior e mais diversificada \u00e1rea tur\u00edstica nacional, abrangendo 100 munic\u00edpios, e tem registado um intenso crescimento da procura interna e externa. \u00c9 a regi\u00e3o a escolher para quem pretende experi\u00eancias diversificadas, pois concilia locais Patrim\u00f3nio da Humanidade com a melhor costa de surf da Europa, termas e spas id\u00edlicos, locais de culto de import\u00e2ncia mundial e as mais belas aldeias.<\/p>\n","protected":false},"excerpt":{"rendered":"<p>12.\u00ba Congresso da APECATE debate o turismo e os desafios da cidadania, 50 anos depois da Revolu\u00e7\u00e3o de Abril. A&#8230;<\/p>\n","protected":false},"author":7,"featured_media":13460,"comment_status":"closed","ping_status":"open","sticky":false,"template":"","format":"standard","meta":[],"categories":[39],"tags":[349,346,345],"yoast_head":"<!-- This site is optimized with the Yoast SEO plugin v20.12 - https:\/\/yoast.com\/wordpress\/plugins\/seo\/ -->\n<title>Empresas de Congressos, Anima\u00e7\u00e3o Tur\u00edstica e Eventos reunidas em Tomar para debater \u201ca liberdade\u201d no setor - Atelier do Caractere<\/title>\n<meta name=\"robots\" content=\"index, follow, max-snippet:-1, max-image-preview:large, max-video-preview:-1\" \/>\n<link rel=\"canonical\" href=\"https:\/\/www.atelierdocaractere.pt\/brevemente\/empresas-de-congressos-animacao-turistica-e-eventos-reunidas-em-tomar-para-debater-a-liberdade-no-setor\/\" \/>\n<meta property=\"og:locale\" content=\"pt_PT\" \/>\n<meta property=\"og:type\" content=\"article\" \/>\n<meta property=\"og:title\" content=\"Empresas de Congressos, Anima\u00e7\u00e3o Tur\u00edstica e Eventos reunidas em Tomar para debater \u201ca liberdade\u201d no setor - Atelier do Caractere\" \/>\n<meta property=\"og:description\" content=\"12.\u00ba Congresso da APECATE debate o turismo e os desafios da cidadania, 50 anos depois da Revolu\u00e7\u00e3o de Abril. A...\" \/>\n<meta property=\"og:url\" content=\"https:\/\/www.atelierdocaractere.pt\/brevemente\/empresas-de-congressos-animacao-turistica-e-eventos-reunidas-em-tomar-para-debater-a-liberdade-no-setor\/\" \/>\n<meta property=\"og:site_name\" content=\"Atelier do Caractere\" \/>\n<meta property=\"article:publisher\" content=\"https:\/\/www.facebook.com\/AtelierdoCaractere\" \/>\n<meta property=\"article:published_time\" content=\"2024-11-25T15:28:19+00:00\" \/>\n<meta property=\"article:modified_time\" content=\"2024-11-26T15:55:50+00:00\" \/>\n<meta property=\"og:image\" content=\"https:\/\/www.atelierdocaractere.pt\/wp-content\/uploads\/2024\/11\/apecate-1.jpg\" \/>\n\t<meta property=\"og:image:width\" content=\"1600\" \/>\n\t<meta property=\"og:image:height\" content=\"1200\" \/>\n\t<meta property=\"og:image:type\" content=\"image\/jpeg\" \/>\n<meta name=\"author\" content=\"Joana Barbosa\" \/>\n<meta name=\"twitter:card\" content=\"summary_large_image\" \/>\n<meta name=\"twitter:label1\" content=\"Escrito por\" \/>\n\t<meta name=\"twitter:data1\" content=\"Joana Barbosa\" \/>\n\t<meta name=\"twitter:label2\" content=\"Tempo estimado de leitura\" \/>\n\t<meta name=\"twitter:data2\" content=\"7 minutos\" \/>\n<script type=\"application\/ld+json\" class=\"yoast-schema-graph\">{\"@context\":\"https:\/\/schema.org\",\"@graph\":[{\"@type\":\"WebPage\",\"@id\":\"https:\/\/www.atelierdocaractere.pt\/brevemente\/empresas-de-congressos-animacao-turistica-e-eventos-reunidas-em-tomar-para-debater-a-liberdade-no-setor\/\",\"url\":\"https:\/\/www.atelierdocaractere.pt\/brevemente\/empresas-de-congressos-animacao-turistica-e-eventos-reunidas-em-tomar-para-debater-a-liberdade-no-setor\/\",\"name\":\"Empresas de Congressos, Anima\u00e7\u00e3o Tur\u00edstica e Eventos reunidas em Tomar para debater \u201ca liberdade\u201d no setor - Atelier do Caractere\",\"isPartOf\":{\"@id\":\"https:\/\/www.atelierdocaractere.pt\/brevemente\/#website\"},\"datePublished\":\"2024-11-25T15:28:19+00:00\",\"dateModified\":\"2024-11-26T15:55:50+00:00\",\"author\":{\"@id\":\"https:\/\/www.atelierdocaractere.pt\/brevemente\/#\/schema\/person\/f2f096eb0f27d9894725af22cb97c0db\"},\"breadcrumb\":{\"@id\":\"https:\/\/www.atelierdocaractere.pt\/brevemente\/empresas-de-congressos-animacao-turistica-e-eventos-reunidas-em-tomar-para-debater-a-liberdade-no-setor\/#breadcrumb\"},\"inLanguage\":\"pt-PT\",\"potentialAction\":[{\"@type\":\"ReadAction\",\"target\":[\"https:\/\/www.atelierdocaractere.pt\/brevemente\/empresas-de-congressos-animacao-turistica-e-eventos-reunidas-em-tomar-para-debater-a-liberdade-no-setor\/\"]}]},{\"@type\":\"BreadcrumbList\",\"@id\":\"https:\/\/www.atelierdocaractere.pt\/brevemente\/empresas-de-congressos-animacao-turistica-e-eventos-reunidas-em-tomar-para-debater-a-liberdade-no-setor\/#breadcrumb\",\"itemListElement\":[{\"@type\":\"ListItem\",\"position\":1,\"name\":\"In\u00edcio\",\"item\":\"https:\/\/www.atelierdocaractere.pt\/brevemente\/\"},{\"@type\":\"ListItem\",\"position\":2,\"name\":\"Empresas de Congressos, Anima\u00e7\u00e3o Tur\u00edstica e Eventos reunidas em Tomar para debater \u201ca liberdade\u201d no setor\"}]},{\"@type\":\"WebSite\",\"@id\":\"https:\/\/www.atelierdocaractere.pt\/brevemente\/#website\",\"url\":\"https:\/\/www.atelierdocaractere.pt\/brevemente\/\",\"name\":\"Atelier do Caractere\",\"description\":\"\",\"potentialAction\":[{\"@type\":\"SearchAction\",\"target\":{\"@type\":\"EntryPoint\",\"urlTemplate\":\"https:\/\/www.atelierdocaractere.pt\/brevemente\/?s={search_term_string}\"},\"query-input\":\"required name=search_term_string\"}],\"inLanguage\":\"pt-PT\"},{\"@type\":\"Person\",\"@id\":\"https:\/\/www.atelierdocaractere.pt\/brevemente\/#\/schema\/person\/f2f096eb0f27d9894725af22cb97c0db\",\"name\":\"Joana Barbosa\",\"image\":{\"@type\":\"ImageObject\",\"inLanguage\":\"pt-PT\",\"@id\":\"https:\/\/www.atelierdocaractere.pt\/brevemente\/#\/schema\/person\/image\/\",\"url\":\"https:\/\/secure.gravatar.com\/avatar\/33e8214b45e9d68a3a83008731075979?s=96&d=mm&r=g\",\"contentUrl\":\"https:\/\/secure.gravatar.com\/avatar\/33e8214b45e9d68a3a83008731075979?s=96&d=mm&r=g\",\"caption\":\"Joana Barbosa\"},\"url\":\"https:\/\/www.atelierdocaractere.pt\/brevemente\/author\/joanabarbosa\/\"}]}<\/script>\n<!-- \/ Yoast SEO plugin. -->","yoast_head_json":{"title":"Empresas de Congressos, Anima\u00e7\u00e3o Tur\u00edstica e Eventos reunidas em Tomar para debater \u201ca liberdade\u201d no setor - Atelier do Caractere","robots":{"index":"index","follow":"follow","max-snippet":"max-snippet:-1","max-image-preview":"max-image-preview:large","max-video-preview":"max-video-preview:-1"},"canonical":"https:\/\/www.atelierdocaractere.pt\/brevemente\/empresas-de-congressos-animacao-turistica-e-eventos-reunidas-em-tomar-para-debater-a-liberdade-no-setor\/","og_locale":"pt_PT","og_type":"article","og_title":"Empresas de Congressos, Anima\u00e7\u00e3o Tur\u00edstica e Eventos reunidas em Tomar para debater \u201ca liberdade\u201d no setor - Atelier do Caractere","og_description":"12.\u00ba Congresso da APECATE debate o turismo e os desafios da cidadania, 50 anos depois da Revolu\u00e7\u00e3o de Abril. A...","og_url":"https:\/\/www.atelierdocaractere.pt\/brevemente\/empresas-de-congressos-animacao-turistica-e-eventos-reunidas-em-tomar-para-debater-a-liberdade-no-setor\/","og_site_name":"Atelier do Caractere","article_publisher":"https:\/\/www.facebook.com\/AtelierdoCaractere","article_published_time":"2024-11-25T15:28:19+00:00","article_modified_time":"2024-11-26T15:55:50+00:00","og_image":[{"width":1600,"height":1200,"url":"https:\/\/www.atelierdocaractere.pt\/wp-content\/uploads\/2024\/11\/apecate-1.jpg","type":"image\/jpeg"}],"author":"Joana Barbosa","twitter_card":"summary_large_image","twitter_misc":{"Escrito por":"Joana Barbosa","Tempo estimado de leitura":"7 minutos"},"schema":{"@context":"https:\/\/schema.org","@graph":[{"@type":"WebPage","@id":"https:\/\/www.atelierdocaractere.pt\/brevemente\/empresas-de-congressos-animacao-turistica-e-eventos-reunidas-em-tomar-para-debater-a-liberdade-no-setor\/","url":"https:\/\/www.atelierdocaractere.pt\/brevemente\/empresas-de-congressos-animacao-turistica-e-eventos-reunidas-em-tomar-para-debater-a-liberdade-no-setor\/","name":"Empresas de Congressos, Anima\u00e7\u00e3o Tur\u00edstica e Eventos reunidas em Tomar para debater \u201ca liberdade\u201d no setor - Atelier do Caractere","isPartOf":{"@id":"https:\/\/www.atelierdocaractere.pt\/brevemente\/#website"},"datePublished":"2024-11-25T15:28:19+00:00","dateModified":"2024-11-26T15:55:50+00:00","author":{"@id":"https:\/\/www.atelierdocaractere.pt\/brevemente\/#\/schema\/person\/f2f096eb0f27d9894725af22cb97c0db"},"breadcrumb":{"@id":"https:\/\/www.atelierdocaractere.pt\/brevemente\/empresas-de-congressos-animacao-turistica-e-eventos-reunidas-em-tomar-para-debater-a-liberdade-no-setor\/#breadcrumb"},"inLanguage":"pt-PT","potentialAction":[{"@type":"ReadAction","target":["https:\/\/www.atelierdocaractere.pt\/brevemente\/empresas-de-congressos-animacao-turistica-e-eventos-reunidas-em-tomar-para-debater-a-liberdade-no-setor\/"]}]},{"@type":"BreadcrumbList","@id":"https:\/\/www.atelierdocaractere.pt\/brevemente\/empresas-de-congressos-animacao-turistica-e-eventos-reunidas-em-tomar-para-debater-a-liberdade-no-setor\/#breadcrumb","itemListElement":[{"@type":"ListItem","position":1,"name":"In\u00edcio","item":"https:\/\/www.atelierdocaractere.pt\/brevemente\/"},{"@type":"ListItem","position":2,"name":"Empresas de Congressos, Anima\u00e7\u00e3o Tur\u00edstica e Eventos reunidas em Tomar para debater \u201ca liberdade\u201d no setor"}]},{"@type":"WebSite","@id":"https:\/\/www.atelierdocaractere.pt\/brevemente\/#website","url":"https:\/\/www.atelierdocaractere.pt\/brevemente\/","name":"Atelier do Caractere","description":"","potentialAction":[{"@type":"SearchAction","target":{"@type":"EntryPoint","urlTemplate":"https:\/\/www.atelierdocaractere.pt\/brevemente\/?s={search_term_string}"},"query-input":"required name=search_term_string"}],"inLanguage":"pt-PT"},{"@type":"Person","@id":"https:\/\/www.atelierdocaractere.pt\/brevemente\/#\/schema\/person\/f2f096eb0f27d9894725af22cb97c0db","name":"Joana Barbosa","image":{"@type":"ImageObject","inLanguage":"pt-PT","@id":"https:\/\/www.atelierdocaractere.pt\/brevemente\/#\/schema\/person\/image\/","url":"https:\/\/secure.gravatar.com\/avatar\/33e8214b45e9d68a3a83008731075979?s=96&d=mm&r=g","contentUrl":"https:\/\/secure.gravatar.com\/avatar\/33e8214b45e9d68a3a83008731075979?s=96&d=mm&r=g","caption":"Joana Barbosa"},"url":"https:\/\/www.atelierdocaractere.pt\/brevemente\/author\/joanabarbosa\/"}]}},"_links":{"self":[{"href":"https:\/\/www.atelierdocaractere.pt\/brevemente\/wp-json\/wp\/v2\/posts\/13459"}],"collection":[{"href":"https:\/\/www.atelierdocaractere.pt\/brevemente\/wp-json\/wp\/v2\/posts"}],"about":[{"href":"https:\/\/www.atelierdocaractere.pt\/brevemente\/wp-json\/wp\/v2\/types\/post"}],"author":[{"embeddable":true,"href":"https:\/\/www.atelierdocaractere.pt\/brevemente\/wp-json\/wp\/v2\/users\/7"}],"replies":[{"embeddable":true,"href":"https:\/\/www.atelierdocaractere.pt\/brevemente\/wp-json\/wp\/v2\/comments?post=13459"}],"version-history":[{"count":1,"href":"https:\/\/www.atelierdocaractere.pt\/brevemente\/wp-json\/wp\/v2\/posts\/13459\/revisions"}],"predecessor-version":[{"id":13461,"href":"https:\/\/www.atelierdocaractere.pt\/brevemente\/wp-json\/wp\/v2\/posts\/13459\/revisions\/13461"}],"wp:featuredmedia":[{"embeddable":true,"href":"https:\/\/www.atelierdocaractere.pt\/brevemente\/wp-json\/wp\/v2\/media\/13460"}],"wp:attachment":[{"href":"https:\/\/www.atelierdocaractere.pt\/brevemente\/wp-json\/wp\/v2\/media?parent=13459"}],"wp:term":[{"taxonomy":"category","embeddable":true,"href":"https:\/\/www.atelierdocaractere.pt\/brevemente\/wp-json\/wp\/v2\/categories?post=13459"},{"taxonomy":"post_tag","embeddable":true,"href":"https:\/\/www.atelierdocaractere.pt\/brevemente\/wp-json\/wp\/v2\/tags?post=13459"}],"curies":[{"name":"wp","href":"https:\/\/api.w.org\/{rel}","templated":true}]}}