{"id":13462,"date":"2024-11-26T16:25:24","date_gmt":"2024-11-26T16:25:24","guid":{"rendered":"https:\/\/www.atelierdocaractere.pt\/brevemente\/?p=13462"},"modified":"2024-11-26T16:25:27","modified_gmt":"2024-11-26T16:25:27","slug":"luis-campos-e-cunha-lanca-artes-e-vinho-como-resposta-ao-perigo-de-almadizacao-de-torres-vedras","status":"publish","type":"post","link":"https:\/\/www.atelierdocaractere.pt\/brevemente\/luis-campos-e-cunha-lanca-artes-e-vinho-como-resposta-ao-perigo-de-almadizacao-de-torres-vedras\/","title":{"rendered":"Lu\u00eds Campos e Cunha lan\u00e7a artes e vinho como resposta ao \u201cperigo de almadiza\u00e7\u00e3o de Torres Vedras\u201d"},"content":{"rendered":"\n<p><strong>A proximidade a Lisboa arrisca Torres Vedras a tornar-se uma \u201cAlmada saloia\u201d, caso a cidade n\u00e3o consiga criar uma \u201cidentidade pr\u00f3pria\u201d. Essa \u00e9 a vis\u00e3o do Economista Lu\u00eds Campos e Cunha e foi explanada na confer\u00eancia \u201cConversas com futuro: o desenvolvimento econ\u00f3mico e social da Regi\u00e3o Oeste e do Pa\u00eds &#8211; constrangimentos e oportunidades\u201d. F\u00f3rum teve lugar na \u00faltima sexta-feira, dia 22 de novembro, reuniu 80 empres\u00e1rios e assinalou os 25 anos do grupo Tecline, de Ant\u00f3nio Ferreira dos Anjos: \u201cQueremos quebrar a \u2018Espiral do Sil\u00eancio\u2019 e abrir a porta a uma maior interven\u00e7\u00e3o c\u00edvica dos empres\u00e1rios\u201d<\/strong><\/p>\n\n\n\n<figure class=\"wp-block-image size-large\"><img decoding=\"async\" width=\"1024\" height=\"683\" src=\"https:\/\/www.atelierdocaractere.pt\/wp-content\/uploads\/2024\/11\/lccunha-1024x683.jpg\" alt=\"\" class=\"wp-image-13464\" srcset=\"https:\/\/www.atelierdocaractere.pt\/wp-content\/uploads\/2024\/11\/lccunha-1024x683.jpg 1024w, https:\/\/www.atelierdocaractere.pt\/wp-content\/uploads\/2024\/11\/lccunha-300x200.jpg 300w, https:\/\/www.atelierdocaractere.pt\/wp-content\/uploads\/2024\/11\/lccunha-768x512.jpg 768w, https:\/\/www.atelierdocaractere.pt\/wp-content\/uploads\/2024\/11\/lccunha-1536x1024.jpg 1536w, https:\/\/www.atelierdocaractere.pt\/wp-content\/uploads\/2024\/11\/lccunha-900x600.jpg 900w, https:\/\/www.atelierdocaractere.pt\/wp-content\/uploads\/2024\/11\/lccunha-675x450.jpg 675w, https:\/\/www.atelierdocaractere.pt\/wp-content\/uploads\/2024\/11\/lccunha.jpg 1920w\" sizes=\"(max-width: 1024px) 100vw, 1024px\" \/><\/figure>\n\n\n\n<p>O economista e ex-ministro das Finan\u00e7as, Lu\u00eds Campos e Cunha, orador presente na confer\u00eancia \u201cConversas com Futuro: o desenvolvimento econ\u00f3mico e social da Regi\u00e3o Oeste e do Pa\u00eds &#8211; constrangimentos e oportunidades\u201d, que reuniu 80 empres\u00e1rios, na \u00faltima sexta-feira, em Torres Vedras, alertou para o \u201cperigo da almadiza\u00e7\u00e3o de Torres Vedras\u201d. E sugeriu que o desafio de \u201cevitar que a cidade se torne a Almada saloia\u201d pode passar pela \u201caposta nas artes e nos vinhos de excel\u00eancia\u201d.<\/p>\n\n\n\n<p>\u201cCom a proximidade a Lisboa h\u00e1 o perigo de a cidade come\u00e7ar a fazer parte da estrutura econ\u00f3mica da Capital e de transformar-se num dormit\u00f3rio. Ser\u00e1 um processo de d\u00e9cadas que surgir\u00e1 como irrevers\u00edvel. Oeiras conseguiu alguma independ\u00eancia, fixando grandes empresas. Cascais apostou na cultura e lazer. Torres Vedras tem uma excelente base econ\u00f3mica, com agricultura muito forte, alguma ind\u00fastria e servi\u00e7os de sa\u00fade, mas n\u00e3o chega: ser\u00e1 importante criar uma identidade mais pr\u00f3pria, com uma aposta, por exemplo, nas artes, ou nos vinhos de excel\u00eancia\u201d, afirmou Lu\u00eds Campos e Cunha. \u201cVeja-se o exemplo de Nova Iorque, em que o desenvolvimento de determinadas \u00e1reas da cidade, ao longo das d\u00e9cadas, seguiu-se sempre \u00e0 chegada das artes. Nos vinhos, seria importante ter cinco ou seis grandes marcas de vinhos de qualidade\u201d, perspetivou.<\/p>\n\n\n\n<p>Numa perspetiva nacional, Lu\u00eds Campos e Cunha identificou as raz\u00f5es que impedem que, em Portugal, exista \u201cuma avalanche de grandes projetos internacionais de investimento\u201d, quando o pa\u00eds apresenta enormes vantagens competitivas: \u201cdist\u00e2ncia das guerras; estabilidade pol\u00edtica; infraestruturas; licenciados; gastronomia e clima; civismo e povo aberto \u00e0 inova\u00e7\u00e3o\u201d. E a\u00ed identificou a inefici\u00eancia da Administra\u00e7\u00e3o P\u00fablica e a Fiscalidade como problemas a resolver. \u201cPerante impostos diretos muito altos, s\u00f3 projetos com baixos sal\u00e1rios s\u00e3o vi\u00e1veis em Portugal\u201d, sentenciou.<\/p>\n\n\n\n<figure class=\"wp-block-image size-large\"><img decoding=\"async\" width=\"1024\" height=\"536\" src=\"https:\/\/www.atelierdocaractere.pt\/wp-content\/uploads\/2024\/11\/thumbnail-ccfuturo-1024x536.jpg\" alt=\"\" class=\"wp-image-13463\" srcset=\"https:\/\/www.atelierdocaractere.pt\/wp-content\/uploads\/2024\/11\/thumbnail-ccfuturo-1024x536.jpg 1024w, https:\/\/www.atelierdocaractere.pt\/wp-content\/uploads\/2024\/11\/thumbnail-ccfuturo-300x157.jpg 300w, https:\/\/www.atelierdocaractere.pt\/wp-content\/uploads\/2024\/11\/thumbnail-ccfuturo-768x402.jpg 768w, https:\/\/www.atelierdocaractere.pt\/wp-content\/uploads\/2024\/11\/thumbnail-ccfuturo-1536x804.jpg 1536w, https:\/\/www.atelierdocaractere.pt\/wp-content\/uploads\/2024\/11\/thumbnail-ccfuturo.jpg 1600w\" sizes=\"(max-width: 1024px) 100vw, 1024px\" \/><\/figure>\n\n\n\n<p><strong>Uni\u00e3o face \u00e0 falta de escala.<\/strong><\/p>\n\n\n\n<p>O evento \u201cConversas com Futuro: o desenvolvimento econ\u00f3mico e social da Regi\u00e3o Oeste e do Pa\u00eds &#8211; constrangimentos e oportunidades\u201d, que assinalou as celebra\u00e7\u00f5es dos 25 anos do grupo Tecline, integrou ainda as reflex\u00f5es Manuel Jos\u00e9 Guerreiro (Presidente da Caixa de Cr\u00e9dito Agr\u00edcola de Torres Vedras), Jo\u00e3o Catal\u00e3o (Empres\u00e1rio), Jo\u00e3o Sousa (administrador dos CTT) e \u00c1lvaro Beleza (presidente da SEDES).<\/p>\n\n\n\n<p>\u00c1lvaro Beleza, que come\u00e7ou \u201cassinando por baixo\u201d a interven\u00e7\u00e3o de Lu\u00eds Campos e Cunha, alertou desafiou os presentes para um \u201csobressalto c\u00edvico\u201d e para a necessidade de Portugal saber potenciar a situa\u00e7\u00e3o de \u201cporto de abrigo europeu\u201d; lan\u00e7ou o tema da reforma do sistema pol\u00edtico \u2013 \u201cprecisamos de escolher os deputados\u201d \u2013 e chamou os empres\u00e1rios a uma maior interven\u00e7\u00e3o pol\u00edtica. \u201cPrecisamos dos portugueses na pol\u00edtica, dos melhores na pol\u00edtica, de empres\u00e1rios na pol\u00edtica. Temos de passar da palavra \u00e0 a\u00e7\u00e3o e ter coragem para decidir coisas dif\u00edceis\u201d. Ainda para o setor empresarial, ressalvou o problema da \u201cfalta de escala\u201d. \u201cN\u00e3o podemos ter medo de ter ambi\u00e7\u00e3o. N\u00e3o temos marca. Temos Cristiano e o Mateus Ros\u00e9. N\u00e3o temos uma grande empresa, n\u00e3o temos grandes grupos econ\u00f3micos; e temos de mudar a fiscalidade. Porque hoje, para pagar menos impostos, temos de nos dividir. A alternativa \u00e9 os empres\u00e1rios unirem-se, com as suas empresas. Por isso, temos tamb\u00e9m de acabar com a inveja\u201d, prosseguiu. \u201cAcho mesmo que, Portugal, pode ser a Dinamarca do Sul. Mas isto s\u00f3 \u00e9 poss\u00edvel se houver um des\u00edgnio coletivo e deixarmos de ter medo de ter ambi\u00e7\u00e3o. E de dizermos ao Governo que somos donos disto\u201d.<\/p>\n\n\n\n<p>\u00c1lvaro Beleza chamou ainda a aten\u00e7\u00e3o para inevitabilidade de um maior investimento em Defesa, o que ir\u00e1 exigir mais efici\u00eancia do Estado na manuten\u00e7\u00e3o dos seus servi\u00e7os.&nbsp; Manuel Jos\u00e9 Guerreiro (Presidente da Caixa de Cr\u00e9dito Agr\u00edcola de Torres Vedras) e Jo\u00e3o Sousa (administrador dos CTT) desenvolveram a tem\u00e1tica da confer\u00eancia, enquadrando sobretudo os exemplos das respetivas empresas. Por fim, o empres\u00e1rio Jo\u00e3o Catal\u00e3o, fez uma interven\u00e7\u00e3o de \u00e2mbito mais motivacional e disruptivo.<\/p>\n\n\n\n<p><strong>Quebrar a \u201cEspiral do Sil\u00eancio\u201d<\/strong><\/p>\n\n\n\n<p>A confer\u00eancia \u201cConversas com Futuro: o desenvolvimento econ\u00f3mico e social da Regi\u00e3o Oeste e do Pa\u00eds &#8211; constrangimentos e oportunidades\u201d fechou as celebra\u00e7\u00f5es dos 25 anos grupo Tecline. Ant\u00f3nio Ferreira dos Anjos, empres\u00e1rio e anfitri\u00e3o do evento, enquadrou o desafio a que se prop\u00f4s:<\/p>\n\n\n\n<p>\u201cNos anos 70 do passado s\u00e9culo XX, uma soci\u00f3loga apresentou e defendeu uma teoria que foi designada por \u201cEspiral do Sil\u00eancio\u201d. O conceito explica que os agentes sociais analisam o ambiente ao seu redor e ao identificar que pertencem \u00e0 minoria, preferem resguardar-se para evitar conflitos. \u00c9 a \u201cEspiral do Sil\u00eancio\u201d. Ora, hoje, v\u00e1rios economistas, soci\u00f3logos, empres\u00e1rios e comentadores pol\u00edticos, consideram importante aumentar o poder da sociedade civil. Eu creio que a \u201cEspiral do Sil\u00eancio\u201d \u00e9 uma das principais raz\u00f5es para a aus\u00eancia de interven\u00e7\u00e3o c\u00edvica dos empres\u00e1rios portugueses, e acredito que essa aus\u00eancia diminui, drasticamente, o poder da dita sociedade civil.\u201d<\/p>\n\n\n\n<p>Ant\u00f3nio Ferreira dos Santos lan\u00e7ou assim o objetivo de \u201cquebrar essa \u2018Espiral do Sil\u00eancio\u2019 e abrir a porta a uma reflex\u00e3o sobre a possibilidade de uma maior interven\u00e7\u00e3o c\u00edvica dos empres\u00e1rios. N\u00e3o numa vertente pol\u00edtico-partid\u00e1ria, que n\u00e3o ser\u00e1 a voca\u00e7\u00e3o dos empres\u00e1rios, mas no quadro da atividade empresarial, com a qualidade, dignidade e prest\u00edgio que merecem ter os empres\u00e1rios\u201d, afirmou.<\/p>\n\n\n\n<p>\u201cSe a Administra\u00e7\u00e3o P\u00fablica, as Institui\u00e7\u00f5es Financeiras, as Institui\u00e7\u00f5es socioculturais, as Institui\u00e7\u00f5es Acad\u00e9micas e Cient\u00edficas, ou outras, quiserem promover \u201cClusters\u201d de v\u00e1rias atividades na Regi\u00e3o, promover Fundos de Investimento, Joint Ventures ou quaisquer outros instrumentos econ\u00f3micos e financeiros semelhantes, poder\u00e3o certamente contar com o empenho e a colabora\u00e7\u00e3o \u00fatil dos empres\u00e1rios. Estas ideias n\u00e3o dispensam, antes podem enquadrar, investimentos p\u00fablicos em infraestruturas e em muitas outras \u00e1reas que impliquem e sejam fundamentais ao desenvolvimento econ\u00f3mico da Regi\u00e3o\u201d, prosseguiu Ant\u00f3nio Ferreira dos Santos, real\u00e7ando: \u201cPrecisamos de atrevimento, ambi\u00e7\u00e3o e sonho para promover o futuro da Regi\u00e3o e do Pa\u00eds. Com a certeza de uma motiva\u00e7\u00e3o social generalizada. Poder\u00edamos chamar a isto \u201cDes\u00edgnio Regional\u2019. A criatividade e a imagina\u00e7\u00e3o induzem o investimento e este possibilita a cria\u00e7\u00e3o de riqueza, a sustentabilidade e o bem-estar social\u201d.<\/p>\n","protected":false},"excerpt":{"rendered":"<p>A proximidade a Lisboa arrisca Torres Vedras a tornar-se uma \u201cAlmada saloia\u201d, caso a cidade n\u00e3o consiga criar uma \u201cidentidade&#8230;<\/p>\n","protected":false},"author":7,"featured_media":13464,"comment_status":"closed","ping_status":"open","sticky":false,"template":"","format":"standard","meta":[],"categories":[67],"tags":[862],"yoast_head":"<!-- This site is optimized with the Yoast SEO plugin v20.12 - https:\/\/yoast.com\/wordpress\/plugins\/seo\/ -->\n<title>Lu\u00eds Campos e Cunha lan\u00e7a artes e vinho como resposta ao \u201cperigo de almadiza\u00e7\u00e3o de Torres Vedras\u201d - Atelier do Caractere<\/title>\n<meta name=\"robots\" content=\"index, follow, max-snippet:-1, max-image-preview:large, max-video-preview:-1\" \/>\n<link rel=\"canonical\" href=\"https:\/\/www.atelierdocaractere.pt\/brevemente\/luis-campos-e-cunha-lanca-artes-e-vinho-como-resposta-ao-perigo-de-almadizacao-de-torres-vedras\/\" \/>\n<meta property=\"og:locale\" content=\"pt_PT\" \/>\n<meta property=\"og:type\" content=\"article\" \/>\n<meta property=\"og:title\" content=\"Lu\u00eds Campos e Cunha lan\u00e7a artes e vinho como resposta ao \u201cperigo de almadiza\u00e7\u00e3o de Torres Vedras\u201d - Atelier do Caractere\" \/>\n<meta property=\"og:description\" content=\"A proximidade a Lisboa arrisca Torres Vedras a tornar-se uma \u201cAlmada saloia\u201d, caso a cidade n\u00e3o consiga criar uma \u201cidentidade...\" \/>\n<meta property=\"og:url\" content=\"https:\/\/www.atelierdocaractere.pt\/brevemente\/luis-campos-e-cunha-lanca-artes-e-vinho-como-resposta-ao-perigo-de-almadizacao-de-torres-vedras\/\" \/>\n<meta property=\"og:site_name\" content=\"Atelier do Caractere\" \/>\n<meta property=\"article:publisher\" content=\"https:\/\/www.facebook.com\/AtelierdoCaractere\" \/>\n<meta property=\"article:published_time\" content=\"2024-11-26T16:25:24+00:00\" \/>\n<meta property=\"article:modified_time\" content=\"2024-11-26T16:25:27+00:00\" \/>\n<meta property=\"og:image\" content=\"https:\/\/www.atelierdocaractere.pt\/wp-content\/uploads\/2024\/11\/lccunha.jpg\" \/>\n\t<meta property=\"og:image:width\" content=\"1920\" \/>\n\t<meta property=\"og:image:height\" content=\"1280\" \/>\n\t<meta property=\"og:image:type\" content=\"image\/jpeg\" \/>\n<meta name=\"author\" content=\"Joana Barbosa\" \/>\n<meta name=\"twitter:card\" content=\"summary_large_image\" \/>\n<meta name=\"twitter:label1\" content=\"Escrito por\" \/>\n\t<meta name=\"twitter:data1\" content=\"Joana Barbosa\" \/>\n\t<meta name=\"twitter:label2\" content=\"Tempo estimado de leitura\" \/>\n\t<meta name=\"twitter:data2\" content=\"7 minutos\" \/>\n<script type=\"application\/ld+json\" class=\"yoast-schema-graph\">{\"@context\":\"https:\/\/schema.org\",\"@graph\":[{\"@type\":\"WebPage\",\"@id\":\"https:\/\/www.atelierdocaractere.pt\/brevemente\/luis-campos-e-cunha-lanca-artes-e-vinho-como-resposta-ao-perigo-de-almadizacao-de-torres-vedras\/\",\"url\":\"https:\/\/www.atelierdocaractere.pt\/brevemente\/luis-campos-e-cunha-lanca-artes-e-vinho-como-resposta-ao-perigo-de-almadizacao-de-torres-vedras\/\",\"name\":\"Lu\u00eds Campos e Cunha lan\u00e7a artes e vinho como resposta ao \u201cperigo de almadiza\u00e7\u00e3o de Torres Vedras\u201d - Atelier do Caractere\",\"isPartOf\":{\"@id\":\"https:\/\/www.atelierdocaractere.pt\/brevemente\/#website\"},\"datePublished\":\"2024-11-26T16:25:24+00:00\",\"dateModified\":\"2024-11-26T16:25:27+00:00\",\"author\":{\"@id\":\"https:\/\/www.atelierdocaractere.pt\/brevemente\/#\/schema\/person\/f2f096eb0f27d9894725af22cb97c0db\"},\"breadcrumb\":{\"@id\":\"https:\/\/www.atelierdocaractere.pt\/brevemente\/luis-campos-e-cunha-lanca-artes-e-vinho-como-resposta-ao-perigo-de-almadizacao-de-torres-vedras\/#breadcrumb\"},\"inLanguage\":\"pt-PT\",\"potentialAction\":[{\"@type\":\"ReadAction\",\"target\":[\"https:\/\/www.atelierdocaractere.pt\/brevemente\/luis-campos-e-cunha-lanca-artes-e-vinho-como-resposta-ao-perigo-de-almadizacao-de-torres-vedras\/\"]}]},{\"@type\":\"BreadcrumbList\",\"@id\":\"https:\/\/www.atelierdocaractere.pt\/brevemente\/luis-campos-e-cunha-lanca-artes-e-vinho-como-resposta-ao-perigo-de-almadizacao-de-torres-vedras\/#breadcrumb\",\"itemListElement\":[{\"@type\":\"ListItem\",\"position\":1,\"name\":\"In\u00edcio\",\"item\":\"https:\/\/www.atelierdocaractere.pt\/brevemente\/\"},{\"@type\":\"ListItem\",\"position\":2,\"name\":\"Lu\u00eds Campos e Cunha lan\u00e7a artes e vinho como resposta ao \u201cperigo de almadiza\u00e7\u00e3o de Torres Vedras\u201d\"}]},{\"@type\":\"WebSite\",\"@id\":\"https:\/\/www.atelierdocaractere.pt\/brevemente\/#website\",\"url\":\"https:\/\/www.atelierdocaractere.pt\/brevemente\/\",\"name\":\"Atelier do Caractere\",\"description\":\"\",\"potentialAction\":[{\"@type\":\"SearchAction\",\"target\":{\"@type\":\"EntryPoint\",\"urlTemplate\":\"https:\/\/www.atelierdocaractere.pt\/brevemente\/?s={search_term_string}\"},\"query-input\":\"required name=search_term_string\"}],\"inLanguage\":\"pt-PT\"},{\"@type\":\"Person\",\"@id\":\"https:\/\/www.atelierdocaractere.pt\/brevemente\/#\/schema\/person\/f2f096eb0f27d9894725af22cb97c0db\",\"name\":\"Joana Barbosa\",\"image\":{\"@type\":\"ImageObject\",\"inLanguage\":\"pt-PT\",\"@id\":\"https:\/\/www.atelierdocaractere.pt\/brevemente\/#\/schema\/person\/image\/\",\"url\":\"https:\/\/secure.gravatar.com\/avatar\/33e8214b45e9d68a3a83008731075979?s=96&d=mm&r=g\",\"contentUrl\":\"https:\/\/secure.gravatar.com\/avatar\/33e8214b45e9d68a3a83008731075979?s=96&d=mm&r=g\",\"caption\":\"Joana Barbosa\"},\"url\":\"https:\/\/www.atelierdocaractere.pt\/brevemente\/author\/joanabarbosa\/\"}]}<\/script>\n<!-- \/ Yoast SEO plugin. -->","yoast_head_json":{"title":"Lu\u00eds Campos e Cunha lan\u00e7a artes e vinho como resposta ao \u201cperigo de almadiza\u00e7\u00e3o de Torres Vedras\u201d - Atelier do Caractere","robots":{"index":"index","follow":"follow","max-snippet":"max-snippet:-1","max-image-preview":"max-image-preview:large","max-video-preview":"max-video-preview:-1"},"canonical":"https:\/\/www.atelierdocaractere.pt\/brevemente\/luis-campos-e-cunha-lanca-artes-e-vinho-como-resposta-ao-perigo-de-almadizacao-de-torres-vedras\/","og_locale":"pt_PT","og_type":"article","og_title":"Lu\u00eds Campos e Cunha lan\u00e7a artes e vinho como resposta ao \u201cperigo de almadiza\u00e7\u00e3o de Torres Vedras\u201d - Atelier do Caractere","og_description":"A proximidade a Lisboa arrisca Torres Vedras a tornar-se uma \u201cAlmada saloia\u201d, caso a cidade n\u00e3o consiga criar uma \u201cidentidade...","og_url":"https:\/\/www.atelierdocaractere.pt\/brevemente\/luis-campos-e-cunha-lanca-artes-e-vinho-como-resposta-ao-perigo-de-almadizacao-de-torres-vedras\/","og_site_name":"Atelier do Caractere","article_publisher":"https:\/\/www.facebook.com\/AtelierdoCaractere","article_published_time":"2024-11-26T16:25:24+00:00","article_modified_time":"2024-11-26T16:25:27+00:00","og_image":[{"width":1920,"height":1280,"url":"https:\/\/www.atelierdocaractere.pt\/wp-content\/uploads\/2024\/11\/lccunha.jpg","type":"image\/jpeg"}],"author":"Joana Barbosa","twitter_card":"summary_large_image","twitter_misc":{"Escrito por":"Joana Barbosa","Tempo estimado de leitura":"7 minutos"},"schema":{"@context":"https:\/\/schema.org","@graph":[{"@type":"WebPage","@id":"https:\/\/www.atelierdocaractere.pt\/brevemente\/luis-campos-e-cunha-lanca-artes-e-vinho-como-resposta-ao-perigo-de-almadizacao-de-torres-vedras\/","url":"https:\/\/www.atelierdocaractere.pt\/brevemente\/luis-campos-e-cunha-lanca-artes-e-vinho-como-resposta-ao-perigo-de-almadizacao-de-torres-vedras\/","name":"Lu\u00eds Campos e Cunha lan\u00e7a artes e vinho como resposta ao \u201cperigo de almadiza\u00e7\u00e3o de Torres Vedras\u201d - Atelier do Caractere","isPartOf":{"@id":"https:\/\/www.atelierdocaractere.pt\/brevemente\/#website"},"datePublished":"2024-11-26T16:25:24+00:00","dateModified":"2024-11-26T16:25:27+00:00","author":{"@id":"https:\/\/www.atelierdocaractere.pt\/brevemente\/#\/schema\/person\/f2f096eb0f27d9894725af22cb97c0db"},"breadcrumb":{"@id":"https:\/\/www.atelierdocaractere.pt\/brevemente\/luis-campos-e-cunha-lanca-artes-e-vinho-como-resposta-ao-perigo-de-almadizacao-de-torres-vedras\/#breadcrumb"},"inLanguage":"pt-PT","potentialAction":[{"@type":"ReadAction","target":["https:\/\/www.atelierdocaractere.pt\/brevemente\/luis-campos-e-cunha-lanca-artes-e-vinho-como-resposta-ao-perigo-de-almadizacao-de-torres-vedras\/"]}]},{"@type":"BreadcrumbList","@id":"https:\/\/www.atelierdocaractere.pt\/brevemente\/luis-campos-e-cunha-lanca-artes-e-vinho-como-resposta-ao-perigo-de-almadizacao-de-torres-vedras\/#breadcrumb","itemListElement":[{"@type":"ListItem","position":1,"name":"In\u00edcio","item":"https:\/\/www.atelierdocaractere.pt\/brevemente\/"},{"@type":"ListItem","position":2,"name":"Lu\u00eds Campos e Cunha lan\u00e7a artes e vinho como resposta ao \u201cperigo de almadiza\u00e7\u00e3o de Torres Vedras\u201d"}]},{"@type":"WebSite","@id":"https:\/\/www.atelierdocaractere.pt\/brevemente\/#website","url":"https:\/\/www.atelierdocaractere.pt\/brevemente\/","name":"Atelier do Caractere","description":"","potentialAction":[{"@type":"SearchAction","target":{"@type":"EntryPoint","urlTemplate":"https:\/\/www.atelierdocaractere.pt\/brevemente\/?s={search_term_string}"},"query-input":"required name=search_term_string"}],"inLanguage":"pt-PT"},{"@type":"Person","@id":"https:\/\/www.atelierdocaractere.pt\/brevemente\/#\/schema\/person\/f2f096eb0f27d9894725af22cb97c0db","name":"Joana Barbosa","image":{"@type":"ImageObject","inLanguage":"pt-PT","@id":"https:\/\/www.atelierdocaractere.pt\/brevemente\/#\/schema\/person\/image\/","url":"https:\/\/secure.gravatar.com\/avatar\/33e8214b45e9d68a3a83008731075979?s=96&d=mm&r=g","contentUrl":"https:\/\/secure.gravatar.com\/avatar\/33e8214b45e9d68a3a83008731075979?s=96&d=mm&r=g","caption":"Joana Barbosa"},"url":"https:\/\/www.atelierdocaractere.pt\/brevemente\/author\/joanabarbosa\/"}]}},"_links":{"self":[{"href":"https:\/\/www.atelierdocaractere.pt\/brevemente\/wp-json\/wp\/v2\/posts\/13462"}],"collection":[{"href":"https:\/\/www.atelierdocaractere.pt\/brevemente\/wp-json\/wp\/v2\/posts"}],"about":[{"href":"https:\/\/www.atelierdocaractere.pt\/brevemente\/wp-json\/wp\/v2\/types\/post"}],"author":[{"embeddable":true,"href":"https:\/\/www.atelierdocaractere.pt\/brevemente\/wp-json\/wp\/v2\/users\/7"}],"replies":[{"embeddable":true,"href":"https:\/\/www.atelierdocaractere.pt\/brevemente\/wp-json\/wp\/v2\/comments?post=13462"}],"version-history":[{"count":1,"href":"https:\/\/www.atelierdocaractere.pt\/brevemente\/wp-json\/wp\/v2\/posts\/13462\/revisions"}],"predecessor-version":[{"id":13465,"href":"https:\/\/www.atelierdocaractere.pt\/brevemente\/wp-json\/wp\/v2\/posts\/13462\/revisions\/13465"}],"wp:featuredmedia":[{"embeddable":true,"href":"https:\/\/www.atelierdocaractere.pt\/brevemente\/wp-json\/wp\/v2\/media\/13464"}],"wp:attachment":[{"href":"https:\/\/www.atelierdocaractere.pt\/brevemente\/wp-json\/wp\/v2\/media?parent=13462"}],"wp:term":[{"taxonomy":"category","embeddable":true,"href":"https:\/\/www.atelierdocaractere.pt\/brevemente\/wp-json\/wp\/v2\/categories?post=13462"},{"taxonomy":"post_tag","embeddable":true,"href":"https:\/\/www.atelierdocaractere.pt\/brevemente\/wp-json\/wp\/v2\/tags?post=13462"}],"curies":[{"name":"wp","href":"https:\/\/api.w.org\/{rel}","templated":true}]}}