{"id":13466,"date":"2024-11-26T18:43:29","date_gmt":"2024-11-26T18:43:29","guid":{"rendered":"https:\/\/www.atelierdocaractere.pt\/brevemente\/?p=13466"},"modified":"2024-11-26T18:43:32","modified_gmt":"2024-11-26T18:43:32","slug":"turismo-centro-de-portugal-impulsiona-cooperacao-transfronteirica-no-congresso-mundial-de-turismo-do-interior","status":"publish","type":"post","link":"https:\/\/www.atelierdocaractere.pt\/brevemente\/turismo-centro-de-portugal-impulsiona-cooperacao-transfronteirica-no-congresso-mundial-de-turismo-do-interior\/","title":{"rendered":"Turismo Centro de Portugal impulsiona coopera\u00e7\u00e3o transfronteiri\u00e7a no Congresso Mundial de Turismo do Interior"},"content":{"rendered":"\n<p><strong>Evento come\u00e7ou hoje em C\u00e1ceres, Espanha, com a participa\u00e7\u00e3o de empres\u00e1rios, profissionais do setor, acad\u00e9micos e representantes institucionais de diversos destinos tur\u00edsticos do mundo.<\/strong><\/p>\n\n\n\n<figure class=\"wp-block-image size-large\"><img decoding=\"async\" width=\"1024\" height=\"768\" src=\"https:\/\/www.atelierdocaractere.pt\/wp-content\/uploads\/2024\/11\/6c66398b-b1ad-49ef-9d42-b4fb43ad6972-1024x768.jpg\" alt=\"\" class=\"wp-image-13467\" srcset=\"https:\/\/www.atelierdocaractere.pt\/wp-content\/uploads\/2024\/11\/6c66398b-b1ad-49ef-9d42-b4fb43ad6972-1024x768.jpg 1024w, https:\/\/www.atelierdocaractere.pt\/wp-content\/uploads\/2024\/11\/6c66398b-b1ad-49ef-9d42-b4fb43ad6972-300x225.jpg 300w, https:\/\/www.atelierdocaractere.pt\/wp-content\/uploads\/2024\/11\/6c66398b-b1ad-49ef-9d42-b4fb43ad6972-768x576.jpg 768w, https:\/\/www.atelierdocaractere.pt\/wp-content\/uploads\/2024\/11\/6c66398b-b1ad-49ef-9d42-b4fb43ad6972-1536x1152.jpg 1536w, https:\/\/www.atelierdocaractere.pt\/wp-content\/uploads\/2024\/11\/6c66398b-b1ad-49ef-9d42-b4fb43ad6972.jpg 1600w\" sizes=\"(max-width: 1024px) 100vw, 1024px\" \/><\/figure>\n\n\n\n<p>Arrancou hoje em C\u00e1ceres, Espanha, o&nbsp;<strong>Congresso Mundial de Turismo do Interior<\/strong>, um evento que se estreia este ano e que re\u00fane empres\u00e1rios, profissionais do setor, acad\u00e9micos e representantes institucionais de diversos destinos tur\u00edsticos do mundo, com o objetivo de analisar os desafios da atividade tur\u00edstica nas regi\u00f5es mais afastadas dos centros de decis\u00e3o. A&nbsp;<strong>Turismo Centro de Portugal<\/strong>&nbsp;\u00e9 parceira do Congresso e tem uma participa\u00e7\u00e3o ativa.<\/p>\n\n\n\n<p><strong>Anabela Freitas<\/strong>, vice-presidente da Turismo Centro de Portugal, integrou o primeiro painel do congresso, intitulado \u201cBeira Baixa e Extremadura, qual \u00e9 o futuro do turismo?\u201d. Na sua interven\u00e7\u00e3o, destacou a necessidade de haver uma melhor articula\u00e7\u00e3o e coordena\u00e7\u00e3o entre os v\u00e1rios agentes tur\u00edsticos.&nbsp;<em>\u201cUm posto de turismo em Idanha-a-Nova tem&nbsp;de&nbsp;estar capacitado para informar qual \u00e9 a oferta em C\u00e1ceres, e vice-versa. Mas mesmo dentro da pr\u00f3pria regi\u00e3o Centro, um posto de turismo no litoral tem de saber informar qual \u00e9 a oferta tur\u00edstica que existe em outros pontos da regi\u00e3o. A&nbsp;palavra-chave&nbsp;\u00e9 coordena\u00e7\u00e3o. S\u00f3 na regi\u00e3o Centro, temos&nbsp;19 entidades com responsabilidades em mat\u00e9ria tur\u00edstica, pelo que a coordena\u00e7\u00e3o \u00e9 fundamental\u201d<\/em>, afirmou Anabela Freitas.<\/p>\n\n\n\n<p>A vice-presidente da Turismo do Centro lembrou tamb\u00e9m a import\u00e2ncia de incluir os agentes privados na discuss\u00e3o.&nbsp;<em>\u201cPodemos&nbsp;delinear in\u00fameras estrat\u00e9gias mas nenhuma pode ser delineada sem os privados.&nbsp;S\u00e3o os privados quem vai implementar essas estrat\u00e9gias, pelo que t\u00eam&nbsp;de&nbsp;ser pensadas em conjunto\u201d<\/em>, considerou.<\/p>\n\n\n\n<p><em>\u201c\u00c9 urgente eliminar esta barreira que ainda existe entre Portugal e Espanha e criar, na zona fronteiri\u00e7a, uma&nbsp;submarca e&nbsp;um&nbsp;subdestino. Os primeiros passos est\u00e3o dados. O que todos queremos \u00e9 atrair turistas, que deixem dinheiro no territ\u00f3rio, para o desenvolver e para dar mais qualidade de vida a quem neles vive. O turismo s\u00f3 \u00e9 bom se der qualidade de vida a quem vive nos territ\u00f3rios\u201d<\/em>, disse ainda Anabela Freitas.<\/p>\n\n\n\n<p>Amanh\u00e3, dia 27, a Turismo Centro de Portugal continuar\u00e1 em destaque com a participa\u00e7\u00e3o de&nbsp;<strong>Adriana Rodrigues<\/strong>, Diretora de Comunica\u00e7\u00e3o, Imagem e Rela\u00e7\u00f5es P\u00fablicas, que ser\u00e1 a moderadora do painel \u201cSustentabilidade do Turismo ap\u00f3s 2030\u201d, no qual se discutir\u00e3o estrat\u00e9gias para garantir o equil\u00edbrio entre o crescimento do turismo e a preserva\u00e7\u00e3o ambiental, cultural e social dos territ\u00f3rios.<\/p>\n\n\n\n<p>Organizado pela Associa\u00e7\u00e3o Ib\u00e9rica de Turismo do Interior, o Congresso Mundial de Turismo do Interior, que decorre ao longo de dois dias, inclui ainda uma \u00e1rea de exposi\u00e7\u00e3o, onde os destinos do interior apresentam as suas propostas &#8211; e onde a&nbsp;<strong>Turismo Centro de Portugal<\/strong>&nbsp;est\u00e1 representada, com um espa\u00e7o que mostra a sua oferta tur\u00edstica -, bem como uma \u00e1rea de&nbsp;<em>networking<\/em>, que promove contactos entre os participantes.&nbsp;Idanha-a-Nova e C\u00e1ceres s\u00e3o os&nbsp;destinos convidados.<\/p>\n\n\n\n<p>Mais informa\u00e7\u00f5es em\u00a0<a href=\"https:\/\/turismodocentro.us17.list-manage.com\/track\/click?u=9b14ef0c6c1999e92ddae9fc9&amp;id=7e55742aeb&amp;e=cf2176b759\">https:\/\/aitiweb.org\/cmti24_pt<\/a>.<\/p>\n\n\n<div class=\"wp-block-image\">\n<figure class=\"aligncenter size-large\"><img decoding=\"async\" width=\"768\" height=\"1024\" src=\"https:\/\/www.atelierdocaractere.pt\/wp-content\/uploads\/2024\/11\/img-5844-768x1024.jpg\" alt=\"\" class=\"wp-image-13468\" srcset=\"https:\/\/www.atelierdocaractere.pt\/wp-content\/uploads\/2024\/11\/img-5844-768x1024.jpg 768w, https:\/\/www.atelierdocaractere.pt\/wp-content\/uploads\/2024\/11\/img-5844-225x300.jpg 225w, https:\/\/www.atelierdocaractere.pt\/wp-content\/uploads\/2024\/11\/img-5844-1152x1536.jpg 1152w, https:\/\/www.atelierdocaractere.pt\/wp-content\/uploads\/2024\/11\/img-5844-450x600.jpg 450w, https:\/\/www.atelierdocaractere.pt\/wp-content\/uploads\/2024\/11\/img-5844-350x467.jpg 350w, https:\/\/www.atelierdocaractere.pt\/wp-content\/uploads\/2024\/11\/img-5844-900x1200.jpg 900w, https:\/\/www.atelierdocaractere.pt\/wp-content\/uploads\/2024\/11\/img-5844.jpg 1440w\" sizes=\"(max-width: 768px) 100vw, 768px\" \/><\/figure><\/div>\n\n\n<p><strong>Sobre a Turismo Centro de Portugal:<\/strong><\/p>\n\n\n\n<p>A Turismo Centro de Portugal \u00e9 a entidade que estrutura e promove o turismo na Regi\u00e3o Centro do pa\u00eds. Esta \u00e9 a maior e mais diversificada \u00e1rea tur\u00edstica nacional, abrangendo 100 munic\u00edpios, e tem registado um intenso crescimento da procura interna e externa. \u00c9 a regi\u00e3o a escolher para quem pretende experi\u00eancias diversificadas, pois concilia locais Patrim\u00f3nio da Humanidade com a melhor costa de surf da Europa, termas e spas id\u00edlicos, locais de culto de import\u00e2ncia mundial e as mais belas aldeias.<\/p>\n","protected":false},"excerpt":{"rendered":"<p>Evento come\u00e7ou hoje em C\u00e1ceres, Espanha, com a participa\u00e7\u00e3o de empres\u00e1rios, profissionais do setor, acad\u00e9micos e representantes institucionais de diversos&#8230;<\/p>\n","protected":false},"author":7,"featured_media":13467,"comment_status":"closed","ping_status":"open","sticky":false,"template":"","format":"standard","meta":[],"categories":[39],"tags":[765,349,346,345],"yoast_head":"<!-- This site is optimized with the Yoast SEO plugin v20.12 - https:\/\/yoast.com\/wordpress\/plugins\/seo\/ -->\n<title>Turismo Centro de Portugal impulsiona coopera\u00e7\u00e3o transfronteiri\u00e7a no Congresso Mundial de Turismo do Interior - Atelier do Caractere<\/title>\n<meta name=\"robots\" content=\"index, follow, max-snippet:-1, max-image-preview:large, max-video-preview:-1\" \/>\n<link rel=\"canonical\" href=\"https:\/\/www.atelierdocaractere.pt\/brevemente\/turismo-centro-de-portugal-impulsiona-cooperacao-transfronteirica-no-congresso-mundial-de-turismo-do-interior\/\" \/>\n<meta property=\"og:locale\" content=\"pt_PT\" \/>\n<meta property=\"og:type\" content=\"article\" \/>\n<meta property=\"og:title\" content=\"Turismo Centro de Portugal impulsiona coopera\u00e7\u00e3o transfronteiri\u00e7a no Congresso Mundial de Turismo do Interior - Atelier do Caractere\" \/>\n<meta property=\"og:description\" content=\"Evento come\u00e7ou hoje em C\u00e1ceres, Espanha, com a participa\u00e7\u00e3o de empres\u00e1rios, profissionais do setor, acad\u00e9micos e representantes institucionais de diversos...\" \/>\n<meta property=\"og:url\" content=\"https:\/\/www.atelierdocaractere.pt\/brevemente\/turismo-centro-de-portugal-impulsiona-cooperacao-transfronteirica-no-congresso-mundial-de-turismo-do-interior\/\" \/>\n<meta property=\"og:site_name\" content=\"Atelier do Caractere\" \/>\n<meta property=\"article:publisher\" content=\"https:\/\/www.facebook.com\/AtelierdoCaractere\" \/>\n<meta property=\"article:published_time\" content=\"2024-11-26T18:43:29+00:00\" \/>\n<meta property=\"article:modified_time\" content=\"2024-11-26T18:43:32+00:00\" \/>\n<meta property=\"og:image\" content=\"https:\/\/www.atelierdocaractere.pt\/wp-content\/uploads\/2024\/11\/6c66398b-b1ad-49ef-9d42-b4fb43ad6972.jpg\" \/>\n\t<meta property=\"og:image:width\" content=\"1600\" \/>\n\t<meta property=\"og:image:height\" content=\"1200\" \/>\n\t<meta property=\"og:image:type\" content=\"image\/jpeg\" \/>\n<meta name=\"author\" content=\"Joana Barbosa\" \/>\n<meta name=\"twitter:card\" content=\"summary_large_image\" \/>\n<meta name=\"twitter:label1\" content=\"Escrito por\" \/>\n\t<meta name=\"twitter:data1\" content=\"Joana Barbosa\" \/>\n\t<meta name=\"twitter:label2\" content=\"Tempo estimado de leitura\" \/>\n\t<meta name=\"twitter:data2\" content=\"4 minutos\" \/>\n<script type=\"application\/ld+json\" class=\"yoast-schema-graph\">{\"@context\":\"https:\/\/schema.org\",\"@graph\":[{\"@type\":\"WebPage\",\"@id\":\"https:\/\/www.atelierdocaractere.pt\/brevemente\/turismo-centro-de-portugal-impulsiona-cooperacao-transfronteirica-no-congresso-mundial-de-turismo-do-interior\/\",\"url\":\"https:\/\/www.atelierdocaractere.pt\/brevemente\/turismo-centro-de-portugal-impulsiona-cooperacao-transfronteirica-no-congresso-mundial-de-turismo-do-interior\/\",\"name\":\"Turismo Centro de Portugal impulsiona coopera\u00e7\u00e3o transfronteiri\u00e7a no Congresso Mundial de Turismo do Interior - Atelier do Caractere\",\"isPartOf\":{\"@id\":\"https:\/\/www.atelierdocaractere.pt\/brevemente\/#website\"},\"datePublished\":\"2024-11-26T18:43:29+00:00\",\"dateModified\":\"2024-11-26T18:43:32+00:00\",\"author\":{\"@id\":\"https:\/\/www.atelierdocaractere.pt\/brevemente\/#\/schema\/person\/f2f096eb0f27d9894725af22cb97c0db\"},\"breadcrumb\":{\"@id\":\"https:\/\/www.atelierdocaractere.pt\/brevemente\/turismo-centro-de-portugal-impulsiona-cooperacao-transfronteirica-no-congresso-mundial-de-turismo-do-interior\/#breadcrumb\"},\"inLanguage\":\"pt-PT\",\"potentialAction\":[{\"@type\":\"ReadAction\",\"target\":[\"https:\/\/www.atelierdocaractere.pt\/brevemente\/turismo-centro-de-portugal-impulsiona-cooperacao-transfronteirica-no-congresso-mundial-de-turismo-do-interior\/\"]}]},{\"@type\":\"BreadcrumbList\",\"@id\":\"https:\/\/www.atelierdocaractere.pt\/brevemente\/turismo-centro-de-portugal-impulsiona-cooperacao-transfronteirica-no-congresso-mundial-de-turismo-do-interior\/#breadcrumb\",\"itemListElement\":[{\"@type\":\"ListItem\",\"position\":1,\"name\":\"In\u00edcio\",\"item\":\"https:\/\/www.atelierdocaractere.pt\/brevemente\/\"},{\"@type\":\"ListItem\",\"position\":2,\"name\":\"Turismo Centro de Portugal impulsiona coopera\u00e7\u00e3o transfronteiri\u00e7a no Congresso Mundial de Turismo do Interior\"}]},{\"@type\":\"WebSite\",\"@id\":\"https:\/\/www.atelierdocaractere.pt\/brevemente\/#website\",\"url\":\"https:\/\/www.atelierdocaractere.pt\/brevemente\/\",\"name\":\"Atelier do Caractere\",\"description\":\"\",\"potentialAction\":[{\"@type\":\"SearchAction\",\"target\":{\"@type\":\"EntryPoint\",\"urlTemplate\":\"https:\/\/www.atelierdocaractere.pt\/brevemente\/?s={search_term_string}\"},\"query-input\":\"required name=search_term_string\"}],\"inLanguage\":\"pt-PT\"},{\"@type\":\"Person\",\"@id\":\"https:\/\/www.atelierdocaractere.pt\/brevemente\/#\/schema\/person\/f2f096eb0f27d9894725af22cb97c0db\",\"name\":\"Joana Barbosa\",\"image\":{\"@type\":\"ImageObject\",\"inLanguage\":\"pt-PT\",\"@id\":\"https:\/\/www.atelierdocaractere.pt\/brevemente\/#\/schema\/person\/image\/\",\"url\":\"https:\/\/secure.gravatar.com\/avatar\/33e8214b45e9d68a3a83008731075979?s=96&d=mm&r=g\",\"contentUrl\":\"https:\/\/secure.gravatar.com\/avatar\/33e8214b45e9d68a3a83008731075979?s=96&d=mm&r=g\",\"caption\":\"Joana Barbosa\"},\"url\":\"https:\/\/www.atelierdocaractere.pt\/brevemente\/author\/joanabarbosa\/\"}]}<\/script>\n<!-- \/ Yoast SEO plugin. -->","yoast_head_json":{"title":"Turismo Centro de Portugal impulsiona coopera\u00e7\u00e3o transfronteiri\u00e7a no Congresso Mundial de Turismo do Interior - Atelier do Caractere","robots":{"index":"index","follow":"follow","max-snippet":"max-snippet:-1","max-image-preview":"max-image-preview:large","max-video-preview":"max-video-preview:-1"},"canonical":"https:\/\/www.atelierdocaractere.pt\/brevemente\/turismo-centro-de-portugal-impulsiona-cooperacao-transfronteirica-no-congresso-mundial-de-turismo-do-interior\/","og_locale":"pt_PT","og_type":"article","og_title":"Turismo Centro de Portugal impulsiona coopera\u00e7\u00e3o transfronteiri\u00e7a no Congresso Mundial de Turismo do Interior - Atelier do Caractere","og_description":"Evento come\u00e7ou hoje em C\u00e1ceres, Espanha, com a participa\u00e7\u00e3o de empres\u00e1rios, profissionais do setor, acad\u00e9micos e representantes institucionais de diversos...","og_url":"https:\/\/www.atelierdocaractere.pt\/brevemente\/turismo-centro-de-portugal-impulsiona-cooperacao-transfronteirica-no-congresso-mundial-de-turismo-do-interior\/","og_site_name":"Atelier do Caractere","article_publisher":"https:\/\/www.facebook.com\/AtelierdoCaractere","article_published_time":"2024-11-26T18:43:29+00:00","article_modified_time":"2024-11-26T18:43:32+00:00","og_image":[{"width":1600,"height":1200,"url":"https:\/\/www.atelierdocaractere.pt\/wp-content\/uploads\/2024\/11\/6c66398b-b1ad-49ef-9d42-b4fb43ad6972.jpg","type":"image\/jpeg"}],"author":"Joana Barbosa","twitter_card":"summary_large_image","twitter_misc":{"Escrito por":"Joana Barbosa","Tempo estimado de leitura":"4 minutos"},"schema":{"@context":"https:\/\/schema.org","@graph":[{"@type":"WebPage","@id":"https:\/\/www.atelierdocaractere.pt\/brevemente\/turismo-centro-de-portugal-impulsiona-cooperacao-transfronteirica-no-congresso-mundial-de-turismo-do-interior\/","url":"https:\/\/www.atelierdocaractere.pt\/brevemente\/turismo-centro-de-portugal-impulsiona-cooperacao-transfronteirica-no-congresso-mundial-de-turismo-do-interior\/","name":"Turismo Centro de Portugal impulsiona coopera\u00e7\u00e3o transfronteiri\u00e7a no Congresso Mundial de Turismo do Interior - Atelier do Caractere","isPartOf":{"@id":"https:\/\/www.atelierdocaractere.pt\/brevemente\/#website"},"datePublished":"2024-11-26T18:43:29+00:00","dateModified":"2024-11-26T18:43:32+00:00","author":{"@id":"https:\/\/www.atelierdocaractere.pt\/brevemente\/#\/schema\/person\/f2f096eb0f27d9894725af22cb97c0db"},"breadcrumb":{"@id":"https:\/\/www.atelierdocaractere.pt\/brevemente\/turismo-centro-de-portugal-impulsiona-cooperacao-transfronteirica-no-congresso-mundial-de-turismo-do-interior\/#breadcrumb"},"inLanguage":"pt-PT","potentialAction":[{"@type":"ReadAction","target":["https:\/\/www.atelierdocaractere.pt\/brevemente\/turismo-centro-de-portugal-impulsiona-cooperacao-transfronteirica-no-congresso-mundial-de-turismo-do-interior\/"]}]},{"@type":"BreadcrumbList","@id":"https:\/\/www.atelierdocaractere.pt\/brevemente\/turismo-centro-de-portugal-impulsiona-cooperacao-transfronteirica-no-congresso-mundial-de-turismo-do-interior\/#breadcrumb","itemListElement":[{"@type":"ListItem","position":1,"name":"In\u00edcio","item":"https:\/\/www.atelierdocaractere.pt\/brevemente\/"},{"@type":"ListItem","position":2,"name":"Turismo Centro de Portugal impulsiona coopera\u00e7\u00e3o transfronteiri\u00e7a no Congresso Mundial de Turismo do Interior"}]},{"@type":"WebSite","@id":"https:\/\/www.atelierdocaractere.pt\/brevemente\/#website","url":"https:\/\/www.atelierdocaractere.pt\/brevemente\/","name":"Atelier do Caractere","description":"","potentialAction":[{"@type":"SearchAction","target":{"@type":"EntryPoint","urlTemplate":"https:\/\/www.atelierdocaractere.pt\/brevemente\/?s={search_term_string}"},"query-input":"required name=search_term_string"}],"inLanguage":"pt-PT"},{"@type":"Person","@id":"https:\/\/www.atelierdocaractere.pt\/brevemente\/#\/schema\/person\/f2f096eb0f27d9894725af22cb97c0db","name":"Joana Barbosa","image":{"@type":"ImageObject","inLanguage":"pt-PT","@id":"https:\/\/www.atelierdocaractere.pt\/brevemente\/#\/schema\/person\/image\/","url":"https:\/\/secure.gravatar.com\/avatar\/33e8214b45e9d68a3a83008731075979?s=96&d=mm&r=g","contentUrl":"https:\/\/secure.gravatar.com\/avatar\/33e8214b45e9d68a3a83008731075979?s=96&d=mm&r=g","caption":"Joana Barbosa"},"url":"https:\/\/www.atelierdocaractere.pt\/brevemente\/author\/joanabarbosa\/"}]}},"_links":{"self":[{"href":"https:\/\/www.atelierdocaractere.pt\/brevemente\/wp-json\/wp\/v2\/posts\/13466"}],"collection":[{"href":"https:\/\/www.atelierdocaractere.pt\/brevemente\/wp-json\/wp\/v2\/posts"}],"about":[{"href":"https:\/\/www.atelierdocaractere.pt\/brevemente\/wp-json\/wp\/v2\/types\/post"}],"author":[{"embeddable":true,"href":"https:\/\/www.atelierdocaractere.pt\/brevemente\/wp-json\/wp\/v2\/users\/7"}],"replies":[{"embeddable":true,"href":"https:\/\/www.atelierdocaractere.pt\/brevemente\/wp-json\/wp\/v2\/comments?post=13466"}],"version-history":[{"count":1,"href":"https:\/\/www.atelierdocaractere.pt\/brevemente\/wp-json\/wp\/v2\/posts\/13466\/revisions"}],"predecessor-version":[{"id":13469,"href":"https:\/\/www.atelierdocaractere.pt\/brevemente\/wp-json\/wp\/v2\/posts\/13466\/revisions\/13469"}],"wp:featuredmedia":[{"embeddable":true,"href":"https:\/\/www.atelierdocaractere.pt\/brevemente\/wp-json\/wp\/v2\/media\/13467"}],"wp:attachment":[{"href":"https:\/\/www.atelierdocaractere.pt\/brevemente\/wp-json\/wp\/v2\/media?parent=13466"}],"wp:term":[{"taxonomy":"category","embeddable":true,"href":"https:\/\/www.atelierdocaractere.pt\/brevemente\/wp-json\/wp\/v2\/categories?post=13466"},{"taxonomy":"post_tag","embeddable":true,"href":"https:\/\/www.atelierdocaractere.pt\/brevemente\/wp-json\/wp\/v2\/tags?post=13466"}],"curies":[{"name":"wp","href":"https:\/\/api.w.org\/{rel}","templated":true}]}}