{"id":13478,"date":"2024-12-10T17:03:05","date_gmt":"2024-12-10T17:03:05","guid":{"rendered":"https:\/\/www.atelierdocaractere.pt\/brevemente\/?p=13478"},"modified":"2024-12-13T17:08:09","modified_gmt":"2024-12-13T17:08:09","slug":"centro-de-portugal-junta-seis-cidades-criativas-da-unesco-em-projeto-inovador-de-promocao-turistica","status":"publish","type":"post","link":"https:\/\/www.atelierdocaractere.pt\/brevemente\/centro-de-portugal-junta-seis-cidades-criativas-da-unesco-em-projeto-inovador-de-promocao-turistica\/","title":{"rendered":"Centro de Portugal junta seis Cidades Criativas da UNESCO em projeto inovador de promo\u00e7\u00e3o tur\u00edstica"},"content":{"rendered":"\n<p><strong>Rede das Cidades Criativas UNESCO do Centro de Portugal foi apresentada hoje, na Covilh\u00e3.<\/strong><\/p>\n\n\n\n<figure class=\"wp-block-image size-large\"><img decoding=\"async\" width=\"1024\" height=\"768\" src=\"https:\/\/www.atelierdocaractere.pt\/wp-content\/uploads\/2024\/12\/img-20241210-112233-1024x768.jpg\" alt=\"\" class=\"wp-image-13479\" srcset=\"https:\/\/www.atelierdocaractere.pt\/wp-content\/uploads\/2024\/12\/img-20241210-112233-1024x768.jpg 1024w, https:\/\/www.atelierdocaractere.pt\/wp-content\/uploads\/2024\/12\/img-20241210-112233-300x225.jpg 300w, https:\/\/www.atelierdocaractere.pt\/wp-content\/uploads\/2024\/12\/img-20241210-112233-768x576.jpg 768w, https:\/\/www.atelierdocaractere.pt\/wp-content\/uploads\/2024\/12\/img-20241210-112233-1536x1152.jpg 1536w, https:\/\/www.atelierdocaractere.pt\/wp-content\/uploads\/2024\/12\/img-20241210-112233.jpg 1920w\" sizes=\"(max-width: 1024px) 100vw, 1024px\" \/><\/figure>\n\n\n\n<p>O Sal\u00e3o Nobre da C\u00e2mara Municipal da Covilh\u00e3 recebeu hoje a apresenta\u00e7\u00e3o oficial da&nbsp;<strong>Rede das Cidades Criativas UNESCO do Centro de Portugal<\/strong>. Este projeto junta a&nbsp;<strong>Turismo Centro de Portugal&nbsp;<\/strong>(TCP) e os seis munic\u00edpios da regi\u00e3o reconhecidos como Cidades Criativas pela UNESCO: Caldas da Rainha (Artesanato e Artes Populares), Castelo Branco (Artesanato e Artes Populares), Covilh\u00e3 (Design), Idanha-a-Nova (M\u00fasica), Leiria (M\u00fasica) e \u00d3bidos (Literatura).<\/p>\n\n\n\n<p>A iniciativa conta com um investimento total de 1,4&nbsp;milh\u00f5es de euros, com o objetivo de estruturar uma oferta de turismo criativo inovadora e que gere impacto significativo a n\u00edvel regional e nacional. A rede \u00e9 liderada pela Covilh\u00e3.<\/p>\n\n\n\n<p>O projeto prev\u00ea a\u00e7\u00f5es organizadas pelos diversos parceiros. \u00c0 TCP cabe assegurar a\u00e7\u00f5es de comunica\u00e7\u00e3o, de proje\u00e7\u00e3o internacional e de capacita\u00e7\u00e3o e dinamiza\u00e7\u00e3o da rede. Aos seis munic\u00edpios compete, em conjunto, iniciativas como uma exposi\u00e7\u00e3o itinerante, programas de resid\u00eancias art\u00edsticas e sinaliza\u00e7\u00e3o dos itiner\u00e1rios tur\u00edsticos, entre outras. \u00c0 escala local, cada munic\u00edpio assegura o ecossistema cultural e criativo, atuando nas diferentes fases da cadeia de valor da produ\u00e7\u00e3o criativa.<\/p>\n\n\n\n<p>Na apresenta\u00e7\u00e3o da rede,&nbsp;<strong>Anabela Freitas<\/strong>, vice-presidente da Turismo Centro de Portugal, considerou que&nbsp;<em>\u201ceste projeto \u00e9 uma verdadeira pedrada no charco naquilo que habitualmente se faz, ao juntar seis cidades na constru\u00e7\u00e3o de uma urbe criativa conjunta\u201d. \u201cAtualmente, quem viaja escolhe destinos que combinam patrim\u00f3nio com outros produtos tur\u00edsticos. Esta rede alinha-se com essas tend\u00eancias internacionais, assim como com os eixos de promo\u00e7\u00e3o definidos pelo Turismo de Portugal\u201d<\/em>, sublinhou.<\/p>\n\n\n\n<p>O anfitri\u00e3o,&nbsp;<strong>V\u00edtor Pereira<\/strong>, presidente da C\u00e2mara Municipal da Covilh\u00e3, destacou a import\u00e2ncia desta parceria:&nbsp;<em>\u201cEsta \u00e9 uma ocasi\u00e3o muito relevante para a Covilh\u00e3 e para o Centro de Portugal. Este projeto refor\u00e7a os la\u00e7os entre seis cidades distinguidas pela UNESCO, numa estrat\u00e9gia de turismo criativo estruturada, que aposta na criatividade como denominador comum, permitindo-nos ganhar escala e competitividade global. Juntos, fortalecemos a liga\u00e7\u00e3o entre os territ\u00f3rios\u201d<\/em>.<\/p>\n\n\n\n<p>Lu\u00eds Filipe, representante da Comiss\u00e3o de Coordena\u00e7\u00e3o e Desenvolvimento Regional do Centro (CCDR Centro), refor\u00e7ou o impacto do projeto, sublinhando que&nbsp;<em>\u201ca candidatura teve uma avalia\u00e7\u00e3o muito positiva pela CCDR, devido \u00e0 sua relev\u00e2ncia para a coes\u00e3o territorial. Este \u00e9 um projeto que une tr\u00eas cidades do interior e tr\u00eas do litoral, promovendo a criatividade como estrat\u00e9gia de desenvolvimento. A marca UNESCO \u00e9 uma mais-valia que nos permite atrair turistas e reter talentos qualificados, criando oportunidades para os nossos territ\u00f3rios. A energia e motiva\u00e7\u00e3o demonstradas aqui hoje s\u00e3o o reflexo do potencial desta iniciativa, que conta com o total apoio da CCDR\u201d<\/em>.<\/p>\n\n\n\n<p>A apresenta\u00e7\u00e3o contou tamb\u00e9m com representantes das autarquias, que detalharam os contributos e desafios de cada munic\u00edpio para a implementa\u00e7\u00e3o da rede. Estiveram presentes, e deram a conhecer os respetivos contributos,\u00a0<strong>Armindo Jacinto\u00a0<\/strong>(presidente da C\u00e2mara Municipal de Idanha-a-Nova),\u00a0<strong>Concei\u00e7\u00e3o Henriques\u00a0<\/strong>(vereadora da C\u00e2mara Municipal das Caldas da Rainha),\u00a0<strong>H\u00e9lder Henriques\u00a0<\/strong>(vice-presidente da C\u00e2mara Municipal de Castelo Branco),\u00a0<strong>Regina Gouveia\u00a0<\/strong>(vereadora da C\u00e2mara Municipal da Covilh\u00e3),\u00a0<strong>Anabela Gra\u00e7a\u00a0<\/strong>(vice-presidente da C\u00e2mara Municipal de Leiria) e\u00a0<strong>Margarida Reis\u00a0<\/strong>(vereadora na C\u00e2mara Municipal de \u00d3bidos).\u00a0<strong>Jorge Sampaio<\/strong>, membro da Comiss\u00e3o Executiva da TCP, esteve tamb\u00e9m presente.<\/p>\n\n\n\n<p>O Sal\u00e3o Nobre da C\u00e2mara Municipal da Covilh\u00e3 recebeu hoje a apresenta\u00e7\u00e3o oficial da&nbsp;<strong>Rede das Cidades Criativas UNESCO do Centro de Portugal<\/strong>. Este projeto junta a&nbsp;<strong>Turismo Centro de Portugal&nbsp;<\/strong>(TCP) e os seis munic\u00edpios da regi\u00e3o reconhecidos como Cidades Criativas pela UNESCO: Caldas da Rainha (Artesanato e Artes Populares), Castelo Branco (Artesanato e Artes Populares), Covilh\u00e3 (Design), Idanha-a-Nova (M\u00fasica), Leiria (M\u00fasica) e \u00d3bidos (Literatura).<\/p>\n\n\n\n<p>A iniciativa conta com um investimento total de 1,4&nbsp;milh\u00f5es de euros, com o objetivo de estruturar uma oferta de turismo criativo inovadora e que gere impacto significativo a n\u00edvel regional e nacional. A rede \u00e9 liderada pela Covilh\u00e3.<\/p>\n\n\n\n<p>O projeto prev\u00ea a\u00e7\u00f5es organizadas pelos diversos parceiros. \u00c0 TCP cabe assegurar a\u00e7\u00f5es de comunica\u00e7\u00e3o, de proje\u00e7\u00e3o internacional e de capacita\u00e7\u00e3o e dinamiza\u00e7\u00e3o da rede. Aos seis munic\u00edpios compete, em conjunto, iniciativas como uma exposi\u00e7\u00e3o itinerante, programas de resid\u00eancias art\u00edsticas e sinaliza\u00e7\u00e3o dos itiner\u00e1rios tur\u00edsticos, entre outras. \u00c0 escala local, cada munic\u00edpio assegura o ecossistema cultural e criativo, atuando nas diferentes fases da cadeia de valor da produ\u00e7\u00e3o criativa.<\/p>\n\n\n\n<p>Na apresenta\u00e7\u00e3o da rede,&nbsp;<strong>Anabela Freitas<\/strong>, vice-presidente da Turismo Centro de Portugal, considerou que&nbsp;<em>\u201ceste projeto \u00e9 uma verdadeira pedrada no charco naquilo que habitualmente se faz, ao juntar seis cidades na constru\u00e7\u00e3o de uma urbe criativa conjunta\u201d. \u201cAtualmente, quem viaja escolhe destinos que combinam patrim\u00f3nio com outros produtos tur\u00edsticos. Esta rede alinha-se com essas tend\u00eancias internacionais, assim como com os eixos de promo\u00e7\u00e3o definidos pelo Turismo de Portugal\u201d<\/em>, sublinhou.<\/p>\n\n\n\n<p>O anfitri\u00e3o,&nbsp;<strong>V\u00edtor Pereira<\/strong>, presidente da C\u00e2mara Municipal da Covilh\u00e3, destacou a import\u00e2ncia desta parceria:&nbsp;<em>\u201cEsta \u00e9 uma ocasi\u00e3o muito relevante para a Covilh\u00e3 e para o Centro de Portugal. Este projeto refor\u00e7a os la\u00e7os entre seis cidades distinguidas pela UNESCO, numa estrat\u00e9gia de turismo criativo estruturada, que aposta na criatividade como denominador comum, permitindo-nos ganhar escala e competitividade global. Juntos, fortalecemos a liga\u00e7\u00e3o entre os territ\u00f3rios\u201d<\/em>.<\/p>\n\n\n\n<p>Lu\u00eds Filipe, representante da Comiss\u00e3o de Coordena\u00e7\u00e3o e Desenvolvimento Regional do Centro (CCDR Centro), refor\u00e7ou o impacto do projeto, sublinhando que&nbsp;<em>\u201ca candidatura teve uma avalia\u00e7\u00e3o muito positiva pela CCDR, devido \u00e0 sua relev\u00e2ncia para a coes\u00e3o territorial. Este \u00e9 um projeto que une tr\u00eas cidades do interior e tr\u00eas do litoral, promovendo a criatividade como estrat\u00e9gia de desenvolvimento. A marca UNESCO \u00e9 uma mais-valia que nos permite atrair turistas e reter talentos qualificados, criando oportunidades para os nossos territ\u00f3rios. A energia e motiva\u00e7\u00e3o demonstradas aqui hoje s\u00e3o o reflexo do potencial desta iniciativa, que conta com o total apoio da CCDR\u201d<\/em>.<\/p>\n\n\n\n<p>A apresenta\u00e7\u00e3o contou tamb\u00e9m com representantes das autarquias, que detalharam os contributos e desafios de cada munic\u00edpio para a implementa\u00e7\u00e3o da rede. Estiveram presentes, e deram a conhecer os respetivos contributos,\u00a0<strong>Armindo Jacinto\u00a0<\/strong>(presidente da C\u00e2mara Municipal de Idanha-a-Nova),\u00a0<strong>Concei\u00e7\u00e3o Henriques\u00a0<\/strong>(vereadora da C\u00e2mara Municipal das Caldas da Rainha),\u00a0<strong>H\u00e9lder Henriques\u00a0<\/strong>(vice-presidente da C\u00e2mara Municipal de Castelo Branco),\u00a0<strong>Regina Gouveia\u00a0<\/strong>(vereadora da C\u00e2mara Municipal da Covilh\u00e3),\u00a0<strong>Anabela Gra\u00e7a\u00a0<\/strong>(vice-presidente da C\u00e2mara Municipal de Leiria) e\u00a0<strong>Margarida Reis\u00a0<\/strong>(vereadora na C\u00e2mara Municipal de \u00d3bidos).\u00a0<strong>Jorge Sampaio<\/strong>, membro da Comiss\u00e3o Executiva da TCP, esteve tamb\u00e9m presente.<\/p>\n\n\n\n<p><strong>Sobre a Turismo Centro de Portugal:<\/strong><\/p>\n\n\n\n<p>A Turismo Centro de Portugal \u00e9 a entidade que estrutura e promove o turismo na Regi\u00e3o Centro do pa\u00eds. Esta \u00e9 a maior e mais diversificada \u00e1rea tur\u00edstica nacional, abrangendo 100 munic\u00edpios, e tem registado um intenso crescimento da procura interna e externa. \u00c9 a regi\u00e3o a escolher para quem pretende experi\u00eancias diversificadas, pois concilia locais Patrim\u00f3nio da Humanidade com a melhor costa de surf da Europa, termas e spas id\u00edlicos, locais de culto de import\u00e2ncia mundial e as mais belas aldeias.<\/p>\n","protected":false},"excerpt":{"rendered":"<p>Rede das Cidades Criativas UNESCO do Centro de Portugal foi apresentada hoje, na Covilh\u00e3. O Sal\u00e3o Nobre da C\u00e2mara Municipal&#8230;<\/p>\n","protected":false},"author":7,"featured_media":13479,"comment_status":"closed","ping_status":"open","sticky":false,"template":"","format":"standard","meta":[],"categories":[39],"tags":[765,871,872,856,346,345,356],"yoast_head":"<!-- This site is optimized with the Yoast SEO plugin v20.12 - https:\/\/yoast.com\/wordpress\/plugins\/seo\/ -->\n<title>Centro de Portugal junta seis Cidades Criativas da UNESCO em projeto inovador de promo\u00e7\u00e3o tur\u00edstica - Atelier do Caractere<\/title>\n<meta name=\"robots\" content=\"index, follow, max-snippet:-1, max-image-preview:large, max-video-preview:-1\" \/>\n<link rel=\"canonical\" href=\"https:\/\/www.atelierdocaractere.pt\/brevemente\/centro-de-portugal-junta-seis-cidades-criativas-da-unesco-em-projeto-inovador-de-promocao-turistica\/\" \/>\n<meta property=\"og:locale\" content=\"pt_PT\" \/>\n<meta property=\"og:type\" content=\"article\" \/>\n<meta property=\"og:title\" content=\"Centro de Portugal junta seis Cidades Criativas da UNESCO em projeto inovador de promo\u00e7\u00e3o tur\u00edstica - Atelier do Caractere\" \/>\n<meta property=\"og:description\" content=\"Rede das Cidades Criativas UNESCO do Centro de Portugal foi apresentada hoje, na Covilh\u00e3. O Sal\u00e3o Nobre da C\u00e2mara Municipal...\" \/>\n<meta property=\"og:url\" content=\"https:\/\/www.atelierdocaractere.pt\/brevemente\/centro-de-portugal-junta-seis-cidades-criativas-da-unesco-em-projeto-inovador-de-promocao-turistica\/\" \/>\n<meta property=\"og:site_name\" content=\"Atelier do Caractere\" \/>\n<meta property=\"article:publisher\" content=\"https:\/\/www.facebook.com\/AtelierdoCaractere\" \/>\n<meta property=\"article:published_time\" content=\"2024-12-10T17:03:05+00:00\" \/>\n<meta property=\"article:modified_time\" content=\"2024-12-13T17:08:09+00:00\" \/>\n<meta property=\"og:image\" content=\"https:\/\/www.atelierdocaractere.pt\/wp-content\/uploads\/2024\/12\/img-20241210-112233.jpg\" \/>\n\t<meta property=\"og:image:width\" content=\"1920\" \/>\n\t<meta property=\"og:image:height\" content=\"1440\" \/>\n\t<meta property=\"og:image:type\" content=\"image\/jpeg\" \/>\n<meta name=\"author\" content=\"Joana Barbosa\" \/>\n<meta name=\"twitter:card\" content=\"summary_large_image\" \/>\n<meta name=\"twitter:label1\" content=\"Escrito por\" \/>\n\t<meta name=\"twitter:data1\" content=\"Joana Barbosa\" \/>\n\t<meta name=\"twitter:label2\" content=\"Tempo estimado de leitura\" \/>\n\t<meta name=\"twitter:data2\" content=\"7 minutos\" \/>\n<script type=\"application\/ld+json\" class=\"yoast-schema-graph\">{\"@context\":\"https:\/\/schema.org\",\"@graph\":[{\"@type\":\"WebPage\",\"@id\":\"https:\/\/www.atelierdocaractere.pt\/brevemente\/centro-de-portugal-junta-seis-cidades-criativas-da-unesco-em-projeto-inovador-de-promocao-turistica\/\",\"url\":\"https:\/\/www.atelierdocaractere.pt\/brevemente\/centro-de-portugal-junta-seis-cidades-criativas-da-unesco-em-projeto-inovador-de-promocao-turistica\/\",\"name\":\"Centro de Portugal junta seis Cidades Criativas da UNESCO em projeto inovador de promo\u00e7\u00e3o tur\u00edstica - Atelier do Caractere\",\"isPartOf\":{\"@id\":\"https:\/\/www.atelierdocaractere.pt\/brevemente\/#website\"},\"datePublished\":\"2024-12-10T17:03:05+00:00\",\"dateModified\":\"2024-12-13T17:08:09+00:00\",\"author\":{\"@id\":\"https:\/\/www.atelierdocaractere.pt\/brevemente\/#\/schema\/person\/f2f096eb0f27d9894725af22cb97c0db\"},\"breadcrumb\":{\"@id\":\"https:\/\/www.atelierdocaractere.pt\/brevemente\/centro-de-portugal-junta-seis-cidades-criativas-da-unesco-em-projeto-inovador-de-promocao-turistica\/#breadcrumb\"},\"inLanguage\":\"pt-PT\",\"potentialAction\":[{\"@type\":\"ReadAction\",\"target\":[\"https:\/\/www.atelierdocaractere.pt\/brevemente\/centro-de-portugal-junta-seis-cidades-criativas-da-unesco-em-projeto-inovador-de-promocao-turistica\/\"]}]},{\"@type\":\"BreadcrumbList\",\"@id\":\"https:\/\/www.atelierdocaractere.pt\/brevemente\/centro-de-portugal-junta-seis-cidades-criativas-da-unesco-em-projeto-inovador-de-promocao-turistica\/#breadcrumb\",\"itemListElement\":[{\"@type\":\"ListItem\",\"position\":1,\"name\":\"In\u00edcio\",\"item\":\"https:\/\/www.atelierdocaractere.pt\/brevemente\/\"},{\"@type\":\"ListItem\",\"position\":2,\"name\":\"Centro de Portugal junta seis Cidades Criativas da UNESCO em projeto inovador de promo\u00e7\u00e3o tur\u00edstica\"}]},{\"@type\":\"WebSite\",\"@id\":\"https:\/\/www.atelierdocaractere.pt\/brevemente\/#website\",\"url\":\"https:\/\/www.atelierdocaractere.pt\/brevemente\/\",\"name\":\"Atelier do Caractere\",\"description\":\"\",\"potentialAction\":[{\"@type\":\"SearchAction\",\"target\":{\"@type\":\"EntryPoint\",\"urlTemplate\":\"https:\/\/www.atelierdocaractere.pt\/brevemente\/?s={search_term_string}\"},\"query-input\":\"required name=search_term_string\"}],\"inLanguage\":\"pt-PT\"},{\"@type\":\"Person\",\"@id\":\"https:\/\/www.atelierdocaractere.pt\/brevemente\/#\/schema\/person\/f2f096eb0f27d9894725af22cb97c0db\",\"name\":\"Joana Barbosa\",\"image\":{\"@type\":\"ImageObject\",\"inLanguage\":\"pt-PT\",\"@id\":\"https:\/\/www.atelierdocaractere.pt\/brevemente\/#\/schema\/person\/image\/\",\"url\":\"https:\/\/secure.gravatar.com\/avatar\/33e8214b45e9d68a3a83008731075979?s=96&d=mm&r=g\",\"contentUrl\":\"https:\/\/secure.gravatar.com\/avatar\/33e8214b45e9d68a3a83008731075979?s=96&d=mm&r=g\",\"caption\":\"Joana Barbosa\"},\"url\":\"https:\/\/www.atelierdocaractere.pt\/brevemente\/author\/joanabarbosa\/\"}]}<\/script>\n<!-- \/ Yoast SEO plugin. -->","yoast_head_json":{"title":"Centro de Portugal junta seis Cidades Criativas da UNESCO em projeto inovador de promo\u00e7\u00e3o tur\u00edstica - Atelier do Caractere","robots":{"index":"index","follow":"follow","max-snippet":"max-snippet:-1","max-image-preview":"max-image-preview:large","max-video-preview":"max-video-preview:-1"},"canonical":"https:\/\/www.atelierdocaractere.pt\/brevemente\/centro-de-portugal-junta-seis-cidades-criativas-da-unesco-em-projeto-inovador-de-promocao-turistica\/","og_locale":"pt_PT","og_type":"article","og_title":"Centro de Portugal junta seis Cidades Criativas da UNESCO em projeto inovador de promo\u00e7\u00e3o tur\u00edstica - Atelier do Caractere","og_description":"Rede das Cidades Criativas UNESCO do Centro de Portugal foi apresentada hoje, na Covilh\u00e3. O Sal\u00e3o Nobre da C\u00e2mara Municipal...","og_url":"https:\/\/www.atelierdocaractere.pt\/brevemente\/centro-de-portugal-junta-seis-cidades-criativas-da-unesco-em-projeto-inovador-de-promocao-turistica\/","og_site_name":"Atelier do Caractere","article_publisher":"https:\/\/www.facebook.com\/AtelierdoCaractere","article_published_time":"2024-12-10T17:03:05+00:00","article_modified_time":"2024-12-13T17:08:09+00:00","og_image":[{"width":1920,"height":1440,"url":"https:\/\/www.atelierdocaractere.pt\/wp-content\/uploads\/2024\/12\/img-20241210-112233.jpg","type":"image\/jpeg"}],"author":"Joana Barbosa","twitter_card":"summary_large_image","twitter_misc":{"Escrito por":"Joana Barbosa","Tempo estimado de leitura":"7 minutos"},"schema":{"@context":"https:\/\/schema.org","@graph":[{"@type":"WebPage","@id":"https:\/\/www.atelierdocaractere.pt\/brevemente\/centro-de-portugal-junta-seis-cidades-criativas-da-unesco-em-projeto-inovador-de-promocao-turistica\/","url":"https:\/\/www.atelierdocaractere.pt\/brevemente\/centro-de-portugal-junta-seis-cidades-criativas-da-unesco-em-projeto-inovador-de-promocao-turistica\/","name":"Centro de Portugal junta seis Cidades Criativas da UNESCO em projeto inovador de promo\u00e7\u00e3o tur\u00edstica - Atelier do Caractere","isPartOf":{"@id":"https:\/\/www.atelierdocaractere.pt\/brevemente\/#website"},"datePublished":"2024-12-10T17:03:05+00:00","dateModified":"2024-12-13T17:08:09+00:00","author":{"@id":"https:\/\/www.atelierdocaractere.pt\/brevemente\/#\/schema\/person\/f2f096eb0f27d9894725af22cb97c0db"},"breadcrumb":{"@id":"https:\/\/www.atelierdocaractere.pt\/brevemente\/centro-de-portugal-junta-seis-cidades-criativas-da-unesco-em-projeto-inovador-de-promocao-turistica\/#breadcrumb"},"inLanguage":"pt-PT","potentialAction":[{"@type":"ReadAction","target":["https:\/\/www.atelierdocaractere.pt\/brevemente\/centro-de-portugal-junta-seis-cidades-criativas-da-unesco-em-projeto-inovador-de-promocao-turistica\/"]}]},{"@type":"BreadcrumbList","@id":"https:\/\/www.atelierdocaractere.pt\/brevemente\/centro-de-portugal-junta-seis-cidades-criativas-da-unesco-em-projeto-inovador-de-promocao-turistica\/#breadcrumb","itemListElement":[{"@type":"ListItem","position":1,"name":"In\u00edcio","item":"https:\/\/www.atelierdocaractere.pt\/brevemente\/"},{"@type":"ListItem","position":2,"name":"Centro de Portugal junta seis Cidades Criativas da UNESCO em projeto inovador de promo\u00e7\u00e3o tur\u00edstica"}]},{"@type":"WebSite","@id":"https:\/\/www.atelierdocaractere.pt\/brevemente\/#website","url":"https:\/\/www.atelierdocaractere.pt\/brevemente\/","name":"Atelier do Caractere","description":"","potentialAction":[{"@type":"SearchAction","target":{"@type":"EntryPoint","urlTemplate":"https:\/\/www.atelierdocaractere.pt\/brevemente\/?s={search_term_string}"},"query-input":"required name=search_term_string"}],"inLanguage":"pt-PT"},{"@type":"Person","@id":"https:\/\/www.atelierdocaractere.pt\/brevemente\/#\/schema\/person\/f2f096eb0f27d9894725af22cb97c0db","name":"Joana Barbosa","image":{"@type":"ImageObject","inLanguage":"pt-PT","@id":"https:\/\/www.atelierdocaractere.pt\/brevemente\/#\/schema\/person\/image\/","url":"https:\/\/secure.gravatar.com\/avatar\/33e8214b45e9d68a3a83008731075979?s=96&d=mm&r=g","contentUrl":"https:\/\/secure.gravatar.com\/avatar\/33e8214b45e9d68a3a83008731075979?s=96&d=mm&r=g","caption":"Joana Barbosa"},"url":"https:\/\/www.atelierdocaractere.pt\/brevemente\/author\/joanabarbosa\/"}]}},"_links":{"self":[{"href":"https:\/\/www.atelierdocaractere.pt\/brevemente\/wp-json\/wp\/v2\/posts\/13478"}],"collection":[{"href":"https:\/\/www.atelierdocaractere.pt\/brevemente\/wp-json\/wp\/v2\/posts"}],"about":[{"href":"https:\/\/www.atelierdocaractere.pt\/brevemente\/wp-json\/wp\/v2\/types\/post"}],"author":[{"embeddable":true,"href":"https:\/\/www.atelierdocaractere.pt\/brevemente\/wp-json\/wp\/v2\/users\/7"}],"replies":[{"embeddable":true,"href":"https:\/\/www.atelierdocaractere.pt\/brevemente\/wp-json\/wp\/v2\/comments?post=13478"}],"version-history":[{"count":1,"href":"https:\/\/www.atelierdocaractere.pt\/brevemente\/wp-json\/wp\/v2\/posts\/13478\/revisions"}],"predecessor-version":[{"id":13480,"href":"https:\/\/www.atelierdocaractere.pt\/brevemente\/wp-json\/wp\/v2\/posts\/13478\/revisions\/13480"}],"wp:featuredmedia":[{"embeddable":true,"href":"https:\/\/www.atelierdocaractere.pt\/brevemente\/wp-json\/wp\/v2\/media\/13479"}],"wp:attachment":[{"href":"https:\/\/www.atelierdocaractere.pt\/brevemente\/wp-json\/wp\/v2\/media?parent=13478"}],"wp:term":[{"taxonomy":"category","embeddable":true,"href":"https:\/\/www.atelierdocaractere.pt\/brevemente\/wp-json\/wp\/v2\/categories?post=13478"},{"taxonomy":"post_tag","embeddable":true,"href":"https:\/\/www.atelierdocaractere.pt\/brevemente\/wp-json\/wp\/v2\/tags?post=13478"}],"curies":[{"name":"wp","href":"https:\/\/api.w.org\/{rel}","templated":true}]}}