{"id":13481,"date":"2024-12-09T17:10:33","date_gmt":"2024-12-09T17:10:33","guid":{"rendered":"https:\/\/www.atelierdocaractere.pt\/brevemente\/?p=13481"},"modified":"2024-12-13T17:16:14","modified_gmt":"2024-12-13T17:16:14","slug":"antiga-estacao-ferroviaria-da-lousa-ganha-nova-vida-como-alojamento-turistico","status":"publish","type":"post","link":"https:\/\/www.atelierdocaractere.pt\/brevemente\/antiga-estacao-ferroviaria-da-lousa-ganha-nova-vida-como-alojamento-turistico\/","title":{"rendered":"Antiga esta\u00e7\u00e3o ferrovi\u00e1ria da Lous\u00e3 ganha nova vida como alojamento tur\u00edstico"},"content":{"rendered":"\n<p><strong>Edif\u00edcio foi inaugurado hoje, com a presen\u00e7a do Secret\u00e1rio de Estado do Turismo, Pedro Machado.<\/strong><\/p>\n\n\n\n<figure class=\"wp-block-image size-large\"><img decoding=\"async\" width=\"1024\" height=\"658\" src=\"https:\/\/www.atelierdocaractere.pt\/wp-content\/uploads\/2024\/12\/img-8525-1-1024x658.jpg\" alt=\"\" class=\"wp-image-13482\" srcset=\"https:\/\/www.atelierdocaractere.pt\/wp-content\/uploads\/2024\/12\/img-8525-1-1024x658.jpg 1024w, https:\/\/www.atelierdocaractere.pt\/wp-content\/uploads\/2024\/12\/img-8525-1-300x193.jpg 300w, https:\/\/www.atelierdocaractere.pt\/wp-content\/uploads\/2024\/12\/img-8525-1-768x494.jpg 768w, https:\/\/www.atelierdocaractere.pt\/wp-content\/uploads\/2024\/12\/img-8525-1-1536x987.jpg 1536w, https:\/\/www.atelierdocaractere.pt\/wp-content\/uploads\/2024\/12\/img-8525-1-2048x1316.jpg 2048w\" sizes=\"(max-width: 1024px) 100vw, 1024px\" \/><\/figure>\n\n\n\n<p>O alojamento local Lous\u00e3 Esta\u00e7\u00e3o, resultado da recupera\u00e7\u00e3o da hist\u00f3rica esta\u00e7\u00e3o ferrovi\u00e1ria da vila da Lous\u00e3, foi inaugurado hoje numa cerim\u00f3nia presidida pelo&nbsp;<strong>Secret\u00e1rio de Estado do Turismo, Pedro Machado<\/strong>, e que contou com a presen\u00e7a de v\u00e1rios respons\u00e1veis do setor tur\u00edstico.<\/p>\n\n\n\n<p>O projeto de reconvers\u00e3o foi concretizado no \u00e2mbito do Fundo Revive Natureza, gerido pela Fomento Fundos. A concess\u00e3o do edif\u00edcio \u2013 assim como o da antiga esta\u00e7\u00e3o de Serpins, no mesmo concelho \u2013 foi atribu\u00edda ao empres\u00e1rio Fernando Pereira e \u00e9 um exemplo concreto do compromisso de recupera\u00e7\u00e3o e valoriza\u00e7\u00e3o de patrim\u00f3nio devoluto do Estado, alinhando-o com a promo\u00e7\u00e3o do turismo sustent\u00e1vel e o desenvolvimento regional.<\/p>\n\n\n\n<p>O alojamento tem dispon\u00edveis oito quartos, de v\u00e1rias tipologias. A designa\u00e7\u00e3o dos quartos remete para a antiga esta\u00e7\u00e3o, com nomes sugestivos como \u201cchefe de esta\u00e7\u00e3o e fam\u00edlia\u201d, \u201cmaquinista e fam\u00edlia\u201d ou \u201cguarda da passagem de n\u00edvel\u201d. O bar do alojamento est\u00e1 aberto ao p\u00fablico. A esta\u00e7\u00e3o servia o ramal ferrovi\u00e1rio da Lous\u00e3, desativado em 2009. No antigo tro\u00e7o vai passar a circular o metro de superf\u00edcie Metro Mondego.<\/p>\n\n\n\n<p>Al\u00e9m de&nbsp;<strong>Pedro Machado<\/strong>, estiveram presentes na inaugura\u00e7\u00e3o&nbsp;<strong>Lu\u00eds Antunes<\/strong>, presidente da C\u00e2mara Municipal da Lous\u00e3,&nbsp;<strong>Carlos Abade<\/strong>, presidente do Turismo de Portugal,&nbsp;<strong>Anabela Freitas<\/strong>, vice-presidente da Turismo Centro de Portugal,&nbsp;<strong>Rita Lavado<\/strong>, administradora executiva da Fomento \u2013 Fundos de Investimento Imobili\u00e1rio, e&nbsp;representantes de outros organismos nacionais e regionais, como o IP Patrim\u00f3nio, o ICNF &#8211; Instituto da Conserva\u00e7\u00e3o da Natureza e das Florestas e o&nbsp;Metro Mondego.<\/p>\n\n\n\n<p>Na ocasi\u00e3o,&nbsp;<strong>Lu\u00eds Antunes<\/strong>&nbsp;destacou que a inaugura\u00e7\u00e3o do espa\u00e7o representa uma nova vida para um edif\u00edcio hist\u00f3rico da Lous\u00e3.&nbsp;<em>\u201cO que estamos a inaugurar hoje \u00e9 a preserva\u00e7\u00e3o de um patrim\u00f3nio que tem uma hist\u00f3ria importante e \u00e9 tamb\u00e9m um contributo de relevo para a oferta tur\u00edstica no concelho. \u00c9 de assinalar a boa colabora\u00e7\u00e3o e o bom trabalho desenvolvido pelas diversas entidades neste objetivo\u201d<\/em>, elogiou Lu\u00eds Antunes.&nbsp;<em>\u201cEstas duas esta\u00e7\u00f5es t\u00eam agora uma nova vida, que se concilia com outro projeto essencial para o concelho e para a regi\u00e3o, que \u00e9 o Sistema de Mobilidade do Mondego, que \u00e9 important\u00edssimo para refor\u00e7ar a atratividade e a qualidade de vida no concelho e da regi\u00e3o\u201d<\/em>, acrescentou.<\/p>\n\n\n\n<p><strong>Rita Lavado<\/strong>&nbsp;real\u00e7ou o impacto do Fundo Revive Natureza na recupera\u00e7\u00e3o de patrim\u00f3nio devoluto.&nbsp;<em>\u201cO Fundo Revive Natureza tem como objetivo principal a recupera\u00e7\u00e3o de patrim\u00f3nio devoluto que pertence ao Estado, neste caso ao ICNF. Celebr\u00e1mos um protocolo com a IP Patrim\u00f3nio, para recuperar algumas esta\u00e7\u00f5es de caminho de ferro e atribuir-lhe fins tur\u00edsticos. As esta\u00e7\u00f5es da Lous\u00e3 e de Serpins, propostas pelo munic\u00edpio da Lous\u00e3, foram as primeiras a serem recuperadas. Acreditamos que vai o Fundo Revive Natureza vai ser um sucesso\u201d<\/em>, explicou.&nbsp;<\/p>\n\n\n\n<p><strong>Pedro Machado<\/strong>&nbsp;sublinhou a import\u00e2ncia estrat\u00e9gica deste investimento no contexto do crescimento tur\u00edstico do pa\u00eds.&nbsp;<em>\u201cEste edif\u00edcio cumpre v\u00e1rios objetivos. O primeiro \u00e9 a capacidade de articula\u00e7\u00e3o entre os v\u00e1rios organismos, do Estado central e regionais, no sentido de possibilitarmos a atividade tur\u00edstica no patrim\u00f3nio do Estado. As organiza\u00e7\u00f5es p\u00fablicas t\u00eam a obriga\u00e7\u00e3o de criar as condi\u00e7\u00f5es para facilitar a din\u00e2mica operacional dos empres\u00e1rios. A esta\u00e7\u00e3o da Lous\u00e3 \u00e9 um bom exemplo\u201d<\/em>, considerou.<\/p>\n\n\n\n<p><em>\u201cEm segundo lugar\u201d<\/em>, continuou Pedro Machado,\u00a0<em>\u201cestamos a contribuir para mais hospitalidade. Portugal vai fechar 2024 com n\u00fameros recorde na atividade tur\u00edstica. Vamos ultrapassar os 30 milh\u00f5es de turistas estrangeiros, as 80 milh\u00f5es de dormidas e mais de 27.000 milh\u00f5es de euros de receitas. \u00c9 importante qualificarmos a experi\u00eancia tur\u00edstica, melhorarmos as condi\u00e7\u00f5es daqueles queremos atrair e, simultaneamente, diversificarmos a oferta atrav\u00e9s dos produtos que integram a estrat\u00e9gia da promo\u00e7\u00e3o de Portugal \u2013 o turismo de natureza, o ecoturismo, o enoturismo, o turismo da aldeia, tudo aquilo que n\u00f3s encontramos na Lous\u00e3. Finalmente, queremos que o turismo seja cada vez mais uma atividade que cobre todo o territ\u00f3rio nacional. Quem vem \u00e0 Lous\u00e3, que j\u00e1 tinha boas condi\u00e7\u00f5es de hospitalidade, hoje passa a ter aqui mais um atrativo adicional, ainda para mais ligado a um edif\u00edcio ic\u00f3nico\u201d.<\/em><\/p>\n\n\n\n<p><strong>Sobre a Turismo Centro de Portugal:<\/strong><\/p>\n\n\n\n<p>A Turismo Centro de Portugal \u00e9 a entidade que estrutura e promove o turismo na Regi\u00e3o Centro do pa\u00eds. Esta \u00e9 a maior e mais diversificada \u00e1rea tur\u00edstica nacional, abrangendo 100 munic\u00edpios, e tem registado um intenso crescimento da procura interna e externa. \u00c9 a regi\u00e3o a escolher para quem pretende experi\u00eancias diversificadas, pois concilia locais Patrim\u00f3nio da Humanidade com a melhor costa de surf da Europa, termas e spas id\u00edlicos, locais de culto de import\u00e2ncia mundial e as mais belas aldeias.<\/p>\n","protected":false},"excerpt":{"rendered":"<p>Edif\u00edcio foi inaugurado hoje, com a presen\u00e7a do Secret\u00e1rio de Estado do Turismo, Pedro Machado. O alojamento local Lous\u00e3 Esta\u00e7\u00e3o,&#8230;<\/p>\n","protected":false},"author":7,"featured_media":13482,"comment_status":"closed","ping_status":"open","sticky":false,"template":"","format":"standard","meta":[],"categories":[39],"tags":[765,374,856,349,346,345],"yoast_head":"<!-- This site is optimized with the Yoast SEO plugin v20.12 - https:\/\/yoast.com\/wordpress\/plugins\/seo\/ -->\n<title>Antiga esta\u00e7\u00e3o ferrovi\u00e1ria da Lous\u00e3 ganha nova vida como alojamento tur\u00edstico - Atelier do Caractere<\/title>\n<meta name=\"robots\" content=\"index, follow, max-snippet:-1, max-image-preview:large, max-video-preview:-1\" \/>\n<link rel=\"canonical\" href=\"https:\/\/www.atelierdocaractere.pt\/brevemente\/antiga-estacao-ferroviaria-da-lousa-ganha-nova-vida-como-alojamento-turistico\/\" \/>\n<meta property=\"og:locale\" content=\"pt_PT\" \/>\n<meta property=\"og:type\" content=\"article\" \/>\n<meta property=\"og:title\" content=\"Antiga esta\u00e7\u00e3o ferrovi\u00e1ria da Lous\u00e3 ganha nova vida como alojamento tur\u00edstico - Atelier do Caractere\" \/>\n<meta property=\"og:description\" content=\"Edif\u00edcio foi inaugurado hoje, com a presen\u00e7a do Secret\u00e1rio de Estado do Turismo, Pedro Machado. O alojamento local Lous\u00e3 Esta\u00e7\u00e3o,...\" \/>\n<meta property=\"og:url\" content=\"https:\/\/www.atelierdocaractere.pt\/brevemente\/antiga-estacao-ferroviaria-da-lousa-ganha-nova-vida-como-alojamento-turistico\/\" \/>\n<meta property=\"og:site_name\" content=\"Atelier do Caractere\" \/>\n<meta property=\"article:publisher\" content=\"https:\/\/www.facebook.com\/AtelierdoCaractere\" \/>\n<meta property=\"article:published_time\" content=\"2024-12-09T17:10:33+00:00\" \/>\n<meta property=\"article:modified_time\" content=\"2024-12-13T17:16:14+00:00\" \/>\n<meta property=\"og:image\" content=\"https:\/\/www.atelierdocaractere.pt\/wp-content\/uploads\/2024\/12\/img-8525-1.jpg\" \/>\n\t<meta property=\"og:image:width\" content=\"3662\" \/>\n\t<meta property=\"og:image:height\" content=\"2354\" \/>\n\t<meta property=\"og:image:type\" content=\"image\/jpeg\" \/>\n<meta name=\"author\" content=\"Joana Barbosa\" \/>\n<meta name=\"twitter:card\" content=\"summary_large_image\" \/>\n<meta name=\"twitter:label1\" content=\"Escrito por\" \/>\n\t<meta name=\"twitter:data1\" content=\"Joana Barbosa\" \/>\n\t<meta name=\"twitter:label2\" content=\"Tempo estimado de leitura\" \/>\n\t<meta name=\"twitter:data2\" content=\"5 minutos\" \/>\n<script type=\"application\/ld+json\" class=\"yoast-schema-graph\">{\"@context\":\"https:\/\/schema.org\",\"@graph\":[{\"@type\":\"WebPage\",\"@id\":\"https:\/\/www.atelierdocaractere.pt\/brevemente\/antiga-estacao-ferroviaria-da-lousa-ganha-nova-vida-como-alojamento-turistico\/\",\"url\":\"https:\/\/www.atelierdocaractere.pt\/brevemente\/antiga-estacao-ferroviaria-da-lousa-ganha-nova-vida-como-alojamento-turistico\/\",\"name\":\"Antiga esta\u00e7\u00e3o ferrovi\u00e1ria da Lous\u00e3 ganha nova vida como alojamento tur\u00edstico - Atelier do Caractere\",\"isPartOf\":{\"@id\":\"https:\/\/www.atelierdocaractere.pt\/brevemente\/#website\"},\"datePublished\":\"2024-12-09T17:10:33+00:00\",\"dateModified\":\"2024-12-13T17:16:14+00:00\",\"author\":{\"@id\":\"https:\/\/www.atelierdocaractere.pt\/brevemente\/#\/schema\/person\/f2f096eb0f27d9894725af22cb97c0db\"},\"breadcrumb\":{\"@id\":\"https:\/\/www.atelierdocaractere.pt\/brevemente\/antiga-estacao-ferroviaria-da-lousa-ganha-nova-vida-como-alojamento-turistico\/#breadcrumb\"},\"inLanguage\":\"pt-PT\",\"potentialAction\":[{\"@type\":\"ReadAction\",\"target\":[\"https:\/\/www.atelierdocaractere.pt\/brevemente\/antiga-estacao-ferroviaria-da-lousa-ganha-nova-vida-como-alojamento-turistico\/\"]}]},{\"@type\":\"BreadcrumbList\",\"@id\":\"https:\/\/www.atelierdocaractere.pt\/brevemente\/antiga-estacao-ferroviaria-da-lousa-ganha-nova-vida-como-alojamento-turistico\/#breadcrumb\",\"itemListElement\":[{\"@type\":\"ListItem\",\"position\":1,\"name\":\"In\u00edcio\",\"item\":\"https:\/\/www.atelierdocaractere.pt\/brevemente\/\"},{\"@type\":\"ListItem\",\"position\":2,\"name\":\"Antiga esta\u00e7\u00e3o ferrovi\u00e1ria da Lous\u00e3 ganha nova vida como alojamento tur\u00edstico\"}]},{\"@type\":\"WebSite\",\"@id\":\"https:\/\/www.atelierdocaractere.pt\/brevemente\/#website\",\"url\":\"https:\/\/www.atelierdocaractere.pt\/brevemente\/\",\"name\":\"Atelier do Caractere\",\"description\":\"\",\"potentialAction\":[{\"@type\":\"SearchAction\",\"target\":{\"@type\":\"EntryPoint\",\"urlTemplate\":\"https:\/\/www.atelierdocaractere.pt\/brevemente\/?s={search_term_string}\"},\"query-input\":\"required name=search_term_string\"}],\"inLanguage\":\"pt-PT\"},{\"@type\":\"Person\",\"@id\":\"https:\/\/www.atelierdocaractere.pt\/brevemente\/#\/schema\/person\/f2f096eb0f27d9894725af22cb97c0db\",\"name\":\"Joana Barbosa\",\"image\":{\"@type\":\"ImageObject\",\"inLanguage\":\"pt-PT\",\"@id\":\"https:\/\/www.atelierdocaractere.pt\/brevemente\/#\/schema\/person\/image\/\",\"url\":\"https:\/\/secure.gravatar.com\/avatar\/33e8214b45e9d68a3a83008731075979?s=96&d=mm&r=g\",\"contentUrl\":\"https:\/\/secure.gravatar.com\/avatar\/33e8214b45e9d68a3a83008731075979?s=96&d=mm&r=g\",\"caption\":\"Joana Barbosa\"},\"url\":\"https:\/\/www.atelierdocaractere.pt\/brevemente\/author\/joanabarbosa\/\"}]}<\/script>\n<!-- \/ Yoast SEO plugin. -->","yoast_head_json":{"title":"Antiga esta\u00e7\u00e3o ferrovi\u00e1ria da Lous\u00e3 ganha nova vida como alojamento tur\u00edstico - Atelier do Caractere","robots":{"index":"index","follow":"follow","max-snippet":"max-snippet:-1","max-image-preview":"max-image-preview:large","max-video-preview":"max-video-preview:-1"},"canonical":"https:\/\/www.atelierdocaractere.pt\/brevemente\/antiga-estacao-ferroviaria-da-lousa-ganha-nova-vida-como-alojamento-turistico\/","og_locale":"pt_PT","og_type":"article","og_title":"Antiga esta\u00e7\u00e3o ferrovi\u00e1ria da Lous\u00e3 ganha nova vida como alojamento tur\u00edstico - Atelier do Caractere","og_description":"Edif\u00edcio foi inaugurado hoje, com a presen\u00e7a do Secret\u00e1rio de Estado do Turismo, Pedro Machado. O alojamento local Lous\u00e3 Esta\u00e7\u00e3o,...","og_url":"https:\/\/www.atelierdocaractere.pt\/brevemente\/antiga-estacao-ferroviaria-da-lousa-ganha-nova-vida-como-alojamento-turistico\/","og_site_name":"Atelier do Caractere","article_publisher":"https:\/\/www.facebook.com\/AtelierdoCaractere","article_published_time":"2024-12-09T17:10:33+00:00","article_modified_time":"2024-12-13T17:16:14+00:00","og_image":[{"width":3662,"height":2354,"url":"https:\/\/www.atelierdocaractere.pt\/wp-content\/uploads\/2024\/12\/img-8525-1.jpg","type":"image\/jpeg"}],"author":"Joana Barbosa","twitter_card":"summary_large_image","twitter_misc":{"Escrito por":"Joana Barbosa","Tempo estimado de leitura":"5 minutos"},"schema":{"@context":"https:\/\/schema.org","@graph":[{"@type":"WebPage","@id":"https:\/\/www.atelierdocaractere.pt\/brevemente\/antiga-estacao-ferroviaria-da-lousa-ganha-nova-vida-como-alojamento-turistico\/","url":"https:\/\/www.atelierdocaractere.pt\/brevemente\/antiga-estacao-ferroviaria-da-lousa-ganha-nova-vida-como-alojamento-turistico\/","name":"Antiga esta\u00e7\u00e3o ferrovi\u00e1ria da Lous\u00e3 ganha nova vida como alojamento tur\u00edstico - Atelier do Caractere","isPartOf":{"@id":"https:\/\/www.atelierdocaractere.pt\/brevemente\/#website"},"datePublished":"2024-12-09T17:10:33+00:00","dateModified":"2024-12-13T17:16:14+00:00","author":{"@id":"https:\/\/www.atelierdocaractere.pt\/brevemente\/#\/schema\/person\/f2f096eb0f27d9894725af22cb97c0db"},"breadcrumb":{"@id":"https:\/\/www.atelierdocaractere.pt\/brevemente\/antiga-estacao-ferroviaria-da-lousa-ganha-nova-vida-como-alojamento-turistico\/#breadcrumb"},"inLanguage":"pt-PT","potentialAction":[{"@type":"ReadAction","target":["https:\/\/www.atelierdocaractere.pt\/brevemente\/antiga-estacao-ferroviaria-da-lousa-ganha-nova-vida-como-alojamento-turistico\/"]}]},{"@type":"BreadcrumbList","@id":"https:\/\/www.atelierdocaractere.pt\/brevemente\/antiga-estacao-ferroviaria-da-lousa-ganha-nova-vida-como-alojamento-turistico\/#breadcrumb","itemListElement":[{"@type":"ListItem","position":1,"name":"In\u00edcio","item":"https:\/\/www.atelierdocaractere.pt\/brevemente\/"},{"@type":"ListItem","position":2,"name":"Antiga esta\u00e7\u00e3o ferrovi\u00e1ria da Lous\u00e3 ganha nova vida como alojamento tur\u00edstico"}]},{"@type":"WebSite","@id":"https:\/\/www.atelierdocaractere.pt\/brevemente\/#website","url":"https:\/\/www.atelierdocaractere.pt\/brevemente\/","name":"Atelier do Caractere","description":"","potentialAction":[{"@type":"SearchAction","target":{"@type":"EntryPoint","urlTemplate":"https:\/\/www.atelierdocaractere.pt\/brevemente\/?s={search_term_string}"},"query-input":"required name=search_term_string"}],"inLanguage":"pt-PT"},{"@type":"Person","@id":"https:\/\/www.atelierdocaractere.pt\/brevemente\/#\/schema\/person\/f2f096eb0f27d9894725af22cb97c0db","name":"Joana Barbosa","image":{"@type":"ImageObject","inLanguage":"pt-PT","@id":"https:\/\/www.atelierdocaractere.pt\/brevemente\/#\/schema\/person\/image\/","url":"https:\/\/secure.gravatar.com\/avatar\/33e8214b45e9d68a3a83008731075979?s=96&d=mm&r=g","contentUrl":"https:\/\/secure.gravatar.com\/avatar\/33e8214b45e9d68a3a83008731075979?s=96&d=mm&r=g","caption":"Joana Barbosa"},"url":"https:\/\/www.atelierdocaractere.pt\/brevemente\/author\/joanabarbosa\/"}]}},"_links":{"self":[{"href":"https:\/\/www.atelierdocaractere.pt\/brevemente\/wp-json\/wp\/v2\/posts\/13481"}],"collection":[{"href":"https:\/\/www.atelierdocaractere.pt\/brevemente\/wp-json\/wp\/v2\/posts"}],"about":[{"href":"https:\/\/www.atelierdocaractere.pt\/brevemente\/wp-json\/wp\/v2\/types\/post"}],"author":[{"embeddable":true,"href":"https:\/\/www.atelierdocaractere.pt\/brevemente\/wp-json\/wp\/v2\/users\/7"}],"replies":[{"embeddable":true,"href":"https:\/\/www.atelierdocaractere.pt\/brevemente\/wp-json\/wp\/v2\/comments?post=13481"}],"version-history":[{"count":1,"href":"https:\/\/www.atelierdocaractere.pt\/brevemente\/wp-json\/wp\/v2\/posts\/13481\/revisions"}],"predecessor-version":[{"id":13483,"href":"https:\/\/www.atelierdocaractere.pt\/brevemente\/wp-json\/wp\/v2\/posts\/13481\/revisions\/13483"}],"wp:featuredmedia":[{"embeddable":true,"href":"https:\/\/www.atelierdocaractere.pt\/brevemente\/wp-json\/wp\/v2\/media\/13482"}],"wp:attachment":[{"href":"https:\/\/www.atelierdocaractere.pt\/brevemente\/wp-json\/wp\/v2\/media?parent=13481"}],"wp:term":[{"taxonomy":"category","embeddable":true,"href":"https:\/\/www.atelierdocaractere.pt\/brevemente\/wp-json\/wp\/v2\/categories?post=13481"},{"taxonomy":"post_tag","embeddable":true,"href":"https:\/\/www.atelierdocaractere.pt\/brevemente\/wp-json\/wp\/v2\/tags?post=13481"}],"curies":[{"name":"wp","href":"https:\/\/api.w.org\/{rel}","templated":true}]}}