{"id":13493,"date":"2024-12-30T17:31:45","date_gmt":"2024-12-30T17:31:45","guid":{"rendered":"https:\/\/www.atelierdocaractere.pt\/brevemente\/?p=13493"},"modified":"2024-12-30T17:31:49","modified_gmt":"2024-12-30T17:31:49","slug":"cerimonias-funebres-de-raul-almeida-presidente-da-turismo-centro-de-portugal","status":"publish","type":"post","link":"https:\/\/www.atelierdocaractere.pt\/brevemente\/cerimonias-funebres-de-raul-almeida-presidente-da-turismo-centro-de-portugal\/","title":{"rendered":"Cerim\u00f3nias F\u00fanebres de Raul Almeida, Presidente da Turismo Centro de Portugal"},"content":{"rendered":"\n<p>\u00c9 com profundo pesar que a Turismo Centro de Portugal informa sobre as cerim\u00f3nias f\u00fanebres do seu Presidente, Raul Almeida.<\/p>\n\n\n\n<p>As cerim\u00f3nias ter\u00e3o in\u00edcio amanh\u00e3, dia 31 de dezembro, com vel\u00f3rio \u00e0s 12h00, na Igreja Matriz de Mira. A missa ser\u00e1 celebrada \u00e0s 15h00, seguindo o cortejo f\u00fanebre para o Cemit\u00e9rio Municipal de Mira, com chegada \u00e0s 15h45.<\/p>\n\n\n\n<p>A Missa do 7.\u00ba Dia ser\u00e1 realizada na quinta-feira, dia 2 de janeiro, \u00e0s 19h00, na Capela de Portomar.<\/p>\n\n\n\n<p>A Turismo Centro de Portugal manifesta a sua gratid\u00e3o por todas as mensagens de condol\u00eancia recebidas neste momento de luto e consterna\u00e7\u00e3o.<\/p>\n\n\n\n<p><strong>Sobre a Turismo Centro de Portugal:<\/strong><\/p>\n\n\n\n<p>A Turismo Centro de Portugal \u00e9 a entidade que estrutura e promove o turismo na Regi\u00e3o Centro do pa\u00eds. Esta \u00e9 a maior e mais diversificada \u00e1rea tur\u00edstica nacional, abrangendo 100 munic\u00edpios, e tem registado um intenso crescimento da procura interna e externa. \u00c9 a regi\u00e3o a escolher para quem pretende experi\u00eancias diversificadas, pois concilia locais Patrim\u00f3nio da Humanidade com a melhor costa de surf da Europa, termas e spas id\u00edlicos, locais de culto de import\u00e2ncia mundial e as mais belas aldeias.<\/p>\n","protected":false},"excerpt":{"rendered":"<p>\u00c9 com profundo pesar que a Turismo Centro de Portugal informa sobre as cerim\u00f3nias f\u00fanebres do seu Presidente, Raul Almeida&#8230;.<\/p>\n","protected":false},"author":7,"featured_media":13494,"comment_status":"closed","ping_status":"open","sticky":false,"template":"","format":"standard","meta":[],"categories":[39],"tags":[765,583,346,345],"yoast_head":"<!-- This site is optimized with the Yoast SEO plugin v20.12 - https:\/\/yoast.com\/wordpress\/plugins\/seo\/ -->\n<title>Cerim\u00f3nias F\u00fanebres de Raul Almeida, Presidente da Turismo Centro de Portugal - Atelier do Caractere<\/title>\n<meta name=\"robots\" content=\"index, follow, max-snippet:-1, max-image-preview:large, max-video-preview:-1\" \/>\n<link rel=\"canonical\" href=\"https:\/\/www.atelierdocaractere.pt\/brevemente\/cerimonias-funebres-de-raul-almeida-presidente-da-turismo-centro-de-portugal\/\" \/>\n<meta property=\"og:locale\" content=\"pt_PT\" \/>\n<meta property=\"og:type\" content=\"article\" \/>\n<meta property=\"og:title\" content=\"Cerim\u00f3nias F\u00fanebres de Raul Almeida, Presidente da Turismo Centro de Portugal - Atelier do Caractere\" \/>\n<meta property=\"og:description\" content=\"\u00c9 com profundo pesar que a Turismo Centro de Portugal informa sobre as cerim\u00f3nias f\u00fanebres do seu Presidente, Raul Almeida....\" \/>\n<meta property=\"og:url\" content=\"https:\/\/www.atelierdocaractere.pt\/brevemente\/cerimonias-funebres-de-raul-almeida-presidente-da-turismo-centro-de-portugal\/\" \/>\n<meta property=\"og:site_name\" content=\"Atelier do Caractere\" \/>\n<meta property=\"article:publisher\" content=\"https:\/\/www.facebook.com\/AtelierdoCaractere\" \/>\n<meta property=\"article:published_time\" content=\"2024-12-30T17:31:45+00:00\" \/>\n<meta property=\"article:modified_time\" content=\"2024-12-30T17:31:49+00:00\" \/>\n<meta property=\"og:image\" content=\"https:\/\/www.atelierdocaractere.pt\/wp-content\/uploads\/2024\/12\/hr-plate-studio-230905-103638-0634-edit.jpg\" \/>\n\t<meta property=\"og:image:width\" content=\"1920\" \/>\n\t<meta property=\"og:image:height\" content=\"1440\" \/>\n\t<meta property=\"og:image:type\" content=\"image\/jpeg\" \/>\n<meta name=\"author\" content=\"Joana Barbosa\" \/>\n<meta name=\"twitter:card\" content=\"summary_large_image\" \/>\n<meta name=\"twitter:label1\" content=\"Escrito por\" \/>\n\t<meta name=\"twitter:data1\" content=\"Joana Barbosa\" \/>\n\t<meta name=\"twitter:label2\" content=\"Tempo estimado de leitura\" \/>\n\t<meta name=\"twitter:data2\" content=\"2 minutos\" \/>\n<script type=\"application\/ld+json\" class=\"yoast-schema-graph\">{\"@context\":\"https:\/\/schema.org\",\"@graph\":[{\"@type\":\"WebPage\",\"@id\":\"https:\/\/www.atelierdocaractere.pt\/brevemente\/cerimonias-funebres-de-raul-almeida-presidente-da-turismo-centro-de-portugal\/\",\"url\":\"https:\/\/www.atelierdocaractere.pt\/brevemente\/cerimonias-funebres-de-raul-almeida-presidente-da-turismo-centro-de-portugal\/\",\"name\":\"Cerim\u00f3nias F\u00fanebres de Raul Almeida, Presidente da Turismo Centro de Portugal - Atelier do Caractere\",\"isPartOf\":{\"@id\":\"https:\/\/www.atelierdocaractere.pt\/brevemente\/#website\"},\"datePublished\":\"2024-12-30T17:31:45+00:00\",\"dateModified\":\"2024-12-30T17:31:49+00:00\",\"author\":{\"@id\":\"https:\/\/www.atelierdocaractere.pt\/brevemente\/#\/schema\/person\/f2f096eb0f27d9894725af22cb97c0db\"},\"breadcrumb\":{\"@id\":\"https:\/\/www.atelierdocaractere.pt\/brevemente\/cerimonias-funebres-de-raul-almeida-presidente-da-turismo-centro-de-portugal\/#breadcrumb\"},\"inLanguage\":\"pt-PT\",\"potentialAction\":[{\"@type\":\"ReadAction\",\"target\":[\"https:\/\/www.atelierdocaractere.pt\/brevemente\/cerimonias-funebres-de-raul-almeida-presidente-da-turismo-centro-de-portugal\/\"]}]},{\"@type\":\"BreadcrumbList\",\"@id\":\"https:\/\/www.atelierdocaractere.pt\/brevemente\/cerimonias-funebres-de-raul-almeida-presidente-da-turismo-centro-de-portugal\/#breadcrumb\",\"itemListElement\":[{\"@type\":\"ListItem\",\"position\":1,\"name\":\"In\u00edcio\",\"item\":\"https:\/\/www.atelierdocaractere.pt\/brevemente\/\"},{\"@type\":\"ListItem\",\"position\":2,\"name\":\"Cerim\u00f3nias F\u00fanebres de Raul Almeida, Presidente da Turismo Centro de Portugal\"}]},{\"@type\":\"WebSite\",\"@id\":\"https:\/\/www.atelierdocaractere.pt\/brevemente\/#website\",\"url\":\"https:\/\/www.atelierdocaractere.pt\/brevemente\/\",\"name\":\"Atelier do Caractere\",\"description\":\"\",\"potentialAction\":[{\"@type\":\"SearchAction\",\"target\":{\"@type\":\"EntryPoint\",\"urlTemplate\":\"https:\/\/www.atelierdocaractere.pt\/brevemente\/?s={search_term_string}\"},\"query-input\":\"required name=search_term_string\"}],\"inLanguage\":\"pt-PT\"},{\"@type\":\"Person\",\"@id\":\"https:\/\/www.atelierdocaractere.pt\/brevemente\/#\/schema\/person\/f2f096eb0f27d9894725af22cb97c0db\",\"name\":\"Joana Barbosa\",\"image\":{\"@type\":\"ImageObject\",\"inLanguage\":\"pt-PT\",\"@id\":\"https:\/\/www.atelierdocaractere.pt\/brevemente\/#\/schema\/person\/image\/\",\"url\":\"https:\/\/secure.gravatar.com\/avatar\/33e8214b45e9d68a3a83008731075979?s=96&d=mm&r=g\",\"contentUrl\":\"https:\/\/secure.gravatar.com\/avatar\/33e8214b45e9d68a3a83008731075979?s=96&d=mm&r=g\",\"caption\":\"Joana Barbosa\"},\"url\":\"https:\/\/www.atelierdocaractere.pt\/brevemente\/author\/joanabarbosa\/\"}]}<\/script>\n<!-- \/ Yoast SEO plugin. -->","yoast_head_json":{"title":"Cerim\u00f3nias F\u00fanebres de Raul Almeida, Presidente da Turismo Centro de Portugal - Atelier do Caractere","robots":{"index":"index","follow":"follow","max-snippet":"max-snippet:-1","max-image-preview":"max-image-preview:large","max-video-preview":"max-video-preview:-1"},"canonical":"https:\/\/www.atelierdocaractere.pt\/brevemente\/cerimonias-funebres-de-raul-almeida-presidente-da-turismo-centro-de-portugal\/","og_locale":"pt_PT","og_type":"article","og_title":"Cerim\u00f3nias F\u00fanebres de Raul Almeida, Presidente da Turismo Centro de Portugal - Atelier do Caractere","og_description":"\u00c9 com profundo pesar que a Turismo Centro de Portugal informa sobre as cerim\u00f3nias f\u00fanebres do seu Presidente, Raul Almeida....","og_url":"https:\/\/www.atelierdocaractere.pt\/brevemente\/cerimonias-funebres-de-raul-almeida-presidente-da-turismo-centro-de-portugal\/","og_site_name":"Atelier do Caractere","article_publisher":"https:\/\/www.facebook.com\/AtelierdoCaractere","article_published_time":"2024-12-30T17:31:45+00:00","article_modified_time":"2024-12-30T17:31:49+00:00","og_image":[{"width":1920,"height":1440,"url":"https:\/\/www.atelierdocaractere.pt\/wp-content\/uploads\/2024\/12\/hr-plate-studio-230905-103638-0634-edit.jpg","type":"image\/jpeg"}],"author":"Joana Barbosa","twitter_card":"summary_large_image","twitter_misc":{"Escrito por":"Joana Barbosa","Tempo estimado de leitura":"2 minutos"},"schema":{"@context":"https:\/\/schema.org","@graph":[{"@type":"WebPage","@id":"https:\/\/www.atelierdocaractere.pt\/brevemente\/cerimonias-funebres-de-raul-almeida-presidente-da-turismo-centro-de-portugal\/","url":"https:\/\/www.atelierdocaractere.pt\/brevemente\/cerimonias-funebres-de-raul-almeida-presidente-da-turismo-centro-de-portugal\/","name":"Cerim\u00f3nias F\u00fanebres de Raul Almeida, Presidente da Turismo Centro de Portugal - Atelier do Caractere","isPartOf":{"@id":"https:\/\/www.atelierdocaractere.pt\/brevemente\/#website"},"datePublished":"2024-12-30T17:31:45+00:00","dateModified":"2024-12-30T17:31:49+00:00","author":{"@id":"https:\/\/www.atelierdocaractere.pt\/brevemente\/#\/schema\/person\/f2f096eb0f27d9894725af22cb97c0db"},"breadcrumb":{"@id":"https:\/\/www.atelierdocaractere.pt\/brevemente\/cerimonias-funebres-de-raul-almeida-presidente-da-turismo-centro-de-portugal\/#breadcrumb"},"inLanguage":"pt-PT","potentialAction":[{"@type":"ReadAction","target":["https:\/\/www.atelierdocaractere.pt\/brevemente\/cerimonias-funebres-de-raul-almeida-presidente-da-turismo-centro-de-portugal\/"]}]},{"@type":"BreadcrumbList","@id":"https:\/\/www.atelierdocaractere.pt\/brevemente\/cerimonias-funebres-de-raul-almeida-presidente-da-turismo-centro-de-portugal\/#breadcrumb","itemListElement":[{"@type":"ListItem","position":1,"name":"In\u00edcio","item":"https:\/\/www.atelierdocaractere.pt\/brevemente\/"},{"@type":"ListItem","position":2,"name":"Cerim\u00f3nias F\u00fanebres de Raul Almeida, Presidente da Turismo Centro de Portugal"}]},{"@type":"WebSite","@id":"https:\/\/www.atelierdocaractere.pt\/brevemente\/#website","url":"https:\/\/www.atelierdocaractere.pt\/brevemente\/","name":"Atelier do Caractere","description":"","potentialAction":[{"@type":"SearchAction","target":{"@type":"EntryPoint","urlTemplate":"https:\/\/www.atelierdocaractere.pt\/brevemente\/?s={search_term_string}"},"query-input":"required name=search_term_string"}],"inLanguage":"pt-PT"},{"@type":"Person","@id":"https:\/\/www.atelierdocaractere.pt\/brevemente\/#\/schema\/person\/f2f096eb0f27d9894725af22cb97c0db","name":"Joana Barbosa","image":{"@type":"ImageObject","inLanguage":"pt-PT","@id":"https:\/\/www.atelierdocaractere.pt\/brevemente\/#\/schema\/person\/image\/","url":"https:\/\/secure.gravatar.com\/avatar\/33e8214b45e9d68a3a83008731075979?s=96&d=mm&r=g","contentUrl":"https:\/\/secure.gravatar.com\/avatar\/33e8214b45e9d68a3a83008731075979?s=96&d=mm&r=g","caption":"Joana Barbosa"},"url":"https:\/\/www.atelierdocaractere.pt\/brevemente\/author\/joanabarbosa\/"}]}},"_links":{"self":[{"href":"https:\/\/www.atelierdocaractere.pt\/brevemente\/wp-json\/wp\/v2\/posts\/13493"}],"collection":[{"href":"https:\/\/www.atelierdocaractere.pt\/brevemente\/wp-json\/wp\/v2\/posts"}],"about":[{"href":"https:\/\/www.atelierdocaractere.pt\/brevemente\/wp-json\/wp\/v2\/types\/post"}],"author":[{"embeddable":true,"href":"https:\/\/www.atelierdocaractere.pt\/brevemente\/wp-json\/wp\/v2\/users\/7"}],"replies":[{"embeddable":true,"href":"https:\/\/www.atelierdocaractere.pt\/brevemente\/wp-json\/wp\/v2\/comments?post=13493"}],"version-history":[{"count":1,"href":"https:\/\/www.atelierdocaractere.pt\/brevemente\/wp-json\/wp\/v2\/posts\/13493\/revisions"}],"predecessor-version":[{"id":13495,"href":"https:\/\/www.atelierdocaractere.pt\/brevemente\/wp-json\/wp\/v2\/posts\/13493\/revisions\/13495"}],"wp:featuredmedia":[{"embeddable":true,"href":"https:\/\/www.atelierdocaractere.pt\/brevemente\/wp-json\/wp\/v2\/media\/13494"}],"wp:attachment":[{"href":"https:\/\/www.atelierdocaractere.pt\/brevemente\/wp-json\/wp\/v2\/media?parent=13493"}],"wp:term":[{"taxonomy":"category","embeddable":true,"href":"https:\/\/www.atelierdocaractere.pt\/brevemente\/wp-json\/wp\/v2\/categories?post=13493"},{"taxonomy":"post_tag","embeddable":true,"href":"https:\/\/www.atelierdocaractere.pt\/brevemente\/wp-json\/wp\/v2\/tags?post=13493"}],"curies":[{"name":"wp","href":"https:\/\/api.w.org\/{rel}","templated":true}]}}