{"id":13496,"date":"2025-01-02T12:00:01","date_gmt":"2025-01-02T12:00:01","guid":{"rendered":"https:\/\/www.atelierdocaractere.pt\/brevemente\/?p=13496"},"modified":"2025-01-03T12:23:07","modified_gmt":"2025-01-03T12:23:07","slug":"portuguesa-franco-sport-com-ambicoes-no-dakar-2025","status":"publish","type":"post","link":"https:\/\/www.atelierdocaractere.pt\/brevemente\/portuguesa-franco-sport-com-ambicoes-no-dakar-2025\/","title":{"rendered":"Portuguesa Franco Sport com ambi\u00e7\u00f5es no Dakar 2025"},"content":{"rendered":"\n<p><strong>\u00c9 j\u00e1 amanh\u00e3 que come\u00e7a a edi\u00e7\u00e3o 2025 do Dakar. A Franco Sport \u00e9 uma das poucas estruturas portuguesas presentes na prova, alinhando com as duplas M\u00e1rio Franco\/Rui Franco e Pedro Gon\u00e7alves\/Hugo Magalh\u00e3es. Aos comandos de dois X-Raid YXZ 1000R, da categoria Challenger, os pilotos t\u00eam como grande objetivo terminar o mais longo e duro rali do mundo, n\u00e3o descurando a conquista de um bom resultado. O oito vezes campe\u00e3o nacional de todo-o-terreno, Ant\u00f3nio Maio, tamb\u00e9m beneficia do apoio log\u00edstico da Franco Sport, com o Major da GNR a alinhar aos comandos de uma moto da Yamaha.<\/strong><\/p>\n\n\n\n<figure class=\"wp-block-image size-large\"><img decoding=\"async\" width=\"1024\" height=\"683\" src=\"https:\/\/www.atelierdocaractere.pt\/wp-content\/uploads\/2025\/01\/57987487-1024x683.jpg\" alt=\"\" class=\"wp-image-13497\" srcset=\"https:\/\/www.atelierdocaractere.pt\/wp-content\/uploads\/2025\/01\/57987487-1024x683.jpg 1024w, https:\/\/www.atelierdocaractere.pt\/wp-content\/uploads\/2025\/01\/57987487-300x200.jpg 300w, https:\/\/www.atelierdocaractere.pt\/wp-content\/uploads\/2025\/01\/57987487-768x512.jpg 768w, https:\/\/www.atelierdocaractere.pt\/wp-content\/uploads\/2025\/01\/57987487-1536x1024.jpg 1536w, https:\/\/www.atelierdocaractere.pt\/wp-content\/uploads\/2025\/01\/57987487-900x600.jpg 900w, https:\/\/www.atelierdocaractere.pt\/wp-content\/uploads\/2025\/01\/57987487-675x450.jpg 675w, https:\/\/www.atelierdocaractere.pt\/wp-content\/uploads\/2025\/01\/57987487.jpg 1920w\" sizes=\"(max-width: 1024px) 100vw, 1024px\" \/><\/figure>\n\n\n\n<p>A s\u00e9tima participa\u00e7\u00e3o no Dakar \u00e9 o primeiro grande desafio da temporada deste ano da portuguesa Franco Sport. A equipa com sede em Alenquer vai participar nas cinco provas que integram o calend\u00e1rio do Campeonato do Mundo de Rally-Raid (W2RC), mas tamb\u00e9m no Campeonato de Portugal de Todo-o-Terreno.<\/p>\n\n\n\n<p>Na edi\u00e7\u00e3o deste ano do Dakar, a forma\u00e7\u00e3o inscreve as duplas M\u00e1rio Franco\/Rui Franco e Pedro Gon\u00e7alves\/Hugo Magalh\u00e3es, ambas aos comandos de X-Raid YXZ 1000R. Um prot\u00f3tipo side-by-side desenvolvido com base no modelo de produ\u00e7\u00e3o Yamaha YXZ1000R.<\/p>\n\n\n\n<p>Com o primo Rui Franco como navegador, M\u00e1rio Franco cumpre a terceira participa\u00e7\u00e3o no Dakar. Depois de um 13\u00ba lugar (2022) e de um 25\u00ba (o ano passado), o piloto de Alenquer, campe\u00e3o nacional de todo-o-terreno em 2018 (categoria TT2), admite: <strong><em>\u201cSe terminarmos classificados no top10 ser\u00e1 muito bom, mas o grande objetivo \u00e9 mesmo chegarmos ao p\u00f3dio final. \u00c9 um rali muito duro e longo e dizem que a primeira semana promete ser verdadeiramente dif\u00edcil. Por isso, vamos procurar vencer as adversidades, sem correr riscos desnecess\u00e1rios. O importante \u00e9 tamb\u00e9m mostrarmos o potencial e a fiabilidade dos carros da X-Raid que representamos, em exclusividade, em Portugal, bem como o profissionalismo da nossa equipa, cada vez mais focada em refor\u00e7ar-se como uma das refer\u00eancias da modalidade\u201d.<\/em><\/strong><\/p>\n\n\n\n<p>J\u00e1 Pedro Gon\u00e7alves estreia-se no Dakar. A paix\u00e3o pelo desporto come\u00e7ou com as provas de resist\u00eancia de ciclismo e de atletismo, bem como com o snowboard e o kitesurf. O interesse pelo todo-o-terreno de competi\u00e7\u00e3o s\u00f3 chegou anos mais tarde. <strong><em>\u201c\u00c9 uma modalidade muito completa, que me d\u00e1 tudo o que eu  quero e preciso no desporto: resist\u00eancia e adrenalina. Por isso, \u00e9 que apesar de s\u00f3 agora estar a dar os primeiros passos no Rally-Raid, acho que andarei por aqui por muito tempo, at\u00e9 por contar com o apoio da minha fam\u00edlia, da minha esposa, aos meus filhos. O entusiasmo \u00e9 grande, sei que \u00e9 todo um mundo novo para mim, da\u00ed que terminar o Dakar seja o meu grande objetivo\u201d.<\/em><\/strong><\/p>\n\n\n\n<p>Com 47 anos, o empres\u00e1rio na \u00e1rea da tecnologia vai ter como navegador Hugo Magalh\u00e3es. Tamb\u00e9m ele a efetuar a estreia no Dakar, mas um nome com cr\u00e9ditos firmados nos ralis, mas tamb\u00e9m no todo-o-terreno, onde se sagrou campe\u00e3o nacional.<\/p>\n\n\n\n<p>A Franco Sport \u00e9 uma das poucas equipas portuguesas a competir no Dakar. Para aquela que \u00e9 a s\u00e9tima participa\u00e7\u00e3o no mais longo e duro rali do mundo (2018, 2019, 2020, 2021, 2022, 2024 e 2025), a estrutura humana e de log\u00edstica assenta em:<\/p>\n\n\n\n<ul>\n<li>2 pilotos + 2 navegadores;<\/li>\n\n\n\n<li>5 mec\u00e2nicos + 1 chefe de mec\u00e2nicos;<\/li>\n\n\n\n<li>1 respons\u00e1vel de log\u00edstica;<\/li>\n\n\n\n<li>1 fisioterapeuta;<\/li>\n\n\n\n<li>1 team-manager;<\/li>\n\n\n\n<li>1 cami\u00e3o 6&#215;6;<\/li>\n\n\n\n<li>1 cami\u00e3o (Transwhite);<\/li>\n\n\n\n<li>2 autocaravanas;<\/li>\n\n\n\n<li>1 viatura 4&#215;4 ligeira.<\/li>\n<\/ul>\n\n\n\n<p>Para a Franco Sport, o Dakar \u00e9 mais do que uma competi\u00e7\u00e3o; \u00e9 uma plataforma para demonstrar o desempenho dos prot\u00f3tipos X-Raid e o profissionalismo da equipa. Com os desafios extremos previstos para a primeira semana da prova, a forma\u00e7\u00e3o est\u00e1 preparada para enfrentar terrenos in\u00f3spitos e condi\u00e7\u00f5es extremas, representando Portugal, com orgulho, no mais longo e duro rali do mundo.<\/p>\n\n\n\n<p>Siga a aventura da Franco Sport, no Dakar 2025, nas nossas redes sociais:<br><a href=\"https:\/\/www.facebook.com\/p\/Franco-Sport-Racing-Development-100063622567410\" target=\"_blank\" rel=\"noreferrer noopener\">https:\/\/www.facebook.com\/p\/Franco-Sport-Racing-Development-100063622567410 <br><\/a><a href=\"https:\/\/www.instagram.com\/franco.sport\/\" target=\"_blank\" rel=\"noreferrer noopener\">https:\/\/www.instagram.com\/franco.sport\/<\/a><\/p>\n","protected":false},"excerpt":{"rendered":"<p>\u00c9 j\u00e1 amanh\u00e3 que come\u00e7a a edi\u00e7\u00e3o 2025 do Dakar. A Franco Sport \u00e9 uma das poucas estruturas portuguesas presentes&#8230;<\/p>\n","protected":false},"author":7,"featured_media":13497,"comment_status":"closed","ping_status":"open","sticky":false,"template":"","format":"standard","meta":[],"categories":[24],"tags":[852,153,874,873],"yoast_head":"<!-- This site is optimized with the Yoast SEO plugin v20.12 - https:\/\/yoast.com\/wordpress\/plugins\/seo\/ -->\n<title>Portuguesa Franco Sport com ambi\u00e7\u00f5es no Dakar 2025 - Atelier do Caractere<\/title>\n<meta name=\"robots\" content=\"index, follow, max-snippet:-1, max-image-preview:large, max-video-preview:-1\" \/>\n<link rel=\"canonical\" href=\"https:\/\/www.atelierdocaractere.pt\/brevemente\/portuguesa-franco-sport-com-ambicoes-no-dakar-2025\/\" \/>\n<meta property=\"og:locale\" content=\"pt_PT\" \/>\n<meta property=\"og:type\" content=\"article\" \/>\n<meta property=\"og:title\" content=\"Portuguesa Franco Sport com ambi\u00e7\u00f5es no Dakar 2025 - Atelier do Caractere\" \/>\n<meta property=\"og:description\" content=\"\u00c9 j\u00e1 amanh\u00e3 que come\u00e7a a edi\u00e7\u00e3o 2025 do Dakar. A Franco Sport \u00e9 uma das poucas estruturas portuguesas presentes...\" \/>\n<meta property=\"og:url\" content=\"https:\/\/www.atelierdocaractere.pt\/brevemente\/portuguesa-franco-sport-com-ambicoes-no-dakar-2025\/\" \/>\n<meta property=\"og:site_name\" content=\"Atelier do Caractere\" \/>\n<meta property=\"article:publisher\" content=\"https:\/\/www.facebook.com\/AtelierdoCaractere\" \/>\n<meta property=\"article:published_time\" content=\"2025-01-02T12:00:01+00:00\" \/>\n<meta property=\"article:modified_time\" content=\"2025-01-03T12:23:07+00:00\" \/>\n<meta property=\"og:image\" content=\"https:\/\/www.atelierdocaractere.pt\/wp-content\/uploads\/2025\/01\/57987487.jpg\" \/>\n\t<meta property=\"og:image:width\" content=\"1920\" \/>\n\t<meta property=\"og:image:height\" content=\"1280\" \/>\n\t<meta property=\"og:image:type\" content=\"image\/jpeg\" \/>\n<meta name=\"author\" content=\"Joana Barbosa\" \/>\n<meta name=\"twitter:card\" content=\"summary_large_image\" \/>\n<meta name=\"twitter:label1\" content=\"Escrito por\" \/>\n\t<meta name=\"twitter:data1\" content=\"Joana Barbosa\" \/>\n\t<meta name=\"twitter:label2\" content=\"Tempo estimado de leitura\" \/>\n\t<meta name=\"twitter:data2\" content=\"4 minutos\" \/>\n<script type=\"application\/ld+json\" class=\"yoast-schema-graph\">{\"@context\":\"https:\/\/schema.org\",\"@graph\":[{\"@type\":\"WebPage\",\"@id\":\"https:\/\/www.atelierdocaractere.pt\/brevemente\/portuguesa-franco-sport-com-ambicoes-no-dakar-2025\/\",\"url\":\"https:\/\/www.atelierdocaractere.pt\/brevemente\/portuguesa-franco-sport-com-ambicoes-no-dakar-2025\/\",\"name\":\"Portuguesa Franco Sport com ambi\u00e7\u00f5es no Dakar 2025 - Atelier do Caractere\",\"isPartOf\":{\"@id\":\"https:\/\/www.atelierdocaractere.pt\/brevemente\/#website\"},\"datePublished\":\"2025-01-02T12:00:01+00:00\",\"dateModified\":\"2025-01-03T12:23:07+00:00\",\"author\":{\"@id\":\"https:\/\/www.atelierdocaractere.pt\/brevemente\/#\/schema\/person\/f2f096eb0f27d9894725af22cb97c0db\"},\"breadcrumb\":{\"@id\":\"https:\/\/www.atelierdocaractere.pt\/brevemente\/portuguesa-franco-sport-com-ambicoes-no-dakar-2025\/#breadcrumb\"},\"inLanguage\":\"pt-PT\",\"potentialAction\":[{\"@type\":\"ReadAction\",\"target\":[\"https:\/\/www.atelierdocaractere.pt\/brevemente\/portuguesa-franco-sport-com-ambicoes-no-dakar-2025\/\"]}]},{\"@type\":\"BreadcrumbList\",\"@id\":\"https:\/\/www.atelierdocaractere.pt\/brevemente\/portuguesa-franco-sport-com-ambicoes-no-dakar-2025\/#breadcrumb\",\"itemListElement\":[{\"@type\":\"ListItem\",\"position\":1,\"name\":\"In\u00edcio\",\"item\":\"https:\/\/www.atelierdocaractere.pt\/brevemente\/\"},{\"@type\":\"ListItem\",\"position\":2,\"name\":\"Portuguesa Franco Sport com ambi\u00e7\u00f5es no Dakar 2025\"}]},{\"@type\":\"WebSite\",\"@id\":\"https:\/\/www.atelierdocaractere.pt\/brevemente\/#website\",\"url\":\"https:\/\/www.atelierdocaractere.pt\/brevemente\/\",\"name\":\"Atelier do Caractere\",\"description\":\"\",\"potentialAction\":[{\"@type\":\"SearchAction\",\"target\":{\"@type\":\"EntryPoint\",\"urlTemplate\":\"https:\/\/www.atelierdocaractere.pt\/brevemente\/?s={search_term_string}\"},\"query-input\":\"required name=search_term_string\"}],\"inLanguage\":\"pt-PT\"},{\"@type\":\"Person\",\"@id\":\"https:\/\/www.atelierdocaractere.pt\/brevemente\/#\/schema\/person\/f2f096eb0f27d9894725af22cb97c0db\",\"name\":\"Joana Barbosa\",\"image\":{\"@type\":\"ImageObject\",\"inLanguage\":\"pt-PT\",\"@id\":\"https:\/\/www.atelierdocaractere.pt\/brevemente\/#\/schema\/person\/image\/\",\"url\":\"https:\/\/secure.gravatar.com\/avatar\/33e8214b45e9d68a3a83008731075979?s=96&d=mm&r=g\",\"contentUrl\":\"https:\/\/secure.gravatar.com\/avatar\/33e8214b45e9d68a3a83008731075979?s=96&d=mm&r=g\",\"caption\":\"Joana Barbosa\"},\"url\":\"https:\/\/www.atelierdocaractere.pt\/brevemente\/author\/joanabarbosa\/\"}]}<\/script>\n<!-- \/ Yoast SEO plugin. -->","yoast_head_json":{"title":"Portuguesa Franco Sport com ambi\u00e7\u00f5es no Dakar 2025 - Atelier do Caractere","robots":{"index":"index","follow":"follow","max-snippet":"max-snippet:-1","max-image-preview":"max-image-preview:large","max-video-preview":"max-video-preview:-1"},"canonical":"https:\/\/www.atelierdocaractere.pt\/brevemente\/portuguesa-franco-sport-com-ambicoes-no-dakar-2025\/","og_locale":"pt_PT","og_type":"article","og_title":"Portuguesa Franco Sport com ambi\u00e7\u00f5es no Dakar 2025 - Atelier do Caractere","og_description":"\u00c9 j\u00e1 amanh\u00e3 que come\u00e7a a edi\u00e7\u00e3o 2025 do Dakar. A Franco Sport \u00e9 uma das poucas estruturas portuguesas presentes...","og_url":"https:\/\/www.atelierdocaractere.pt\/brevemente\/portuguesa-franco-sport-com-ambicoes-no-dakar-2025\/","og_site_name":"Atelier do Caractere","article_publisher":"https:\/\/www.facebook.com\/AtelierdoCaractere","article_published_time":"2025-01-02T12:00:01+00:00","article_modified_time":"2025-01-03T12:23:07+00:00","og_image":[{"width":1920,"height":1280,"url":"https:\/\/www.atelierdocaractere.pt\/wp-content\/uploads\/2025\/01\/57987487.jpg","type":"image\/jpeg"}],"author":"Joana Barbosa","twitter_card":"summary_large_image","twitter_misc":{"Escrito por":"Joana Barbosa","Tempo estimado de leitura":"4 minutos"},"schema":{"@context":"https:\/\/schema.org","@graph":[{"@type":"WebPage","@id":"https:\/\/www.atelierdocaractere.pt\/brevemente\/portuguesa-franco-sport-com-ambicoes-no-dakar-2025\/","url":"https:\/\/www.atelierdocaractere.pt\/brevemente\/portuguesa-franco-sport-com-ambicoes-no-dakar-2025\/","name":"Portuguesa Franco Sport com ambi\u00e7\u00f5es no Dakar 2025 - Atelier do Caractere","isPartOf":{"@id":"https:\/\/www.atelierdocaractere.pt\/brevemente\/#website"},"datePublished":"2025-01-02T12:00:01+00:00","dateModified":"2025-01-03T12:23:07+00:00","author":{"@id":"https:\/\/www.atelierdocaractere.pt\/brevemente\/#\/schema\/person\/f2f096eb0f27d9894725af22cb97c0db"},"breadcrumb":{"@id":"https:\/\/www.atelierdocaractere.pt\/brevemente\/portuguesa-franco-sport-com-ambicoes-no-dakar-2025\/#breadcrumb"},"inLanguage":"pt-PT","potentialAction":[{"@type":"ReadAction","target":["https:\/\/www.atelierdocaractere.pt\/brevemente\/portuguesa-franco-sport-com-ambicoes-no-dakar-2025\/"]}]},{"@type":"BreadcrumbList","@id":"https:\/\/www.atelierdocaractere.pt\/brevemente\/portuguesa-franco-sport-com-ambicoes-no-dakar-2025\/#breadcrumb","itemListElement":[{"@type":"ListItem","position":1,"name":"In\u00edcio","item":"https:\/\/www.atelierdocaractere.pt\/brevemente\/"},{"@type":"ListItem","position":2,"name":"Portuguesa Franco Sport com ambi\u00e7\u00f5es no Dakar 2025"}]},{"@type":"WebSite","@id":"https:\/\/www.atelierdocaractere.pt\/brevemente\/#website","url":"https:\/\/www.atelierdocaractere.pt\/brevemente\/","name":"Atelier do Caractere","description":"","potentialAction":[{"@type":"SearchAction","target":{"@type":"EntryPoint","urlTemplate":"https:\/\/www.atelierdocaractere.pt\/brevemente\/?s={search_term_string}"},"query-input":"required name=search_term_string"}],"inLanguage":"pt-PT"},{"@type":"Person","@id":"https:\/\/www.atelierdocaractere.pt\/brevemente\/#\/schema\/person\/f2f096eb0f27d9894725af22cb97c0db","name":"Joana Barbosa","image":{"@type":"ImageObject","inLanguage":"pt-PT","@id":"https:\/\/www.atelierdocaractere.pt\/brevemente\/#\/schema\/person\/image\/","url":"https:\/\/secure.gravatar.com\/avatar\/33e8214b45e9d68a3a83008731075979?s=96&d=mm&r=g","contentUrl":"https:\/\/secure.gravatar.com\/avatar\/33e8214b45e9d68a3a83008731075979?s=96&d=mm&r=g","caption":"Joana Barbosa"},"url":"https:\/\/www.atelierdocaractere.pt\/brevemente\/author\/joanabarbosa\/"}]}},"_links":{"self":[{"href":"https:\/\/www.atelierdocaractere.pt\/brevemente\/wp-json\/wp\/v2\/posts\/13496"}],"collection":[{"href":"https:\/\/www.atelierdocaractere.pt\/brevemente\/wp-json\/wp\/v2\/posts"}],"about":[{"href":"https:\/\/www.atelierdocaractere.pt\/brevemente\/wp-json\/wp\/v2\/types\/post"}],"author":[{"embeddable":true,"href":"https:\/\/www.atelierdocaractere.pt\/brevemente\/wp-json\/wp\/v2\/users\/7"}],"replies":[{"embeddable":true,"href":"https:\/\/www.atelierdocaractere.pt\/brevemente\/wp-json\/wp\/v2\/comments?post=13496"}],"version-history":[{"count":1,"href":"https:\/\/www.atelierdocaractere.pt\/brevemente\/wp-json\/wp\/v2\/posts\/13496\/revisions"}],"predecessor-version":[{"id":13498,"href":"https:\/\/www.atelierdocaractere.pt\/brevemente\/wp-json\/wp\/v2\/posts\/13496\/revisions\/13498"}],"wp:featuredmedia":[{"embeddable":true,"href":"https:\/\/www.atelierdocaractere.pt\/brevemente\/wp-json\/wp\/v2\/media\/13497"}],"wp:attachment":[{"href":"https:\/\/www.atelierdocaractere.pt\/brevemente\/wp-json\/wp\/v2\/media?parent=13496"}],"wp:term":[{"taxonomy":"category","embeddable":true,"href":"https:\/\/www.atelierdocaractere.pt\/brevemente\/wp-json\/wp\/v2\/categories?post=13496"},{"taxonomy":"post_tag","embeddable":true,"href":"https:\/\/www.atelierdocaractere.pt\/brevemente\/wp-json\/wp\/v2\/tags?post=13496"}],"curies":[{"name":"wp","href":"https:\/\/api.w.org\/{rel}","templated":true}]}}