{"id":13502,"date":"2025-01-24T12:57:17","date_gmt":"2025-01-24T12:57:17","guid":{"rendered":"https:\/\/www.atelierdocaractere.pt\/brevemente\/?p=13502"},"modified":"2025-01-25T13:04:38","modified_gmt":"2025-01-25T13:04:38","slug":"passeio-dos-ingleses-leva-mais-de-200-automoveis-classicos-a-lisboa-e-ao-porto","status":"publish","type":"post","link":"https:\/\/www.atelierdocaractere.pt\/brevemente\/passeio-dos-ingleses-leva-mais-de-200-automoveis-classicos-a-lisboa-e-ao-porto\/","title":{"rendered":"Passeio dos Ingleses leva mais de 200 autom\u00f3veis cl\u00e1ssicos a Lisboa e ao Porto"},"content":{"rendered":"\n<p><strong>O Passeio dos Ingleses \u00e9 um dos maiores eventos do g\u00e9nero organizado na Europa e, no pr\u00f3ximo s\u00e1bado, Lisboa e Porto recebem a partida da 21\u00aa edi\u00e7\u00e3o. Uma organiza\u00e7\u00e3o do Autom\u00f3vel Club de Portugal (ACP), que vai contar com a participa\u00e7\u00e3o de 204 cl\u00e1ssicos representativos da hist\u00f3rica ind\u00fastria e cultura autom\u00f3vel brit\u00e2nica. Ao volante de um Bentley, o comandante James Capps, da Marinha Real do Reino Unido, adido de defesa em Portugal e Cabo Verde, \u00e9 um dos nomes que est\u00e3o confirmados.<\/strong><\/p>\n\n\n\n<figure class=\"wp-block-image size-large\"><img decoding=\"async\" width=\"1024\" height=\"682\" src=\"https:\/\/www.atelierdocaractere.pt\/wp-content\/uploads\/2025\/01\/imagem-whatsapp-2025-01-24-as-181234-833606e6-1024x682.jpg\" alt=\"\" class=\"wp-image-13503\" srcset=\"https:\/\/www.atelierdocaractere.pt\/wp-content\/uploads\/2025\/01\/imagem-whatsapp-2025-01-24-as-181234-833606e6-1024x682.jpg 1024w, https:\/\/www.atelierdocaractere.pt\/wp-content\/uploads\/2025\/01\/imagem-whatsapp-2025-01-24-as-181234-833606e6-300x200.jpg 300w, https:\/\/www.atelierdocaractere.pt\/wp-content\/uploads\/2025\/01\/imagem-whatsapp-2025-01-24-as-181234-833606e6-768x512.jpg 768w, https:\/\/www.atelierdocaractere.pt\/wp-content\/uploads\/2025\/01\/imagem-whatsapp-2025-01-24-as-181234-833606e6-1536x1023.jpg 1536w, https:\/\/www.atelierdocaractere.pt\/wp-content\/uploads\/2025\/01\/imagem-whatsapp-2025-01-24-as-181234-833606e6-900x600.jpg 900w, https:\/\/www.atelierdocaractere.pt\/wp-content\/uploads\/2025\/01\/imagem-whatsapp-2025-01-24-as-181234-833606e6-675x450.jpg 675w, https:\/\/www.atelierdocaractere.pt\/wp-content\/uploads\/2025\/01\/imagem-whatsapp-2025-01-24-as-181234-833606e6.jpg 1600w\" sizes=\"(max-width: 1024px) 100vw, 1024px\" \/><\/figure>\n\n\n\n<p>Um desfile de valor hist\u00f3rico, sentimental e material, imposs\u00edvel de traduzir na frieza de um n\u00famero. Reservado a autom\u00f3veis cl\u00e1ssicos de fabrico ingl\u00eas, h\u00e1 mais de duas d\u00e9cadas que o Passeio dos Ingleses revive o esp\u00edrito que apaixonou milh\u00f5es de aficionados em todo o mundo, com marcas como a Bentley, Aston Martin, Austin-Healey, Austin Morris, Caterham, Ford, Jaguar, Land Rover, Lotus, MG, Morgan, Riley, Rolls Royce ou Triumph.<\/p>\n\n\n\n<p>Duzentos e quatro autom\u00f3veis cl\u00e1ssicos v\u00e3o, este s\u00e1bado, espalhar charme pelas cidades de Lisboa e Porto, mas tamb\u00e9m nas estradas das regi\u00f5es que integram o percurso do evento. Os concorrentes que partirem da capital v\u00e3o rumar \u00e0 Regi\u00e3o do Oeste e os que se concentrarem no Porto v\u00e3o partir com destino ao Minho.<\/p>\n\n\n\n<p>O lote de autom\u00f3veis n\u00e3o \u00e9 apenas vasto, mas tamb\u00e9m muito diversificado. O mais antigo \u00e9 um MG TC, fabricado em 1946, que vai ser tripulado por Pedro Villas Boas e Agostinho Macedo. Muita curiosidade vai despertar um Bristol 403, de 1954, equipado com um motor BMW, propriedade de Jos\u00e9 Santos Fernandes. A Bristol foi, talvez, a marca mais enigm\u00e1tica e exclusiva no setor autom\u00f3vel do p\u00f3s-guerra. Com recurso \u00e0 experi\u00eancia adquirida na constru\u00e7\u00e3o de aeronaves, produziu alguns dos melhores autom\u00f3veis desportivos da \u00e9poca. Entre os felizes propriet\u00e1rios de modelos da marca est\u00e3o nomes como Bono, Liam Gallagher e Sir Richard Branson.<\/p>\n\n\n\n<p>O Parque Eduardo VII \u00e9 o local de concentra\u00e7\u00e3o dos concorrentes em Lisboa, entre as 9h00 e as 9h30. A partida est\u00e1 agendada para as 10h00, com destino \u00e0 Casa de Reguengos (concelho de Mafra), mas com os participantes a serem divididos, a meio do percurso, em Grupo Desportivo e Grupo Tur\u00edstico, seguindo os seus pr\u00f3prios itiner\u00e1rios. O Grupo Tur\u00edstico faz uma paragem para visita ao jardim oriental Bacalh\u00f4a Buddha Eden, enquanto o Grupo Desportivo vai acelerar no Kart\u00f3dromo do Bombarral, numa prova de Regularidade.<\/p>\n\n\n\n<p>No Porto, o Museu Nacional de Soares do Reis \u00e9 o palco da concentra\u00e7\u00e3o, a partir das 9h00, enquanto a partida est\u00e1 marcada para as 10h00. O destino final \u00e9 a Pousada de Santa Maria do Bouro (concelho de Amares), mas com uma paragem pr\u00e9via no Mosteiro de Santo Andr\u00e9 de Rendufe.<\/p>\n\n\n\n<p>O Passeio dos Ingleses conta com o apoio da Embaixada do Reino Unido, bem como dos munic\u00edpios de Lisboa, Porto e Mafra, e tem o patroc\u00ednio da Bentley, Barbour e Twinings.<\/p>\n\n\n\n<p><strong>Programa Lisboa:<\/strong><br>09h00 Concentra\u00e7\u00e3o no Parque Eduardo VII<br>10h00 Partida do Passeio<br>11h30 Visita ao Bacalha Buddha Eden (Grupo Turistico)<br>11h30 Kart\u00f3dromo do Bombarral (Grupo Desportivo)<br>13h30 Chegada \u00e0 Casa de Reguengos para o almo\u00e7o<br>14h00 Almo\u00e7o<\/p>\n\n\n\n<p><strong>Programa Porto:<\/strong><br>09h00 Concentra\u00e7\u00e3o no Museu Nacional de Soares dos Reis<br>10h00 Partida do Passeio<br>11h30 Visita ao Mosteiro de Rendufe<br>13h00 Almo\u00e7o na Pousada de Santa Maria do Bouro<\/p>\n","protected":false},"excerpt":{"rendered":"<p>O Passeio dos Ingleses \u00e9 um dos maiores eventos do g\u00e9nero organizado na Europa e, no pr\u00f3ximo s\u00e1bado, Lisboa e&#8230;<\/p>\n","protected":false},"author":7,"featured_media":13503,"comment_status":"closed","ping_status":"open","sticky":false,"template":"","format":"standard","meta":[],"categories":[24],"tags":[433,505,529,759],"yoast_head":"<!-- This site is optimized with the Yoast SEO plugin v20.12 - https:\/\/yoast.com\/wordpress\/plugins\/seo\/ -->\n<title>Passeio dos Ingleses leva mais de 200 autom\u00f3veis cl\u00e1ssicos a Lisboa e ao Porto - Atelier do Caractere<\/title>\n<meta name=\"robots\" content=\"index, follow, max-snippet:-1, max-image-preview:large, max-video-preview:-1\" \/>\n<link rel=\"canonical\" href=\"https:\/\/www.atelierdocaractere.pt\/brevemente\/passeio-dos-ingleses-leva-mais-de-200-automoveis-classicos-a-lisboa-e-ao-porto\/\" \/>\n<meta property=\"og:locale\" content=\"pt_PT\" \/>\n<meta property=\"og:type\" content=\"article\" \/>\n<meta property=\"og:title\" content=\"Passeio dos Ingleses leva mais de 200 autom\u00f3veis cl\u00e1ssicos a Lisboa e ao Porto - Atelier do Caractere\" \/>\n<meta property=\"og:description\" content=\"O Passeio dos Ingleses \u00e9 um dos maiores eventos do g\u00e9nero organizado na Europa e, no pr\u00f3ximo s\u00e1bado, Lisboa e...\" \/>\n<meta property=\"og:url\" content=\"https:\/\/www.atelierdocaractere.pt\/brevemente\/passeio-dos-ingleses-leva-mais-de-200-automoveis-classicos-a-lisboa-e-ao-porto\/\" \/>\n<meta property=\"og:site_name\" content=\"Atelier do Caractere\" \/>\n<meta property=\"article:publisher\" content=\"https:\/\/www.facebook.com\/AtelierdoCaractere\" \/>\n<meta property=\"article:published_time\" content=\"2025-01-24T12:57:17+00:00\" \/>\n<meta property=\"article:modified_time\" content=\"2025-01-25T13:04:38+00:00\" \/>\n<meta property=\"og:image\" content=\"https:\/\/www.atelierdocaractere.pt\/wp-content\/uploads\/2025\/01\/imagem-whatsapp-2025-01-24-as-181234-833606e6.jpg\" \/>\n\t<meta property=\"og:image:width\" content=\"1600\" \/>\n\t<meta property=\"og:image:height\" content=\"1066\" \/>\n\t<meta property=\"og:image:type\" content=\"image\/jpeg\" \/>\n<meta name=\"author\" content=\"Joana Barbosa\" \/>\n<meta name=\"twitter:card\" content=\"summary_large_image\" \/>\n<meta name=\"twitter:label1\" content=\"Escrito por\" \/>\n\t<meta name=\"twitter:data1\" content=\"Joana Barbosa\" \/>\n\t<meta name=\"twitter:label2\" content=\"Tempo estimado de leitura\" \/>\n\t<meta name=\"twitter:data2\" content=\"4 minutos\" \/>\n<script type=\"application\/ld+json\" class=\"yoast-schema-graph\">{\"@context\":\"https:\/\/schema.org\",\"@graph\":[{\"@type\":\"WebPage\",\"@id\":\"https:\/\/www.atelierdocaractere.pt\/brevemente\/passeio-dos-ingleses-leva-mais-de-200-automoveis-classicos-a-lisboa-e-ao-porto\/\",\"url\":\"https:\/\/www.atelierdocaractere.pt\/brevemente\/passeio-dos-ingleses-leva-mais-de-200-automoveis-classicos-a-lisboa-e-ao-porto\/\",\"name\":\"Passeio dos Ingleses leva mais de 200 autom\u00f3veis cl\u00e1ssicos a Lisboa e ao Porto - Atelier do Caractere\",\"isPartOf\":{\"@id\":\"https:\/\/www.atelierdocaractere.pt\/brevemente\/#website\"},\"datePublished\":\"2025-01-24T12:57:17+00:00\",\"dateModified\":\"2025-01-25T13:04:38+00:00\",\"author\":{\"@id\":\"https:\/\/www.atelierdocaractere.pt\/brevemente\/#\/schema\/person\/f2f096eb0f27d9894725af22cb97c0db\"},\"breadcrumb\":{\"@id\":\"https:\/\/www.atelierdocaractere.pt\/brevemente\/passeio-dos-ingleses-leva-mais-de-200-automoveis-classicos-a-lisboa-e-ao-porto\/#breadcrumb\"},\"inLanguage\":\"pt-PT\",\"potentialAction\":[{\"@type\":\"ReadAction\",\"target\":[\"https:\/\/www.atelierdocaractere.pt\/brevemente\/passeio-dos-ingleses-leva-mais-de-200-automoveis-classicos-a-lisboa-e-ao-porto\/\"]}]},{\"@type\":\"BreadcrumbList\",\"@id\":\"https:\/\/www.atelierdocaractere.pt\/brevemente\/passeio-dos-ingleses-leva-mais-de-200-automoveis-classicos-a-lisboa-e-ao-porto\/#breadcrumb\",\"itemListElement\":[{\"@type\":\"ListItem\",\"position\":1,\"name\":\"In\u00edcio\",\"item\":\"https:\/\/www.atelierdocaractere.pt\/brevemente\/\"},{\"@type\":\"ListItem\",\"position\":2,\"name\":\"Passeio dos Ingleses leva mais de 200 autom\u00f3veis cl\u00e1ssicos a Lisboa e ao Porto\"}]},{\"@type\":\"WebSite\",\"@id\":\"https:\/\/www.atelierdocaractere.pt\/brevemente\/#website\",\"url\":\"https:\/\/www.atelierdocaractere.pt\/brevemente\/\",\"name\":\"Atelier do Caractere\",\"description\":\"\",\"potentialAction\":[{\"@type\":\"SearchAction\",\"target\":{\"@type\":\"EntryPoint\",\"urlTemplate\":\"https:\/\/www.atelierdocaractere.pt\/brevemente\/?s={search_term_string}\"},\"query-input\":\"required name=search_term_string\"}],\"inLanguage\":\"pt-PT\"},{\"@type\":\"Person\",\"@id\":\"https:\/\/www.atelierdocaractere.pt\/brevemente\/#\/schema\/person\/f2f096eb0f27d9894725af22cb97c0db\",\"name\":\"Joana Barbosa\",\"image\":{\"@type\":\"ImageObject\",\"inLanguage\":\"pt-PT\",\"@id\":\"https:\/\/www.atelierdocaractere.pt\/brevemente\/#\/schema\/person\/image\/\",\"url\":\"https:\/\/secure.gravatar.com\/avatar\/33e8214b45e9d68a3a83008731075979?s=96&d=mm&r=g\",\"contentUrl\":\"https:\/\/secure.gravatar.com\/avatar\/33e8214b45e9d68a3a83008731075979?s=96&d=mm&r=g\",\"caption\":\"Joana Barbosa\"},\"url\":\"https:\/\/www.atelierdocaractere.pt\/brevemente\/author\/joanabarbosa\/\"}]}<\/script>\n<!-- \/ Yoast SEO plugin. -->","yoast_head_json":{"title":"Passeio dos Ingleses leva mais de 200 autom\u00f3veis cl\u00e1ssicos a Lisboa e ao Porto - Atelier do Caractere","robots":{"index":"index","follow":"follow","max-snippet":"max-snippet:-1","max-image-preview":"max-image-preview:large","max-video-preview":"max-video-preview:-1"},"canonical":"https:\/\/www.atelierdocaractere.pt\/brevemente\/passeio-dos-ingleses-leva-mais-de-200-automoveis-classicos-a-lisboa-e-ao-porto\/","og_locale":"pt_PT","og_type":"article","og_title":"Passeio dos Ingleses leva mais de 200 autom\u00f3veis cl\u00e1ssicos a Lisboa e ao Porto - Atelier do Caractere","og_description":"O Passeio dos Ingleses \u00e9 um dos maiores eventos do g\u00e9nero organizado na Europa e, no pr\u00f3ximo s\u00e1bado, Lisboa e...","og_url":"https:\/\/www.atelierdocaractere.pt\/brevemente\/passeio-dos-ingleses-leva-mais-de-200-automoveis-classicos-a-lisboa-e-ao-porto\/","og_site_name":"Atelier do Caractere","article_publisher":"https:\/\/www.facebook.com\/AtelierdoCaractere","article_published_time":"2025-01-24T12:57:17+00:00","article_modified_time":"2025-01-25T13:04:38+00:00","og_image":[{"width":1600,"height":1066,"url":"https:\/\/www.atelierdocaractere.pt\/wp-content\/uploads\/2025\/01\/imagem-whatsapp-2025-01-24-as-181234-833606e6.jpg","type":"image\/jpeg"}],"author":"Joana Barbosa","twitter_card":"summary_large_image","twitter_misc":{"Escrito por":"Joana Barbosa","Tempo estimado de leitura":"4 minutos"},"schema":{"@context":"https:\/\/schema.org","@graph":[{"@type":"WebPage","@id":"https:\/\/www.atelierdocaractere.pt\/brevemente\/passeio-dos-ingleses-leva-mais-de-200-automoveis-classicos-a-lisboa-e-ao-porto\/","url":"https:\/\/www.atelierdocaractere.pt\/brevemente\/passeio-dos-ingleses-leva-mais-de-200-automoveis-classicos-a-lisboa-e-ao-porto\/","name":"Passeio dos Ingleses leva mais de 200 autom\u00f3veis cl\u00e1ssicos a Lisboa e ao Porto - Atelier do Caractere","isPartOf":{"@id":"https:\/\/www.atelierdocaractere.pt\/brevemente\/#website"},"datePublished":"2025-01-24T12:57:17+00:00","dateModified":"2025-01-25T13:04:38+00:00","author":{"@id":"https:\/\/www.atelierdocaractere.pt\/brevemente\/#\/schema\/person\/f2f096eb0f27d9894725af22cb97c0db"},"breadcrumb":{"@id":"https:\/\/www.atelierdocaractere.pt\/brevemente\/passeio-dos-ingleses-leva-mais-de-200-automoveis-classicos-a-lisboa-e-ao-porto\/#breadcrumb"},"inLanguage":"pt-PT","potentialAction":[{"@type":"ReadAction","target":["https:\/\/www.atelierdocaractere.pt\/brevemente\/passeio-dos-ingleses-leva-mais-de-200-automoveis-classicos-a-lisboa-e-ao-porto\/"]}]},{"@type":"BreadcrumbList","@id":"https:\/\/www.atelierdocaractere.pt\/brevemente\/passeio-dos-ingleses-leva-mais-de-200-automoveis-classicos-a-lisboa-e-ao-porto\/#breadcrumb","itemListElement":[{"@type":"ListItem","position":1,"name":"In\u00edcio","item":"https:\/\/www.atelierdocaractere.pt\/brevemente\/"},{"@type":"ListItem","position":2,"name":"Passeio dos Ingleses leva mais de 200 autom\u00f3veis cl\u00e1ssicos a Lisboa e ao Porto"}]},{"@type":"WebSite","@id":"https:\/\/www.atelierdocaractere.pt\/brevemente\/#website","url":"https:\/\/www.atelierdocaractere.pt\/brevemente\/","name":"Atelier do Caractere","description":"","potentialAction":[{"@type":"SearchAction","target":{"@type":"EntryPoint","urlTemplate":"https:\/\/www.atelierdocaractere.pt\/brevemente\/?s={search_term_string}"},"query-input":"required name=search_term_string"}],"inLanguage":"pt-PT"},{"@type":"Person","@id":"https:\/\/www.atelierdocaractere.pt\/brevemente\/#\/schema\/person\/f2f096eb0f27d9894725af22cb97c0db","name":"Joana Barbosa","image":{"@type":"ImageObject","inLanguage":"pt-PT","@id":"https:\/\/www.atelierdocaractere.pt\/brevemente\/#\/schema\/person\/image\/","url":"https:\/\/secure.gravatar.com\/avatar\/33e8214b45e9d68a3a83008731075979?s=96&d=mm&r=g","contentUrl":"https:\/\/secure.gravatar.com\/avatar\/33e8214b45e9d68a3a83008731075979?s=96&d=mm&r=g","caption":"Joana Barbosa"},"url":"https:\/\/www.atelierdocaractere.pt\/brevemente\/author\/joanabarbosa\/"}]}},"_links":{"self":[{"href":"https:\/\/www.atelierdocaractere.pt\/brevemente\/wp-json\/wp\/v2\/posts\/13502"}],"collection":[{"href":"https:\/\/www.atelierdocaractere.pt\/brevemente\/wp-json\/wp\/v2\/posts"}],"about":[{"href":"https:\/\/www.atelierdocaractere.pt\/brevemente\/wp-json\/wp\/v2\/types\/post"}],"author":[{"embeddable":true,"href":"https:\/\/www.atelierdocaractere.pt\/brevemente\/wp-json\/wp\/v2\/users\/7"}],"replies":[{"embeddable":true,"href":"https:\/\/www.atelierdocaractere.pt\/brevemente\/wp-json\/wp\/v2\/comments?post=13502"}],"version-history":[{"count":1,"href":"https:\/\/www.atelierdocaractere.pt\/brevemente\/wp-json\/wp\/v2\/posts\/13502\/revisions"}],"predecessor-version":[{"id":13504,"href":"https:\/\/www.atelierdocaractere.pt\/brevemente\/wp-json\/wp\/v2\/posts\/13502\/revisions\/13504"}],"wp:featuredmedia":[{"embeddable":true,"href":"https:\/\/www.atelierdocaractere.pt\/brevemente\/wp-json\/wp\/v2\/media\/13503"}],"wp:attachment":[{"href":"https:\/\/www.atelierdocaractere.pt\/brevemente\/wp-json\/wp\/v2\/media?parent=13502"}],"wp:term":[{"taxonomy":"category","embeddable":true,"href":"https:\/\/www.atelierdocaractere.pt\/brevemente\/wp-json\/wp\/v2\/categories?post=13502"},{"taxonomy":"post_tag","embeddable":true,"href":"https:\/\/www.atelierdocaractere.pt\/brevemente\/wp-json\/wp\/v2\/tags?post=13502"}],"curies":[{"name":"wp","href":"https:\/\/api.w.org\/{rel}","templated":true}]}}