{"id":13505,"date":"2025-01-24T13:07:40","date_gmt":"2025-01-24T13:07:40","guid":{"rendered":"https:\/\/www.atelierdocaractere.pt\/brevemente\/?p=13505"},"modified":"2025-01-25T13:11:11","modified_gmt":"2025-01-25T13:11:11","slug":"cim-viseu-dao-lafoes-adere-a-rede-nacional-que-permite-acesso-gratuito-a-livros-digitais-e-apresenta-investimentos-na-rede-de-bibliotecas-da-regiao","status":"publish","type":"post","link":"https:\/\/www.atelierdocaractere.pt\/brevemente\/cim-viseu-dao-lafoes-adere-a-rede-nacional-que-permite-acesso-gratuito-a-livros-digitais-e-apresenta-investimentos-na-rede-de-bibliotecas-da-regiao\/","title":{"rendered":"CIM Viseu D\u00e3o Laf\u00f5es adere a rede nacional que permite acesso gratuito a livros digitais e apresenta investimentos na Rede de Bibliotecas da Regi\u00e3o\u00a0"},"content":{"rendered":"\n<ul>\n<li>Bibliotecas da regi\u00e3o v\u00e3o poder emprestar livros em formato digital aos utilizadores. Assinatura de protocolo de ades\u00e3o \u00e0 plataforma BiblioLED aconteceu hoje em Oliveira de Frades.<\/li>\n\n\n\n<li>Foram ainda apresentados os investimentos na moderniza\u00e7\u00e3o da Rede Intermunicipal de Bibliotecas de Viseu D\u00e3o Laf\u00f5es, no \u00e2mbito do Plano de Recupera\u00e7\u00e3o e Resili\u00eancia (PRR)<\/li>\n<\/ul>\n\n\n\n<figure class=\"wp-block-image size-large\"><img decoding=\"async\" width=\"1024\" height=\"683\" src=\"https:\/\/www.atelierdocaractere.pt\/wp-content\/uploads\/2025\/01\/biblioled-06-1024x683.jpg\" alt=\"\" class=\"wp-image-13506\" srcset=\"https:\/\/www.atelierdocaractere.pt\/wp-content\/uploads\/2025\/01\/biblioled-06-1024x683.jpg 1024w, https:\/\/www.atelierdocaractere.pt\/wp-content\/uploads\/2025\/01\/biblioled-06-300x200.jpg 300w, https:\/\/www.atelierdocaractere.pt\/wp-content\/uploads\/2025\/01\/biblioled-06-768x512.jpg 768w, https:\/\/www.atelierdocaractere.pt\/wp-content\/uploads\/2025\/01\/biblioled-06-1536x1024.jpg 1536w, https:\/\/www.atelierdocaractere.pt\/wp-content\/uploads\/2025\/01\/biblioled-06-900x600.jpg 900w, https:\/\/www.atelierdocaractere.pt\/wp-content\/uploads\/2025\/01\/biblioled-06-675x450.jpg 675w, https:\/\/www.atelierdocaractere.pt\/wp-content\/uploads\/2025\/01\/biblioled-06.jpg 1920w\" sizes=\"(max-width: 1024px) 100vw, 1024px\" \/><\/figure>\n\n\n\n<p>A&nbsp;<strong>Comunidade Intermunicipal (CIM) Viseu D\u00e3o Laf\u00f5es<\/strong>&nbsp;assinou nesta sexta-feira, dia 24 de janeiro, o protocolo de ades\u00e3o \u00e0 rede digital&nbsp;<strong>BiblioLED &#8211; Biblioteca P\u00fablica<\/strong>, um novo servi\u00e7o que vai permitir aos utilizadores das bibliotecas municipais da regi\u00e3o aceder gratuitamente a uma ampla cole\u00e7\u00e3o de livros em formato eletr\u00f3nico.<\/p>\n\n\n\n<p>A cerim\u00f3nia de assinatura do protocolo, celebrado entre a CIM Viseu D\u00e3o Laf\u00f5es e a Dire\u00e7\u00e3o-Geral do Livro, dos Arquivos e das Bibliotecas (DGLAB), teve lugar no Sal\u00e3o Nobre da C\u00e2mara Municipal de Oliveira de Frades, com a presen\u00e7a de&nbsp;<strong>Fernando Ruas<\/strong>,&nbsp;<strong>Presidente da CIM Viseu D\u00e3o Laf\u00f5es<\/strong>,&nbsp;<strong>Jo\u00e3o Val\u00e9rio<\/strong>,<strong>&nbsp;Presidente da C\u00e2mara Municipal de Oliveira de Frades<\/strong>,&nbsp;<strong>Bruno Eiras<\/strong>,&nbsp;<strong>Subdiretor-geral do Livro, dos Arquivos e das Bibliotecas da DGLAB<\/strong>, e&nbsp;<strong>Nuno Martinho, Secret\u00e1rio Executivo da CIM Viseu D\u00e3o Laf\u00f5es.<\/strong><\/p>\n\n\n\n<p>A plataforma BiblioLED insere-se na&nbsp;medida \u201cInternacionaliza\u00e7\u00e3o, Moderniza\u00e7\u00e3o e Transi\u00e7\u00e3o Digital do Livro e dos Autores\u201d, do Plano de Recupera\u00e7\u00e3o e Resili\u00eancia (PRR). Este servi\u00e7o disponibiliza uma rede de empr\u00e9stimo de livros digitais e audiolivros, acess\u00edvel sem custos a todos os utilizadores das bibliotecas municipais que integram a Rede Nacional de Bibliotecas P\u00fablicas (RNBP).<\/p>\n\n\n\n<p>Em paralelo a esta cerim\u00f3nia teve lugar a&nbsp;<strong>apresenta\u00e7\u00e3o dos investimentos na moderniza\u00e7\u00e3o da Rede de Bibliotecas da Regi\u00e3o<\/strong>, no \u00e2mbito do PRR, nomeadamente um integrador de cat\u00e1logos, equipamentos inform\u00e1ticos e implementa\u00e7\u00e3o de sistemas de gest\u00e3o de bibliotecas, um investimento que rondou os 300 mil euros.&nbsp;&nbsp;<\/p>\n\n\n\n<p>Na assinatura do protocolo,&nbsp;<strong>Fernando Ruas, Presidente da CIM Viseu D\u00e3o Laf\u00f5es,<\/strong>&nbsp;destacou a relev\u00e2ncia da integra\u00e7\u00e3o na rede BiblioLED e dos investimentos agora apresentados:&nbsp;<em>&#8220;A ades\u00e3o a esta plataforma inovadora constitui um marco fundamental na moderniza\u00e7\u00e3o e digitaliza\u00e7\u00e3o dos servi\u00e7os bibliotec\u00e1rios da nossa regi\u00e3o. Ao integrar a rede BiblioLED, damos um passo significativo na promo\u00e7\u00e3o da leitura e na promo\u00e7\u00e3o de uma maior literacia digital, ao mesmo tempo que garantimos que todos os cidad\u00e3os de Viseu D\u00e3o Laf\u00f5es, sem exce\u00e7\u00e3o, tenham acesso a um vasto e diversificado cat\u00e1logo de livros digitais e audiolivros. O investimento, realizado \u00e2mbito do PRR, tamb\u00e9m reflete o nosso compromisso com a melhoria cont\u00ednua dos servi\u00e7os p\u00fablicos prestados \u00e0 comunidade.&#8221;\u201d<\/em>.<\/p>\n\n\n\n<p>No seguimento,&nbsp;<strong>Nuno Martinho<\/strong>,&nbsp;<strong>Secret\u00e1rio Executivo da CIM Viseu D\u00e3o Laf\u00f5es<\/strong>, refor\u00e7ou:&nbsp;<em>\u201cA CIM Viseu D\u00e3o Laf\u00f5es aposta no refor\u00e7o da qualidade dos servi\u00e7os da rede de bibliotecas p\u00fablicas municipais da nossa regi\u00e3o, com investimentos que v\u00eam dar resposta a necessidades da popula\u00e7\u00e3o. Atrav\u00e9s da coopera\u00e7\u00e3o estreita com todos os munic\u00edpios de Viseu D\u00e3o Laf\u00f5es, estamos a promover a literacia e o acesso \u00e0 informa\u00e7\u00e3o, fomentando o conhecimento e a coes\u00e3o territorial. A digitaliza\u00e7\u00e3o dos nossos servi\u00e7os \u00e9 uma prioridade, pois ela facilita o acesso \u00e0 cultura e ao conhecimento, garantindo que todos, independentemente da sua localiza\u00e7\u00e3o ou idade, possam beneficiar de servi\u00e7os e equipamentos de qualidade&#8221;.<\/em><\/p>\n\n\n\n<p><strong>Jo\u00e3o Val\u00e9rio, Presidente da C\u00e2mara Municipal de Oliveira de Frades,<\/strong>&nbsp;acrescentou:&nbsp;<em>&#8220;\u00c9 um prazer imenso para Oliveira de Frades ser o ber\u00e7o de mais um projeto de parceria da CIM Viseu Laf\u00f5es.&nbsp;A cultura \u00e9 decisiva para fixar pessoas. Esta rede da Comunidade Intermunicipal \u00e9 mais um projeto que a CIM consegue apresentar para unir todos os territ\u00f3rios. Ao aumentarmos as sinergias entre concelhos, conseguimos apresentar uma regi\u00e3o mais credenciada, mais forte e mais pronta para os desafios. Sozinhos vamos mais r\u00e1pido, mas juntos conseguimos ir mais longe.&#8221;<\/em><\/p>\n\n\n\n<p><strong>Bruno Eiras<\/strong>,<strong>&nbsp;Subdiretor-geral do Livro<\/strong>,&nbsp;<strong>dos Arquivos e das Bibliotecas da DGLAB<\/strong>, afirmou:&nbsp;<em>&#8220;Desde dezembro que todo o territ\u00f3rio de Portugal continental est\u00e1 coberto por uma rede de bibliotecas intermunicipais ou metropolitanas. Este trabalho em parceria com as CIM permite-nos criar novas oportunidades para as bibliotecas e para as popula\u00e7\u00f5es que elas servem. Portugal era dos poucos pa\u00edses da EU que ainda n\u00e3o tinha uma plataforma de empr\u00e9stimos de conte\u00fados digitais. A partir de segunda-feira deixar\u00e1 de ser assim&#8221;.<\/em><\/p>\n\n\n\n<p><strong>Servi\u00e7o para todas as idades e dispon\u00edvel 24 horas por dia<\/strong><\/p>\n\n\n\n<p>A BiblioLED destina-se a leitores de todas as idades e est\u00e1 dispon\u00edvel 24 horas por dia, sete dias por semana. O cat\u00e1logo de livros digitais e audiolivros \u00e9 constitu\u00eddo por uma cole\u00e7\u00e3o nacional, acess\u00edvel nas 445 bibliotecas da RNBP, e por 25 cole\u00e7\u00f5es regionais, apenas dispon\u00edveis em cada Rede Intermunicipal ou Rede Metropolitana.<\/p>\n\n\n\n<p>Com a ades\u00e3o \u00e0 rede, a CIM Viseu D\u00e3o Laf\u00f5es compromete-se a garantir a gest\u00e3o e disponibiliza\u00e7\u00e3o da plataforma nas 12 bibliotecas da regi\u00e3o que integram a RNBP: Aguiar da Beira, Carregal do Sal, Castro Daire, Mangualde, Nelas, Oliveira de Frades, Penalva do Castelo, Santa Comba D\u00e3o, S\u00e3o Pedro do Sul, S\u00e1t\u00e3o, Tondela e Viseu.<\/p>\n\n\n\n<p>Al\u00e9m disso, a CIM ser\u00e1 respons\u00e1vel por a\u00e7\u00f5es de divulga\u00e7\u00e3o, promo\u00e7\u00e3o do servi\u00e7o e forma\u00e7\u00e3o de utilizadores, al\u00e9m de poder solicitar \u00e0 DGLAB conte\u00fados digitais que pretenda disponibilizar no cat\u00e1logo nacional e adquirir novos t\u00edtulos para o cat\u00e1logo regional de Viseu D\u00e3o Laf\u00f5es.<\/p>\n\n\n\n<p>A plataforma \u00e9 acess\u00edvel a partir de&nbsp;<em>smartphones<\/em>,&nbsp;<em>tablets<\/em>, leitores&nbsp;<em>online<\/em>&nbsp;e&nbsp;<em>e-readers<\/em>, a partir de qualquer lugar, bastando estar inscrito numa biblioteca municipal da RNBP. Os leitores podem pr\u00e9-visualizar os livros antes do empr\u00e9stimo, para avaliarem o interesse do seu conte\u00fado, e at\u00e9 fazer reservas de t\u00edtulos, sendo notificados por&nbsp;<em>e-mail<\/em>&nbsp;assim que estes estiverem dispon\u00edveis.<\/p>\n\n\n\n<p>Estes investimentos visam n\u00e3o apenas modernizar as bibliotecas p\u00fablicas, mas tamb\u00e9m fomentar h\u00e1bitos de leitura e facilitar o acesso a conte\u00fados digitais, promovendo a inclus\u00e3o digital e a equidade no acesso \u00e0 informa\u00e7\u00e3o em todo o pa\u00eds.<\/p>\n\n\n\n<p><strong>Sobre a CIM Viseu D\u00e3o Laf\u00f5es:<br><\/strong>A CIM Viseu D\u00e3o Laf\u00f5es \u00e9 uma associa\u00e7\u00e3o de munic\u00edpios, denominada como Comunidade Intermunicipal, sendo constitu\u00edda pelos munic\u00edpios de Aguiar da Beira, Carregal do Sal, Castro Daire, Mangualde, Nelas, Oliveira de Frades, Penalva do Castelo, Santa Comba D\u00e3o, S\u00e3o Pedro do Sul, S\u00e1t\u00e3o, Tondela, Vila Nova de Paiva, Viseu e Vouzela.<\/p>\n","protected":false},"excerpt":{"rendered":"<p>A&nbsp;Comunidade Intermunicipal (CIM) Viseu D\u00e3o Laf\u00f5es&nbsp;assinou nesta sexta-feira, dia 24 de janeiro, o protocolo de ades\u00e3o \u00e0 rede digital&nbsp;BiblioLED &#8211;&#8230;<\/p>\n","protected":false},"author":7,"featured_media":13506,"comment_status":"closed","ping_status":"open","sticky":false,"template":"","format":"standard","meta":[],"categories":[67],"tags":[875,876,877,448,738,636],"yoast_head":"<!-- This site is optimized with the Yoast SEO plugin v20.12 - https:\/\/yoast.com\/wordpress\/plugins\/seo\/ -->\n<title>CIM Viseu D\u00e3o Laf\u00f5es adere a rede nacional que permite acesso gratuito a livros digitais e apresenta investimentos na Rede de Bibliotecas da Regi\u00e3o\u00a0 - Atelier do Caractere<\/title>\n<meta name=\"robots\" content=\"index, follow, max-snippet:-1, max-image-preview:large, max-video-preview:-1\" \/>\n<link rel=\"canonical\" href=\"https:\/\/www.atelierdocaractere.pt\/brevemente\/cim-viseu-dao-lafoes-adere-a-rede-nacional-que-permite-acesso-gratuito-a-livros-digitais-e-apresenta-investimentos-na-rede-de-bibliotecas-da-regiao\/\" \/>\n<meta property=\"og:locale\" content=\"pt_PT\" \/>\n<meta property=\"og:type\" content=\"article\" \/>\n<meta property=\"og:title\" content=\"CIM Viseu D\u00e3o Laf\u00f5es adere a rede nacional que permite acesso gratuito a livros digitais e apresenta investimentos na Rede de Bibliotecas da Regi\u00e3o\u00a0 - Atelier do Caractere\" \/>\n<meta property=\"og:description\" content=\"A&nbsp;Comunidade Intermunicipal (CIM) Viseu D\u00e3o Laf\u00f5es&nbsp;assinou nesta sexta-feira, dia 24 de janeiro, o protocolo de ades\u00e3o \u00e0 rede digital&nbsp;BiblioLED &#8211;...\" \/>\n<meta property=\"og:url\" content=\"https:\/\/www.atelierdocaractere.pt\/brevemente\/cim-viseu-dao-lafoes-adere-a-rede-nacional-que-permite-acesso-gratuito-a-livros-digitais-e-apresenta-investimentos-na-rede-de-bibliotecas-da-regiao\/\" \/>\n<meta property=\"og:site_name\" content=\"Atelier do Caractere\" \/>\n<meta property=\"article:publisher\" content=\"https:\/\/www.facebook.com\/AtelierdoCaractere\" \/>\n<meta property=\"article:published_time\" content=\"2025-01-24T13:07:40+00:00\" \/>\n<meta property=\"article:modified_time\" content=\"2025-01-25T13:11:11+00:00\" \/>\n<meta property=\"og:image\" content=\"https:\/\/www.atelierdocaractere.pt\/wp-content\/uploads\/2025\/01\/biblioled-06.jpg\" \/>\n\t<meta property=\"og:image:width\" content=\"1920\" \/>\n\t<meta property=\"og:image:height\" content=\"1280\" \/>\n\t<meta property=\"og:image:type\" content=\"image\/jpeg\" \/>\n<meta name=\"author\" content=\"Joana Barbosa\" \/>\n<meta name=\"twitter:card\" content=\"summary_large_image\" \/>\n<meta name=\"twitter:label1\" content=\"Escrito por\" \/>\n\t<meta name=\"twitter:data1\" content=\"Joana Barbosa\" \/>\n\t<meta name=\"twitter:label2\" content=\"Tempo estimado de leitura\" \/>\n\t<meta name=\"twitter:data2\" content=\"6 minutos\" \/>\n<script type=\"application\/ld+json\" class=\"yoast-schema-graph\">{\"@context\":\"https:\/\/schema.org\",\"@graph\":[{\"@type\":\"WebPage\",\"@id\":\"https:\/\/www.atelierdocaractere.pt\/brevemente\/cim-viseu-dao-lafoes-adere-a-rede-nacional-que-permite-acesso-gratuito-a-livros-digitais-e-apresenta-investimentos-na-rede-de-bibliotecas-da-regiao\/\",\"url\":\"https:\/\/www.atelierdocaractere.pt\/brevemente\/cim-viseu-dao-lafoes-adere-a-rede-nacional-que-permite-acesso-gratuito-a-livros-digitais-e-apresenta-investimentos-na-rede-de-bibliotecas-da-regiao\/\",\"name\":\"CIM Viseu D\u00e3o Laf\u00f5es adere a rede nacional que permite acesso gratuito a livros digitais e apresenta investimentos na Rede de Bibliotecas da Regi\u00e3o\u00a0 - Atelier do Caractere\",\"isPartOf\":{\"@id\":\"https:\/\/www.atelierdocaractere.pt\/brevemente\/#website\"},\"datePublished\":\"2025-01-24T13:07:40+00:00\",\"dateModified\":\"2025-01-25T13:11:11+00:00\",\"author\":{\"@id\":\"https:\/\/www.atelierdocaractere.pt\/brevemente\/#\/schema\/person\/f2f096eb0f27d9894725af22cb97c0db\"},\"breadcrumb\":{\"@id\":\"https:\/\/www.atelierdocaractere.pt\/brevemente\/cim-viseu-dao-lafoes-adere-a-rede-nacional-que-permite-acesso-gratuito-a-livros-digitais-e-apresenta-investimentos-na-rede-de-bibliotecas-da-regiao\/#breadcrumb\"},\"inLanguage\":\"pt-PT\",\"potentialAction\":[{\"@type\":\"ReadAction\",\"target\":[\"https:\/\/www.atelierdocaractere.pt\/brevemente\/cim-viseu-dao-lafoes-adere-a-rede-nacional-que-permite-acesso-gratuito-a-livros-digitais-e-apresenta-investimentos-na-rede-de-bibliotecas-da-regiao\/\"]}]},{\"@type\":\"BreadcrumbList\",\"@id\":\"https:\/\/www.atelierdocaractere.pt\/brevemente\/cim-viseu-dao-lafoes-adere-a-rede-nacional-que-permite-acesso-gratuito-a-livros-digitais-e-apresenta-investimentos-na-rede-de-bibliotecas-da-regiao\/#breadcrumb\",\"itemListElement\":[{\"@type\":\"ListItem\",\"position\":1,\"name\":\"In\u00edcio\",\"item\":\"https:\/\/www.atelierdocaractere.pt\/brevemente\/\"},{\"@type\":\"ListItem\",\"position\":2,\"name\":\"CIM Viseu D\u00e3o Laf\u00f5es adere a rede nacional que permite acesso gratuito a livros digitais e apresenta investimentos na Rede de Bibliotecas da Regi\u00e3o\u00a0\"}]},{\"@type\":\"WebSite\",\"@id\":\"https:\/\/www.atelierdocaractere.pt\/brevemente\/#website\",\"url\":\"https:\/\/www.atelierdocaractere.pt\/brevemente\/\",\"name\":\"Atelier do Caractere\",\"description\":\"\",\"potentialAction\":[{\"@type\":\"SearchAction\",\"target\":{\"@type\":\"EntryPoint\",\"urlTemplate\":\"https:\/\/www.atelierdocaractere.pt\/brevemente\/?s={search_term_string}\"},\"query-input\":\"required name=search_term_string\"}],\"inLanguage\":\"pt-PT\"},{\"@type\":\"Person\",\"@id\":\"https:\/\/www.atelierdocaractere.pt\/brevemente\/#\/schema\/person\/f2f096eb0f27d9894725af22cb97c0db\",\"name\":\"Joana Barbosa\",\"image\":{\"@type\":\"ImageObject\",\"inLanguage\":\"pt-PT\",\"@id\":\"https:\/\/www.atelierdocaractere.pt\/brevemente\/#\/schema\/person\/image\/\",\"url\":\"https:\/\/secure.gravatar.com\/avatar\/33e8214b45e9d68a3a83008731075979?s=96&d=mm&r=g\",\"contentUrl\":\"https:\/\/secure.gravatar.com\/avatar\/33e8214b45e9d68a3a83008731075979?s=96&d=mm&r=g\",\"caption\":\"Joana Barbosa\"},\"url\":\"https:\/\/www.atelierdocaractere.pt\/brevemente\/author\/joanabarbosa\/\"}]}<\/script>\n<!-- \/ Yoast SEO plugin. -->","yoast_head_json":{"title":"CIM Viseu D\u00e3o Laf\u00f5es adere a rede nacional que permite acesso gratuito a livros digitais e apresenta investimentos na Rede de Bibliotecas da Regi\u00e3o\u00a0 - Atelier do Caractere","robots":{"index":"index","follow":"follow","max-snippet":"max-snippet:-1","max-image-preview":"max-image-preview:large","max-video-preview":"max-video-preview:-1"},"canonical":"https:\/\/www.atelierdocaractere.pt\/brevemente\/cim-viseu-dao-lafoes-adere-a-rede-nacional-que-permite-acesso-gratuito-a-livros-digitais-e-apresenta-investimentos-na-rede-de-bibliotecas-da-regiao\/","og_locale":"pt_PT","og_type":"article","og_title":"CIM Viseu D\u00e3o Laf\u00f5es adere a rede nacional que permite acesso gratuito a livros digitais e apresenta investimentos na Rede de Bibliotecas da Regi\u00e3o\u00a0 - Atelier do Caractere","og_description":"A&nbsp;Comunidade Intermunicipal (CIM) Viseu D\u00e3o Laf\u00f5es&nbsp;assinou nesta sexta-feira, dia 24 de janeiro, o protocolo de ades\u00e3o \u00e0 rede digital&nbsp;BiblioLED &#8211;...","og_url":"https:\/\/www.atelierdocaractere.pt\/brevemente\/cim-viseu-dao-lafoes-adere-a-rede-nacional-que-permite-acesso-gratuito-a-livros-digitais-e-apresenta-investimentos-na-rede-de-bibliotecas-da-regiao\/","og_site_name":"Atelier do Caractere","article_publisher":"https:\/\/www.facebook.com\/AtelierdoCaractere","article_published_time":"2025-01-24T13:07:40+00:00","article_modified_time":"2025-01-25T13:11:11+00:00","og_image":[{"width":1920,"height":1280,"url":"https:\/\/www.atelierdocaractere.pt\/wp-content\/uploads\/2025\/01\/biblioled-06.jpg","type":"image\/jpeg"}],"author":"Joana Barbosa","twitter_card":"summary_large_image","twitter_misc":{"Escrito por":"Joana Barbosa","Tempo estimado de leitura":"6 minutos"},"schema":{"@context":"https:\/\/schema.org","@graph":[{"@type":"WebPage","@id":"https:\/\/www.atelierdocaractere.pt\/brevemente\/cim-viseu-dao-lafoes-adere-a-rede-nacional-que-permite-acesso-gratuito-a-livros-digitais-e-apresenta-investimentos-na-rede-de-bibliotecas-da-regiao\/","url":"https:\/\/www.atelierdocaractere.pt\/brevemente\/cim-viseu-dao-lafoes-adere-a-rede-nacional-que-permite-acesso-gratuito-a-livros-digitais-e-apresenta-investimentos-na-rede-de-bibliotecas-da-regiao\/","name":"CIM Viseu D\u00e3o Laf\u00f5es adere a rede nacional que permite acesso gratuito a livros digitais e apresenta investimentos na Rede de Bibliotecas da Regi\u00e3o\u00a0 - Atelier do Caractere","isPartOf":{"@id":"https:\/\/www.atelierdocaractere.pt\/brevemente\/#website"},"datePublished":"2025-01-24T13:07:40+00:00","dateModified":"2025-01-25T13:11:11+00:00","author":{"@id":"https:\/\/www.atelierdocaractere.pt\/brevemente\/#\/schema\/person\/f2f096eb0f27d9894725af22cb97c0db"},"breadcrumb":{"@id":"https:\/\/www.atelierdocaractere.pt\/brevemente\/cim-viseu-dao-lafoes-adere-a-rede-nacional-que-permite-acesso-gratuito-a-livros-digitais-e-apresenta-investimentos-na-rede-de-bibliotecas-da-regiao\/#breadcrumb"},"inLanguage":"pt-PT","potentialAction":[{"@type":"ReadAction","target":["https:\/\/www.atelierdocaractere.pt\/brevemente\/cim-viseu-dao-lafoes-adere-a-rede-nacional-que-permite-acesso-gratuito-a-livros-digitais-e-apresenta-investimentos-na-rede-de-bibliotecas-da-regiao\/"]}]},{"@type":"BreadcrumbList","@id":"https:\/\/www.atelierdocaractere.pt\/brevemente\/cim-viseu-dao-lafoes-adere-a-rede-nacional-que-permite-acesso-gratuito-a-livros-digitais-e-apresenta-investimentos-na-rede-de-bibliotecas-da-regiao\/#breadcrumb","itemListElement":[{"@type":"ListItem","position":1,"name":"In\u00edcio","item":"https:\/\/www.atelierdocaractere.pt\/brevemente\/"},{"@type":"ListItem","position":2,"name":"CIM Viseu D\u00e3o Laf\u00f5es adere a rede nacional que permite acesso gratuito a livros digitais e apresenta investimentos na Rede de Bibliotecas da Regi\u00e3o\u00a0"}]},{"@type":"WebSite","@id":"https:\/\/www.atelierdocaractere.pt\/brevemente\/#website","url":"https:\/\/www.atelierdocaractere.pt\/brevemente\/","name":"Atelier do Caractere","description":"","potentialAction":[{"@type":"SearchAction","target":{"@type":"EntryPoint","urlTemplate":"https:\/\/www.atelierdocaractere.pt\/brevemente\/?s={search_term_string}"},"query-input":"required name=search_term_string"}],"inLanguage":"pt-PT"},{"@type":"Person","@id":"https:\/\/www.atelierdocaractere.pt\/brevemente\/#\/schema\/person\/f2f096eb0f27d9894725af22cb97c0db","name":"Joana Barbosa","image":{"@type":"ImageObject","inLanguage":"pt-PT","@id":"https:\/\/www.atelierdocaractere.pt\/brevemente\/#\/schema\/person\/image\/","url":"https:\/\/secure.gravatar.com\/avatar\/33e8214b45e9d68a3a83008731075979?s=96&d=mm&r=g","contentUrl":"https:\/\/secure.gravatar.com\/avatar\/33e8214b45e9d68a3a83008731075979?s=96&d=mm&r=g","caption":"Joana Barbosa"},"url":"https:\/\/www.atelierdocaractere.pt\/brevemente\/author\/joanabarbosa\/"}]}},"_links":{"self":[{"href":"https:\/\/www.atelierdocaractere.pt\/brevemente\/wp-json\/wp\/v2\/posts\/13505"}],"collection":[{"href":"https:\/\/www.atelierdocaractere.pt\/brevemente\/wp-json\/wp\/v2\/posts"}],"about":[{"href":"https:\/\/www.atelierdocaractere.pt\/brevemente\/wp-json\/wp\/v2\/types\/post"}],"author":[{"embeddable":true,"href":"https:\/\/www.atelierdocaractere.pt\/brevemente\/wp-json\/wp\/v2\/users\/7"}],"replies":[{"embeddable":true,"href":"https:\/\/www.atelierdocaractere.pt\/brevemente\/wp-json\/wp\/v2\/comments?post=13505"}],"version-history":[{"count":1,"href":"https:\/\/www.atelierdocaractere.pt\/brevemente\/wp-json\/wp\/v2\/posts\/13505\/revisions"}],"predecessor-version":[{"id":13507,"href":"https:\/\/www.atelierdocaractere.pt\/brevemente\/wp-json\/wp\/v2\/posts\/13505\/revisions\/13507"}],"wp:featuredmedia":[{"embeddable":true,"href":"https:\/\/www.atelierdocaractere.pt\/brevemente\/wp-json\/wp\/v2\/media\/13506"}],"wp:attachment":[{"href":"https:\/\/www.atelierdocaractere.pt\/brevemente\/wp-json\/wp\/v2\/media?parent=13505"}],"wp:term":[{"taxonomy":"category","embeddable":true,"href":"https:\/\/www.atelierdocaractere.pt\/brevemente\/wp-json\/wp\/v2\/categories?post=13505"},{"taxonomy":"post_tag","embeddable":true,"href":"https:\/\/www.atelierdocaractere.pt\/brevemente\/wp-json\/wp\/v2\/tags?post=13505"}],"curies":[{"name":"wp","href":"https:\/\/api.w.org\/{rel}","templated":true}]}}