{"id":13508,"date":"2025-01-23T13:11:37","date_gmt":"2025-01-23T13:11:37","guid":{"rendered":"https:\/\/www.atelierdocaractere.pt\/brevemente\/?p=13508"},"modified":"2025-01-25T13:19:08","modified_gmt":"2025-01-25T13:19:08","slug":"centro-de-portugal-alentejo-e-extremadura-espanhola-reforcam-estrategia-de-promocao-turistica-conjunta","status":"publish","type":"post","link":"https:\/\/www.atelierdocaractere.pt\/brevemente\/centro-de-portugal-alentejo-e-extremadura-espanhola-reforcam-estrategia-de-promocao-turistica-conjunta\/","title":{"rendered":"Centro de Portugal, Alentejo e Extremadura espanhola refor\u00e7am estrat\u00e9gia de promo\u00e7\u00e3o tur\u00edstica conjunta"},"content":{"rendered":"\n<p><strong>Apresenta\u00e7\u00e3o das iniciativas conjuntas previstas para 2025 reuniu personalidades do setor tur\u00edstico em Madrid, durante a FITUR, a maior feira ib\u00e9rica de turismo.<\/strong><\/p>\n\n\n\n<figure class=\"wp-block-image size-large\"><img decoding=\"async\" width=\"1024\" height=\"768\" src=\"https:\/\/www.atelierdocaractere.pt\/wp-content\/uploads\/2025\/01\/img-9224-1024x768.jpg\" alt=\"\" class=\"wp-image-13509\" srcset=\"https:\/\/www.atelierdocaractere.pt\/wp-content\/uploads\/2025\/01\/img-9224-1024x768.jpg 1024w, https:\/\/www.atelierdocaractere.pt\/wp-content\/uploads\/2025\/01\/img-9224-300x225.jpg 300w, https:\/\/www.atelierdocaractere.pt\/wp-content\/uploads\/2025\/01\/img-9224-768x576.jpg 768w, https:\/\/www.atelierdocaractere.pt\/wp-content\/uploads\/2025\/01\/img-9224-1536x1152.jpg 1536w, https:\/\/www.atelierdocaractere.pt\/wp-content\/uploads\/2025\/01\/img-9224.jpg 1707w\" sizes=\"(max-width: 1024px) 100vw, 1024px\" \/><\/figure>\n\n\n\n<p>As regi\u00f5es de turismo do&nbsp;<strong>Centro de Portugal<\/strong>,&nbsp;<strong>Alentejo<\/strong>&nbsp;e&nbsp;<strong>Extremadura<\/strong>&nbsp;espanhola apresentaram hoje, na FITUR \u2013 Feira Internacional de Turismo, em Madrid, as iniciativas previstas para este ano na sua estrat\u00e9gia conjunta de promo\u00e7\u00e3o tur\u00edstica, que visa fortalecer a colabora\u00e7\u00e3o transfronteiri\u00e7a a este n\u00edvel.<\/p>\n\n\n\n<p>O evento decorreu no stand do Turismo da Extremadura, no Pavilh\u00e3o 7, e reuniu personalidades de relevo do setor tur\u00edstico de ambos os pa\u00edses. As interven\u00e7\u00f5es ficaram a cargo de&nbsp;<strong>Pedro Machado, Secret\u00e1rio de Estado do Turismo de Portugal<\/strong>,&nbsp;<strong>Anabela Freitas, vice-presidente da Turismo Centro de Portugal<\/strong>,&nbsp;<strong>Pedro Beato, vice-presidente da Turismo do Alentejo<\/strong>, e&nbsp;<strong>Jes\u00fas Vi\u00f1uales, Diretor do Turismo da Extremadura<\/strong>. Estiveram tamb\u00e9m presentes&nbsp;<strong>Jorge Loureiro<\/strong>, vice-presidente da&nbsp;Ag\u00eancia Regional de Promo\u00e7\u00e3o Tur\u00edstica do Centro de Portugal, e&nbsp;<strong>V\u00edtor Silva<\/strong>, presidente da&nbsp;Ag\u00eancia Regional de Promo\u00e7\u00e3o Tur\u00edstica do Alentejo, entre outras personalidades.<\/p>\n\n\n\n<p>As iniciativas conjuntas previstas para 2025 incluem uma apresenta\u00e7\u00e3o da estrat\u00e9gia para o mercado ib\u00e9rico, que ter\u00e1 lugar em Portugal, durante a BTL \u2013 Better Tourism Lisbon Travel Market; uma s\u00e9rie de a\u00e7\u00f5es promocionais, que decorrer\u00e3o em junho, em Madrid e Lisboa, junto dos meios de comunica\u00e7\u00e3o e que ter\u00e3o uma vertente de informa\u00e7\u00e3o promocional para o p\u00fablico em geral; e um encontro empresarial a realizar em Elvas, em novembro, que juntar\u00e1 empres\u00e1rios e administra\u00e7\u00f5es do setor tur\u00edstico do Centro de Portugal, Alentejo e Extremadura.<\/p>\n\n\n\n<p>Durante a sess\u00e3o,&nbsp;<strong>Pedro Machado<\/strong>&nbsp;real\u00e7ou as vantagens desta alian\u00e7a.&nbsp;<strong><em>\u201c<\/em><\/strong><em>A promo\u00e7\u00e3o conjunta \u00e9 um processo que come\u00e7\u00e1mos h\u00e1 alguns anos, com o pressuposto de que estes s\u00e3o territ\u00f3rios que t\u00eam continuidade de territ\u00f3rio e de culturas e que est\u00e3o na maior placa recetora de turistas do mundo, que \u00e9 Portugal e Espanha. S\u00e3o regi\u00f5es que t\u00eam as suas singularidades mas que, com os seus produtos tur\u00edsticos, com as suas povoa\u00e7\u00f5es, a sua gastronomia e vinho, fazem parte de uma combina\u00e7\u00e3o perfeita de territ\u00f3rios\u201d<\/em>, sublinhou.&nbsp;<em>\u201cEstamos aqui para assumir o compromisso de continuarmos a trabalhar juntos, para podermos captar riqueza e, sobretudo, para colocarmos os benef\u00edcios dessa riqueza ao servi\u00e7o das comunidades. Este \u00e9 melhor e mais importante sentido do turismo: coopera\u00e7\u00e3o e sucesso\u201d<\/em>, concluiu o Secret\u00e1rio de Estado.<\/p>\n\n\n\n<p><strong>Anabela Freitas<\/strong>, por sua vez, destacou que&nbsp;<em>\u201co mais importante desta parceria \u00e9 o conceito de que somos dois pa\u00edses e um destino tur\u00edstico. O turismo \u00e9 uma ind\u00fastria poderosa, mas \u00e9 fundamental que o turismo fixe pessoas e crie riqueza nos territ\u00f3rios. Juntos, podemos trabalhar e fazer muito mais pelas nossas gentes, pelos nossos territ\u00f3rios, pela nossa identidade e cultura. At\u00e9 porque h\u00e1 muito mais que nos une do que nos separa\u201d<\/em>.&nbsp;<\/p>\n\n\n\n<p><strong>Pedro Beato&nbsp;<\/strong>considerou que<strong>&nbsp;<em>\u201c<\/em><\/strong><em>este compromisso de juntar dois pa\u00edses \u00e9 uma proposta de grande valor para o turismo. Temos muito em comum: a fronteira entre Espanha e Portugal \u00e9 a fronteira que nos une. Todos aqueles que querem conhecer a Pen\u00ednsula Ib\u00e9rica disp\u00f5em aqui de um excelente destino que re\u00fane tr\u00eas regi\u00f5es\u201d<\/em>.&nbsp;<\/p>\n\n\n\n<p><strong>Jes\u00fas Vi\u00f1uales<\/strong>&nbsp;encerrou a sess\u00e3o com exemplos concretos de produtos tur\u00edsticos que podem ser promovidos em conjunto. Estes passam pelos espa\u00e7os naturais, como parques nacionais, reservas da biosfera, geoparques, reservas naturais, albufeiras e lagos, mas tamb\u00e9m a cultura e as tradi\u00e7\u00f5es, os lugares Patrim\u00f3nio Mundial da UNESCO, os castelos espalhados pelo territ\u00f3rio, as aldeias hist\u00f3ricas ou do xisto, a gastronomia e os vinhos.<\/p>\n\n\n\n<p><em>\u201cCom esta estrat\u00e9gia, o viajante tem a oportunidade de conhecer dois pa\u00edses diferentes num \u00fanico destino, algo que nos diferencia dos concorrentes. Trabalhar em conjunto com o Alentejo e o Centro de Portugal torna-nos mais competitivos no mercado ib\u00e9rico e internacional\u201d<\/em>, salientou&nbsp;<strong>Jes\u00fas Vi\u00f1uales<\/strong>.&nbsp;<em>\u201cSe juntarmos Espanha e Portugal, tornamo-nos o principal mercado de turistas internacionais do mundo. N\u00f3s, na Extremadura, n\u00e3o podemos deixar passar esta oportunidade. Dois pa\u00edses que antes viraram as costas um ao outro, est\u00e3o agora a olhar diretamente nos olhos e a apertar as m\u00e3os com firmeza\u201d<\/em>, acrescentou.<\/p>\n\n\n\n<p><strong>Coopera\u00e7\u00e3o celebrada \u00e0 mesa<\/strong><\/p>\n\n\n\n<p>A coopera\u00e7\u00e3o transfronteiri\u00e7a foi tamb\u00e9m celebrada no&nbsp;<strong>\u201cEncontro Gastron\u00f3mico &#8211; Alentejo e Centro de Portugal com Extremadura\u201d<\/strong>, em que os chefs Jo\u00e3o Mourato (Quinta do Quetzal, Vidigueira, Alentejo), Marco Almeida (Restaurante O Palco, Coimbra, Centro de Portugal) e as Hospeder\u00edas de Extremadura criaram um menu especial que refletiu a riqueza culin\u00e1ria das tr\u00eas regi\u00f5es. A entrada foi assinada pelo chef Jo\u00e3o Mourato, o prato principal pelas Hospeder\u00edas de Extremadura, e a sobremesa confecionada pelo chef Marco Almeida. A experi\u00eancia foi acompanhada por uma sele\u00e7\u00e3o de vinhos de excel\u00eancia das cinco regi\u00f5es vitivin\u00edcolas do Centro de Portugal \u2013 Bairrada, Beira Interior, D\u00e3o, Lisboa e Tejo.<\/p>\n\n\n\n<p>De assinalar ainda que&nbsp;<strong>Anabela Freitas<\/strong>&nbsp;participou tamb\u00e9m numa mesa-redonda sobre turismo religioso, que decorreu no stand&nbsp;da Extremadura.<\/p>\n\n\n\n<p><strong>No s\u00e1bado h\u00e1 \u201cSabores ao Centro!\u201d<\/strong><\/p>\n\n\n\n<p>A participa\u00e7\u00e3o da&nbsp;<strong>Turismo Centro de Portugal<\/strong>&nbsp;na FITUR ter\u00e1 um novo ponto alto no s\u00e1bado, dia 25, com a apresenta\u00e7\u00e3o do projeto&nbsp;<strong>&#8220;Sabores ao Centro!&#8221;<\/strong>, em que vai dar a conhecer a riqueza e diversidade gastron\u00f3mica da regi\u00e3o. O evento ter\u00e1 lugar no stand Visit Portugal, do Turismo de Portugal, a partir das 17h00, sendo seguido de um&nbsp;<strong>\u201cMomento de Degusta\u00e7\u00e3o de Produtos Gastron\u00f3micos e Vinhos do Centro de Portugal\u201d<\/strong>, conduzido pela chef In\u00eas Beja, do Restaurante DeRaiz (Viseu).<\/p>\n\n\n\n<p>Esta iniciativa resulta de uma parceria estrat\u00e9gica entre a Turismo Centro de Portugal, o Turismo de Portugal, a Ag\u00eancia Regional de Promo\u00e7\u00e3o Tur\u00edstica do Centro de Portugal, as oito Comunidades Intermunicipais da regi\u00e3o (Beira Baixa, Beiras e Serra da Estrela, M\u00e9dio Tejo, Oeste, Regi\u00e3o de Aveiro, Regi\u00e3o de Coimbra, Regi\u00e3o de Leiria e Viseu D\u00e3o Laf\u00f5es) e o PROVERE Fileira dos Vinhos das Regi\u00f5es Vitivin\u00edcolas da Regi\u00e3o&nbsp;Centro.<\/p>\n\n\n\n<p>A FITUR \u00e9 a maior feira ib\u00e9rica e uma das maiores feiras de turismo do mundo, atraindo anualmente milhares de profissionais e visitantes em Madrid. O evento, de 22 a 26 de janeiro, abre exclusivamente para profissionais nos primeiros tr\u00eas dias, estendendo-se ao p\u00fablico geral durante o fim de semana.<\/p>\n\n\n\n<p><strong>Sobre a Turismo Centro de Portugal:<\/strong><\/p>\n\n\n\n<p>A Turismo Centro de Portugal \u00e9 a entidade que estrutura e promove o turismo na Regi\u00e3o Centro do pa\u00eds. Esta \u00e9 a maior e mais diversificada \u00e1rea tur\u00edstica nacional, abrangendo 100 munic\u00edpios, e tem registado um intenso crescimento da procura interna e externa. \u00c9 a regi\u00e3o a escolher para quem pretende experi\u00eancias diversificadas, pois concilia locais Patrim\u00f3nio da Humanidade com a melhor costa de surf da Europa, termas e spas id\u00edlicos, locais de culto de import\u00e2ncia mundial e as mais belas aldeias.<\/p>\n","protected":false},"excerpt":{"rendered":"<p>Apresenta\u00e7\u00e3o das iniciativas conjuntas previstas para 2025 reuniu personalidades do setor tur\u00edstico em Madrid, durante a FITUR, a maior feira&#8230;<\/p>\n","protected":false},"author":7,"featured_media":13509,"comment_status":"closed","ping_status":"open","sticky":false,"template":"","format":"standard","meta":[],"categories":[39],"tags":[765,856,349],"yoast_head":"<!-- This site is optimized with the Yoast SEO plugin v20.12 - https:\/\/yoast.com\/wordpress\/plugins\/seo\/ -->\n<title>Centro de Portugal, Alentejo e Extremadura espanhola refor\u00e7am estrat\u00e9gia de promo\u00e7\u00e3o tur\u00edstica conjunta - Atelier do Caractere<\/title>\n<meta name=\"robots\" content=\"index, follow, max-snippet:-1, max-image-preview:large, max-video-preview:-1\" \/>\n<link rel=\"canonical\" href=\"https:\/\/www.atelierdocaractere.pt\/brevemente\/centro-de-portugal-alentejo-e-extremadura-espanhola-reforcam-estrategia-de-promocao-turistica-conjunta\/\" \/>\n<meta property=\"og:locale\" content=\"pt_PT\" \/>\n<meta property=\"og:type\" content=\"article\" \/>\n<meta property=\"og:title\" content=\"Centro de Portugal, Alentejo e Extremadura espanhola refor\u00e7am estrat\u00e9gia de promo\u00e7\u00e3o tur\u00edstica conjunta - Atelier do Caractere\" \/>\n<meta property=\"og:description\" content=\"Apresenta\u00e7\u00e3o das iniciativas conjuntas previstas para 2025 reuniu personalidades do setor tur\u00edstico em Madrid, durante a FITUR, a maior feira...\" \/>\n<meta property=\"og:url\" content=\"https:\/\/www.atelierdocaractere.pt\/brevemente\/centro-de-portugal-alentejo-e-extremadura-espanhola-reforcam-estrategia-de-promocao-turistica-conjunta\/\" \/>\n<meta property=\"og:site_name\" content=\"Atelier do Caractere\" \/>\n<meta property=\"article:publisher\" content=\"https:\/\/www.facebook.com\/AtelierdoCaractere\" \/>\n<meta property=\"article:published_time\" content=\"2025-01-23T13:11:37+00:00\" \/>\n<meta property=\"article:modified_time\" content=\"2025-01-25T13:19:08+00:00\" \/>\n<meta property=\"og:image\" content=\"https:\/\/www.atelierdocaractere.pt\/wp-content\/uploads\/2025\/01\/img-9224.jpg\" \/>\n\t<meta property=\"og:image:width\" content=\"1707\" \/>\n\t<meta property=\"og:image:height\" content=\"1280\" \/>\n\t<meta property=\"og:image:type\" content=\"image\/jpeg\" \/>\n<meta name=\"author\" content=\"Joana Barbosa\" \/>\n<meta name=\"twitter:card\" content=\"summary_large_image\" \/>\n<meta name=\"twitter:label1\" content=\"Escrito por\" \/>\n\t<meta name=\"twitter:data1\" content=\"Joana Barbosa\" \/>\n\t<meta name=\"twitter:label2\" content=\"Tempo estimado de leitura\" \/>\n\t<meta name=\"twitter:data2\" content=\"7 minutos\" \/>\n<script type=\"application\/ld+json\" class=\"yoast-schema-graph\">{\"@context\":\"https:\/\/schema.org\",\"@graph\":[{\"@type\":\"WebPage\",\"@id\":\"https:\/\/www.atelierdocaractere.pt\/brevemente\/centro-de-portugal-alentejo-e-extremadura-espanhola-reforcam-estrategia-de-promocao-turistica-conjunta\/\",\"url\":\"https:\/\/www.atelierdocaractere.pt\/brevemente\/centro-de-portugal-alentejo-e-extremadura-espanhola-reforcam-estrategia-de-promocao-turistica-conjunta\/\",\"name\":\"Centro de Portugal, Alentejo e Extremadura espanhola refor\u00e7am estrat\u00e9gia de promo\u00e7\u00e3o tur\u00edstica conjunta - Atelier do Caractere\",\"isPartOf\":{\"@id\":\"https:\/\/www.atelierdocaractere.pt\/brevemente\/#website\"},\"datePublished\":\"2025-01-23T13:11:37+00:00\",\"dateModified\":\"2025-01-25T13:19:08+00:00\",\"author\":{\"@id\":\"https:\/\/www.atelierdocaractere.pt\/brevemente\/#\/schema\/person\/f2f096eb0f27d9894725af22cb97c0db\"},\"breadcrumb\":{\"@id\":\"https:\/\/www.atelierdocaractere.pt\/brevemente\/centro-de-portugal-alentejo-e-extremadura-espanhola-reforcam-estrategia-de-promocao-turistica-conjunta\/#breadcrumb\"},\"inLanguage\":\"pt-PT\",\"potentialAction\":[{\"@type\":\"ReadAction\",\"target\":[\"https:\/\/www.atelierdocaractere.pt\/brevemente\/centro-de-portugal-alentejo-e-extremadura-espanhola-reforcam-estrategia-de-promocao-turistica-conjunta\/\"]}]},{\"@type\":\"BreadcrumbList\",\"@id\":\"https:\/\/www.atelierdocaractere.pt\/brevemente\/centro-de-portugal-alentejo-e-extremadura-espanhola-reforcam-estrategia-de-promocao-turistica-conjunta\/#breadcrumb\",\"itemListElement\":[{\"@type\":\"ListItem\",\"position\":1,\"name\":\"In\u00edcio\",\"item\":\"https:\/\/www.atelierdocaractere.pt\/brevemente\/\"},{\"@type\":\"ListItem\",\"position\":2,\"name\":\"Centro de Portugal, Alentejo e Extremadura espanhola refor\u00e7am estrat\u00e9gia de promo\u00e7\u00e3o tur\u00edstica conjunta\"}]},{\"@type\":\"WebSite\",\"@id\":\"https:\/\/www.atelierdocaractere.pt\/brevemente\/#website\",\"url\":\"https:\/\/www.atelierdocaractere.pt\/brevemente\/\",\"name\":\"Atelier do Caractere\",\"description\":\"\",\"potentialAction\":[{\"@type\":\"SearchAction\",\"target\":{\"@type\":\"EntryPoint\",\"urlTemplate\":\"https:\/\/www.atelierdocaractere.pt\/brevemente\/?s={search_term_string}\"},\"query-input\":\"required name=search_term_string\"}],\"inLanguage\":\"pt-PT\"},{\"@type\":\"Person\",\"@id\":\"https:\/\/www.atelierdocaractere.pt\/brevemente\/#\/schema\/person\/f2f096eb0f27d9894725af22cb97c0db\",\"name\":\"Joana Barbosa\",\"image\":{\"@type\":\"ImageObject\",\"inLanguage\":\"pt-PT\",\"@id\":\"https:\/\/www.atelierdocaractere.pt\/brevemente\/#\/schema\/person\/image\/\",\"url\":\"https:\/\/secure.gravatar.com\/avatar\/33e8214b45e9d68a3a83008731075979?s=96&d=mm&r=g\",\"contentUrl\":\"https:\/\/secure.gravatar.com\/avatar\/33e8214b45e9d68a3a83008731075979?s=96&d=mm&r=g\",\"caption\":\"Joana Barbosa\"},\"url\":\"https:\/\/www.atelierdocaractere.pt\/brevemente\/author\/joanabarbosa\/\"}]}<\/script>\n<!-- \/ Yoast SEO plugin. -->","yoast_head_json":{"title":"Centro de Portugal, Alentejo e Extremadura espanhola refor\u00e7am estrat\u00e9gia de promo\u00e7\u00e3o tur\u00edstica conjunta - Atelier do Caractere","robots":{"index":"index","follow":"follow","max-snippet":"max-snippet:-1","max-image-preview":"max-image-preview:large","max-video-preview":"max-video-preview:-1"},"canonical":"https:\/\/www.atelierdocaractere.pt\/brevemente\/centro-de-portugal-alentejo-e-extremadura-espanhola-reforcam-estrategia-de-promocao-turistica-conjunta\/","og_locale":"pt_PT","og_type":"article","og_title":"Centro de Portugal, Alentejo e Extremadura espanhola refor\u00e7am estrat\u00e9gia de promo\u00e7\u00e3o tur\u00edstica conjunta - Atelier do Caractere","og_description":"Apresenta\u00e7\u00e3o das iniciativas conjuntas previstas para 2025 reuniu personalidades do setor tur\u00edstico em Madrid, durante a FITUR, a maior feira...","og_url":"https:\/\/www.atelierdocaractere.pt\/brevemente\/centro-de-portugal-alentejo-e-extremadura-espanhola-reforcam-estrategia-de-promocao-turistica-conjunta\/","og_site_name":"Atelier do Caractere","article_publisher":"https:\/\/www.facebook.com\/AtelierdoCaractere","article_published_time":"2025-01-23T13:11:37+00:00","article_modified_time":"2025-01-25T13:19:08+00:00","og_image":[{"width":1707,"height":1280,"url":"https:\/\/www.atelierdocaractere.pt\/wp-content\/uploads\/2025\/01\/img-9224.jpg","type":"image\/jpeg"}],"author":"Joana Barbosa","twitter_card":"summary_large_image","twitter_misc":{"Escrito por":"Joana Barbosa","Tempo estimado de leitura":"7 minutos"},"schema":{"@context":"https:\/\/schema.org","@graph":[{"@type":"WebPage","@id":"https:\/\/www.atelierdocaractere.pt\/brevemente\/centro-de-portugal-alentejo-e-extremadura-espanhola-reforcam-estrategia-de-promocao-turistica-conjunta\/","url":"https:\/\/www.atelierdocaractere.pt\/brevemente\/centro-de-portugal-alentejo-e-extremadura-espanhola-reforcam-estrategia-de-promocao-turistica-conjunta\/","name":"Centro de Portugal, Alentejo e Extremadura espanhola refor\u00e7am estrat\u00e9gia de promo\u00e7\u00e3o tur\u00edstica conjunta - Atelier do Caractere","isPartOf":{"@id":"https:\/\/www.atelierdocaractere.pt\/brevemente\/#website"},"datePublished":"2025-01-23T13:11:37+00:00","dateModified":"2025-01-25T13:19:08+00:00","author":{"@id":"https:\/\/www.atelierdocaractere.pt\/brevemente\/#\/schema\/person\/f2f096eb0f27d9894725af22cb97c0db"},"breadcrumb":{"@id":"https:\/\/www.atelierdocaractere.pt\/brevemente\/centro-de-portugal-alentejo-e-extremadura-espanhola-reforcam-estrategia-de-promocao-turistica-conjunta\/#breadcrumb"},"inLanguage":"pt-PT","potentialAction":[{"@type":"ReadAction","target":["https:\/\/www.atelierdocaractere.pt\/brevemente\/centro-de-portugal-alentejo-e-extremadura-espanhola-reforcam-estrategia-de-promocao-turistica-conjunta\/"]}]},{"@type":"BreadcrumbList","@id":"https:\/\/www.atelierdocaractere.pt\/brevemente\/centro-de-portugal-alentejo-e-extremadura-espanhola-reforcam-estrategia-de-promocao-turistica-conjunta\/#breadcrumb","itemListElement":[{"@type":"ListItem","position":1,"name":"In\u00edcio","item":"https:\/\/www.atelierdocaractere.pt\/brevemente\/"},{"@type":"ListItem","position":2,"name":"Centro de Portugal, Alentejo e Extremadura espanhola refor\u00e7am estrat\u00e9gia de promo\u00e7\u00e3o tur\u00edstica conjunta"}]},{"@type":"WebSite","@id":"https:\/\/www.atelierdocaractere.pt\/brevemente\/#website","url":"https:\/\/www.atelierdocaractere.pt\/brevemente\/","name":"Atelier do Caractere","description":"","potentialAction":[{"@type":"SearchAction","target":{"@type":"EntryPoint","urlTemplate":"https:\/\/www.atelierdocaractere.pt\/brevemente\/?s={search_term_string}"},"query-input":"required name=search_term_string"}],"inLanguage":"pt-PT"},{"@type":"Person","@id":"https:\/\/www.atelierdocaractere.pt\/brevemente\/#\/schema\/person\/f2f096eb0f27d9894725af22cb97c0db","name":"Joana Barbosa","image":{"@type":"ImageObject","inLanguage":"pt-PT","@id":"https:\/\/www.atelierdocaractere.pt\/brevemente\/#\/schema\/person\/image\/","url":"https:\/\/secure.gravatar.com\/avatar\/33e8214b45e9d68a3a83008731075979?s=96&d=mm&r=g","contentUrl":"https:\/\/secure.gravatar.com\/avatar\/33e8214b45e9d68a3a83008731075979?s=96&d=mm&r=g","caption":"Joana Barbosa"},"url":"https:\/\/www.atelierdocaractere.pt\/brevemente\/author\/joanabarbosa\/"}]}},"_links":{"self":[{"href":"https:\/\/www.atelierdocaractere.pt\/brevemente\/wp-json\/wp\/v2\/posts\/13508"}],"collection":[{"href":"https:\/\/www.atelierdocaractere.pt\/brevemente\/wp-json\/wp\/v2\/posts"}],"about":[{"href":"https:\/\/www.atelierdocaractere.pt\/brevemente\/wp-json\/wp\/v2\/types\/post"}],"author":[{"embeddable":true,"href":"https:\/\/www.atelierdocaractere.pt\/brevemente\/wp-json\/wp\/v2\/users\/7"}],"replies":[{"embeddable":true,"href":"https:\/\/www.atelierdocaractere.pt\/brevemente\/wp-json\/wp\/v2\/comments?post=13508"}],"version-history":[{"count":1,"href":"https:\/\/www.atelierdocaractere.pt\/brevemente\/wp-json\/wp\/v2\/posts\/13508\/revisions"}],"predecessor-version":[{"id":13510,"href":"https:\/\/www.atelierdocaractere.pt\/brevemente\/wp-json\/wp\/v2\/posts\/13508\/revisions\/13510"}],"wp:featuredmedia":[{"embeddable":true,"href":"https:\/\/www.atelierdocaractere.pt\/brevemente\/wp-json\/wp\/v2\/media\/13509"}],"wp:attachment":[{"href":"https:\/\/www.atelierdocaractere.pt\/brevemente\/wp-json\/wp\/v2\/media?parent=13508"}],"wp:term":[{"taxonomy":"category","embeddable":true,"href":"https:\/\/www.atelierdocaractere.pt\/brevemente\/wp-json\/wp\/v2\/categories?post=13508"},{"taxonomy":"post_tag","embeddable":true,"href":"https:\/\/www.atelierdocaractere.pt\/brevemente\/wp-json\/wp\/v2\/tags?post=13508"}],"curies":[{"name":"wp","href":"https:\/\/api.w.org\/{rel}","templated":true}]}}