{"id":13515,"date":"2025-01-08T13:26:22","date_gmt":"2025-01-08T13:26:22","guid":{"rendered":"https:\/\/www.atelierdocaractere.pt\/brevemente\/?p=13515"},"modified":"2025-01-25T13:29:15","modified_gmt":"2025-01-25T13:29:15","slug":"13-a-edicao-do-projeto-wanted-empreendedorismo-nas-escolas-de-viseu-dao-lafoes-arranca-com-novidades-inspiradoras","status":"publish","type":"post","link":"https:\/\/www.atelierdocaractere.pt\/brevemente\/13-a-edicao-do-projeto-wanted-empreendedorismo-nas-escolas-de-viseu-dao-lafoes-arranca-com-novidades-inspiradoras\/","title":{"rendered":"13.\u00aa Edi\u00e7\u00e3o do projeto &#8220;Wanted &#8211; Empreendedorismo nas Escolas de Viseu D\u00e3o Laf\u00f5es&#8221; arranca com novidades inspiradoras"},"content":{"rendered":"\n<p><strong>Confer\u00eancias TEEN, com a participa\u00e7\u00e3o de uma jovem influenciadora digital que desmistifica a matem\u00e1tica com sentido de humor, e\u00a0<em>bootcamp\u00a0<\/em>destinado a docentes s\u00e3o as grandes novidades deste ano.<\/strong><\/p>\n\n\n\n<figure class=\"wp-block-image size-large\"><img decoding=\"async\" width=\"1024\" height=\"1024\" src=\"https:\/\/www.atelierdocaractere.pt\/wp-content\/uploads\/2025\/01\/wanted-2025-1024x1024.png\" alt=\"\" class=\"wp-image-13517\" srcset=\"https:\/\/www.atelierdocaractere.pt\/wp-content\/uploads\/2025\/01\/wanted-2025-1024x1024.png 1024w, https:\/\/www.atelierdocaractere.pt\/wp-content\/uploads\/2025\/01\/wanted-2025-300x300.png 300w, https:\/\/www.atelierdocaractere.pt\/wp-content\/uploads\/2025\/01\/wanted-2025-150x150.png 150w, https:\/\/www.atelierdocaractere.pt\/wp-content\/uploads\/2025\/01\/wanted-2025-768x768.png 768w, https:\/\/www.atelierdocaractere.pt\/wp-content\/uploads\/2025\/01\/wanted-2025-1536x1536.png 1536w, https:\/\/www.atelierdocaractere.pt\/wp-content\/uploads\/2025\/01\/wanted-2025-100x100.png 100w, https:\/\/www.atelierdocaractere.pt\/wp-content\/uploads\/2025\/01\/wanted-2025-140x140.png 140w, https:\/\/www.atelierdocaractere.pt\/wp-content\/uploads\/2025\/01\/wanted-2025-500x500.png 500w, https:\/\/www.atelierdocaractere.pt\/wp-content\/uploads\/2025\/01\/wanted-2025-350x350.png 350w, https:\/\/www.atelierdocaractere.pt\/wp-content\/uploads\/2025\/01\/wanted-2025-1000x1000.png 1000w, https:\/\/www.atelierdocaractere.pt\/wp-content\/uploads\/2025\/01\/wanted-2025-800x800.png 800w, https:\/\/www.atelierdocaractere.pt\/wp-content\/uploads\/2025\/01\/wanted-2025.png 1599w\" sizes=\"(max-width: 1024px) 100vw, 1024px\" \/><\/figure>\n\n\n\n<p>\u00c9 j\u00e1 em janeiro que arranca&nbsp;a 13.\u00aa edi\u00e7\u00e3o do projeto &#8220;<strong>Wanted &#8211; Empreendedorismo nas Escolas de Viseu D\u00e3o Laf\u00f5es<\/strong>&#8220;, uma iniciativa emblem\u00e1tica da CIM Viseu D\u00e3o Laf\u00f5es que visa fomentar o empreendedorismo e o desenvolvimento de compet\u00eancias de proatividade entre os jovens da regi\u00e3o.<\/p>\n\n\n\n<p>Uma a\u00e7\u00e3o de curta dura\u00e7\u00e3o, em formato de&nbsp;<em>bootcamp<\/em>, destinada a todos os docentes do ensino secund\u00e1rio das escolas do territ\u00f3rio, marca a abertura desta edi\u00e7\u00e3o.<\/p>\n\n\n\n<p>Pela primeira vez, o projeto \u201cWanted\u201d inclui uma iniciativa especificamente dedicada aos professores: o&nbsp;<em>bootcamp&nbsp;<\/em>\u201cMente S\u00e3, Professores S\u00e3os\u201d. Esta atividade estar\u00e1 focada na promo\u00e7\u00e3o da sa\u00fade mental e do bem-estar emocional no ambiente escolar, refletindo a preocupa\u00e7\u00e3o da CIM com os desafios atuais com que os docentes se deparam neste contexto.<\/p>\n\n\n\n<p><strong>Confer\u00eancias TEEN: uma a\u00e7\u00e3o de partilha do esp\u00edrito empreendedor<\/strong><\/p>\n\n\n\n<p>As Confer\u00eancias TEEN, destinadas a todos os alunos do Ensino Secund\u00e1rio dos 14 munic\u00edpios da CIM, constituem um momento \u00fanico de partilha e inspira\u00e7\u00e3o, no qual os estudantes t\u00eam a oportunidade de dialogar com jovens empreendedores, retirando ensinamentos muito \u00fateis para o seu percurso acad\u00e9mico e profissional<strong>.<\/strong><\/p>\n\n\n\n<p>Este ano, a convidada especial destas confer\u00eancias \u00e9<strong>&nbsp;In\u00eas Guimar\u00e3es<\/strong>, mestre em matem\u00e1tica e influenciadora digital, conhecida como&nbsp;<strong>MathGurl<\/strong>, que ficou famosa por criar o canal com o mesmo nome no YouTube, onde divulga a matem\u00e1tica de uma forma acess\u00edvel e envolvente. Com o seu carisma, entusiasmo e popularidade nas redes sociais, a&nbsp;<em>MathGurl<\/em>&nbsp;apresentar\u00e1 aos jovens a sua perspetiva sobre o poder do conhecimento e a criatividade como motores de sucesso.<\/p>\n\n\n\n<p>As Confer\u00eancias TEEN percorrer\u00e3o todos os munic\u00edpios da CIM Viseu D\u00e3o Laf\u00f5es, entre os dias 13 e 17 de janeiro. O programa tem in\u00edcio no dia 13, em Aguiar da Beira e Vila Nova de Paiva. No dia 14, as sess\u00f5es ter\u00e3o lugar em Oliveira de Frades, S\u00e3o Pedro do Sul e S\u00e1t\u00e3o, seguindo-se, no dia 15, em Santa Comba D\u00e3o, Tondela e Vouzela. A 16 de janeiro, as confer\u00eancias acontecer\u00e3o em Nelas, Mangualde e Penalva do Castelo, terminando no dia 17, em Carregal do Sal, Viseu e Castro Daire.<\/p>\n\n\n\n<p><strong>Nuno Martinho, Secret\u00e1rio Executivo da CIM Viseu D\u00e3o Laf\u00f5es<\/strong>, destaca a import\u00e2ncia deste projeto: &#8220;<em>O\u00a0\u2018Wanted &#8211; Empreendedorismo nas Escolas de Viseu D\u00e3o Laf\u00f5es\u2019, que surge no contexto do Programa Intermunicipal para Promo\u00e7\u00e3o do Sucesso Educativo em Viseu D\u00e3o Laf\u00f5es, \u00e9 um exemplo claro do compromisso da nossa Comunidade Intermunicipal com a forma\u00e7\u00e3o dos jovens da regi\u00e3o. Nesta 13.\u00aa edi\u00e7\u00e3o, continuamos a apostar em momentos de grande popularidade, como as Confer\u00eancias TEEN, e introduzimos novidades que refletem a nossa preocupa\u00e7\u00e3o com o bem-estar de toda a comunidade escolar. Estamos confiantes de que estas iniciativas continuar\u00e3o a transformar vidas e a fortalecer a nossa comunidade escolar, contribuindo decisivamente para o futuro do nosso territ\u00f3rio<\/em>&#8220;.<\/p>\n\n\n\n<p><strong>Sobre a CIM Viseu D\u00e3o Laf\u00f5es:<\/strong><br>A CIM Viseu D\u00e3o Laf\u00f5es \u00e9 uma associa\u00e7\u00e3o de munic\u00edpios, denominada como Comunidade Intermunicipal, sendo constitu\u00edda pelos munic\u00edpios de\u00a0Aguiar da Beira, Carregal do Sal, Castro Daire, Mangualde, Nelas, Oliveira de Frades, Penalva do Castelo, Santa Comba D\u00e3o, S\u00e3o Pedro do Sul, S\u00e1t\u00e3o, Tondela, Vila Nova de Paiva, Viseu e Vouzela.<\/p>\n","protected":false},"excerpt":{"rendered":"<p>Confer\u00eancias TEEN, com a participa\u00e7\u00e3o de uma jovem influenciadora digital que desmistifica a matem\u00e1tica com sentido de humor, e\u00a0bootcamp\u00a0destinado a&#8230;<\/p>\n","protected":false},"author":7,"featured_media":13516,"comment_status":"closed","ping_status":"open","sticky":false,"template":"","format":"standard","meta":[],"categories":[779],"tags":[448,738,744,636],"yoast_head":"<!-- This site is optimized with the Yoast SEO plugin v20.12 - https:\/\/yoast.com\/wordpress\/plugins\/seo\/ -->\n<title>13.\u00aa Edi\u00e7\u00e3o do projeto &quot;Wanted - Empreendedorismo nas Escolas de Viseu D\u00e3o Laf\u00f5es&quot; arranca com novidades inspiradoras - Atelier do Caractere<\/title>\n<meta name=\"robots\" content=\"index, follow, max-snippet:-1, max-image-preview:large, max-video-preview:-1\" \/>\n<link rel=\"canonical\" href=\"https:\/\/www.atelierdocaractere.pt\/brevemente\/13-a-edicao-do-projeto-wanted-empreendedorismo-nas-escolas-de-viseu-dao-lafoes-arranca-com-novidades-inspiradoras\/\" \/>\n<meta property=\"og:locale\" content=\"pt_PT\" \/>\n<meta property=\"og:type\" content=\"article\" \/>\n<meta property=\"og:title\" content=\"13.\u00aa Edi\u00e7\u00e3o do projeto &quot;Wanted - Empreendedorismo nas Escolas de Viseu D\u00e3o Laf\u00f5es&quot; arranca com novidades inspiradoras - Atelier do Caractere\" \/>\n<meta property=\"og:description\" content=\"Confer\u00eancias TEEN, com a participa\u00e7\u00e3o de uma jovem influenciadora digital que desmistifica a matem\u00e1tica com sentido de humor, e\u00a0bootcamp\u00a0destinado a...\" \/>\n<meta property=\"og:url\" content=\"https:\/\/www.atelierdocaractere.pt\/brevemente\/13-a-edicao-do-projeto-wanted-empreendedorismo-nas-escolas-de-viseu-dao-lafoes-arranca-com-novidades-inspiradoras\/\" \/>\n<meta property=\"og:site_name\" content=\"Atelier do Caractere\" \/>\n<meta property=\"article:publisher\" content=\"https:\/\/www.facebook.com\/AtelierdoCaractere\" \/>\n<meta property=\"article:published_time\" content=\"2025-01-08T13:26:22+00:00\" \/>\n<meta property=\"article:modified_time\" content=\"2025-01-25T13:29:15+00:00\" \/>\n<meta property=\"og:image\" content=\"https:\/\/www.atelierdocaractere.pt\/wp-content\/uploads\/2025\/01\/wanted-20251.png\" \/>\n\t<meta property=\"og:image:width\" content=\"1599\" \/>\n\t<meta property=\"og:image:height\" content=\"1066\" \/>\n\t<meta property=\"og:image:type\" content=\"image\/png\" \/>\n<meta name=\"author\" content=\"Joana Barbosa\" \/>\n<meta name=\"twitter:card\" content=\"summary_large_image\" \/>\n<meta name=\"twitter:label1\" content=\"Escrito por\" \/>\n\t<meta name=\"twitter:data1\" content=\"Joana Barbosa\" \/>\n\t<meta name=\"twitter:label2\" content=\"Tempo estimado de leitura\" \/>\n\t<meta name=\"twitter:data2\" content=\"4 minutos\" \/>\n<script type=\"application\/ld+json\" class=\"yoast-schema-graph\">{\"@context\":\"https:\/\/schema.org\",\"@graph\":[{\"@type\":\"WebPage\",\"@id\":\"https:\/\/www.atelierdocaractere.pt\/brevemente\/13-a-edicao-do-projeto-wanted-empreendedorismo-nas-escolas-de-viseu-dao-lafoes-arranca-com-novidades-inspiradoras\/\",\"url\":\"https:\/\/www.atelierdocaractere.pt\/brevemente\/13-a-edicao-do-projeto-wanted-empreendedorismo-nas-escolas-de-viseu-dao-lafoes-arranca-com-novidades-inspiradoras\/\",\"name\":\"13.\u00aa Edi\u00e7\u00e3o do projeto \\\"Wanted - Empreendedorismo nas Escolas de Viseu D\u00e3o Laf\u00f5es\\\" arranca com novidades inspiradoras - Atelier do Caractere\",\"isPartOf\":{\"@id\":\"https:\/\/www.atelierdocaractere.pt\/brevemente\/#website\"},\"datePublished\":\"2025-01-08T13:26:22+00:00\",\"dateModified\":\"2025-01-25T13:29:15+00:00\",\"author\":{\"@id\":\"https:\/\/www.atelierdocaractere.pt\/brevemente\/#\/schema\/person\/f2f096eb0f27d9894725af22cb97c0db\"},\"breadcrumb\":{\"@id\":\"https:\/\/www.atelierdocaractere.pt\/brevemente\/13-a-edicao-do-projeto-wanted-empreendedorismo-nas-escolas-de-viseu-dao-lafoes-arranca-com-novidades-inspiradoras\/#breadcrumb\"},\"inLanguage\":\"pt-PT\",\"potentialAction\":[{\"@type\":\"ReadAction\",\"target\":[\"https:\/\/www.atelierdocaractere.pt\/brevemente\/13-a-edicao-do-projeto-wanted-empreendedorismo-nas-escolas-de-viseu-dao-lafoes-arranca-com-novidades-inspiradoras\/\"]}]},{\"@type\":\"BreadcrumbList\",\"@id\":\"https:\/\/www.atelierdocaractere.pt\/brevemente\/13-a-edicao-do-projeto-wanted-empreendedorismo-nas-escolas-de-viseu-dao-lafoes-arranca-com-novidades-inspiradoras\/#breadcrumb\",\"itemListElement\":[{\"@type\":\"ListItem\",\"position\":1,\"name\":\"In\u00edcio\",\"item\":\"https:\/\/www.atelierdocaractere.pt\/brevemente\/\"},{\"@type\":\"ListItem\",\"position\":2,\"name\":\"13.\u00aa Edi\u00e7\u00e3o do projeto &#8220;Wanted &#8211; Empreendedorismo nas Escolas de Viseu D\u00e3o Laf\u00f5es&#8221; arranca com novidades inspiradoras\"}]},{\"@type\":\"WebSite\",\"@id\":\"https:\/\/www.atelierdocaractere.pt\/brevemente\/#website\",\"url\":\"https:\/\/www.atelierdocaractere.pt\/brevemente\/\",\"name\":\"Atelier do Caractere\",\"description\":\"\",\"potentialAction\":[{\"@type\":\"SearchAction\",\"target\":{\"@type\":\"EntryPoint\",\"urlTemplate\":\"https:\/\/www.atelierdocaractere.pt\/brevemente\/?s={search_term_string}\"},\"query-input\":\"required name=search_term_string\"}],\"inLanguage\":\"pt-PT\"},{\"@type\":\"Person\",\"@id\":\"https:\/\/www.atelierdocaractere.pt\/brevemente\/#\/schema\/person\/f2f096eb0f27d9894725af22cb97c0db\",\"name\":\"Joana Barbosa\",\"image\":{\"@type\":\"ImageObject\",\"inLanguage\":\"pt-PT\",\"@id\":\"https:\/\/www.atelierdocaractere.pt\/brevemente\/#\/schema\/person\/image\/\",\"url\":\"https:\/\/secure.gravatar.com\/avatar\/33e8214b45e9d68a3a83008731075979?s=96&d=mm&r=g\",\"contentUrl\":\"https:\/\/secure.gravatar.com\/avatar\/33e8214b45e9d68a3a83008731075979?s=96&d=mm&r=g\",\"caption\":\"Joana Barbosa\"},\"url\":\"https:\/\/www.atelierdocaractere.pt\/brevemente\/author\/joanabarbosa\/\"}]}<\/script>\n<!-- \/ Yoast SEO plugin. -->","yoast_head_json":{"title":"13.\u00aa Edi\u00e7\u00e3o do projeto \"Wanted - Empreendedorismo nas Escolas de Viseu D\u00e3o Laf\u00f5es\" arranca com novidades inspiradoras - Atelier do Caractere","robots":{"index":"index","follow":"follow","max-snippet":"max-snippet:-1","max-image-preview":"max-image-preview:large","max-video-preview":"max-video-preview:-1"},"canonical":"https:\/\/www.atelierdocaractere.pt\/brevemente\/13-a-edicao-do-projeto-wanted-empreendedorismo-nas-escolas-de-viseu-dao-lafoes-arranca-com-novidades-inspiradoras\/","og_locale":"pt_PT","og_type":"article","og_title":"13.\u00aa Edi\u00e7\u00e3o do projeto \"Wanted - Empreendedorismo nas Escolas de Viseu D\u00e3o Laf\u00f5es\" arranca com novidades inspiradoras - Atelier do Caractere","og_description":"Confer\u00eancias TEEN, com a participa\u00e7\u00e3o de uma jovem influenciadora digital que desmistifica a matem\u00e1tica com sentido de humor, e\u00a0bootcamp\u00a0destinado a...","og_url":"https:\/\/www.atelierdocaractere.pt\/brevemente\/13-a-edicao-do-projeto-wanted-empreendedorismo-nas-escolas-de-viseu-dao-lafoes-arranca-com-novidades-inspiradoras\/","og_site_name":"Atelier do Caractere","article_publisher":"https:\/\/www.facebook.com\/AtelierdoCaractere","article_published_time":"2025-01-08T13:26:22+00:00","article_modified_time":"2025-01-25T13:29:15+00:00","og_image":[{"width":1599,"height":1066,"url":"https:\/\/www.atelierdocaractere.pt\/wp-content\/uploads\/2025\/01\/wanted-20251.png","type":"image\/png"}],"author":"Joana Barbosa","twitter_card":"summary_large_image","twitter_misc":{"Escrito por":"Joana Barbosa","Tempo estimado de leitura":"4 minutos"},"schema":{"@context":"https:\/\/schema.org","@graph":[{"@type":"WebPage","@id":"https:\/\/www.atelierdocaractere.pt\/brevemente\/13-a-edicao-do-projeto-wanted-empreendedorismo-nas-escolas-de-viseu-dao-lafoes-arranca-com-novidades-inspiradoras\/","url":"https:\/\/www.atelierdocaractere.pt\/brevemente\/13-a-edicao-do-projeto-wanted-empreendedorismo-nas-escolas-de-viseu-dao-lafoes-arranca-com-novidades-inspiradoras\/","name":"13.\u00aa Edi\u00e7\u00e3o do projeto \"Wanted - Empreendedorismo nas Escolas de Viseu D\u00e3o Laf\u00f5es\" arranca com novidades inspiradoras - Atelier do Caractere","isPartOf":{"@id":"https:\/\/www.atelierdocaractere.pt\/brevemente\/#website"},"datePublished":"2025-01-08T13:26:22+00:00","dateModified":"2025-01-25T13:29:15+00:00","author":{"@id":"https:\/\/www.atelierdocaractere.pt\/brevemente\/#\/schema\/person\/f2f096eb0f27d9894725af22cb97c0db"},"breadcrumb":{"@id":"https:\/\/www.atelierdocaractere.pt\/brevemente\/13-a-edicao-do-projeto-wanted-empreendedorismo-nas-escolas-de-viseu-dao-lafoes-arranca-com-novidades-inspiradoras\/#breadcrumb"},"inLanguage":"pt-PT","potentialAction":[{"@type":"ReadAction","target":["https:\/\/www.atelierdocaractere.pt\/brevemente\/13-a-edicao-do-projeto-wanted-empreendedorismo-nas-escolas-de-viseu-dao-lafoes-arranca-com-novidades-inspiradoras\/"]}]},{"@type":"BreadcrumbList","@id":"https:\/\/www.atelierdocaractere.pt\/brevemente\/13-a-edicao-do-projeto-wanted-empreendedorismo-nas-escolas-de-viseu-dao-lafoes-arranca-com-novidades-inspiradoras\/#breadcrumb","itemListElement":[{"@type":"ListItem","position":1,"name":"In\u00edcio","item":"https:\/\/www.atelierdocaractere.pt\/brevemente\/"},{"@type":"ListItem","position":2,"name":"13.\u00aa Edi\u00e7\u00e3o do projeto &#8220;Wanted &#8211; Empreendedorismo nas Escolas de Viseu D\u00e3o Laf\u00f5es&#8221; arranca com novidades inspiradoras"}]},{"@type":"WebSite","@id":"https:\/\/www.atelierdocaractere.pt\/brevemente\/#website","url":"https:\/\/www.atelierdocaractere.pt\/brevemente\/","name":"Atelier do Caractere","description":"","potentialAction":[{"@type":"SearchAction","target":{"@type":"EntryPoint","urlTemplate":"https:\/\/www.atelierdocaractere.pt\/brevemente\/?s={search_term_string}"},"query-input":"required name=search_term_string"}],"inLanguage":"pt-PT"},{"@type":"Person","@id":"https:\/\/www.atelierdocaractere.pt\/brevemente\/#\/schema\/person\/f2f096eb0f27d9894725af22cb97c0db","name":"Joana Barbosa","image":{"@type":"ImageObject","inLanguage":"pt-PT","@id":"https:\/\/www.atelierdocaractere.pt\/brevemente\/#\/schema\/person\/image\/","url":"https:\/\/secure.gravatar.com\/avatar\/33e8214b45e9d68a3a83008731075979?s=96&d=mm&r=g","contentUrl":"https:\/\/secure.gravatar.com\/avatar\/33e8214b45e9d68a3a83008731075979?s=96&d=mm&r=g","caption":"Joana Barbosa"},"url":"https:\/\/www.atelierdocaractere.pt\/brevemente\/author\/joanabarbosa\/"}]}},"_links":{"self":[{"href":"https:\/\/www.atelierdocaractere.pt\/brevemente\/wp-json\/wp\/v2\/posts\/13515"}],"collection":[{"href":"https:\/\/www.atelierdocaractere.pt\/brevemente\/wp-json\/wp\/v2\/posts"}],"about":[{"href":"https:\/\/www.atelierdocaractere.pt\/brevemente\/wp-json\/wp\/v2\/types\/post"}],"author":[{"embeddable":true,"href":"https:\/\/www.atelierdocaractere.pt\/brevemente\/wp-json\/wp\/v2\/users\/7"}],"replies":[{"embeddable":true,"href":"https:\/\/www.atelierdocaractere.pt\/brevemente\/wp-json\/wp\/v2\/comments?post=13515"}],"version-history":[{"count":1,"href":"https:\/\/www.atelierdocaractere.pt\/brevemente\/wp-json\/wp\/v2\/posts\/13515\/revisions"}],"predecessor-version":[{"id":13518,"href":"https:\/\/www.atelierdocaractere.pt\/brevemente\/wp-json\/wp\/v2\/posts\/13515\/revisions\/13518"}],"wp:featuredmedia":[{"embeddable":true,"href":"https:\/\/www.atelierdocaractere.pt\/brevemente\/wp-json\/wp\/v2\/media\/13516"}],"wp:attachment":[{"href":"https:\/\/www.atelierdocaractere.pt\/brevemente\/wp-json\/wp\/v2\/media?parent=13515"}],"wp:term":[{"taxonomy":"category","embeddable":true,"href":"https:\/\/www.atelierdocaractere.pt\/brevemente\/wp-json\/wp\/v2\/categories?post=13515"},{"taxonomy":"post_tag","embeddable":true,"href":"https:\/\/www.atelierdocaractere.pt\/brevemente\/wp-json\/wp\/v2\/tags?post=13515"}],"curies":[{"name":"wp","href":"https:\/\/api.w.org\/{rel}","templated":true}]}}