{"id":13520,"date":"2025-01-25T11:10:07","date_gmt":"2025-01-25T11:10:07","guid":{"rendered":"https:\/\/www.atelierdocaractere.pt\/brevemente\/?p=13520"},"modified":"2025-02-13T11:13:42","modified_gmt":"2025-02-13T11:13:42","slug":"gastronomia-e-vinhos-do-centro-de-portugal-brilharam-na-fitur-com-apresentacao-do-projeto-sabores-ao-centro","status":"publish","type":"post","link":"https:\/\/www.atelierdocaractere.pt\/brevemente\/gastronomia-e-vinhos-do-centro-de-portugal-brilharam-na-fitur-com-apresentacao-do-projeto-sabores-ao-centro\/","title":{"rendered":"Gastronomia e vinhos do Centro de Portugal brilharam na FITUR com apresenta\u00e7\u00e3o do projeto &#8220;Sabores ao Centro!&#8221;"},"content":{"rendered":"\n<p><strong>Visitantes da Feira Internacional de Turismo, em Madrid, ficaram a conhecer a riqueza gastron\u00f3mica, os vinhos de excel\u00eancia e as iniciativas promocionais da regi\u00e3o. O foco incidiu nos produtos e produtores locais.<\/strong><\/p>\n\n\n\n<figure class=\"wp-block-image size-large\"><img decoding=\"async\" width=\"1024\" height=\"768\" src=\"https:\/\/www.atelierdocaractere.pt\/wp-content\/uploads\/2025\/02\/sabores-1024x768.jpg\" alt=\"\" class=\"wp-image-13521\" srcset=\"https:\/\/www.atelierdocaractere.pt\/wp-content\/uploads\/2025\/02\/sabores-1024x768.jpg 1024w, https:\/\/www.atelierdocaractere.pt\/wp-content\/uploads\/2025\/02\/sabores-300x225.jpg 300w, https:\/\/www.atelierdocaractere.pt\/wp-content\/uploads\/2025\/02\/sabores-768x576.jpg 768w, https:\/\/www.atelierdocaractere.pt\/wp-content\/uploads\/2025\/02\/sabores.jpg 1263w\" sizes=\"(max-width: 1024px) 100vw, 1024px\" \/><\/figure>\n\n\n\n<p>O&nbsp;<strong>Centro de Portugal<\/strong>&nbsp;foi hoje um dos protagonistas da FITUR \u2013 Feira Internacional de Turismo, em Madrid. A regi\u00e3o esteve em destaque no stand do Turismo de Portugal, com um evento em que apresentou o projeto&nbsp;<strong>&#8220;Sabores ao Centro!&#8221;<\/strong>, uma iniciativa que promove a riqueza e diversidade gastron\u00f3mica e a oferta de enoturismo do territ\u00f3rio.<\/p>\n\n\n\n<p>A apresenta\u00e7\u00e3o integrou v\u00e1rios momentos distintos. No primeiro,&nbsp;<strong>Anabela Freitas, vice-presidente da Turismo Centro de Portugal<\/strong>, deu a conhecer aos muitos visitantes do stand as principais val\u00eancias tur\u00edsticas da regi\u00e3o, com foco principal na gastronomia e vinhos.<\/p>\n\n\n\n<p><em>\u201cO Centro de Portugal \u00e9 a maior regi\u00e3o de turismo do pa\u00eds, com oito sub-regi\u00f5es ricas em patrim\u00f3nio, natureza e produtos locais. Temos parques naturais, geoparques, passadi\u00e7os, lugares patrim\u00f3nio da humanidade, cultura, hist\u00f3ria e gastronomia\u201d<\/em>, come\u00e7ou por dizer&nbsp;<strong>Anabela Freitas<\/strong>.<\/p>\n\n\n\n<p><em>\u201cA liga\u00e7\u00e3o entre o turismo e a gastronomia \u00e9 particularmente importante, porque valoriza os nossos produtores e os produtos \u00fanicos que temos no territ\u00f3rio. O Centro de Portugal proporciona propostas gastron\u00f3micas de grande diversidade. Se visitarem cada uma das oito sub-regi\u00f5es, descobrem maneiras diferentes de confecionar o mesmo prato. Os visitantes podem passar oito fins de semana, ou oito semanas, e descobrir sempre novos pratos e produtos, queijos e do\u00e7aria diversa e vinhos not\u00e1veis\u201d<\/em>, acrescentou.<\/p>\n\n\n\n<p><strong>Projeto \u201cSabores ao Centro!\u201d: os produtos locais no centro das aten\u00e7\u00f5es<\/strong><\/p>\n\n\n\n<p>Anabela Freitas apresentou, de seguida, as linhas de atua\u00e7\u00e3o do programa&nbsp;<strong>\u201cSabores ao Centro!\u201d<\/strong>, que tem como grande objetivo \u201cpromover a regi\u00e3o Centro de Portugal como destino de turismo gastron\u00f3mico sustent\u00e1vel\u201d.&nbsp;<em>\u201cA gastronomia s\u00f3 se faz com produtos locais. Este programa visa valorizar a gastronomia da regi\u00e3o e todos os produtores locais. Quando os valorizamos, estamos a incrementar a economia local\u201d<\/em>, sublinhou.<\/p>\n\n\n\n<p>Com essa finalidade, o programa prev\u00ea a cria\u00e7\u00e3o de uma plataforma inovadora, que destaca a cultura gastron\u00f3mica da regi\u00e3o, complementada com a sua paisagem, patrim\u00f3nio e talento criativo. A iniciativa envolve agentes p\u00fablicos e privados, destacando a import\u00e2ncia da coopera\u00e7\u00e3o a n\u00edvel sub-regional e supramunicipal, e foca-se em potenciar os recursos e promover as diversas ofertas de todo o territ\u00f3rio regional.<\/p>\n\n\n\n<p>O projeto prev\u00ea quatro medidas-chave: os Pr\u00e9mios &#8220;Sabores ao Centro!&#8221;, uma Agenda de Eventos, Rotas Gastron\u00f3micas e uma forte campanha de marketing.<\/p>\n\n\n\n<p>Os&nbsp;<strong>Pr\u00e9mios &#8220;Sabores ao Centro!&#8221;<\/strong>, com 12 categorias, v\u00e3o reconhecer o talento e distinguir a valoriza\u00e7\u00e3o dos produtos locais. Os &#8220;10 melhores restaurantes&#8221;, o &#8220;restaurante tradicional do ano&#8221;, o &#8220;chef revela\u00e7\u00e3o&#8221;, a &#8220;melhor carta de vinhos regionais&#8221; ou o &#8220;melhor produto artesanal&#8221; s\u00e3o apenas algumas das categorias premiadas.<\/p>\n\n\n\n<p>A&nbsp;<strong>Agenda de Eventos<\/strong>&nbsp;\u201cSabores ao Centro!\u201d promove a diversidade e a sazonalidade da oferta gastron\u00f3mica da regi\u00e3o, valorizando os produtos end\u00f3genos e distintivos.<\/p>\n\n\n\n<p>As&nbsp;<strong>Rotas Gastron\u00f3micas<\/strong>&nbsp;convidam a viagens pela paisagem culin\u00e1ria da regi\u00e3o, explorando lugares ic\u00f3nicos, conhecendo os produtores locais e descobrindo figuras de destaque do mundo gastron\u00f3mico. Uma prioridade das rotas \u00e9 a sustentabilidade dos recursos regionais, com foco nos produtos locais certificados.<\/p>\n\n\n\n<p>Finalmente, a&nbsp;<strong>Campanha de Marketing<\/strong>&nbsp;&#8220;Sabores ao Centro!&#8221; pretende atingir v\u00e1rios objetivos, de que se destacam valorizar o talento dos chefs da regi\u00e3o, aumentar a conscientiza\u00e7\u00e3o sobre o impacto dos h\u00e1bitos de consumo, promover experi\u00eancias de turismo aut\u00eanticas ou destacar a import\u00e2ncia da utiliza\u00e7\u00e3o de ingredientes locais e de pr\u00e1ticas culin\u00e1rias sustent\u00e1veis para melhorar a sa\u00fade e a qualidade de vida, entre outras.<\/p>\n\n\n\n<p><strong>Chef deu a provar os sabores da regi\u00e3o<\/strong><\/p>\n\n\n\n<p>Ap\u00f3s a apresenta\u00e7\u00e3o do projeto &#8220;Sabores ao Centro!\u201d, a&nbsp;<strong>chef In\u00eas Beja e Nuno Fonte<\/strong>, do Restaurante DeRaiz, de Viseu, deram a conhecer a hist\u00f3ria deste espa\u00e7o de restaura\u00e7\u00e3o, bem como dos produtos que confecionam.<\/p>\n\n\n\n<p>O momento seguinte esteve a cargo de&nbsp;<strong>Rodolfo Queiroz<\/strong>, da Comiss\u00e3o Vitivin\u00edcola Regional (CVR) da Beira Interior que, em representa\u00e7\u00e3o das cinco CVR do Centro de Portugal, explicou as particularidades das cinco regi\u00f5es vitivin\u00edcolas do Centro de Portugal, acompanhado por&nbsp;<strong>Cristina Tierno<\/strong>, especialista espanhola em vinhos.<\/p>\n\n\n\n<p>A culminar a apresenta\u00e7\u00e3o, a chef In\u00eas Beja conduziu um \u201cMomento de Degusta\u00e7\u00e3o de Produtos Gastron\u00f3micos e Vinhos do Centro de Portugal\u201d, em que foram dados a provar ao p\u00fablico da FITUR produtos selecionados de todo o territ\u00f3rio do Centro de Portugal.<\/p>\n\n\n\n<p>A iniciativa resultou de uma parceria estrat\u00e9gica entre a Turismo Centro de Portugal, o Turismo de Portugal, a Ag\u00eancia Regional de Promo\u00e7\u00e3o Tur\u00edstica do Centro de Portugal, as oito Comunidades Intermunicipais da regi\u00e3o (Beira Baixa, Beiras e Serra da Estrela, M\u00e9dio Tejo, Oeste, Regi\u00e3o de Aveiro, Regi\u00e3o de Coimbra, Regi\u00e3o de Leiria e Viseu D\u00e3o Laf\u00f5es) e o PROVERE Fileira dos Vinhos das Regi\u00f5es Vitivin\u00edcolas da Regi\u00e3o Centro.<\/p>\n\n\n\n<p>A FITUR \u00e9 a maior feira ib\u00e9rica e uma das maiores feiras de turismo do mundo, atraindo anualmente milhares de profissionais e visitantes em Madrid. O evento, de 22 a 26 de janeiro, abre exclusivamente para profissionais nos primeiros tr\u00eas dias, estendendo-se ao p\u00fablico geral durante o fim de semana.<\/p>\n\n\n\n<p><strong>Sobre a Turismo Centro de Portugal:<\/strong><\/p>\n\n\n\n<p>A Turismo Centro de Portugal \u00e9 a entidade que estrutura e promove o turismo na Regi\u00e3o Centro do pa\u00eds. Esta \u00e9 a maior e mais diversificada \u00e1rea tur\u00edstica nacional, abrangendo 100 munic\u00edpios, e tem registado um intenso crescimento da procura interna e externa. \u00c9 a regi\u00e3o a escolher para quem pretende experi\u00eancias diversificadas, pois concilia locais Patrim\u00f3nio da Humanidade com a melhor costa de surf da Europa, termas e spas id\u00edlicos, locais de culto de import\u00e2ncia mundial e as mais belas aldeias.<\/p>\n","protected":false},"excerpt":{"rendered":"<p>Visitantes da Feira Internacional de Turismo, em Madrid, ficaram a conhecer a riqueza gastron\u00f3mica, os vinhos de excel\u00eancia e as&#8230;<\/p>\n","protected":false},"author":7,"featured_media":13521,"comment_status":"closed","ping_status":"open","sticky":false,"template":"","format":"standard","meta":[],"categories":[39],"tags":[765,108,346,131],"yoast_head":"<!-- This site is optimized with the Yoast SEO plugin v20.12 - https:\/\/yoast.com\/wordpress\/plugins\/seo\/ -->\n<title>Gastronomia e vinhos do Centro de Portugal brilharam na FITUR com apresenta\u00e7\u00e3o do projeto &quot;Sabores ao Centro!&quot; - Atelier do Caractere<\/title>\n<meta name=\"robots\" content=\"index, follow, max-snippet:-1, max-image-preview:large, max-video-preview:-1\" \/>\n<link rel=\"canonical\" href=\"https:\/\/www.atelierdocaractere.pt\/brevemente\/gastronomia-e-vinhos-do-centro-de-portugal-brilharam-na-fitur-com-apresentacao-do-projeto-sabores-ao-centro\/\" \/>\n<meta property=\"og:locale\" content=\"pt_PT\" \/>\n<meta property=\"og:type\" content=\"article\" \/>\n<meta property=\"og:title\" content=\"Gastronomia e vinhos do Centro de Portugal brilharam na FITUR com apresenta\u00e7\u00e3o do projeto &quot;Sabores ao Centro!&quot; - Atelier do Caractere\" \/>\n<meta property=\"og:description\" content=\"Visitantes da Feira Internacional de Turismo, em Madrid, ficaram a conhecer a riqueza gastron\u00f3mica, os vinhos de excel\u00eancia e as...\" \/>\n<meta property=\"og:url\" content=\"https:\/\/www.atelierdocaractere.pt\/brevemente\/gastronomia-e-vinhos-do-centro-de-portugal-brilharam-na-fitur-com-apresentacao-do-projeto-sabores-ao-centro\/\" \/>\n<meta property=\"og:site_name\" content=\"Atelier do Caractere\" \/>\n<meta property=\"article:publisher\" content=\"https:\/\/www.facebook.com\/AtelierdoCaractere\" \/>\n<meta property=\"article:published_time\" content=\"2025-01-25T11:10:07+00:00\" \/>\n<meta property=\"article:modified_time\" content=\"2025-02-13T11:13:42+00:00\" \/>\n<meta property=\"og:image\" content=\"https:\/\/www.atelierdocaractere.pt\/wp-content\/uploads\/2025\/02\/sabores.jpg\" \/>\n\t<meta property=\"og:image:width\" content=\"1263\" \/>\n\t<meta property=\"og:image:height\" content=\"947\" \/>\n\t<meta property=\"og:image:type\" content=\"image\/jpeg\" \/>\n<meta name=\"author\" content=\"Joana Barbosa\" \/>\n<meta name=\"twitter:card\" content=\"summary_large_image\" \/>\n<meta name=\"twitter:label1\" content=\"Escrito por\" \/>\n\t<meta name=\"twitter:data1\" content=\"Joana Barbosa\" \/>\n\t<meta name=\"twitter:label2\" content=\"Tempo estimado de leitura\" \/>\n\t<meta name=\"twitter:data2\" content=\"6 minutos\" \/>\n<script type=\"application\/ld+json\" class=\"yoast-schema-graph\">{\"@context\":\"https:\/\/schema.org\",\"@graph\":[{\"@type\":\"WebPage\",\"@id\":\"https:\/\/www.atelierdocaractere.pt\/brevemente\/gastronomia-e-vinhos-do-centro-de-portugal-brilharam-na-fitur-com-apresentacao-do-projeto-sabores-ao-centro\/\",\"url\":\"https:\/\/www.atelierdocaractere.pt\/brevemente\/gastronomia-e-vinhos-do-centro-de-portugal-brilharam-na-fitur-com-apresentacao-do-projeto-sabores-ao-centro\/\",\"name\":\"Gastronomia e vinhos do Centro de Portugal brilharam na FITUR com apresenta\u00e7\u00e3o do projeto \\\"Sabores ao Centro!\\\" - Atelier do Caractere\",\"isPartOf\":{\"@id\":\"https:\/\/www.atelierdocaractere.pt\/brevemente\/#website\"},\"datePublished\":\"2025-01-25T11:10:07+00:00\",\"dateModified\":\"2025-02-13T11:13:42+00:00\",\"author\":{\"@id\":\"https:\/\/www.atelierdocaractere.pt\/brevemente\/#\/schema\/person\/f2f096eb0f27d9894725af22cb97c0db\"},\"breadcrumb\":{\"@id\":\"https:\/\/www.atelierdocaractere.pt\/brevemente\/gastronomia-e-vinhos-do-centro-de-portugal-brilharam-na-fitur-com-apresentacao-do-projeto-sabores-ao-centro\/#breadcrumb\"},\"inLanguage\":\"pt-PT\",\"potentialAction\":[{\"@type\":\"ReadAction\",\"target\":[\"https:\/\/www.atelierdocaractere.pt\/brevemente\/gastronomia-e-vinhos-do-centro-de-portugal-brilharam-na-fitur-com-apresentacao-do-projeto-sabores-ao-centro\/\"]}]},{\"@type\":\"BreadcrumbList\",\"@id\":\"https:\/\/www.atelierdocaractere.pt\/brevemente\/gastronomia-e-vinhos-do-centro-de-portugal-brilharam-na-fitur-com-apresentacao-do-projeto-sabores-ao-centro\/#breadcrumb\",\"itemListElement\":[{\"@type\":\"ListItem\",\"position\":1,\"name\":\"In\u00edcio\",\"item\":\"https:\/\/www.atelierdocaractere.pt\/brevemente\/\"},{\"@type\":\"ListItem\",\"position\":2,\"name\":\"Gastronomia e vinhos do Centro de Portugal brilharam na FITUR com apresenta\u00e7\u00e3o do projeto &#8220;Sabores ao Centro!&#8221;\"}]},{\"@type\":\"WebSite\",\"@id\":\"https:\/\/www.atelierdocaractere.pt\/brevemente\/#website\",\"url\":\"https:\/\/www.atelierdocaractere.pt\/brevemente\/\",\"name\":\"Atelier do Caractere\",\"description\":\"\",\"potentialAction\":[{\"@type\":\"SearchAction\",\"target\":{\"@type\":\"EntryPoint\",\"urlTemplate\":\"https:\/\/www.atelierdocaractere.pt\/brevemente\/?s={search_term_string}\"},\"query-input\":\"required name=search_term_string\"}],\"inLanguage\":\"pt-PT\"},{\"@type\":\"Person\",\"@id\":\"https:\/\/www.atelierdocaractere.pt\/brevemente\/#\/schema\/person\/f2f096eb0f27d9894725af22cb97c0db\",\"name\":\"Joana Barbosa\",\"image\":{\"@type\":\"ImageObject\",\"inLanguage\":\"pt-PT\",\"@id\":\"https:\/\/www.atelierdocaractere.pt\/brevemente\/#\/schema\/person\/image\/\",\"url\":\"https:\/\/secure.gravatar.com\/avatar\/33e8214b45e9d68a3a83008731075979?s=96&d=mm&r=g\",\"contentUrl\":\"https:\/\/secure.gravatar.com\/avatar\/33e8214b45e9d68a3a83008731075979?s=96&d=mm&r=g\",\"caption\":\"Joana Barbosa\"},\"url\":\"https:\/\/www.atelierdocaractere.pt\/brevemente\/author\/joanabarbosa\/\"}]}<\/script>\n<!-- \/ Yoast SEO plugin. -->","yoast_head_json":{"title":"Gastronomia e vinhos do Centro de Portugal brilharam na FITUR com apresenta\u00e7\u00e3o do projeto \"Sabores ao Centro!\" - Atelier do Caractere","robots":{"index":"index","follow":"follow","max-snippet":"max-snippet:-1","max-image-preview":"max-image-preview:large","max-video-preview":"max-video-preview:-1"},"canonical":"https:\/\/www.atelierdocaractere.pt\/brevemente\/gastronomia-e-vinhos-do-centro-de-portugal-brilharam-na-fitur-com-apresentacao-do-projeto-sabores-ao-centro\/","og_locale":"pt_PT","og_type":"article","og_title":"Gastronomia e vinhos do Centro de Portugal brilharam na FITUR com apresenta\u00e7\u00e3o do projeto \"Sabores ao Centro!\" - Atelier do Caractere","og_description":"Visitantes da Feira Internacional de Turismo, em Madrid, ficaram a conhecer a riqueza gastron\u00f3mica, os vinhos de excel\u00eancia e as...","og_url":"https:\/\/www.atelierdocaractere.pt\/brevemente\/gastronomia-e-vinhos-do-centro-de-portugal-brilharam-na-fitur-com-apresentacao-do-projeto-sabores-ao-centro\/","og_site_name":"Atelier do Caractere","article_publisher":"https:\/\/www.facebook.com\/AtelierdoCaractere","article_published_time":"2025-01-25T11:10:07+00:00","article_modified_time":"2025-02-13T11:13:42+00:00","og_image":[{"width":1263,"height":947,"url":"https:\/\/www.atelierdocaractere.pt\/wp-content\/uploads\/2025\/02\/sabores.jpg","type":"image\/jpeg"}],"author":"Joana Barbosa","twitter_card":"summary_large_image","twitter_misc":{"Escrito por":"Joana Barbosa","Tempo estimado de leitura":"6 minutos"},"schema":{"@context":"https:\/\/schema.org","@graph":[{"@type":"WebPage","@id":"https:\/\/www.atelierdocaractere.pt\/brevemente\/gastronomia-e-vinhos-do-centro-de-portugal-brilharam-na-fitur-com-apresentacao-do-projeto-sabores-ao-centro\/","url":"https:\/\/www.atelierdocaractere.pt\/brevemente\/gastronomia-e-vinhos-do-centro-de-portugal-brilharam-na-fitur-com-apresentacao-do-projeto-sabores-ao-centro\/","name":"Gastronomia e vinhos do Centro de Portugal brilharam na FITUR com apresenta\u00e7\u00e3o do projeto \"Sabores ao Centro!\" - Atelier do Caractere","isPartOf":{"@id":"https:\/\/www.atelierdocaractere.pt\/brevemente\/#website"},"datePublished":"2025-01-25T11:10:07+00:00","dateModified":"2025-02-13T11:13:42+00:00","author":{"@id":"https:\/\/www.atelierdocaractere.pt\/brevemente\/#\/schema\/person\/f2f096eb0f27d9894725af22cb97c0db"},"breadcrumb":{"@id":"https:\/\/www.atelierdocaractere.pt\/brevemente\/gastronomia-e-vinhos-do-centro-de-portugal-brilharam-na-fitur-com-apresentacao-do-projeto-sabores-ao-centro\/#breadcrumb"},"inLanguage":"pt-PT","potentialAction":[{"@type":"ReadAction","target":["https:\/\/www.atelierdocaractere.pt\/brevemente\/gastronomia-e-vinhos-do-centro-de-portugal-brilharam-na-fitur-com-apresentacao-do-projeto-sabores-ao-centro\/"]}]},{"@type":"BreadcrumbList","@id":"https:\/\/www.atelierdocaractere.pt\/brevemente\/gastronomia-e-vinhos-do-centro-de-portugal-brilharam-na-fitur-com-apresentacao-do-projeto-sabores-ao-centro\/#breadcrumb","itemListElement":[{"@type":"ListItem","position":1,"name":"In\u00edcio","item":"https:\/\/www.atelierdocaractere.pt\/brevemente\/"},{"@type":"ListItem","position":2,"name":"Gastronomia e vinhos do Centro de Portugal brilharam na FITUR com apresenta\u00e7\u00e3o do projeto &#8220;Sabores ao Centro!&#8221;"}]},{"@type":"WebSite","@id":"https:\/\/www.atelierdocaractere.pt\/brevemente\/#website","url":"https:\/\/www.atelierdocaractere.pt\/brevemente\/","name":"Atelier do Caractere","description":"","potentialAction":[{"@type":"SearchAction","target":{"@type":"EntryPoint","urlTemplate":"https:\/\/www.atelierdocaractere.pt\/brevemente\/?s={search_term_string}"},"query-input":"required name=search_term_string"}],"inLanguage":"pt-PT"},{"@type":"Person","@id":"https:\/\/www.atelierdocaractere.pt\/brevemente\/#\/schema\/person\/f2f096eb0f27d9894725af22cb97c0db","name":"Joana Barbosa","image":{"@type":"ImageObject","inLanguage":"pt-PT","@id":"https:\/\/www.atelierdocaractere.pt\/brevemente\/#\/schema\/person\/image\/","url":"https:\/\/secure.gravatar.com\/avatar\/33e8214b45e9d68a3a83008731075979?s=96&d=mm&r=g","contentUrl":"https:\/\/secure.gravatar.com\/avatar\/33e8214b45e9d68a3a83008731075979?s=96&d=mm&r=g","caption":"Joana Barbosa"},"url":"https:\/\/www.atelierdocaractere.pt\/brevemente\/author\/joanabarbosa\/"}]}},"_links":{"self":[{"href":"https:\/\/www.atelierdocaractere.pt\/brevemente\/wp-json\/wp\/v2\/posts\/13520"}],"collection":[{"href":"https:\/\/www.atelierdocaractere.pt\/brevemente\/wp-json\/wp\/v2\/posts"}],"about":[{"href":"https:\/\/www.atelierdocaractere.pt\/brevemente\/wp-json\/wp\/v2\/types\/post"}],"author":[{"embeddable":true,"href":"https:\/\/www.atelierdocaractere.pt\/brevemente\/wp-json\/wp\/v2\/users\/7"}],"replies":[{"embeddable":true,"href":"https:\/\/www.atelierdocaractere.pt\/brevemente\/wp-json\/wp\/v2\/comments?post=13520"}],"version-history":[{"count":1,"href":"https:\/\/www.atelierdocaractere.pt\/brevemente\/wp-json\/wp\/v2\/posts\/13520\/revisions"}],"predecessor-version":[{"id":13522,"href":"https:\/\/www.atelierdocaractere.pt\/brevemente\/wp-json\/wp\/v2\/posts\/13520\/revisions\/13522"}],"wp:featuredmedia":[{"embeddable":true,"href":"https:\/\/www.atelierdocaractere.pt\/brevemente\/wp-json\/wp\/v2\/media\/13521"}],"wp:attachment":[{"href":"https:\/\/www.atelierdocaractere.pt\/brevemente\/wp-json\/wp\/v2\/media?parent=13520"}],"wp:term":[{"taxonomy":"category","embeddable":true,"href":"https:\/\/www.atelierdocaractere.pt\/brevemente\/wp-json\/wp\/v2\/categories?post=13520"},{"taxonomy":"post_tag","embeddable":true,"href":"https:\/\/www.atelierdocaractere.pt\/brevemente\/wp-json\/wp\/v2\/tags?post=13520"}],"curies":[{"name":"wp","href":"https:\/\/api.w.org\/{rel}","templated":true}]}}