{"id":13523,"date":"2025-01-29T11:14:27","date_gmt":"2025-01-29T11:14:27","guid":{"rendered":"https:\/\/www.atelierdocaractere.pt\/brevemente\/?p=13523"},"modified":"2025-02-13T11:19:55","modified_gmt":"2025-02-13T11:19:55","slug":"parceria-inedita-entre-comunidades-intermunicipais-do-centro-mostrou-o-melhor-da-regiao-a-milhares-de-visitantes-da-fitur-em-madrid","status":"publish","type":"post","link":"https:\/\/www.atelierdocaractere.pt\/brevemente\/parceria-inedita-entre-comunidades-intermunicipais-do-centro-mostrou-o-melhor-da-regiao-a-milhares-de-visitantes-da-fitur-em-madrid\/","title":{"rendered":"Parceria in\u00e9dita entre Comunidades Intermunicipais do Centro mostrou o melhor da regi\u00e3o a milhares de visitantes da FITUR em Madrid"},"content":{"rendered":"\n<p><strong>Presidentes das quatro CIM do Centro fazem um balan\u00e7o de grande sucesso da iniciativa conjunta (CIM Regi\u00e3o Beiras e Serra da Estrela, CIM Regi\u00e3o de Coimbra, CIM Regi\u00e3o de Leiria e CIM Viseu D\u00e3o Laf\u00f5es), que promoveu a oferta incompar\u00e1vel da regi\u00e3o\u00a0na maior feira ib\u00e9rica de turismo.<\/strong><\/p>\n\n\n\n<figure class=\"wp-block-image size-large\"><img decoding=\"async\" width=\"1024\" height=\"768\" src=\"https:\/\/www.atelierdocaractere.pt\/wp-content\/uploads\/2025\/02\/fitur-25-1024x768.jpg\" alt=\"\" class=\"wp-image-13524\" srcset=\"https:\/\/www.atelierdocaractere.pt\/wp-content\/uploads\/2025\/02\/fitur-25-1024x768.jpg 1024w, https:\/\/www.atelierdocaractere.pt\/wp-content\/uploads\/2025\/02\/fitur-25-300x225.jpg 300w, https:\/\/www.atelierdocaractere.pt\/wp-content\/uploads\/2025\/02\/fitur-25-768x576.jpg 768w, https:\/\/www.atelierdocaractere.pt\/wp-content\/uploads\/2025\/02\/fitur-25-1536x1152.jpg 1536w, https:\/\/www.atelierdocaractere.pt\/wp-content\/uploads\/2025\/02\/fitur-25.jpg 1920w\" sizes=\"(max-width: 1024px) 100vw, 1024px\" \/><\/figure>\n\n\n\n<p>A parceria in\u00e9dita entre quatro&nbsp;<strong>Comunidades Intermunicipais<\/strong>&nbsp;(CIM) da regi\u00e3o Centro, que promoveram em conjunto a regi\u00e3o na&nbsp;<strong>FITUR \u2013 Feira Internacional de Turismo<\/strong>, em Madrid, resultou num enorme sucesso.<\/p>\n\n\n\n<p>A iniciativa gerou grande recetividade por parte do p\u00fablico e dos profissionais do setor. Ao longo dos cinco dias de feira, entre 22 e 26 de janeiro, milhares de pessoas visitaram o stand comum das quatro CIM, interessados em conhecer a oferta tur\u00edstica, os produtos e os sabores da&nbsp;<strong>Regi\u00e3o Beiras e Serra da Estrela<\/strong>,&nbsp;<strong>Regi\u00e3o de Coimbra<\/strong>,&nbsp;<strong>Regi\u00e3o de Leiria<\/strong>&nbsp;e&nbsp;<strong>Viseu D\u00e3o Laf\u00f5es<\/strong>.<\/p>\n\n\n\n<p>A participa\u00e7\u00e3o conjunta na maior feira de turismo da Pen\u00ednsula Ib\u00e9rica constituiu um marco n\u00e3o apenas na promo\u00e7\u00e3o das quatro regi\u00f5es, mas tamb\u00e9m no desenvolvimento de novas oportunidades comerciais. Durante os tr\u00eas primeiros dias, dedicados exclusivamente a profissionais, houve lugar para&nbsp;<em>networking<\/em>&nbsp;e reuni\u00f5es de neg\u00f3cios, que abriram a porta a futuros neg\u00f3cios estrat\u00e9gicos.<\/p>\n\n\n\n<p>A programa\u00e7\u00e3o di\u00e1ria do stand foi cuidadosamente estruturada em torno dos produtos tur\u00edsticos mais fortes do territ\u00f3rio, permitindo que os visitantes conhecessem facetas diversificadas das quatro regi\u00f5es.<\/p>\n\n\n\n<p>Segundo dados do organizador (IFEMA MADRID), nos cinco dias do evento, a FITUR&nbsp;recebeu 255 mil visitantes, entre os quais 155 mil profissionais da \u00e1rea, consolidando a FITUR como uma das maiores feiras de turismo do mundo.<\/p>\n\n\n\n<p><strong>Primeiro dia: Transum\u00e2ncia e Heran\u00e7a Cultural<\/strong><\/p>\n\n\n\n<p>O primeiro dia do stand ficou marcado pela apresenta\u00e7\u00e3o conjunta, entre quatro munic\u00edpios, da candidatura da transum\u00e2ncia a Patrim\u00f3nio da Humanidade.<\/p>\n\n\n\n<p>Os munic\u00edpios de Castro Daire (Viseu D\u00e3o Laf\u00f5es), Fund\u00e3o, Gouveia e Seia (Beiras e Serra da Estrela) iniciaram o processo para que esta pr\u00e1tica ancestral, ainda muito presente na Serra de Montemuro, na Serra da Estrela ou na Serra da Gardunha, seja reconhecida pela UNESCO como Patrim\u00f3nio Cultural Imaterial da Humanidade.<\/p>\n\n\n\n<p>Ainda no primeiro dia, a Regi\u00e3o de Coimbra deu a conhecer a oferta dos munic\u00edpios de G\u00f3is e Pampilhosa da Serra, enquanto a Regi\u00e3o Beiras e Serra da Estrela apresentou os Trilhos Verdes de Manteigas e as val\u00eancias tur\u00edsticas de Figueira de Castelo Rodrigo.<\/p>\n\n\n\n<p><strong>Segundo dia: Enoturismo e Natureza<\/strong><\/p>\n\n\n\n<p>O segundo dia foi muito preenchido, com m\u00faltiplas apresenta\u00e7\u00f5es das quatro Comunidades Intermunicipais, com foco no Enoturismo e no Turismo de Natureza. O&nbsp;<strong>Secret\u00e1rio de Estado do Turismo, Pedro Machado<\/strong>, marcou presen\u00e7a no stand e enalteceu o turismo de experi\u00eancias que se pode usufruir em Portugal.<\/p>\n\n\n\n<p>A CIM Viseu D\u00e3o Laf\u00f5es apresentou a sua estrat\u00e9gia para o Turismo de Natureza, tendo como base os 115 quil\u00f3metros das Ecopistas do D\u00e3o e do Vouga. O Munic\u00edpio de Nelas deu a conhecer a import\u00e2ncia do Enoturismo na regi\u00e3o do D\u00e3o e foi tamb\u00e9m apresentado o novo projeto em rede \u201cAldeias da Serra do Caramulo\u201d.<\/p>\n\n\n\n<p>A Regi\u00e3o Beiras e Serra da Estrela divulgou a oferta do munic\u00edpio do Sabugal, com destaque para &#8220;Sortelha, Best Tourism Village&#8221;. O Munic\u00edpio de Pinhel apresentou as val\u00eancias tur\u00edsticas do seu territ\u00f3rio e Celorico da Beira presenteou os visitantes com &#8220;o Genu\u00edno Queijo Serra da Estrela DOP&#8221;. A Regi\u00e3o de Leiria, por seu lado, apostou na promo\u00e7\u00e3o das praias e da arte x\u00e1vega da Marinha Grande, bem como o destino e a programa\u00e7\u00e3o cultural de Leiria.<\/p>\n\n\n\n<p>A Regi\u00e3o de Coimbra prop\u00f4s o projeto Castelo M\u00e1gico de Montemor-o-Velho, al\u00e9m de alguns dos eventos mais marcantes do concelho de Coimbra, a Semana Gastron\u00f3mica da Chanfana, em Miranda do Corvo, e os destaques de Condeixa-a-Nova e da Lous\u00e3.<\/p>\n\n\n\n<p>O dia terminou com uma prova de vinhos comentada das regi\u00f5es vitivin\u00edcolas da Bairrada, Beira Interior e D\u00e3o.<\/p>\n\n\n\n<p><strong>Terceiro dia: Turismo de Bem-Estar e Patrim\u00f3nio<\/strong><\/p>\n\n\n\n<p>O turismo de bem-estar e o patrim\u00f3nio foram os pontos fortes do terceiro dia do espa\u00e7o conjunto.<\/p>\n\n\n\n<p>A Regi\u00e3o Beiras e Serra da Estrela come\u00e7ou por promover a oferta do Munic\u00edpio do Fund\u00e3o, com realce para a emblem\u00e1tica cereja e para a Aldeia Hist\u00f3rica de Castelo Novo, terminando com o patrim\u00f3nio de Belmonte, nomeadamente Centum Cellas e o Museu Judaico.<\/p>\n\n\n\n<p>A regi\u00e3o Viseu D\u00e3o Laf\u00f5es mostrou aos visitantes a vasta oferta de sa\u00fade e bem-estar do Munic\u00edpio de S\u00e3o Pedro do Sul, um dos destinos termais mais conceituados da Pen\u00ednsula Ib\u00e9rica. Seguiu-se a apresenta\u00e7\u00e3o do museu Aristides Sousa Mendes, em Carregal do Sal, e da rede Montebelo Hoteis.<\/p>\n\n\n\n<p>A Regi\u00e3o de Leiria apostou nos destaques de turismo de natureza em Pedr\u00f3g\u00e3o Grande, bem como na oferta tur\u00edstica de Pombal e a Praia das Rocas, em Castanheira de Pera. J\u00e1 a Regi\u00e3o de Coimbra deu a conhecer o projeto Soure Templ\u00e1rio e o evento Coimbra Regi\u00e3o Gastron\u00f3mica.<\/p>\n\n\n\n<p>Os \u00faltimos dois dias da programa\u00e7\u00e3o do stand, j\u00e1 abertos ao p\u00fablico em geral, tiveram como foco principal a oferta gastron\u00f3mica e de vinhos das quatro regi\u00f5es. A ades\u00e3o em massa dos visitantes, que provaram e aprovaram os sabores e os produtos do Centro, demonstrou o sucesso da estrat\u00e9gia.<\/p>\n\n\n\n<p><strong>Balan\u00e7o muito positivo<\/strong><\/p>\n\n\n\n<p><strong>Fernando Ruas, Presidente da CIM Viseu D\u00e3o Laf\u00f5es<\/strong>, faz um balan\u00e7o muito positivo da participa\u00e7\u00e3o conjunta:&nbsp;<em>\u201cA FITUR 2025 foi um momento decisivo para mostrarmos, de forma concertada, o melhor que a regi\u00e3o Centro tem para oferecer. A forte recetividade dos cerca de 255 mil visitantes e o sucesso das nossas apresenta\u00e7\u00f5es comprovam que a estrat\u00e9gia de nos apresentarmos em conjunto foi a mais acertada. A aposta de dar conhecer a excel\u00eancia da proposta tur\u00edstica de Viseu D\u00e3o Laf\u00f5es no mercado ib\u00e9rico \u00e9 para manter\u201d<\/em>, considera.<\/p>\n\n\n\n<p>Para<strong>&nbsp;Lu\u00eds Tadeu, Presidente da CIM Beiras e Serra da Estrela<\/strong>,&nbsp;<em>&#8220;a participa\u00e7\u00e3o da Comunidade Intermunicipal da Regi\u00e3o Beiras e Serra da Estrela na FITUR 2025 foi um marco para a promo\u00e7\u00e3o do nosso territ\u00f3rio. Em parceria com as regi\u00f5es de Coimbra, Leiria e Viseu D\u00e3o Laf\u00f5es, conseguimos posicionar novamente o Centro de Portugal como um destino tur\u00edstico de excel\u00eancia, destacando a riqueza natural, cultural e gastron\u00f3mica das nossas regi\u00f5es. Esta presen\u00e7a conjunta demonstrou a vitalidade do setor tur\u00edstico e a import\u00e2ncia de plataformas semelhantes para a promo\u00e7\u00e3o dos nossos munic\u00edpios, proporcionando a oportunidade de estabelecer novas parcerias, atrair investimentos e aumentar a visibilidade internacional. Estamos confiantes de que os frutos desta participa\u00e7\u00e3o conjunta se far\u00e3o sentir a curto e m\u00e9dio prazo, atrav\u00e9s do aumento do n\u00famero de visitantes, consolidando o sucesso desta inovadora estrat\u00e9gia de promo\u00e7\u00e3o e da uni\u00e3o de esfor\u00e7os entre as quatro Comunidades Intermunicipais\u201d.<\/em><\/p>\n\n\n\n<p><strong>Em\u00edlio Torr\u00e3o, Presidente da CIM Regi\u00e3o de Coimbra<\/strong>, acrescenta que&nbsp;<em>\u201ca participa\u00e7\u00e3o da Regi\u00e3o de Coimbra na FITUR, pela segunda vez consecutiva, foi bastante prof\u00edcua, uma vez que tivemos milhares de visitantes interessados em ver e provar o melhor que este territ\u00f3rio tem para oferecer. Este ano, com uma parceria inovadora com a CIM Regi\u00e3o Beiras e Serra da Estrela, a CIM Regi\u00e3o de Leiria e a CIM Viseu D\u00e3o Laf\u00f5es, que se revelou uma mais-valia para a promo\u00e7\u00e3o conjunta de um destino tur\u00edstico abrangente e diversificado. Esta participa\u00e7\u00e3o faz parte de uma estrat\u00e9gia acertada importante para promover o turismo na Regi\u00e3o, que tencionamos manter, mostrando a sua diversidade e atraindo visitantes e investimentos\u201d.<\/em><\/p>\n\n\n\n<p><strong>Gon\u00e7alo Lopes, Presidente da CIM Regi\u00e3o de Leiria<\/strong>,\u00a0conclui destacando o trabalho conjunto<strong>:<\/strong><em>\u201cA colabora\u00e7\u00e3o in\u00e9dita entre quatro Comunidades Intermunicipais (CIM) da regi\u00e3o Centro na promo\u00e7\u00e3o conjunta na FITUR \u2013 Feira Internacional de Turismo, em Madrid, destacou-se como um grande sucesso. O stand partilhado pelas CIM da Regi\u00e3o Beiras e Serra da Estrela, Regi\u00e3o de Coimbra, Regi\u00e3o de Leiria e Viseu D\u00e3o Laf\u00f5es atraiu milhares de visitantes, promovendo a diversidade tur\u00edstica e os produtos regionais. Esta a\u00e7\u00e3o conjunta n\u00e3o s\u00f3 refor\u00e7ou a visibilidade das regi\u00f5es na maior feira de turismo da Pen\u00ednsula Ib\u00e9rica, como tamb\u00e9m gerou oportunidades comerciais estrat\u00e9gicas atrav\u00e9s de\u00a0<\/em>networking<em>\u00a0e reuni\u00f5es de neg\u00f3cios, marcando um passo significativo para o desenvolvimento integrado e colaborativo\u201d<\/em>.<\/p>\n\n\n\n<p><strong>Sobre a CIM Viseu D\u00e3o Laf\u00f5es:<\/strong><br>A CIM Viseu D\u00e3o Laf\u00f5es \u00e9 uma associa\u00e7\u00e3o de munic\u00edpios, denominada como Comunidade Intermunicipal, sendo constitu\u00edda pelos munic\u00edpios de\u00a0Aguiar da Beira, Carregal do Sal, Castro Daire, Mangualde, Nelas, Oliveira de Frades, Penalva do Castelo, Santa Comba D\u00e3o, S\u00e3o Pedro do Sul, S\u00e1t\u00e3o, Tondela, Vila Nova de Paiva, Viseu e Vouzela.<\/p>\n","protected":false},"excerpt":{"rendered":"<p>Presidentes das quatro CIM do Centro fazem um balan\u00e7o de grande sucesso da iniciativa conjunta (CIM Regi\u00e3o Beiras e Serra&#8230;<\/p>\n","protected":false},"author":7,"featured_media":13524,"comment_status":"closed","ping_status":"open","sticky":false,"template":"","format":"standard","meta":[],"categories":[39],"tags":[448,373,880,636],"yoast_head":"<!-- This site is optimized with the Yoast SEO plugin v20.12 - https:\/\/yoast.com\/wordpress\/plugins\/seo\/ -->\n<title>Parceria in\u00e9dita entre Comunidades Intermunicipais do Centro mostrou o melhor da regi\u00e3o a milhares de visitantes da FITUR em Madrid - Atelier do Caractere<\/title>\n<meta name=\"robots\" content=\"index, follow, max-snippet:-1, max-image-preview:large, max-video-preview:-1\" \/>\n<link rel=\"canonical\" href=\"https:\/\/www.atelierdocaractere.pt\/brevemente\/parceria-inedita-entre-comunidades-intermunicipais-do-centro-mostrou-o-melhor-da-regiao-a-milhares-de-visitantes-da-fitur-em-madrid\/\" \/>\n<meta property=\"og:locale\" content=\"pt_PT\" \/>\n<meta property=\"og:type\" content=\"article\" \/>\n<meta property=\"og:title\" content=\"Parceria in\u00e9dita entre Comunidades Intermunicipais do Centro mostrou o melhor da regi\u00e3o a milhares de visitantes da FITUR em Madrid - Atelier do Caractere\" \/>\n<meta property=\"og:description\" content=\"Presidentes das quatro CIM do Centro fazem um balan\u00e7o de grande sucesso da iniciativa conjunta (CIM Regi\u00e3o Beiras e Serra...\" \/>\n<meta property=\"og:url\" content=\"https:\/\/www.atelierdocaractere.pt\/brevemente\/parceria-inedita-entre-comunidades-intermunicipais-do-centro-mostrou-o-melhor-da-regiao-a-milhares-de-visitantes-da-fitur-em-madrid\/\" \/>\n<meta property=\"og:site_name\" content=\"Atelier do Caractere\" \/>\n<meta property=\"article:publisher\" content=\"https:\/\/www.facebook.com\/AtelierdoCaractere\" \/>\n<meta property=\"article:published_time\" content=\"2025-01-29T11:14:27+00:00\" \/>\n<meta property=\"article:modified_time\" content=\"2025-02-13T11:19:55+00:00\" \/>\n<meta property=\"og:image\" content=\"https:\/\/www.atelierdocaractere.pt\/wp-content\/uploads\/2025\/02\/fitur-25.jpg\" \/>\n\t<meta property=\"og:image:width\" content=\"1920\" \/>\n\t<meta property=\"og:image:height\" content=\"1440\" \/>\n\t<meta property=\"og:image:type\" content=\"image\/jpeg\" \/>\n<meta name=\"author\" content=\"Joana Barbosa\" \/>\n<meta name=\"twitter:card\" content=\"summary_large_image\" \/>\n<meta name=\"twitter:label1\" content=\"Escrito por\" \/>\n\t<meta name=\"twitter:data1\" content=\"Joana Barbosa\" \/>\n\t<meta name=\"twitter:label2\" content=\"Tempo estimado de leitura\" \/>\n\t<meta name=\"twitter:data2\" content=\"8 minutos\" \/>\n<script type=\"application\/ld+json\" class=\"yoast-schema-graph\">{\"@context\":\"https:\/\/schema.org\",\"@graph\":[{\"@type\":\"WebPage\",\"@id\":\"https:\/\/www.atelierdocaractere.pt\/brevemente\/parceria-inedita-entre-comunidades-intermunicipais-do-centro-mostrou-o-melhor-da-regiao-a-milhares-de-visitantes-da-fitur-em-madrid\/\",\"url\":\"https:\/\/www.atelierdocaractere.pt\/brevemente\/parceria-inedita-entre-comunidades-intermunicipais-do-centro-mostrou-o-melhor-da-regiao-a-milhares-de-visitantes-da-fitur-em-madrid\/\",\"name\":\"Parceria in\u00e9dita entre Comunidades Intermunicipais do Centro mostrou o melhor da regi\u00e3o a milhares de visitantes da FITUR em Madrid - Atelier do Caractere\",\"isPartOf\":{\"@id\":\"https:\/\/www.atelierdocaractere.pt\/brevemente\/#website\"},\"datePublished\":\"2025-01-29T11:14:27+00:00\",\"dateModified\":\"2025-02-13T11:19:55+00:00\",\"author\":{\"@id\":\"https:\/\/www.atelierdocaractere.pt\/brevemente\/#\/schema\/person\/f2f096eb0f27d9894725af22cb97c0db\"},\"breadcrumb\":{\"@id\":\"https:\/\/www.atelierdocaractere.pt\/brevemente\/parceria-inedita-entre-comunidades-intermunicipais-do-centro-mostrou-o-melhor-da-regiao-a-milhares-de-visitantes-da-fitur-em-madrid\/#breadcrumb\"},\"inLanguage\":\"pt-PT\",\"potentialAction\":[{\"@type\":\"ReadAction\",\"target\":[\"https:\/\/www.atelierdocaractere.pt\/brevemente\/parceria-inedita-entre-comunidades-intermunicipais-do-centro-mostrou-o-melhor-da-regiao-a-milhares-de-visitantes-da-fitur-em-madrid\/\"]}]},{\"@type\":\"BreadcrumbList\",\"@id\":\"https:\/\/www.atelierdocaractere.pt\/brevemente\/parceria-inedita-entre-comunidades-intermunicipais-do-centro-mostrou-o-melhor-da-regiao-a-milhares-de-visitantes-da-fitur-em-madrid\/#breadcrumb\",\"itemListElement\":[{\"@type\":\"ListItem\",\"position\":1,\"name\":\"In\u00edcio\",\"item\":\"https:\/\/www.atelierdocaractere.pt\/brevemente\/\"},{\"@type\":\"ListItem\",\"position\":2,\"name\":\"Parceria in\u00e9dita entre Comunidades Intermunicipais do Centro mostrou o melhor da regi\u00e3o a milhares de visitantes da FITUR em Madrid\"}]},{\"@type\":\"WebSite\",\"@id\":\"https:\/\/www.atelierdocaractere.pt\/brevemente\/#website\",\"url\":\"https:\/\/www.atelierdocaractere.pt\/brevemente\/\",\"name\":\"Atelier do Caractere\",\"description\":\"\",\"potentialAction\":[{\"@type\":\"SearchAction\",\"target\":{\"@type\":\"EntryPoint\",\"urlTemplate\":\"https:\/\/www.atelierdocaractere.pt\/brevemente\/?s={search_term_string}\"},\"query-input\":\"required name=search_term_string\"}],\"inLanguage\":\"pt-PT\"},{\"@type\":\"Person\",\"@id\":\"https:\/\/www.atelierdocaractere.pt\/brevemente\/#\/schema\/person\/f2f096eb0f27d9894725af22cb97c0db\",\"name\":\"Joana Barbosa\",\"image\":{\"@type\":\"ImageObject\",\"inLanguage\":\"pt-PT\",\"@id\":\"https:\/\/www.atelierdocaractere.pt\/brevemente\/#\/schema\/person\/image\/\",\"url\":\"https:\/\/secure.gravatar.com\/avatar\/33e8214b45e9d68a3a83008731075979?s=96&d=mm&r=g\",\"contentUrl\":\"https:\/\/secure.gravatar.com\/avatar\/33e8214b45e9d68a3a83008731075979?s=96&d=mm&r=g\",\"caption\":\"Joana Barbosa\"},\"url\":\"https:\/\/www.atelierdocaractere.pt\/brevemente\/author\/joanabarbosa\/\"}]}<\/script>\n<!-- \/ Yoast SEO plugin. -->","yoast_head_json":{"title":"Parceria in\u00e9dita entre Comunidades Intermunicipais do Centro mostrou o melhor da regi\u00e3o a milhares de visitantes da FITUR em Madrid - Atelier do Caractere","robots":{"index":"index","follow":"follow","max-snippet":"max-snippet:-1","max-image-preview":"max-image-preview:large","max-video-preview":"max-video-preview:-1"},"canonical":"https:\/\/www.atelierdocaractere.pt\/brevemente\/parceria-inedita-entre-comunidades-intermunicipais-do-centro-mostrou-o-melhor-da-regiao-a-milhares-de-visitantes-da-fitur-em-madrid\/","og_locale":"pt_PT","og_type":"article","og_title":"Parceria in\u00e9dita entre Comunidades Intermunicipais do Centro mostrou o melhor da regi\u00e3o a milhares de visitantes da FITUR em Madrid - Atelier do Caractere","og_description":"Presidentes das quatro CIM do Centro fazem um balan\u00e7o de grande sucesso da iniciativa conjunta (CIM Regi\u00e3o Beiras e Serra...","og_url":"https:\/\/www.atelierdocaractere.pt\/brevemente\/parceria-inedita-entre-comunidades-intermunicipais-do-centro-mostrou-o-melhor-da-regiao-a-milhares-de-visitantes-da-fitur-em-madrid\/","og_site_name":"Atelier do Caractere","article_publisher":"https:\/\/www.facebook.com\/AtelierdoCaractere","article_published_time":"2025-01-29T11:14:27+00:00","article_modified_time":"2025-02-13T11:19:55+00:00","og_image":[{"width":1920,"height":1440,"url":"https:\/\/www.atelierdocaractere.pt\/wp-content\/uploads\/2025\/02\/fitur-25.jpg","type":"image\/jpeg"}],"author":"Joana Barbosa","twitter_card":"summary_large_image","twitter_misc":{"Escrito por":"Joana Barbosa","Tempo estimado de leitura":"8 minutos"},"schema":{"@context":"https:\/\/schema.org","@graph":[{"@type":"WebPage","@id":"https:\/\/www.atelierdocaractere.pt\/brevemente\/parceria-inedita-entre-comunidades-intermunicipais-do-centro-mostrou-o-melhor-da-regiao-a-milhares-de-visitantes-da-fitur-em-madrid\/","url":"https:\/\/www.atelierdocaractere.pt\/brevemente\/parceria-inedita-entre-comunidades-intermunicipais-do-centro-mostrou-o-melhor-da-regiao-a-milhares-de-visitantes-da-fitur-em-madrid\/","name":"Parceria in\u00e9dita entre Comunidades Intermunicipais do Centro mostrou o melhor da regi\u00e3o a milhares de visitantes da FITUR em Madrid - Atelier do Caractere","isPartOf":{"@id":"https:\/\/www.atelierdocaractere.pt\/brevemente\/#website"},"datePublished":"2025-01-29T11:14:27+00:00","dateModified":"2025-02-13T11:19:55+00:00","author":{"@id":"https:\/\/www.atelierdocaractere.pt\/brevemente\/#\/schema\/person\/f2f096eb0f27d9894725af22cb97c0db"},"breadcrumb":{"@id":"https:\/\/www.atelierdocaractere.pt\/brevemente\/parceria-inedita-entre-comunidades-intermunicipais-do-centro-mostrou-o-melhor-da-regiao-a-milhares-de-visitantes-da-fitur-em-madrid\/#breadcrumb"},"inLanguage":"pt-PT","potentialAction":[{"@type":"ReadAction","target":["https:\/\/www.atelierdocaractere.pt\/brevemente\/parceria-inedita-entre-comunidades-intermunicipais-do-centro-mostrou-o-melhor-da-regiao-a-milhares-de-visitantes-da-fitur-em-madrid\/"]}]},{"@type":"BreadcrumbList","@id":"https:\/\/www.atelierdocaractere.pt\/brevemente\/parceria-inedita-entre-comunidades-intermunicipais-do-centro-mostrou-o-melhor-da-regiao-a-milhares-de-visitantes-da-fitur-em-madrid\/#breadcrumb","itemListElement":[{"@type":"ListItem","position":1,"name":"In\u00edcio","item":"https:\/\/www.atelierdocaractere.pt\/brevemente\/"},{"@type":"ListItem","position":2,"name":"Parceria in\u00e9dita entre Comunidades Intermunicipais do Centro mostrou o melhor da regi\u00e3o a milhares de visitantes da FITUR em Madrid"}]},{"@type":"WebSite","@id":"https:\/\/www.atelierdocaractere.pt\/brevemente\/#website","url":"https:\/\/www.atelierdocaractere.pt\/brevemente\/","name":"Atelier do Caractere","description":"","potentialAction":[{"@type":"SearchAction","target":{"@type":"EntryPoint","urlTemplate":"https:\/\/www.atelierdocaractere.pt\/brevemente\/?s={search_term_string}"},"query-input":"required name=search_term_string"}],"inLanguage":"pt-PT"},{"@type":"Person","@id":"https:\/\/www.atelierdocaractere.pt\/brevemente\/#\/schema\/person\/f2f096eb0f27d9894725af22cb97c0db","name":"Joana Barbosa","image":{"@type":"ImageObject","inLanguage":"pt-PT","@id":"https:\/\/www.atelierdocaractere.pt\/brevemente\/#\/schema\/person\/image\/","url":"https:\/\/secure.gravatar.com\/avatar\/33e8214b45e9d68a3a83008731075979?s=96&d=mm&r=g","contentUrl":"https:\/\/secure.gravatar.com\/avatar\/33e8214b45e9d68a3a83008731075979?s=96&d=mm&r=g","caption":"Joana Barbosa"},"url":"https:\/\/www.atelierdocaractere.pt\/brevemente\/author\/joanabarbosa\/"}]}},"_links":{"self":[{"href":"https:\/\/www.atelierdocaractere.pt\/brevemente\/wp-json\/wp\/v2\/posts\/13523"}],"collection":[{"href":"https:\/\/www.atelierdocaractere.pt\/brevemente\/wp-json\/wp\/v2\/posts"}],"about":[{"href":"https:\/\/www.atelierdocaractere.pt\/brevemente\/wp-json\/wp\/v2\/types\/post"}],"author":[{"embeddable":true,"href":"https:\/\/www.atelierdocaractere.pt\/brevemente\/wp-json\/wp\/v2\/users\/7"}],"replies":[{"embeddable":true,"href":"https:\/\/www.atelierdocaractere.pt\/brevemente\/wp-json\/wp\/v2\/comments?post=13523"}],"version-history":[{"count":1,"href":"https:\/\/www.atelierdocaractere.pt\/brevemente\/wp-json\/wp\/v2\/posts\/13523\/revisions"}],"predecessor-version":[{"id":13525,"href":"https:\/\/www.atelierdocaractere.pt\/brevemente\/wp-json\/wp\/v2\/posts\/13523\/revisions\/13525"}],"wp:featuredmedia":[{"embeddable":true,"href":"https:\/\/www.atelierdocaractere.pt\/brevemente\/wp-json\/wp\/v2\/media\/13524"}],"wp:attachment":[{"href":"https:\/\/www.atelierdocaractere.pt\/brevemente\/wp-json\/wp\/v2\/media?parent=13523"}],"wp:term":[{"taxonomy":"category","embeddable":true,"href":"https:\/\/www.atelierdocaractere.pt\/brevemente\/wp-json\/wp\/v2\/categories?post=13523"},{"taxonomy":"post_tag","embeddable":true,"href":"https:\/\/www.atelierdocaractere.pt\/brevemente\/wp-json\/wp\/v2\/tags?post=13523"}],"curies":[{"name":"wp","href":"https:\/\/api.w.org\/{rel}","templated":true}]}}