{"id":13526,"date":"2025-01-29T11:21:45","date_gmt":"2025-01-29T11:21:45","guid":{"rendered":"https:\/\/www.atelierdocaractere.pt\/brevemente\/?p=13526"},"modified":"2025-02-13T11:27:41","modified_gmt":"2025-02-13T11:27:41","slug":"melhor-restaurante-de-enoturismo-de-portugal-propoe-menu-de-degustacao-para-celebrar-o-dia-dos-namorados","status":"publish","type":"post","link":"https:\/\/www.atelierdocaractere.pt\/brevemente\/melhor-restaurante-de-enoturismo-de-portugal-propoe-menu-de-degustacao-para-celebrar-o-dia-dos-namorados\/","title":{"rendered":"Melhor restaurante de Enoturismo de Portugal prop\u00f5e Menu de Degusta\u00e7\u00e3o para celebrar o Dia dos Namorados"},"content":{"rendered":"\n<p>O restaurante Sal na Adega, melhor restaurante de enoturismo de Portugal (segundo os pr\u00e9mios da APENO \u2013 Associa\u00e7\u00e3o Portuguesa de Enoturismo) vai preparar um Menu de Degusta\u00e7\u00e3o especial para celebra\u00e7\u00e3o do Dia dos Namorados. No dia 14 de fevereiro, sexta-feira, o restaurante da AdegaM\u00e3e prop\u00f5e uma experi\u00eancia gastron\u00f3mica, da autoria do Chef Tiago Fitas, em que os sabores e os vinhos se unem numa paix\u00e3o perfeita. Tudo no requintado espa\u00e7o que surge em pleno rooftop da adega, em Torres Vedras, a partir do qual se alcan\u00e7a uma vista \u00fanica para o cen\u00e1rio de vinhas. As reservas s\u00e3o limitadas e podem fazer-se atrav\u00e9s dos contactos habituais:<\/p>\n\n\n<div class=\"wp-block-image\">\n<figure class=\"aligncenter size-large\"><img decoding=\"async\" width=\"819\" height=\"1024\" src=\"https:\/\/www.atelierdocaractere.pt\/wp-content\/uploads\/2025\/02\/img2-819x1024.jpeg\" alt=\"\" class=\"wp-image-13529\" srcset=\"https:\/\/www.atelierdocaractere.pt\/wp-content\/uploads\/2025\/02\/img2-819x1024.jpeg 819w, https:\/\/www.atelierdocaractere.pt\/wp-content\/uploads\/2025\/02\/img2-240x300.jpeg 240w, https:\/\/www.atelierdocaractere.pt\/wp-content\/uploads\/2025\/02\/img2-768x960.jpeg 768w, https:\/\/www.atelierdocaractere.pt\/wp-content\/uploads\/2025\/02\/img2-1229x1536.jpeg 1229w, https:\/\/www.atelierdocaractere.pt\/wp-content\/uploads\/2025\/02\/img2.jpeg 1638w\" sizes=\"(max-width: 819px) 100vw, 819px\" \/><\/figure><\/div>\n\n\n<p><strong>RESERVAS<\/strong><br>\ud83d\udce9&nbsp;<a href=\"mailto:enoturismo@adegamae.pt\">enoturismo@adegamae.pt<\/a><br>\u260e\ufe0f&nbsp;261 950 105<br>\ud83d\udcf1&nbsp;939 989 094<\/p>\n\n\n<div class=\"wp-block-image\">\n<figure class=\"aligncenter size-large\"><img decoding=\"async\" width=\"819\" height=\"1024\" src=\"https:\/\/www.atelierdocaractere.pt\/wp-content\/uploads\/2025\/02\/img-menu-819x1024.jpeg\" alt=\"\" class=\"wp-image-13528\" srcset=\"https:\/\/www.atelierdocaractere.pt\/wp-content\/uploads\/2025\/02\/img-menu-819x1024.jpeg 819w, https:\/\/www.atelierdocaractere.pt\/wp-content\/uploads\/2025\/02\/img-menu-240x300.jpeg 240w, https:\/\/www.atelierdocaractere.pt\/wp-content\/uploads\/2025\/02\/img-menu-768x960.jpeg 768w, https:\/\/www.atelierdocaractere.pt\/wp-content\/uploads\/2025\/02\/img-menu-1229x1536.jpeg 1229w, https:\/\/www.atelierdocaractere.pt\/wp-content\/uploads\/2025\/02\/img-menu.jpeg 1638w\" sizes=\"(max-width: 819px) 100vw, 819px\" \/><\/figure><\/div>\n\n\n<p><strong>MENU<\/strong><\/p>\n\n\n\n<p><strong>Um brinde ao Amor<\/strong><br>Cocktail Fros\u00e9<br>Com Dory Ros\u00e9, fresco, leve e irresistivelmente rom\u00e2ntico<\/p>\n\n\n\n<p><strong>Primeiros Encantos<\/strong><br>P\u00e3o e broa massa m\u00e3e, azeitona britada, tostas e manteigas arom\u00e1ticas<br>Snack de bacalhau<br>Harmoniza com: Dory Branco<\/p>\n\n\n\n<p><strong>Encontro \u00e0 Beira Mar<\/strong><br>Risoto de berbig\u00e3o com salmonete<br>Harmoniza com: AdegaM\u00e3e Reserva Branco<br>Interl\u00fadio refrescante com sorvete de ma\u00e7\u00e3 verde com azedas<\/p>\n\n\n\n<p><strong>Paix\u00e3o \u00e0 Mesa<\/strong><br>&#8220;Gnocchi \u00e0 la romanna&#8221; com costeleta de vitela e vinagrete de beterraba com framboesa<br>Harmoniza com: AdegaM\u00e3e Pinot Noir tinto<\/p>\n\n\n\n<p><strong>Doce Final<\/strong><br>Semifrio de chocolate branco com miso e frutos silvestres<br>Harmoniza com: AdegaM\u00e3e Espumante Ros\u00e9<\/p>\n\n\n\n<p>Valor por pessoa: 75\u20ac<\/p>\n\n\n\n<p><\/p>\n\n\n\n<p><strong><u>SOBRE A ADEGAM\u00c3E<\/u><\/strong><\/p>\n\n\n\n<p>A AdegaM\u00e3e nasce do investimento do Grupo Riberalves numa nova \u00e1rea de neg\u00f3cio e surge como uma homenagem da fam\u00edlia Alves \u00e0 sua matriarca, Manuela Alves. O conceito de \u201cM\u00e3e\u201d \u00e9 tamb\u00e9m a inspira\u00e7\u00e3o para um espa\u00e7o de nascimento, de cria\u00e7\u00e3o, no qual se pretende potenciar as melhores uvas e fazer nascer os melhores vinhos. Localizada no Concelho de Torres e vocacionada para a produ\u00e7\u00e3o de vinhos com caracter\u00edsticas muito pr\u00f3prias, gra\u00e7as \u00e0 proximidade do mar e influ\u00eancia do Clima Atl\u00e2ntico, a AdegaM\u00e3e \u00e9, igualmente, uma refer\u00eancia para o enoturismo da Regi\u00e3o de Lisboa, destacando-se pela arquitetura exclusiva e por todas as atividades desenvolvidas em torno da vinha e do vinho &#8211; o restaurante Sal na Adega, palco de celebra\u00e7\u00e3o da Gastronomia local e dos produtos de \u00e9poca, \u00e9 a mais recente aposta, tendo j\u00e1 sido eleito como Melhor Restaurante de Enoturismo, nos pr\u00e9mios da APENO (Associa\u00e7\u00e3o Portuguesa de Enoturismo). Sendo a AdegaM\u00e3e uma empresa do Grupo Riberalves, a marca Dory (inspirada nos D\u00f3ris, embarca\u00e7\u00f5es antigamente utilizadas pelos portugueses na pesca do bacalhau) representa a principal gama de vinhos comercializados. Depois da primeira vindima, realizada em 2010, a AdegaM\u00e3e tem vindo a colher reconhecimento no mercado nacional, e internacional, para onde canaliza 70% da sua produ\u00e7\u00e3o. Nomeada Empresa do Ano no sector do vinho, em 2015, a AdegaM\u00e3e produz cerca de 4 milh\u00f5es de garrafas por ano. O en\u00f3logo da casa, Diogo Lopes, \u00e9 o En\u00f3logo do Ano 2022 em Portugal, distin\u00e7\u00e3o atribu\u00edda pela revista Vinho Grandes Escolhas.<\/p>\n","protected":false},"excerpt":{"rendered":"<p>O restaurante Sal na Adega, melhor restaurante de enoturismo de Portugal (segundo os pr\u00e9mios da APENO \u2013 Associa\u00e7\u00e3o Portuguesa de&#8230;<\/p>\n","protected":false},"author":7,"featured_media":13527,"comment_status":"closed","ping_status":"open","sticky":false,"template":"","format":"standard","meta":[],"categories":[41],"tags":[515,881,481,882],"yoast_head":"<!-- This site is optimized with the Yoast SEO plugin v20.12 - https:\/\/yoast.com\/wordpress\/plugins\/seo\/ -->\n<title>Melhor restaurante de Enoturismo de Portugal prop\u00f5e Menu de Degusta\u00e7\u00e3o para celebrar o Dia dos Namorados - Atelier do Caractere<\/title>\n<meta name=\"robots\" content=\"index, follow, max-snippet:-1, max-image-preview:large, max-video-preview:-1\" \/>\n<link rel=\"canonical\" href=\"https:\/\/www.atelierdocaractere.pt\/brevemente\/melhor-restaurante-de-enoturismo-de-portugal-propoe-menu-de-degustacao-para-celebrar-o-dia-dos-namorados\/\" \/>\n<meta property=\"og:locale\" content=\"pt_PT\" \/>\n<meta property=\"og:type\" content=\"article\" \/>\n<meta property=\"og:title\" content=\"Melhor restaurante de Enoturismo de Portugal prop\u00f5e Menu de Degusta\u00e7\u00e3o para celebrar o Dia dos Namorados - Atelier do Caractere\" \/>\n<meta property=\"og:description\" content=\"O restaurante Sal na Adega, melhor restaurante de enoturismo de Portugal (segundo os pr\u00e9mios da APENO \u2013 Associa\u00e7\u00e3o Portuguesa de...\" \/>\n<meta property=\"og:url\" content=\"https:\/\/www.atelierdocaractere.pt\/brevemente\/melhor-restaurante-de-enoturismo-de-portugal-propoe-menu-de-degustacao-para-celebrar-o-dia-dos-namorados\/\" \/>\n<meta property=\"og:site_name\" content=\"Atelier do Caractere\" \/>\n<meta property=\"article:publisher\" content=\"https:\/\/www.facebook.com\/AtelierdoCaractere\" \/>\n<meta property=\"article:published_time\" content=\"2025-01-29T11:21:45+00:00\" \/>\n<meta property=\"article:modified_time\" content=\"2025-02-13T11:27:41+00:00\" \/>\n<meta property=\"og:image\" content=\"https:\/\/www.atelierdocaractere.pt\/wp-content\/uploads\/2025\/02\/foto2.jpg\" \/>\n\t<meta property=\"og:image:width\" content=\"1920\" \/>\n\t<meta property=\"og:image:height\" content=\"1440\" \/>\n\t<meta property=\"og:image:type\" content=\"image\/jpeg\" \/>\n<meta name=\"author\" content=\"Joana Barbosa\" \/>\n<meta name=\"twitter:card\" content=\"summary_large_image\" \/>\n<meta name=\"twitter:label1\" content=\"Escrito por\" \/>\n\t<meta name=\"twitter:data1\" content=\"Joana Barbosa\" \/>\n\t<meta name=\"twitter:label2\" content=\"Tempo estimado de leitura\" \/>\n\t<meta name=\"twitter:data2\" content=\"3 minutos\" \/>\n<script type=\"application\/ld+json\" class=\"yoast-schema-graph\">{\"@context\":\"https:\/\/schema.org\",\"@graph\":[{\"@type\":\"WebPage\",\"@id\":\"https:\/\/www.atelierdocaractere.pt\/brevemente\/melhor-restaurante-de-enoturismo-de-portugal-propoe-menu-de-degustacao-para-celebrar-o-dia-dos-namorados\/\",\"url\":\"https:\/\/www.atelierdocaractere.pt\/brevemente\/melhor-restaurante-de-enoturismo-de-portugal-propoe-menu-de-degustacao-para-celebrar-o-dia-dos-namorados\/\",\"name\":\"Melhor restaurante de Enoturismo de Portugal prop\u00f5e Menu de Degusta\u00e7\u00e3o para celebrar o Dia dos Namorados - Atelier do Caractere\",\"isPartOf\":{\"@id\":\"https:\/\/www.atelierdocaractere.pt\/brevemente\/#website\"},\"datePublished\":\"2025-01-29T11:21:45+00:00\",\"dateModified\":\"2025-02-13T11:27:41+00:00\",\"author\":{\"@id\":\"https:\/\/www.atelierdocaractere.pt\/brevemente\/#\/schema\/person\/f2f096eb0f27d9894725af22cb97c0db\"},\"breadcrumb\":{\"@id\":\"https:\/\/www.atelierdocaractere.pt\/brevemente\/melhor-restaurante-de-enoturismo-de-portugal-propoe-menu-de-degustacao-para-celebrar-o-dia-dos-namorados\/#breadcrumb\"},\"inLanguage\":\"pt-PT\",\"potentialAction\":[{\"@type\":\"ReadAction\",\"target\":[\"https:\/\/www.atelierdocaractere.pt\/brevemente\/melhor-restaurante-de-enoturismo-de-portugal-propoe-menu-de-degustacao-para-celebrar-o-dia-dos-namorados\/\"]}]},{\"@type\":\"BreadcrumbList\",\"@id\":\"https:\/\/www.atelierdocaractere.pt\/brevemente\/melhor-restaurante-de-enoturismo-de-portugal-propoe-menu-de-degustacao-para-celebrar-o-dia-dos-namorados\/#breadcrumb\",\"itemListElement\":[{\"@type\":\"ListItem\",\"position\":1,\"name\":\"In\u00edcio\",\"item\":\"https:\/\/www.atelierdocaractere.pt\/brevemente\/\"},{\"@type\":\"ListItem\",\"position\":2,\"name\":\"Melhor restaurante de Enoturismo de Portugal prop\u00f5e Menu de Degusta\u00e7\u00e3o para celebrar o Dia dos Namorados\"}]},{\"@type\":\"WebSite\",\"@id\":\"https:\/\/www.atelierdocaractere.pt\/brevemente\/#website\",\"url\":\"https:\/\/www.atelierdocaractere.pt\/brevemente\/\",\"name\":\"Atelier do Caractere\",\"description\":\"\",\"potentialAction\":[{\"@type\":\"SearchAction\",\"target\":{\"@type\":\"EntryPoint\",\"urlTemplate\":\"https:\/\/www.atelierdocaractere.pt\/brevemente\/?s={search_term_string}\"},\"query-input\":\"required name=search_term_string\"}],\"inLanguage\":\"pt-PT\"},{\"@type\":\"Person\",\"@id\":\"https:\/\/www.atelierdocaractere.pt\/brevemente\/#\/schema\/person\/f2f096eb0f27d9894725af22cb97c0db\",\"name\":\"Joana Barbosa\",\"image\":{\"@type\":\"ImageObject\",\"inLanguage\":\"pt-PT\",\"@id\":\"https:\/\/www.atelierdocaractere.pt\/brevemente\/#\/schema\/person\/image\/\",\"url\":\"https:\/\/secure.gravatar.com\/avatar\/33e8214b45e9d68a3a83008731075979?s=96&d=mm&r=g\",\"contentUrl\":\"https:\/\/secure.gravatar.com\/avatar\/33e8214b45e9d68a3a83008731075979?s=96&d=mm&r=g\",\"caption\":\"Joana Barbosa\"},\"url\":\"https:\/\/www.atelierdocaractere.pt\/brevemente\/author\/joanabarbosa\/\"}]}<\/script>\n<!-- \/ Yoast SEO plugin. -->","yoast_head_json":{"title":"Melhor restaurante de Enoturismo de Portugal prop\u00f5e Menu de Degusta\u00e7\u00e3o para celebrar o Dia dos Namorados - Atelier do Caractere","robots":{"index":"index","follow":"follow","max-snippet":"max-snippet:-1","max-image-preview":"max-image-preview:large","max-video-preview":"max-video-preview:-1"},"canonical":"https:\/\/www.atelierdocaractere.pt\/brevemente\/melhor-restaurante-de-enoturismo-de-portugal-propoe-menu-de-degustacao-para-celebrar-o-dia-dos-namorados\/","og_locale":"pt_PT","og_type":"article","og_title":"Melhor restaurante de Enoturismo de Portugal prop\u00f5e Menu de Degusta\u00e7\u00e3o para celebrar o Dia dos Namorados - Atelier do Caractere","og_description":"O restaurante Sal na Adega, melhor restaurante de enoturismo de Portugal (segundo os pr\u00e9mios da APENO \u2013 Associa\u00e7\u00e3o Portuguesa de...","og_url":"https:\/\/www.atelierdocaractere.pt\/brevemente\/melhor-restaurante-de-enoturismo-de-portugal-propoe-menu-de-degustacao-para-celebrar-o-dia-dos-namorados\/","og_site_name":"Atelier do Caractere","article_publisher":"https:\/\/www.facebook.com\/AtelierdoCaractere","article_published_time":"2025-01-29T11:21:45+00:00","article_modified_time":"2025-02-13T11:27:41+00:00","og_image":[{"width":1920,"height":1440,"url":"https:\/\/www.atelierdocaractere.pt\/wp-content\/uploads\/2025\/02\/foto2.jpg","type":"image\/jpeg"}],"author":"Joana Barbosa","twitter_card":"summary_large_image","twitter_misc":{"Escrito por":"Joana Barbosa","Tempo estimado de leitura":"3 minutos"},"schema":{"@context":"https:\/\/schema.org","@graph":[{"@type":"WebPage","@id":"https:\/\/www.atelierdocaractere.pt\/brevemente\/melhor-restaurante-de-enoturismo-de-portugal-propoe-menu-de-degustacao-para-celebrar-o-dia-dos-namorados\/","url":"https:\/\/www.atelierdocaractere.pt\/brevemente\/melhor-restaurante-de-enoturismo-de-portugal-propoe-menu-de-degustacao-para-celebrar-o-dia-dos-namorados\/","name":"Melhor restaurante de Enoturismo de Portugal prop\u00f5e Menu de Degusta\u00e7\u00e3o para celebrar o Dia dos Namorados - Atelier do Caractere","isPartOf":{"@id":"https:\/\/www.atelierdocaractere.pt\/brevemente\/#website"},"datePublished":"2025-01-29T11:21:45+00:00","dateModified":"2025-02-13T11:27:41+00:00","author":{"@id":"https:\/\/www.atelierdocaractere.pt\/brevemente\/#\/schema\/person\/f2f096eb0f27d9894725af22cb97c0db"},"breadcrumb":{"@id":"https:\/\/www.atelierdocaractere.pt\/brevemente\/melhor-restaurante-de-enoturismo-de-portugal-propoe-menu-de-degustacao-para-celebrar-o-dia-dos-namorados\/#breadcrumb"},"inLanguage":"pt-PT","potentialAction":[{"@type":"ReadAction","target":["https:\/\/www.atelierdocaractere.pt\/brevemente\/melhor-restaurante-de-enoturismo-de-portugal-propoe-menu-de-degustacao-para-celebrar-o-dia-dos-namorados\/"]}]},{"@type":"BreadcrumbList","@id":"https:\/\/www.atelierdocaractere.pt\/brevemente\/melhor-restaurante-de-enoturismo-de-portugal-propoe-menu-de-degustacao-para-celebrar-o-dia-dos-namorados\/#breadcrumb","itemListElement":[{"@type":"ListItem","position":1,"name":"In\u00edcio","item":"https:\/\/www.atelierdocaractere.pt\/brevemente\/"},{"@type":"ListItem","position":2,"name":"Melhor restaurante de Enoturismo de Portugal prop\u00f5e Menu de Degusta\u00e7\u00e3o para celebrar o Dia dos Namorados"}]},{"@type":"WebSite","@id":"https:\/\/www.atelierdocaractere.pt\/brevemente\/#website","url":"https:\/\/www.atelierdocaractere.pt\/brevemente\/","name":"Atelier do Caractere","description":"","potentialAction":[{"@type":"SearchAction","target":{"@type":"EntryPoint","urlTemplate":"https:\/\/www.atelierdocaractere.pt\/brevemente\/?s={search_term_string}"},"query-input":"required name=search_term_string"}],"inLanguage":"pt-PT"},{"@type":"Person","@id":"https:\/\/www.atelierdocaractere.pt\/brevemente\/#\/schema\/person\/f2f096eb0f27d9894725af22cb97c0db","name":"Joana Barbosa","image":{"@type":"ImageObject","inLanguage":"pt-PT","@id":"https:\/\/www.atelierdocaractere.pt\/brevemente\/#\/schema\/person\/image\/","url":"https:\/\/secure.gravatar.com\/avatar\/33e8214b45e9d68a3a83008731075979?s=96&d=mm&r=g","contentUrl":"https:\/\/secure.gravatar.com\/avatar\/33e8214b45e9d68a3a83008731075979?s=96&d=mm&r=g","caption":"Joana Barbosa"},"url":"https:\/\/www.atelierdocaractere.pt\/brevemente\/author\/joanabarbosa\/"}]}},"_links":{"self":[{"href":"https:\/\/www.atelierdocaractere.pt\/brevemente\/wp-json\/wp\/v2\/posts\/13526"}],"collection":[{"href":"https:\/\/www.atelierdocaractere.pt\/brevemente\/wp-json\/wp\/v2\/posts"}],"about":[{"href":"https:\/\/www.atelierdocaractere.pt\/brevemente\/wp-json\/wp\/v2\/types\/post"}],"author":[{"embeddable":true,"href":"https:\/\/www.atelierdocaractere.pt\/brevemente\/wp-json\/wp\/v2\/users\/7"}],"replies":[{"embeddable":true,"href":"https:\/\/www.atelierdocaractere.pt\/brevemente\/wp-json\/wp\/v2\/comments?post=13526"}],"version-history":[{"count":1,"href":"https:\/\/www.atelierdocaractere.pt\/brevemente\/wp-json\/wp\/v2\/posts\/13526\/revisions"}],"predecessor-version":[{"id":13530,"href":"https:\/\/www.atelierdocaractere.pt\/brevemente\/wp-json\/wp\/v2\/posts\/13526\/revisions\/13530"}],"wp:featuredmedia":[{"embeddable":true,"href":"https:\/\/www.atelierdocaractere.pt\/brevemente\/wp-json\/wp\/v2\/media\/13527"}],"wp:attachment":[{"href":"https:\/\/www.atelierdocaractere.pt\/brevemente\/wp-json\/wp\/v2\/media?parent=13526"}],"wp:term":[{"taxonomy":"category","embeddable":true,"href":"https:\/\/www.atelierdocaractere.pt\/brevemente\/wp-json\/wp\/v2\/categories?post=13526"},{"taxonomy":"post_tag","embeddable":true,"href":"https:\/\/www.atelierdocaractere.pt\/brevemente\/wp-json\/wp\/v2\/tags?post=13526"}],"curies":[{"name":"wp","href":"https:\/\/api.w.org\/{rel}","templated":true}]}}