{"id":13531,"date":"2025-01-08T11:29:30","date_gmt":"2025-01-08T11:29:30","guid":{"rendered":"https:\/\/www.atelierdocaractere.pt\/brevemente\/?p=13531"},"modified":"2025-02-13T11:32:14","modified_gmt":"2025-02-13T11:32:14","slug":"cim-viseu-dao-lafoes-garante-45-milhoes-de-euros-para-projetos-transformadores-na-educacao-e-economia-senior","status":"publish","type":"post","link":"https:\/\/www.atelierdocaractere.pt\/brevemente\/cim-viseu-dao-lafoes-garante-45-milhoes-de-euros-para-projetos-transformadores-na-educacao-e-economia-senior\/","title":{"rendered":"CIM Viseu D\u00e3o Laf\u00f5es garante 4,5 milh\u00f5es de euros para projetos transformadores na Educa\u00e7\u00e3o e Economia S\u00e9nior\u00a0"},"content":{"rendered":"\n<p><strong>Projetos PIPSE Viseu D\u00e3o Laf\u00f5es e SILVER-UP t\u00eam como preocupa\u00e7\u00e3o central a inclus\u00e3o dos mais velhos e dos mais novos no desenvolvimento da regi\u00e3o.<\/strong><\/p>\n\n\n\n<figure class=\"wp-block-image size-full\"><img decoding=\"async\" width=\"940\" height=\"788\" src=\"https:\/\/www.atelierdocaractere.pt\/wp-content\/uploads\/2025\/02\/2-projetos-aprovados.png\" alt=\"\" class=\"wp-image-13532\" srcset=\"https:\/\/www.atelierdocaractere.pt\/wp-content\/uploads\/2025\/02\/2-projetos-aprovados.png 940w, https:\/\/www.atelierdocaractere.pt\/wp-content\/uploads\/2025\/02\/2-projetos-aprovados-300x251.png 300w, https:\/\/www.atelierdocaractere.pt\/wp-content\/uploads\/2025\/02\/2-projetos-aprovados-768x644.png 768w\" sizes=\"(max-width: 940px) 100vw, 940px\" \/><\/figure>\n\n\n\n<p>Duas candidaturas estrat\u00e9gicas da&nbsp;<strong>Comunidade Intermunicipal (CIM) Viseu D\u00e3o Laf\u00f5es<\/strong>&nbsp;foram aprovadas, assegurando um financiamento de cerca de 4,5 milh\u00f5es de euros para dois projetos na \u00e1rea da educa\u00e7\u00e3o e da economia s\u00e9nior. Ambas as iniciativas refletem o compromisso da CIM em impulsionar o desenvolvimento regional, aliando a inova\u00e7\u00e3o \u00e0 inclus\u00e3o social.<\/p>\n\n\n\n<p><strong>PIPSE Viseu D\u00e3o Laf\u00f5es: educa\u00e7\u00e3o como motor do desenvolvimento<\/strong><\/p>\n\n\n\n<p>O&nbsp;<strong>PIPSE Viseu D\u00e3o Laf\u00f5es<\/strong>&nbsp;\u2013 Programa Intermunicipal para a Promo\u00e7\u00e3o do Sucesso Educativo em Viseu D\u00e3o Laf\u00f5es, aprovado pela Comiss\u00e3o de Coordena\u00e7\u00e3o e Desenvolvimento Regional do Centro, tem um financiamento de cerca de 3 milh\u00f5es de euros, integrado no Programa CENTRO2030 e suportado pelo FSE+ (Fundo Social Europeu Mais). O programa posiciona a educa\u00e7\u00e3o no centro do desenvolvimento econ\u00f3mico, social e cultural da regi\u00e3o.<\/p>\n\n\n\n<p>Tendo como base os resultados do projeto anterior (PPSE VDL 2020), o PIPSE assenta numa vis\u00e3o para o territ\u00f3rio que confere \u00e0 educa\u00e7\u00e3o, ao sucesso escolar e \u00e0s aprendizagens um lugar central no desenvolvimento econ\u00f3mico, cultural e social.<\/p>\n\n\n\n<p>O&nbsp;<strong>PIPSE Viseu D\u00e3o Laf\u00f5es<\/strong>&nbsp;centra-se em tr\u00eas objetivos estrat\u00e9gicos: consolidar interven\u00e7\u00f5es que respondam \u00e0s necessidades educativas da popula\u00e7\u00e3o escolar, com foco na inclus\u00e3o social, inova\u00e7\u00e3o e capacita\u00e7\u00e3o de equipas; fortalecer a coopera\u00e7\u00e3o entre escolas, territ\u00f3rio e comunidade, dinamizando redes de parceria e cidadania; e desenvolver ferramentas eficazes de planeamento, diagn\u00f3stico e avalia\u00e7\u00e3o educacional, garantindo a sustentabilidade das interven\u00e7\u00f5es.<\/p>\n\n\n\n<p>Entre as a\u00e7\u00f5es previstas, destacam-se a interven\u00e7\u00e3o precoce em situa\u00e7\u00f5es de vulnerabilidade da popula\u00e7\u00e3o escolar, o refor\u00e7o de \u00e1reas como as artes e a criatividade e a promo\u00e7\u00e3o do empreendedorismo e inova\u00e7\u00e3o na aprendizagem. O projeto aposta ainda na capacita\u00e7\u00e3o de equipas multidisciplinares e no fortalecimento das redes intermunicipais de partilha de conhecimento.<\/p>\n\n\n\n<p><strong>Projeto SILVER-UP: valorizar a economia s\u00e9nior<\/strong><\/p>\n\n\n\n<p>O segundo projeto a ser aprovado, o&nbsp;<strong>SILVER-UP<\/strong>, liderado pela CIM Viseu D\u00e3o Laf\u00f5es e financiado em 1,5 milh\u00f5es de euros, valoriza a \u201c<em>silver economy<\/em>\u201d, tamb\u00e9m conhecida por \u201ceconomia prateada\u201d ou \u201ceconomia grisalha\u201d \u2013 um conceito que aproveita o potencial econ\u00f3mico associado ao envelhecimento da popula\u00e7\u00e3o.<\/p>\n\n\n\n<p>Este projeto, aprovado ao abrigo do INTERREG EUROPE, re\u00fane parceiros de oito pa\u00edses europeus \u2013 Portugal, B\u00e9lgica, Hungria, It\u00e1lia, Let\u00f3nia, Montenegro, Pol\u00f3nia e S\u00e9rvia \u2013 comprometidos a trabalhar em conjunto, para implementar e melhorar pol\u00edticas regionais que apoiem o desenvolvimento deste setor emergente, mobilizando os agentes locais no processo.<\/p>\n\n\n\n<p>A Europa enfrenta um desafio muito significativo nos territ\u00f3rios afetados pelo despovoamento e pelo envelhecimento da popula\u00e7\u00e3o. S\u00e3o regi\u00f5es que registaram decl\u00ednios populacionais de at\u00e9 20% na \u00faltima d\u00e9cada e onde mais de 25% dos residentes t\u00eam mais de 65 anos. Esta mudan\u00e7a demogr\u00e1fica agrava a escassez de m\u00e3o de obra, reduz a produtividade econ\u00f3mica e aumenta a press\u00e3o sobre os servi\u00e7os sociais.<\/p>\n\n\n\n<p>O projeto&nbsp;<strong>SILVER-UP<\/strong>&nbsp;aborda estas quest\u00f5es, tirando partido da \u201c<em>silver economy<\/em>\u201d para tornar estes territ\u00f3rios mais atrativos e resilientes para os atuais e novos moradores. O projeto prev\u00ea a aposta na cria\u00e7\u00e3o de bens e servi\u00e7os que promovam o crescimento e a coes\u00e3o social, assim como o interc\u00e2mbio de experi\u00eancias e de boas pr\u00e1ticas entre os v\u00e1rios parceiros, de forma a melhorar as pol\u00edticas regionais que criem ambientes prop\u00edcios a uma economia grisalha desenvolvida.<\/p>\n\n\n\n<p><strong>Nuno Martinho, Secret\u00e1rio Executivo da CIM Viseu D\u00e3o Laf\u00f5es<\/strong>, salienta a relev\u00e2ncia destas candidaturas.\u00a0<em>\u201cO PIPSE Viseu D\u00e3o Laf\u00f5es e o SILVER-UP refletem a nossa vis\u00e3o estrat\u00e9gica para o territ\u00f3rio, focando-se em dois grupos essenciais \u2013 os mais jovens e os mais velhos. S\u00e3o dois projetos que ter\u00e3o um impacto transformador no territ\u00f3rio, promovendo uma sociedade mais inclusiva, forte e inovadora. Com a aprova\u00e7\u00e3o destas candidaturas, a CIM Viseu D\u00e3o Laf\u00f5es refor\u00e7a a sua posi\u00e7\u00e3o como protagonista na resposta aos desafios sociais e econ\u00f3micos da regi\u00e3o\u201d<\/em>, destaca.<\/p>\n\n\n\n<p><strong>Sobre a CIM Viseu D\u00e3o Laf\u00f5es:<\/strong><br>A CIM Viseu D\u00e3o Laf\u00f5es \u00e9 uma associa\u00e7\u00e3o de munic\u00edpios, denominada como Comunidade Intermunicipal, sendo constitu\u00edda pelos munic\u00edpios de\u00a0Aguiar da Beira, Carregal do Sal, Castro Daire, Mangualde, Nelas, Oliveira de Frades, Penalva do Castelo, Santa Comba D\u00e3o, S\u00e3o Pedro do Sul, S\u00e1t\u00e3o, Tondela, Vila Nova de Paiva, Viseu e Vouzela.<\/p>\n","protected":false},"excerpt":{"rendered":"<p>Projetos PIPSE Viseu D\u00e3o Laf\u00f5es e SILVER-UP t\u00eam como preocupa\u00e7\u00e3o central a inclus\u00e3o dos mais velhos e dos mais novos&#8230;<\/p>\n","protected":false},"author":7,"featured_media":13532,"comment_status":"closed","ping_status":"open","sticky":false,"template":"","format":"standard","meta":[],"categories":[33],"tags":[448,744,484],"yoast_head":"<!-- This site is optimized with the Yoast SEO plugin v20.12 - https:\/\/yoast.com\/wordpress\/plugins\/seo\/ -->\n<title>CIM Viseu D\u00e3o Laf\u00f5es garante 4,5 milh\u00f5es de euros para projetos transformadores na Educa\u00e7\u00e3o e Economia S\u00e9nior\u00a0 - Atelier do Caractere<\/title>\n<meta name=\"robots\" content=\"index, follow, max-snippet:-1, max-image-preview:large, max-video-preview:-1\" \/>\n<link rel=\"canonical\" href=\"https:\/\/www.atelierdocaractere.pt\/brevemente\/cim-viseu-dao-lafoes-garante-45-milhoes-de-euros-para-projetos-transformadores-na-educacao-e-economia-senior\/\" \/>\n<meta property=\"og:locale\" content=\"pt_PT\" \/>\n<meta property=\"og:type\" content=\"article\" \/>\n<meta property=\"og:title\" content=\"CIM Viseu D\u00e3o Laf\u00f5es garante 4,5 milh\u00f5es de euros para projetos transformadores na Educa\u00e7\u00e3o e Economia S\u00e9nior\u00a0 - Atelier do Caractere\" \/>\n<meta property=\"og:description\" content=\"Projetos PIPSE Viseu D\u00e3o Laf\u00f5es e SILVER-UP t\u00eam como preocupa\u00e7\u00e3o central a inclus\u00e3o dos mais velhos e dos mais novos...\" \/>\n<meta property=\"og:url\" content=\"https:\/\/www.atelierdocaractere.pt\/brevemente\/cim-viseu-dao-lafoes-garante-45-milhoes-de-euros-para-projetos-transformadores-na-educacao-e-economia-senior\/\" \/>\n<meta property=\"og:site_name\" content=\"Atelier do Caractere\" \/>\n<meta property=\"article:publisher\" content=\"https:\/\/www.facebook.com\/AtelierdoCaractere\" \/>\n<meta property=\"article:published_time\" content=\"2025-01-08T11:29:30+00:00\" \/>\n<meta property=\"article:modified_time\" content=\"2025-02-13T11:32:14+00:00\" \/>\n<meta property=\"og:image\" content=\"https:\/\/www.atelierdocaractere.pt\/wp-content\/uploads\/2025\/02\/2-projetos-aprovados.png\" \/>\n\t<meta property=\"og:image:width\" content=\"940\" \/>\n\t<meta property=\"og:image:height\" content=\"788\" \/>\n\t<meta property=\"og:image:type\" content=\"image\/png\" \/>\n<meta name=\"author\" content=\"Joana Barbosa\" \/>\n<meta name=\"twitter:card\" content=\"summary_large_image\" \/>\n<meta name=\"twitter:label1\" content=\"Escrito por\" \/>\n\t<meta name=\"twitter:data1\" content=\"Joana Barbosa\" \/>\n\t<meta name=\"twitter:label2\" content=\"Tempo estimado de leitura\" \/>\n\t<meta name=\"twitter:data2\" content=\"4 minutos\" \/>\n<script type=\"application\/ld+json\" class=\"yoast-schema-graph\">{\"@context\":\"https:\/\/schema.org\",\"@graph\":[{\"@type\":\"WebPage\",\"@id\":\"https:\/\/www.atelierdocaractere.pt\/brevemente\/cim-viseu-dao-lafoes-garante-45-milhoes-de-euros-para-projetos-transformadores-na-educacao-e-economia-senior\/\",\"url\":\"https:\/\/www.atelierdocaractere.pt\/brevemente\/cim-viseu-dao-lafoes-garante-45-milhoes-de-euros-para-projetos-transformadores-na-educacao-e-economia-senior\/\",\"name\":\"CIM Viseu D\u00e3o Laf\u00f5es garante 4,5 milh\u00f5es de euros para projetos transformadores na Educa\u00e7\u00e3o e Economia S\u00e9nior\u00a0 - Atelier do Caractere\",\"isPartOf\":{\"@id\":\"https:\/\/www.atelierdocaractere.pt\/brevemente\/#website\"},\"datePublished\":\"2025-01-08T11:29:30+00:00\",\"dateModified\":\"2025-02-13T11:32:14+00:00\",\"author\":{\"@id\":\"https:\/\/www.atelierdocaractere.pt\/brevemente\/#\/schema\/person\/f2f096eb0f27d9894725af22cb97c0db\"},\"breadcrumb\":{\"@id\":\"https:\/\/www.atelierdocaractere.pt\/brevemente\/cim-viseu-dao-lafoes-garante-45-milhoes-de-euros-para-projetos-transformadores-na-educacao-e-economia-senior\/#breadcrumb\"},\"inLanguage\":\"pt-PT\",\"potentialAction\":[{\"@type\":\"ReadAction\",\"target\":[\"https:\/\/www.atelierdocaractere.pt\/brevemente\/cim-viseu-dao-lafoes-garante-45-milhoes-de-euros-para-projetos-transformadores-na-educacao-e-economia-senior\/\"]}]},{\"@type\":\"BreadcrumbList\",\"@id\":\"https:\/\/www.atelierdocaractere.pt\/brevemente\/cim-viseu-dao-lafoes-garante-45-milhoes-de-euros-para-projetos-transformadores-na-educacao-e-economia-senior\/#breadcrumb\",\"itemListElement\":[{\"@type\":\"ListItem\",\"position\":1,\"name\":\"In\u00edcio\",\"item\":\"https:\/\/www.atelierdocaractere.pt\/brevemente\/\"},{\"@type\":\"ListItem\",\"position\":2,\"name\":\"CIM Viseu D\u00e3o Laf\u00f5es garante 4,5 milh\u00f5es de euros para projetos transformadores na Educa\u00e7\u00e3o e Economia S\u00e9nior\u00a0\"}]},{\"@type\":\"WebSite\",\"@id\":\"https:\/\/www.atelierdocaractere.pt\/brevemente\/#website\",\"url\":\"https:\/\/www.atelierdocaractere.pt\/brevemente\/\",\"name\":\"Atelier do Caractere\",\"description\":\"\",\"potentialAction\":[{\"@type\":\"SearchAction\",\"target\":{\"@type\":\"EntryPoint\",\"urlTemplate\":\"https:\/\/www.atelierdocaractere.pt\/brevemente\/?s={search_term_string}\"},\"query-input\":\"required name=search_term_string\"}],\"inLanguage\":\"pt-PT\"},{\"@type\":\"Person\",\"@id\":\"https:\/\/www.atelierdocaractere.pt\/brevemente\/#\/schema\/person\/f2f096eb0f27d9894725af22cb97c0db\",\"name\":\"Joana Barbosa\",\"image\":{\"@type\":\"ImageObject\",\"inLanguage\":\"pt-PT\",\"@id\":\"https:\/\/www.atelierdocaractere.pt\/brevemente\/#\/schema\/person\/image\/\",\"url\":\"https:\/\/secure.gravatar.com\/avatar\/33e8214b45e9d68a3a83008731075979?s=96&d=mm&r=g\",\"contentUrl\":\"https:\/\/secure.gravatar.com\/avatar\/33e8214b45e9d68a3a83008731075979?s=96&d=mm&r=g\",\"caption\":\"Joana Barbosa\"},\"url\":\"https:\/\/www.atelierdocaractere.pt\/brevemente\/author\/joanabarbosa\/\"}]}<\/script>\n<!-- \/ Yoast SEO plugin. -->","yoast_head_json":{"title":"CIM Viseu D\u00e3o Laf\u00f5es garante 4,5 milh\u00f5es de euros para projetos transformadores na Educa\u00e7\u00e3o e Economia S\u00e9nior\u00a0 - Atelier do Caractere","robots":{"index":"index","follow":"follow","max-snippet":"max-snippet:-1","max-image-preview":"max-image-preview:large","max-video-preview":"max-video-preview:-1"},"canonical":"https:\/\/www.atelierdocaractere.pt\/brevemente\/cim-viseu-dao-lafoes-garante-45-milhoes-de-euros-para-projetos-transformadores-na-educacao-e-economia-senior\/","og_locale":"pt_PT","og_type":"article","og_title":"CIM Viseu D\u00e3o Laf\u00f5es garante 4,5 milh\u00f5es de euros para projetos transformadores na Educa\u00e7\u00e3o e Economia S\u00e9nior\u00a0 - Atelier do Caractere","og_description":"Projetos PIPSE Viseu D\u00e3o Laf\u00f5es e SILVER-UP t\u00eam como preocupa\u00e7\u00e3o central a inclus\u00e3o dos mais velhos e dos mais novos...","og_url":"https:\/\/www.atelierdocaractere.pt\/brevemente\/cim-viseu-dao-lafoes-garante-45-milhoes-de-euros-para-projetos-transformadores-na-educacao-e-economia-senior\/","og_site_name":"Atelier do Caractere","article_publisher":"https:\/\/www.facebook.com\/AtelierdoCaractere","article_published_time":"2025-01-08T11:29:30+00:00","article_modified_time":"2025-02-13T11:32:14+00:00","og_image":[{"width":940,"height":788,"url":"https:\/\/www.atelierdocaractere.pt\/wp-content\/uploads\/2025\/02\/2-projetos-aprovados.png","type":"image\/png"}],"author":"Joana Barbosa","twitter_card":"summary_large_image","twitter_misc":{"Escrito por":"Joana Barbosa","Tempo estimado de leitura":"4 minutos"},"schema":{"@context":"https:\/\/schema.org","@graph":[{"@type":"WebPage","@id":"https:\/\/www.atelierdocaractere.pt\/brevemente\/cim-viseu-dao-lafoes-garante-45-milhoes-de-euros-para-projetos-transformadores-na-educacao-e-economia-senior\/","url":"https:\/\/www.atelierdocaractere.pt\/brevemente\/cim-viseu-dao-lafoes-garante-45-milhoes-de-euros-para-projetos-transformadores-na-educacao-e-economia-senior\/","name":"CIM Viseu D\u00e3o Laf\u00f5es garante 4,5 milh\u00f5es de euros para projetos transformadores na Educa\u00e7\u00e3o e Economia S\u00e9nior\u00a0 - Atelier do Caractere","isPartOf":{"@id":"https:\/\/www.atelierdocaractere.pt\/brevemente\/#website"},"datePublished":"2025-01-08T11:29:30+00:00","dateModified":"2025-02-13T11:32:14+00:00","author":{"@id":"https:\/\/www.atelierdocaractere.pt\/brevemente\/#\/schema\/person\/f2f096eb0f27d9894725af22cb97c0db"},"breadcrumb":{"@id":"https:\/\/www.atelierdocaractere.pt\/brevemente\/cim-viseu-dao-lafoes-garante-45-milhoes-de-euros-para-projetos-transformadores-na-educacao-e-economia-senior\/#breadcrumb"},"inLanguage":"pt-PT","potentialAction":[{"@type":"ReadAction","target":["https:\/\/www.atelierdocaractere.pt\/brevemente\/cim-viseu-dao-lafoes-garante-45-milhoes-de-euros-para-projetos-transformadores-na-educacao-e-economia-senior\/"]}]},{"@type":"BreadcrumbList","@id":"https:\/\/www.atelierdocaractere.pt\/brevemente\/cim-viseu-dao-lafoes-garante-45-milhoes-de-euros-para-projetos-transformadores-na-educacao-e-economia-senior\/#breadcrumb","itemListElement":[{"@type":"ListItem","position":1,"name":"In\u00edcio","item":"https:\/\/www.atelierdocaractere.pt\/brevemente\/"},{"@type":"ListItem","position":2,"name":"CIM Viseu D\u00e3o Laf\u00f5es garante 4,5 milh\u00f5es de euros para projetos transformadores na Educa\u00e7\u00e3o e Economia S\u00e9nior\u00a0"}]},{"@type":"WebSite","@id":"https:\/\/www.atelierdocaractere.pt\/brevemente\/#website","url":"https:\/\/www.atelierdocaractere.pt\/brevemente\/","name":"Atelier do Caractere","description":"","potentialAction":[{"@type":"SearchAction","target":{"@type":"EntryPoint","urlTemplate":"https:\/\/www.atelierdocaractere.pt\/brevemente\/?s={search_term_string}"},"query-input":"required name=search_term_string"}],"inLanguage":"pt-PT"},{"@type":"Person","@id":"https:\/\/www.atelierdocaractere.pt\/brevemente\/#\/schema\/person\/f2f096eb0f27d9894725af22cb97c0db","name":"Joana Barbosa","image":{"@type":"ImageObject","inLanguage":"pt-PT","@id":"https:\/\/www.atelierdocaractere.pt\/brevemente\/#\/schema\/person\/image\/","url":"https:\/\/secure.gravatar.com\/avatar\/33e8214b45e9d68a3a83008731075979?s=96&d=mm&r=g","contentUrl":"https:\/\/secure.gravatar.com\/avatar\/33e8214b45e9d68a3a83008731075979?s=96&d=mm&r=g","caption":"Joana Barbosa"},"url":"https:\/\/www.atelierdocaractere.pt\/brevemente\/author\/joanabarbosa\/"}]}},"_links":{"self":[{"href":"https:\/\/www.atelierdocaractere.pt\/brevemente\/wp-json\/wp\/v2\/posts\/13531"}],"collection":[{"href":"https:\/\/www.atelierdocaractere.pt\/brevemente\/wp-json\/wp\/v2\/posts"}],"about":[{"href":"https:\/\/www.atelierdocaractere.pt\/brevemente\/wp-json\/wp\/v2\/types\/post"}],"author":[{"embeddable":true,"href":"https:\/\/www.atelierdocaractere.pt\/brevemente\/wp-json\/wp\/v2\/users\/7"}],"replies":[{"embeddable":true,"href":"https:\/\/www.atelierdocaractere.pt\/brevemente\/wp-json\/wp\/v2\/comments?post=13531"}],"version-history":[{"count":1,"href":"https:\/\/www.atelierdocaractere.pt\/brevemente\/wp-json\/wp\/v2\/posts\/13531\/revisions"}],"predecessor-version":[{"id":13533,"href":"https:\/\/www.atelierdocaractere.pt\/brevemente\/wp-json\/wp\/v2\/posts\/13531\/revisions\/13533"}],"wp:featuredmedia":[{"embeddable":true,"href":"https:\/\/www.atelierdocaractere.pt\/brevemente\/wp-json\/wp\/v2\/media\/13532"}],"wp:attachment":[{"href":"https:\/\/www.atelierdocaractere.pt\/brevemente\/wp-json\/wp\/v2\/media?parent=13531"}],"wp:term":[{"taxonomy":"category","embeddable":true,"href":"https:\/\/www.atelierdocaractere.pt\/brevemente\/wp-json\/wp\/v2\/categories?post=13531"},{"taxonomy":"post_tag","embeddable":true,"href":"https:\/\/www.atelierdocaractere.pt\/brevemente\/wp-json\/wp\/v2\/tags?post=13531"}],"curies":[{"name":"wp","href":"https:\/\/api.w.org\/{rel}","templated":true}]}}