{"id":13534,"date":"2025-01-31T11:32:38","date_gmt":"2025-01-31T11:32:38","guid":{"rendered":"https:\/\/www.atelierdocaractere.pt\/brevemente\/?p=13534"},"modified":"2025-02-13T11:36:18","modified_gmt":"2025-02-13T11:36:18","slug":"so-ralis-de-asfalto-no-calendario-2025-do-clio-trophy-portugal","status":"publish","type":"post","link":"https:\/\/www.atelierdocaractere.pt\/brevemente\/so-ralis-de-asfalto-no-calendario-2025-do-clio-trophy-portugal\/","title":{"rendered":"S\u00f3 ralis de asfalto no calend\u00e1rio 2025 do Clio Trophy Portugal"},"content":{"rendered":"\n<ul>\n<li>A Comiss\u00e3o Organizadora do Clio Trophy Portugal anuncia a reformula\u00e7\u00e3o do calend\u00e1rio da segunda edi\u00e7\u00e3o do trof\u00e9u, que passa a contemplar (pelo menos) cinco ralis disputados em pisos de asfalto.<\/li>\n\n\n\n<li>O montante de pr\u00e9mios a distribuir ao longo da temporada \u00e9 de 40.000\u20ac.<\/li>\n\n\n\n<li>Depois do sucesso da \u00e9poca de estreia, o Clio Trophy Portugal volta a ser a solu\u00e7\u00e3o perfeita para os pilotos que sonham com a oportunidade de fazer ralis, aos comandos de um carro com uma imbat\u00edvel rela\u00e7\u00e3o competitividade\/fiabilidade\/pre\u00e7o.<\/li>\n<\/ul>\n\n\n\n<figure class=\"wp-block-image size-large\"><img decoding=\"async\" width=\"1024\" height=\"681\" src=\"https:\/\/www.atelierdocaractere.pt\/wp-content\/uploads\/2025\/02\/5eb199339ef425c720cb5b6d5d5d8c1a-l.jpg-1024x681.webp\" alt=\"\" class=\"wp-image-13535\" srcset=\"https:\/\/www.atelierdocaractere.pt\/wp-content\/uploads\/2025\/02\/5eb199339ef425c720cb5b6d5d5d8c1a-l.jpg-1024x681.webp 1024w, https:\/\/www.atelierdocaractere.pt\/wp-content\/uploads\/2025\/02\/5eb199339ef425c720cb5b6d5d5d8c1a-l.jpg-300x200.webp 300w, https:\/\/www.atelierdocaractere.pt\/wp-content\/uploads\/2025\/02\/5eb199339ef425c720cb5b6d5d5d8c1a-l.jpg-768x511.webp 768w, https:\/\/www.atelierdocaractere.pt\/wp-content\/uploads\/2025\/02\/5eb199339ef425c720cb5b6d5d5d8c1a-l.jpg-1536x1022.webp 1536w, https:\/\/www.atelierdocaractere.pt\/wp-content\/uploads\/2025\/02\/5eb199339ef425c720cb5b6d5d5d8c1a-l.jpg-900x600.webp 900w, https:\/\/www.atelierdocaractere.pt\/wp-content\/uploads\/2025\/02\/5eb199339ef425c720cb5b6d5d5d8c1a-l.jpg-675x450.webp 675w, https:\/\/www.atelierdocaractere.pt\/wp-content\/uploads\/2025\/02\/5eb199339ef425c720cb5b6d5d5d8c1a-l.jpg.webp 2000w\" sizes=\"(max-width: 1024px) 100vw, 1024px\" \/><\/figure>\n\n\n\n<p>Avaliados diferentes pressupostos, a Comiss\u00e3o Organizadora do Clio Trophy Portugal tomou a decis\u00e3o de reformular o calend\u00e1rio de 2025. A exemplo da bem-sucedida edi\u00e7\u00e3o de estreia, a \u00e9poca deste ano s\u00f3 vai contemplar provas de asfalto, uma medida que tamb\u00e9m tem impacto na redu\u00e7\u00e3o dos or\u00e7amentos.<\/p>\n\n\n\n<p>O calend\u00e1rio definitivo vai contemplar (pelo menos) cinco ralis de asfalto, mas quatro j\u00e1 est\u00e3o definidos:<\/p>\n\n\n\n<ul>\n<li>13 e 14 de junho &#8211; Rali Castelo Branco e Vila Velha de R\u00f3d\u00e3o.<\/li>\n\n\n\n<li>19 e 20 de setembro &#8211; Rali da \u00c1gua-Transib\u00e9rico Eurocidade Chaves-Ver\u00edn.<\/li>\n\n\n\n<li>17 e 18 de outubro &#8211; Rali Vidreiro Centro de Portugal.<\/li>\n\n\n\n<li>31 de outubro e 01 de novembro &#8211; Rally de Lisboa.<\/li>\n<\/ul>\n\n\n\n<p>Os regulamentos desportivo e t\u00e9cnico v\u00e3o ser revelados no pr\u00f3ximo m\u00eas de fevereiro, mas no que diz respeito a pr\u00e9mios, est\u00e1 confirmado o valor de 40.000\u20ac para ser distribu\u00eddo ao longo da temporada.<\/p>\n\n\n\n<p>A&nbsp;<a href=\"https:\/\/www.michelin.pt\/\">Michelin<\/a>&nbsp;ser\u00e1 o novo fornecedor de pneus, juntando-se assim \u00e0&nbsp;<a href=\"https:\/\/mobilize-fs.pt\/\">Mobilize Financial Services<\/a>&nbsp;e \u00e0&nbsp;<a href=\"https:\/\/www.motrio.pt\/\">MOTRIO<\/a>&nbsp;como parceiros da iniciativa promovida pela Renault Portugal.<\/p>\n\n\n\n<p>Uma excelente temporada em perspetiva, at\u00e9 em fun\u00e7\u00e3o do sucesso da edi\u00e7\u00e3o do ano passado: a confirma\u00e7\u00e3o do Clio Trophy Portugal como escola de talentos; uma imbat\u00edvel rela\u00e7\u00e3o competitividade\/pre\u00e7o; e a irrepreens\u00edvel fiabilidade do Clio Rally 5 que, em 2024, n\u00e3o registou uma \u00fanica desist\u00eancia por problemas t\u00e9cnicos!<\/p>\n\n\n\n<p>Com homologa\u00e7\u00e3o FIA, o Clio Rally 5 que serve de base ao trof\u00e9u \u00e9 equipado com uma caixa de velocidades sequencial Sadev, diferencial autoblocante, suspens\u00f5es e trav\u00f5es desenvolvidos para competi\u00e7\u00e3o e, claro, todos os equipamentos de seguran\u00e7a exigidos pelos regulamentos internacionais. No fundo, a mais competitiva e bem-sucedida proposta para&nbsp;<a><\/a>os pilotos que sonham com a oportunidade de competir, aos comandos de um carro competitivo, fi\u00e1vel e acess\u00edvel.<\/p>\n\n\n\n<p>Para mais informa\u00e7\u00f5es sobre o Clio Trophy Portugal:&nbsp;<a href=\"mailto:info@cliotrophy.pt\">info@cliotrophy.pt<\/a><\/p>\n\n\n\n<h4 class=\"wp-block-heading\"><strong>Sobre o Clio Trophy Portugal<\/strong><\/h4>\n\n\n\n<p>O Clio Trophy Portugal \u00e9 um trof\u00e9u monomarca promovido pela Renault Portugal, baseado no Renault Clio Rally5, um modelo homologado pela FIA. Com um calend\u00e1rio competitivo e acess\u00edvel, o trof\u00e9u \u00e9 ideal para pilotos em in\u00edcio de carreira que desejam destacar-se no desporto autom\u00f3vel.<\/p>\n","protected":false},"excerpt":{"rendered":"<p>Avaliados diferentes pressupostos, a Comiss\u00e3o Organizadora do Clio Trophy Portugal tomou a decis\u00e3o de reformular o calend\u00e1rio de 2025. A&#8230;<\/p>\n","protected":false},"author":7,"featured_media":13535,"comment_status":"closed","ping_status":"open","sticky":false,"template":"","format":"standard","meta":[],"categories":[24],"tags":[848,242,751,85,124],"yoast_head":"<!-- This site is optimized with the Yoast SEO plugin v20.12 - https:\/\/yoast.com\/wordpress\/plugins\/seo\/ -->\n<title>S\u00f3 ralis de asfalto no calend\u00e1rio 2025 do Clio Trophy Portugal - Atelier do Caractere<\/title>\n<meta name=\"robots\" content=\"index, follow, max-snippet:-1, max-image-preview:large, max-video-preview:-1\" \/>\n<link rel=\"canonical\" href=\"https:\/\/www.atelierdocaractere.pt\/brevemente\/so-ralis-de-asfalto-no-calendario-2025-do-clio-trophy-portugal\/\" \/>\n<meta property=\"og:locale\" content=\"pt_PT\" \/>\n<meta property=\"og:type\" content=\"article\" \/>\n<meta property=\"og:title\" content=\"S\u00f3 ralis de asfalto no calend\u00e1rio 2025 do Clio Trophy Portugal - Atelier do Caractere\" \/>\n<meta property=\"og:description\" content=\"Avaliados diferentes pressupostos, a Comiss\u00e3o Organizadora do Clio Trophy Portugal tomou a decis\u00e3o de reformular o calend\u00e1rio de 2025. A...\" \/>\n<meta property=\"og:url\" content=\"https:\/\/www.atelierdocaractere.pt\/brevemente\/so-ralis-de-asfalto-no-calendario-2025-do-clio-trophy-portugal\/\" \/>\n<meta property=\"og:site_name\" content=\"Atelier do Caractere\" \/>\n<meta property=\"article:publisher\" content=\"https:\/\/www.facebook.com\/AtelierdoCaractere\" \/>\n<meta property=\"article:published_time\" content=\"2025-01-31T11:32:38+00:00\" \/>\n<meta property=\"article:modified_time\" content=\"2025-02-13T11:36:18+00:00\" \/>\n<meta property=\"og:image\" content=\"https:\/\/www.atelierdocaractere.pt\/wp-content\/uploads\/2025\/02\/5eb199339ef425c720cb5b6d5d5d8c1a-l.jpg.webp\" \/>\n\t<meta property=\"og:image:width\" content=\"2000\" \/>\n\t<meta property=\"og:image:height\" content=\"1331\" \/>\n\t<meta property=\"og:image:type\" content=\"image\/webp\" \/>\n<meta name=\"author\" content=\"Joana Barbosa\" \/>\n<meta name=\"twitter:card\" content=\"summary_large_image\" \/>\n<meta name=\"twitter:label1\" content=\"Escrito por\" \/>\n\t<meta name=\"twitter:data1\" content=\"Joana Barbosa\" \/>\n\t<meta name=\"twitter:label2\" content=\"Tempo estimado de leitura\" \/>\n\t<meta name=\"twitter:data2\" content=\"3 minutos\" \/>\n<script type=\"application\/ld+json\" class=\"yoast-schema-graph\">{\"@context\":\"https:\/\/schema.org\",\"@graph\":[{\"@type\":\"WebPage\",\"@id\":\"https:\/\/www.atelierdocaractere.pt\/brevemente\/so-ralis-de-asfalto-no-calendario-2025-do-clio-trophy-portugal\/\",\"url\":\"https:\/\/www.atelierdocaractere.pt\/brevemente\/so-ralis-de-asfalto-no-calendario-2025-do-clio-trophy-portugal\/\",\"name\":\"S\u00f3 ralis de asfalto no calend\u00e1rio 2025 do Clio Trophy Portugal - Atelier do Caractere\",\"isPartOf\":{\"@id\":\"https:\/\/www.atelierdocaractere.pt\/brevemente\/#website\"},\"datePublished\":\"2025-01-31T11:32:38+00:00\",\"dateModified\":\"2025-02-13T11:36:18+00:00\",\"author\":{\"@id\":\"https:\/\/www.atelierdocaractere.pt\/brevemente\/#\/schema\/person\/f2f096eb0f27d9894725af22cb97c0db\"},\"breadcrumb\":{\"@id\":\"https:\/\/www.atelierdocaractere.pt\/brevemente\/so-ralis-de-asfalto-no-calendario-2025-do-clio-trophy-portugal\/#breadcrumb\"},\"inLanguage\":\"pt-PT\",\"potentialAction\":[{\"@type\":\"ReadAction\",\"target\":[\"https:\/\/www.atelierdocaractere.pt\/brevemente\/so-ralis-de-asfalto-no-calendario-2025-do-clio-trophy-portugal\/\"]}]},{\"@type\":\"BreadcrumbList\",\"@id\":\"https:\/\/www.atelierdocaractere.pt\/brevemente\/so-ralis-de-asfalto-no-calendario-2025-do-clio-trophy-portugal\/#breadcrumb\",\"itemListElement\":[{\"@type\":\"ListItem\",\"position\":1,\"name\":\"In\u00edcio\",\"item\":\"https:\/\/www.atelierdocaractere.pt\/brevemente\/\"},{\"@type\":\"ListItem\",\"position\":2,\"name\":\"S\u00f3 ralis de asfalto no calend\u00e1rio 2025 do Clio Trophy Portugal\"}]},{\"@type\":\"WebSite\",\"@id\":\"https:\/\/www.atelierdocaractere.pt\/brevemente\/#website\",\"url\":\"https:\/\/www.atelierdocaractere.pt\/brevemente\/\",\"name\":\"Atelier do Caractere\",\"description\":\"\",\"potentialAction\":[{\"@type\":\"SearchAction\",\"target\":{\"@type\":\"EntryPoint\",\"urlTemplate\":\"https:\/\/www.atelierdocaractere.pt\/brevemente\/?s={search_term_string}\"},\"query-input\":\"required name=search_term_string\"}],\"inLanguage\":\"pt-PT\"},{\"@type\":\"Person\",\"@id\":\"https:\/\/www.atelierdocaractere.pt\/brevemente\/#\/schema\/person\/f2f096eb0f27d9894725af22cb97c0db\",\"name\":\"Joana Barbosa\",\"image\":{\"@type\":\"ImageObject\",\"inLanguage\":\"pt-PT\",\"@id\":\"https:\/\/www.atelierdocaractere.pt\/brevemente\/#\/schema\/person\/image\/\",\"url\":\"https:\/\/secure.gravatar.com\/avatar\/33e8214b45e9d68a3a83008731075979?s=96&d=mm&r=g\",\"contentUrl\":\"https:\/\/secure.gravatar.com\/avatar\/33e8214b45e9d68a3a83008731075979?s=96&d=mm&r=g\",\"caption\":\"Joana Barbosa\"},\"url\":\"https:\/\/www.atelierdocaractere.pt\/brevemente\/author\/joanabarbosa\/\"}]}<\/script>\n<!-- \/ Yoast SEO plugin. -->","yoast_head_json":{"title":"S\u00f3 ralis de asfalto no calend\u00e1rio 2025 do Clio Trophy Portugal - Atelier do Caractere","robots":{"index":"index","follow":"follow","max-snippet":"max-snippet:-1","max-image-preview":"max-image-preview:large","max-video-preview":"max-video-preview:-1"},"canonical":"https:\/\/www.atelierdocaractere.pt\/brevemente\/so-ralis-de-asfalto-no-calendario-2025-do-clio-trophy-portugal\/","og_locale":"pt_PT","og_type":"article","og_title":"S\u00f3 ralis de asfalto no calend\u00e1rio 2025 do Clio Trophy Portugal - Atelier do Caractere","og_description":"Avaliados diferentes pressupostos, a Comiss\u00e3o Organizadora do Clio Trophy Portugal tomou a decis\u00e3o de reformular o calend\u00e1rio de 2025. A...","og_url":"https:\/\/www.atelierdocaractere.pt\/brevemente\/so-ralis-de-asfalto-no-calendario-2025-do-clio-trophy-portugal\/","og_site_name":"Atelier do Caractere","article_publisher":"https:\/\/www.facebook.com\/AtelierdoCaractere","article_published_time":"2025-01-31T11:32:38+00:00","article_modified_time":"2025-02-13T11:36:18+00:00","og_image":[{"width":2000,"height":1331,"url":"https:\/\/www.atelierdocaractere.pt\/wp-content\/uploads\/2025\/02\/5eb199339ef425c720cb5b6d5d5d8c1a-l.jpg.webp","type":"image\/webp"}],"author":"Joana Barbosa","twitter_card":"summary_large_image","twitter_misc":{"Escrito por":"Joana Barbosa","Tempo estimado de leitura":"3 minutos"},"schema":{"@context":"https:\/\/schema.org","@graph":[{"@type":"WebPage","@id":"https:\/\/www.atelierdocaractere.pt\/brevemente\/so-ralis-de-asfalto-no-calendario-2025-do-clio-trophy-portugal\/","url":"https:\/\/www.atelierdocaractere.pt\/brevemente\/so-ralis-de-asfalto-no-calendario-2025-do-clio-trophy-portugal\/","name":"S\u00f3 ralis de asfalto no calend\u00e1rio 2025 do Clio Trophy Portugal - Atelier do Caractere","isPartOf":{"@id":"https:\/\/www.atelierdocaractere.pt\/brevemente\/#website"},"datePublished":"2025-01-31T11:32:38+00:00","dateModified":"2025-02-13T11:36:18+00:00","author":{"@id":"https:\/\/www.atelierdocaractere.pt\/brevemente\/#\/schema\/person\/f2f096eb0f27d9894725af22cb97c0db"},"breadcrumb":{"@id":"https:\/\/www.atelierdocaractere.pt\/brevemente\/so-ralis-de-asfalto-no-calendario-2025-do-clio-trophy-portugal\/#breadcrumb"},"inLanguage":"pt-PT","potentialAction":[{"@type":"ReadAction","target":["https:\/\/www.atelierdocaractere.pt\/brevemente\/so-ralis-de-asfalto-no-calendario-2025-do-clio-trophy-portugal\/"]}]},{"@type":"BreadcrumbList","@id":"https:\/\/www.atelierdocaractere.pt\/brevemente\/so-ralis-de-asfalto-no-calendario-2025-do-clio-trophy-portugal\/#breadcrumb","itemListElement":[{"@type":"ListItem","position":1,"name":"In\u00edcio","item":"https:\/\/www.atelierdocaractere.pt\/brevemente\/"},{"@type":"ListItem","position":2,"name":"S\u00f3 ralis de asfalto no calend\u00e1rio 2025 do Clio Trophy Portugal"}]},{"@type":"WebSite","@id":"https:\/\/www.atelierdocaractere.pt\/brevemente\/#website","url":"https:\/\/www.atelierdocaractere.pt\/brevemente\/","name":"Atelier do Caractere","description":"","potentialAction":[{"@type":"SearchAction","target":{"@type":"EntryPoint","urlTemplate":"https:\/\/www.atelierdocaractere.pt\/brevemente\/?s={search_term_string}"},"query-input":"required name=search_term_string"}],"inLanguage":"pt-PT"},{"@type":"Person","@id":"https:\/\/www.atelierdocaractere.pt\/brevemente\/#\/schema\/person\/f2f096eb0f27d9894725af22cb97c0db","name":"Joana Barbosa","image":{"@type":"ImageObject","inLanguage":"pt-PT","@id":"https:\/\/www.atelierdocaractere.pt\/brevemente\/#\/schema\/person\/image\/","url":"https:\/\/secure.gravatar.com\/avatar\/33e8214b45e9d68a3a83008731075979?s=96&d=mm&r=g","contentUrl":"https:\/\/secure.gravatar.com\/avatar\/33e8214b45e9d68a3a83008731075979?s=96&d=mm&r=g","caption":"Joana Barbosa"},"url":"https:\/\/www.atelierdocaractere.pt\/brevemente\/author\/joanabarbosa\/"}]}},"_links":{"self":[{"href":"https:\/\/www.atelierdocaractere.pt\/brevemente\/wp-json\/wp\/v2\/posts\/13534"}],"collection":[{"href":"https:\/\/www.atelierdocaractere.pt\/brevemente\/wp-json\/wp\/v2\/posts"}],"about":[{"href":"https:\/\/www.atelierdocaractere.pt\/brevemente\/wp-json\/wp\/v2\/types\/post"}],"author":[{"embeddable":true,"href":"https:\/\/www.atelierdocaractere.pt\/brevemente\/wp-json\/wp\/v2\/users\/7"}],"replies":[{"embeddable":true,"href":"https:\/\/www.atelierdocaractere.pt\/brevemente\/wp-json\/wp\/v2\/comments?post=13534"}],"version-history":[{"count":1,"href":"https:\/\/www.atelierdocaractere.pt\/brevemente\/wp-json\/wp\/v2\/posts\/13534\/revisions"}],"predecessor-version":[{"id":13536,"href":"https:\/\/www.atelierdocaractere.pt\/brevemente\/wp-json\/wp\/v2\/posts\/13534\/revisions\/13536"}],"wp:featuredmedia":[{"embeddable":true,"href":"https:\/\/www.atelierdocaractere.pt\/brevemente\/wp-json\/wp\/v2\/media\/13535"}],"wp:attachment":[{"href":"https:\/\/www.atelierdocaractere.pt\/brevemente\/wp-json\/wp\/v2\/media?parent=13534"}],"wp:term":[{"taxonomy":"category","embeddable":true,"href":"https:\/\/www.atelierdocaractere.pt\/brevemente\/wp-json\/wp\/v2\/categories?post=13534"},{"taxonomy":"post_tag","embeddable":true,"href":"https:\/\/www.atelierdocaractere.pt\/brevemente\/wp-json\/wp\/v2\/tags?post=13534"}],"curies":[{"name":"wp","href":"https:\/\/api.w.org\/{rel}","templated":true}]}}