{"id":13540,"date":"2025-01-31T11:49:00","date_gmt":"2025-01-31T11:49:00","guid":{"rendered":"https:\/\/www.atelierdocaractere.pt\/brevemente\/?p=13540"},"modified":"2025-02-13T11:55:13","modified_gmt":"2025-02-13T11:55:13","slug":"turismo-centro-de-portugal-aposta-na-valorizacao-das-en16-e-en17-com-o-projeto-estradas-com-historia","status":"publish","type":"post","link":"https:\/\/www.atelierdocaractere.pt\/brevemente\/turismo-centro-de-portugal-aposta-na-valorizacao-das-en16-e-en17-com-o-projeto-estradas-com-historia\/","title":{"rendered":"Turismo Centro de Portugal aposta na valoriza\u00e7\u00e3o das EN16 e EN17 com o projeto \u201cEstradas com Hist\u00f3ria\u201d"},"content":{"rendered":"\n<p><strong>Iniciativa \u00e9 um dos cinco projetos na regi\u00e3o Centro de Portugal que recebem financiamento do Turismo de Portugal, no \u00e2mbito da Linha +Interior Turismo. Assinatura dos contratos aconteceu hoje em Sever do Vouga.<\/strong><\/p>\n\n\n\n<figure class=\"wp-block-image size-large\"><img decoding=\"async\" width=\"1024\" height=\"683\" src=\"https:\/\/www.atelierdocaractere.pt\/wp-content\/uploads\/2025\/02\/imagem-whatsapp-2025-02-13-as-115421-f4d9f39e-1024x683.jpg\" alt=\"\" class=\"wp-image-13542\" srcset=\"https:\/\/www.atelierdocaractere.pt\/wp-content\/uploads\/2025\/02\/imagem-whatsapp-2025-02-13-as-115421-f4d9f39e-1024x683.jpg 1024w, https:\/\/www.atelierdocaractere.pt\/wp-content\/uploads\/2025\/02\/imagem-whatsapp-2025-02-13-as-115421-f4d9f39e-300x200.jpg 300w, https:\/\/www.atelierdocaractere.pt\/wp-content\/uploads\/2025\/02\/imagem-whatsapp-2025-02-13-as-115421-f4d9f39e-768x512.jpg 768w, https:\/\/www.atelierdocaractere.pt\/wp-content\/uploads\/2025\/02\/imagem-whatsapp-2025-02-13-as-115421-f4d9f39e-1536x1024.jpg 1536w, https:\/\/www.atelierdocaractere.pt\/wp-content\/uploads\/2025\/02\/imagem-whatsapp-2025-02-13-as-115421-f4d9f39e-900x600.jpg 900w, https:\/\/www.atelierdocaractere.pt\/wp-content\/uploads\/2025\/02\/imagem-whatsapp-2025-02-13-as-115421-f4d9f39e-675x450.jpg 675w, https:\/\/www.atelierdocaractere.pt\/wp-content\/uploads\/2025\/02\/imagem-whatsapp-2025-02-13-as-115421-f4d9f39e.jpg 1600w\" sizes=\"(max-width: 1024px) 100vw, 1024px\" \/><\/figure>\n\n\n\n<p>Sever do Vouga foi hoje palco de um momento marcante para a atividade tur\u00edstica na regi\u00e3o Centro de Portugal, com a assinatura dos contratos relativos a cinco projetos financiados pelo Turismo de Portugal no \u00e2mbito da Linha +Interior Turismo. A iniciativa&nbsp;<strong>\u201cEstradas com Hist\u00f3ria: EN16 e EN17\u201d<\/strong>, promovida pela&nbsp;<strong>Turismo Centro de Portugal<\/strong>, \u00e9 um dos projetos contemplados.<br><br>A sess\u00e3o, que oficializou o arranque dos empreendimentos, teve lugar no Centro das Artes do Espet\u00e1culo de Sever do Vouga e contou com a presen\u00e7a do Secret\u00e1rio de Estado do Turismo,&nbsp;<strong>Pedro Machado<\/strong>, do Presidente do Turismo de Portugal,&nbsp;<strong>Carlos Abade<\/strong>, do Presidente da C\u00e2mara Municipal de Sever do Vouga,&nbsp;<strong>Pedro Amadeu Lobo<\/strong>, e da Vice-Presidente da Turismo Centro de Portugal,&nbsp;<strong>Anabela Freitas<\/strong>.<br><br>Al\u00e9m de&nbsp;<strong>\u201cEstradas com Hist\u00f3ria: EN16 e EN17\u201d<\/strong>, foram assinados os contratos de outros quatro projetos que refor\u00e7am a oferta tur\u00edstica da regi\u00e3o:&nbsp;<strong>&#8220;Rota do Portugal Romano&#8221;<\/strong>, promovida pela Associa\u00e7\u00e3o Portugal Romano;&nbsp;<strong>&#8220;Coimbra &#8211; Regi\u00e3o Gastron\u00f3mica<\/strong>&#8220;, uma iniciativa do Instituto Polit\u00e9cnico de Coimbra e da CIM Regi\u00e3o de Coimbra;&nbsp;<strong>&#8220;Valoriza\u00e7\u00e3o Tur\u00edstica e Patrimonial do Parque Icnol\u00f3gico de Penha Garcia&#8221;<\/strong>, da responsabilidade da C\u00e2mara Municipal de Idanha-a-Nova; e&nbsp;<strong>&#8220;Valoriza\u00e7\u00e3o Tur\u00edstica da Aldeia de Xisto do Talasnal&#8221;<\/strong>, proposto pela Associa\u00e7\u00e3o de Recupera\u00e7\u00e3o do Talasnal.<\/p>\n\n\n\n<p><strong>Descobrir o Centro de Portugal atrav\u00e9s das suas estradas<\/strong><br><br><strong>\u201cEstradas com Hist\u00f3ria: EN16 e EN17\u201d<\/strong>&nbsp;\u00e9 um novo produto tur\u00edstico, que pretende transformar duas das mais emblem\u00e1ticas estradas do interior do pa\u00eds em eixos de descoberta cultural, patrimonial e gastron\u00f3mica. Para esse efeito, est\u00e1 a ser criada uma rede colaborativa que junta operadores tur\u00edsticos, munic\u00edpios e agentes locais, numa estrat\u00e9gia integrada de valoriza\u00e7\u00e3o do territ\u00f3rio.<br><br>Com um investimento de cerca de 1 milh\u00e3o de euros, o projeto \u00e9 liderado pela&nbsp;<strong>Turismo Centro de Portugal<\/strong>&nbsp;e promovido tamb\u00e9m pelas&nbsp;<strong>Comunidades Intermunicipais Viseu D\u00e3o Laf\u00f5es, Regi\u00e3o Beiras e Serra da Estrela, Regi\u00e3o de Aveiro e Regi\u00e3o de Coimbra<\/strong>&nbsp;\u2013 territ\u00f3rios atravessados pelas duas estradas. O objetivo \u00e9 estruturar uma oferta tur\u00edstica inovadora, assente na riqueza paisag\u00edstica, cultural, patrimonial e gastron\u00f3mica dos 24 munic\u00edpios abrangidos.&nbsp;<\/p>\n\n\n\n<p>S\u00e3o parceiras do projeto a AHRESP, a Ag\u00eancia Regional de Promo\u00e7\u00e3o Tur\u00edstica Centro de Portugal, a Infraestruturas de Portugal, o Clube Escape Livre e os guias Foge Comigo, refor\u00e7ando-se assim o compromisso de oferecer experi\u00eancias diferenciadoras e memor\u00e1veis aos visitantes.<\/p>\n\n\n\n<p>A&nbsp;<strong>EN16<\/strong>, com 219 quil\u00f3metros de extens\u00e3o, liga Aveiro a Vilar Formoso, percorrendo os distritos de Aveiro, Viseu e Guarda. J\u00e1 a&nbsp;<strong>EN17<\/strong>, conhecida como Estrada da Beira, percorre 129 quil\u00f3metros entre Coimbra e Celorico da Beira, unindo os distritos de Coimbra e Guarda.<br><br>Mais do que um simples percurso, a nova rota tur\u00edstica&nbsp;<strong>&#8220;Estradas com Hist\u00f3ria: EN16 e EN17&#8221;<\/strong>&nbsp;est\u00e1 assente em quatro objetivos principais: dinamizar o turismo no interior, atrav\u00e9s de uma rede colaborativa que junta operadores tur\u00edsticos, munic\u00edpios e agentes locais; valorizar a autenticidade das comunidades e dos seus recursos end\u00f3genos, enriquecendo as experi\u00eancias dos visitantes; refor\u00e7ar a sustentabilidade tur\u00edstica da regi\u00e3o Centro de Portugal, ao contribuir para o incremento do n\u00famero de dormidas e do tempo de perman\u00eancia de visitantes na regi\u00e3o; e promover a mobilidade no territ\u00f3rio, impulsionando a descoberta de novos destinos ao longo das EN16 e EN17.<br><br>O plano de a\u00e7\u00e3o do novo produto tur\u00edstico prev\u00ea a implementa\u00e7\u00e3o de v\u00e1rias medidas estrat\u00e9gicas, que incluem a cria\u00e7\u00e3o de roteiros tur\u00edsticos, o desenvolvimento de infraestruturas de sinaliza\u00e7\u00e3o, a capacita\u00e7\u00e3o de agentes locais e uma abrangente campanha de promo\u00e7\u00e3o.&nbsp;<\/p>\n\n\n\n<p><strong>Declara\u00e7\u00f5es na cerim\u00f3nia<\/strong><br><br>Na cerim\u00f3nia de assinatura dos contratos, o anfitri\u00e3o,<strong>&nbsp;Pedro Amadeu Lobo<\/strong>, presidente da C\u00e2mara Municipal de Sever do Vouga, deu as boas-vindas a todos os presentes, lembrando que &#8220;projetos como estes s\u00e3o importantes para impulsionar o turismo diferenciado nas regi\u00f5es&#8221;.<\/p>\n\n\n\n<p><strong>Anabela Freitas<\/strong>, vice-presidente da Turismo Centro de Portugal, sublinhou a import\u00e2ncia do momento: \u201cEstes contratos agora assinados s\u00e3o muito importantes para a regi\u00e3o e acontecem num momento em que o Centro de Portugal vive um momento alto. Em 2024, a regi\u00e3o registou 8,4 milh\u00f5es de dormidas, num aumento de 5,4%, superior \u00e0 m\u00e9dia nacional. Estamos no caminho certo. Estes projetos v\u00e3o permitir aumentar a notoriedade a marca Centro de Portugal\u201d.<br><br><strong>Carlos Abade<\/strong>, presidente do Turismo de Portugal, explicou o \u00e2mbito dos contratos: \u201cEstes contratos na regi\u00e3o Centro integram um lote de 16 em todo o pa\u00eds, assinados entre ontem e hoje. Mas, mais do que contratos, estamos a celebrar a din\u00e2mica dos territ\u00f3rios. S\u00e3o projetos de qualidade, que v\u00e3o ajudar em muito \u00e0 qualifica\u00e7\u00e3o e competitividade dos territ\u00f3rios e que v\u00e3o fazer acontecer\u201d.<br><br>A concluir a sess\u00e3o,\u00a0<strong>Pedro Machado<\/strong>, Secret\u00e1rio de Estado do Turismo, come\u00e7ou por referir a import\u00e2ncia do turismo para o pa\u00eds, uma ind\u00fastria que representa 14,4% das exporta\u00e7\u00f5es nacionais. &#8220;O que estamos a fazer com estes projetos \u00e9 crescer com equil\u00edbrio. \u00c9 fazer com que os territ\u00f3rios contem. \u00c9 colocar valor naquilo que os territ\u00f3rios oferecem em termos tur\u00edsticos. Queremos que estes projetos criem valor para as comunidades. Os benef\u00edcios do turismo t\u00eam de ser partilhados para melhorar a vida das pessoas&#8221;, destacou.\u00a0<\/p>\n\n\n\n<p><strong>Sobre a Turismo Centro de Portugal:<\/strong><\/p>\n\n\n\n<p>A Turismo Centro de Portugal \u00e9 a entidade que estrutura e promove o turismo na Regi\u00e3o Centro do pa\u00eds. Esta \u00e9 a maior e mais diversificada \u00e1rea tur\u00edstica nacional, abrangendo 100 munic\u00edpios, e tem registado um intenso crescimento da procura interna e externa. \u00c9 a regi\u00e3o a escolher para quem pretende experi\u00eancias diversificadas, pois concilia locais Patrim\u00f3nio da Humanidade com a melhor costa de surf da Europa, termas e spas id\u00edlicos, locais de culto de import\u00e2ncia mundial e as mais belas aldeias.<\/p>\n","protected":false},"excerpt":{"rendered":"<p>Iniciativa \u00e9 um dos cinco projetos na regi\u00e3o Centro de Portugal que recebem financiamento do Turismo de Portugal, no \u00e2mbito&#8230;<\/p>\n","protected":false},"author":7,"featured_media":13542,"comment_status":"closed","ping_status":"open","sticky":false,"template":"","format":"standard","meta":[],"categories":[39],"tags":[765,346],"yoast_head":"<!-- This site is optimized with the Yoast SEO plugin v20.12 - https:\/\/yoast.com\/wordpress\/plugins\/seo\/ -->\n<title>Turismo Centro de Portugal aposta na valoriza\u00e7\u00e3o das EN16 e EN17 com o projeto \u201cEstradas com Hist\u00f3ria\u201d - Atelier do Caractere<\/title>\n<meta name=\"robots\" content=\"index, follow, max-snippet:-1, max-image-preview:large, max-video-preview:-1\" \/>\n<link rel=\"canonical\" href=\"https:\/\/www.atelierdocaractere.pt\/brevemente\/turismo-centro-de-portugal-aposta-na-valorizacao-das-en16-e-en17-com-o-projeto-estradas-com-historia\/\" \/>\n<meta property=\"og:locale\" content=\"pt_PT\" \/>\n<meta property=\"og:type\" content=\"article\" \/>\n<meta property=\"og:title\" content=\"Turismo Centro de Portugal aposta na valoriza\u00e7\u00e3o das EN16 e EN17 com o projeto \u201cEstradas com Hist\u00f3ria\u201d - Atelier do Caractere\" \/>\n<meta property=\"og:description\" content=\"Iniciativa \u00e9 um dos cinco projetos na regi\u00e3o Centro de Portugal que recebem financiamento do Turismo de Portugal, no \u00e2mbito...\" \/>\n<meta property=\"og:url\" content=\"https:\/\/www.atelierdocaractere.pt\/brevemente\/turismo-centro-de-portugal-aposta-na-valorizacao-das-en16-e-en17-com-o-projeto-estradas-com-historia\/\" \/>\n<meta property=\"og:site_name\" content=\"Atelier do Caractere\" \/>\n<meta property=\"article:publisher\" content=\"https:\/\/www.facebook.com\/AtelierdoCaractere\" \/>\n<meta property=\"article:published_time\" content=\"2025-01-31T11:49:00+00:00\" \/>\n<meta property=\"article:modified_time\" content=\"2025-02-13T11:55:13+00:00\" \/>\n<meta property=\"og:image\" content=\"https:\/\/www.atelierdocaractere.pt\/wp-content\/uploads\/2025\/02\/imagem-whatsapp-2025-02-13-as-115421-f4d9f39e.jpg\" \/>\n\t<meta property=\"og:image:width\" content=\"1600\" \/>\n\t<meta property=\"og:image:height\" content=\"1067\" \/>\n\t<meta property=\"og:image:type\" content=\"image\/jpeg\" \/>\n<meta name=\"author\" content=\"Joana Barbosa\" \/>\n<meta name=\"twitter:card\" content=\"summary_large_image\" \/>\n<meta name=\"twitter:label1\" content=\"Escrito por\" \/>\n\t<meta name=\"twitter:data1\" content=\"Joana Barbosa\" \/>\n\t<meta name=\"twitter:label2\" content=\"Tempo estimado de leitura\" \/>\n\t<meta name=\"twitter:data2\" content=\"6 minutos\" \/>\n<script type=\"application\/ld+json\" class=\"yoast-schema-graph\">{\"@context\":\"https:\/\/schema.org\",\"@graph\":[{\"@type\":\"WebPage\",\"@id\":\"https:\/\/www.atelierdocaractere.pt\/brevemente\/turismo-centro-de-portugal-aposta-na-valorizacao-das-en16-e-en17-com-o-projeto-estradas-com-historia\/\",\"url\":\"https:\/\/www.atelierdocaractere.pt\/brevemente\/turismo-centro-de-portugal-aposta-na-valorizacao-das-en16-e-en17-com-o-projeto-estradas-com-historia\/\",\"name\":\"Turismo Centro de Portugal aposta na valoriza\u00e7\u00e3o das EN16 e EN17 com o projeto \u201cEstradas com Hist\u00f3ria\u201d - Atelier do Caractere\",\"isPartOf\":{\"@id\":\"https:\/\/www.atelierdocaractere.pt\/brevemente\/#website\"},\"datePublished\":\"2025-01-31T11:49:00+00:00\",\"dateModified\":\"2025-02-13T11:55:13+00:00\",\"author\":{\"@id\":\"https:\/\/www.atelierdocaractere.pt\/brevemente\/#\/schema\/person\/f2f096eb0f27d9894725af22cb97c0db\"},\"breadcrumb\":{\"@id\":\"https:\/\/www.atelierdocaractere.pt\/brevemente\/turismo-centro-de-portugal-aposta-na-valorizacao-das-en16-e-en17-com-o-projeto-estradas-com-historia\/#breadcrumb\"},\"inLanguage\":\"pt-PT\",\"potentialAction\":[{\"@type\":\"ReadAction\",\"target\":[\"https:\/\/www.atelierdocaractere.pt\/brevemente\/turismo-centro-de-portugal-aposta-na-valorizacao-das-en16-e-en17-com-o-projeto-estradas-com-historia\/\"]}]},{\"@type\":\"BreadcrumbList\",\"@id\":\"https:\/\/www.atelierdocaractere.pt\/brevemente\/turismo-centro-de-portugal-aposta-na-valorizacao-das-en16-e-en17-com-o-projeto-estradas-com-historia\/#breadcrumb\",\"itemListElement\":[{\"@type\":\"ListItem\",\"position\":1,\"name\":\"In\u00edcio\",\"item\":\"https:\/\/www.atelierdocaractere.pt\/brevemente\/\"},{\"@type\":\"ListItem\",\"position\":2,\"name\":\"Turismo Centro de Portugal aposta na valoriza\u00e7\u00e3o das EN16 e EN17 com o projeto \u201cEstradas com Hist\u00f3ria\u201d\"}]},{\"@type\":\"WebSite\",\"@id\":\"https:\/\/www.atelierdocaractere.pt\/brevemente\/#website\",\"url\":\"https:\/\/www.atelierdocaractere.pt\/brevemente\/\",\"name\":\"Atelier do Caractere\",\"description\":\"\",\"potentialAction\":[{\"@type\":\"SearchAction\",\"target\":{\"@type\":\"EntryPoint\",\"urlTemplate\":\"https:\/\/www.atelierdocaractere.pt\/brevemente\/?s={search_term_string}\"},\"query-input\":\"required name=search_term_string\"}],\"inLanguage\":\"pt-PT\"},{\"@type\":\"Person\",\"@id\":\"https:\/\/www.atelierdocaractere.pt\/brevemente\/#\/schema\/person\/f2f096eb0f27d9894725af22cb97c0db\",\"name\":\"Joana Barbosa\",\"image\":{\"@type\":\"ImageObject\",\"inLanguage\":\"pt-PT\",\"@id\":\"https:\/\/www.atelierdocaractere.pt\/brevemente\/#\/schema\/person\/image\/\",\"url\":\"https:\/\/secure.gravatar.com\/avatar\/33e8214b45e9d68a3a83008731075979?s=96&d=mm&r=g\",\"contentUrl\":\"https:\/\/secure.gravatar.com\/avatar\/33e8214b45e9d68a3a83008731075979?s=96&d=mm&r=g\",\"caption\":\"Joana Barbosa\"},\"url\":\"https:\/\/www.atelierdocaractere.pt\/brevemente\/author\/joanabarbosa\/\"}]}<\/script>\n<!-- \/ Yoast SEO plugin. -->","yoast_head_json":{"title":"Turismo Centro de Portugal aposta na valoriza\u00e7\u00e3o das EN16 e EN17 com o projeto \u201cEstradas com Hist\u00f3ria\u201d - Atelier do Caractere","robots":{"index":"index","follow":"follow","max-snippet":"max-snippet:-1","max-image-preview":"max-image-preview:large","max-video-preview":"max-video-preview:-1"},"canonical":"https:\/\/www.atelierdocaractere.pt\/brevemente\/turismo-centro-de-portugal-aposta-na-valorizacao-das-en16-e-en17-com-o-projeto-estradas-com-historia\/","og_locale":"pt_PT","og_type":"article","og_title":"Turismo Centro de Portugal aposta na valoriza\u00e7\u00e3o das EN16 e EN17 com o projeto \u201cEstradas com Hist\u00f3ria\u201d - Atelier do Caractere","og_description":"Iniciativa \u00e9 um dos cinco projetos na regi\u00e3o Centro de Portugal que recebem financiamento do Turismo de Portugal, no \u00e2mbito...","og_url":"https:\/\/www.atelierdocaractere.pt\/brevemente\/turismo-centro-de-portugal-aposta-na-valorizacao-das-en16-e-en17-com-o-projeto-estradas-com-historia\/","og_site_name":"Atelier do Caractere","article_publisher":"https:\/\/www.facebook.com\/AtelierdoCaractere","article_published_time":"2025-01-31T11:49:00+00:00","article_modified_time":"2025-02-13T11:55:13+00:00","og_image":[{"width":1600,"height":1067,"url":"https:\/\/www.atelierdocaractere.pt\/wp-content\/uploads\/2025\/02\/imagem-whatsapp-2025-02-13-as-115421-f4d9f39e.jpg","type":"image\/jpeg"}],"author":"Joana Barbosa","twitter_card":"summary_large_image","twitter_misc":{"Escrito por":"Joana Barbosa","Tempo estimado de leitura":"6 minutos"},"schema":{"@context":"https:\/\/schema.org","@graph":[{"@type":"WebPage","@id":"https:\/\/www.atelierdocaractere.pt\/brevemente\/turismo-centro-de-portugal-aposta-na-valorizacao-das-en16-e-en17-com-o-projeto-estradas-com-historia\/","url":"https:\/\/www.atelierdocaractere.pt\/brevemente\/turismo-centro-de-portugal-aposta-na-valorizacao-das-en16-e-en17-com-o-projeto-estradas-com-historia\/","name":"Turismo Centro de Portugal aposta na valoriza\u00e7\u00e3o das EN16 e EN17 com o projeto \u201cEstradas com Hist\u00f3ria\u201d - Atelier do Caractere","isPartOf":{"@id":"https:\/\/www.atelierdocaractere.pt\/brevemente\/#website"},"datePublished":"2025-01-31T11:49:00+00:00","dateModified":"2025-02-13T11:55:13+00:00","author":{"@id":"https:\/\/www.atelierdocaractere.pt\/brevemente\/#\/schema\/person\/f2f096eb0f27d9894725af22cb97c0db"},"breadcrumb":{"@id":"https:\/\/www.atelierdocaractere.pt\/brevemente\/turismo-centro-de-portugal-aposta-na-valorizacao-das-en16-e-en17-com-o-projeto-estradas-com-historia\/#breadcrumb"},"inLanguage":"pt-PT","potentialAction":[{"@type":"ReadAction","target":["https:\/\/www.atelierdocaractere.pt\/brevemente\/turismo-centro-de-portugal-aposta-na-valorizacao-das-en16-e-en17-com-o-projeto-estradas-com-historia\/"]}]},{"@type":"BreadcrumbList","@id":"https:\/\/www.atelierdocaractere.pt\/brevemente\/turismo-centro-de-portugal-aposta-na-valorizacao-das-en16-e-en17-com-o-projeto-estradas-com-historia\/#breadcrumb","itemListElement":[{"@type":"ListItem","position":1,"name":"In\u00edcio","item":"https:\/\/www.atelierdocaractere.pt\/brevemente\/"},{"@type":"ListItem","position":2,"name":"Turismo Centro de Portugal aposta na valoriza\u00e7\u00e3o das EN16 e EN17 com o projeto \u201cEstradas com Hist\u00f3ria\u201d"}]},{"@type":"WebSite","@id":"https:\/\/www.atelierdocaractere.pt\/brevemente\/#website","url":"https:\/\/www.atelierdocaractere.pt\/brevemente\/","name":"Atelier do Caractere","description":"","potentialAction":[{"@type":"SearchAction","target":{"@type":"EntryPoint","urlTemplate":"https:\/\/www.atelierdocaractere.pt\/brevemente\/?s={search_term_string}"},"query-input":"required name=search_term_string"}],"inLanguage":"pt-PT"},{"@type":"Person","@id":"https:\/\/www.atelierdocaractere.pt\/brevemente\/#\/schema\/person\/f2f096eb0f27d9894725af22cb97c0db","name":"Joana Barbosa","image":{"@type":"ImageObject","inLanguage":"pt-PT","@id":"https:\/\/www.atelierdocaractere.pt\/brevemente\/#\/schema\/person\/image\/","url":"https:\/\/secure.gravatar.com\/avatar\/33e8214b45e9d68a3a83008731075979?s=96&d=mm&r=g","contentUrl":"https:\/\/secure.gravatar.com\/avatar\/33e8214b45e9d68a3a83008731075979?s=96&d=mm&r=g","caption":"Joana Barbosa"},"url":"https:\/\/www.atelierdocaractere.pt\/brevemente\/author\/joanabarbosa\/"}]}},"_links":{"self":[{"href":"https:\/\/www.atelierdocaractere.pt\/brevemente\/wp-json\/wp\/v2\/posts\/13540"}],"collection":[{"href":"https:\/\/www.atelierdocaractere.pt\/brevemente\/wp-json\/wp\/v2\/posts"}],"about":[{"href":"https:\/\/www.atelierdocaractere.pt\/brevemente\/wp-json\/wp\/v2\/types\/post"}],"author":[{"embeddable":true,"href":"https:\/\/www.atelierdocaractere.pt\/brevemente\/wp-json\/wp\/v2\/users\/7"}],"replies":[{"embeddable":true,"href":"https:\/\/www.atelierdocaractere.pt\/brevemente\/wp-json\/wp\/v2\/comments?post=13540"}],"version-history":[{"count":1,"href":"https:\/\/www.atelierdocaractere.pt\/brevemente\/wp-json\/wp\/v2\/posts\/13540\/revisions"}],"predecessor-version":[{"id":13543,"href":"https:\/\/www.atelierdocaractere.pt\/brevemente\/wp-json\/wp\/v2\/posts\/13540\/revisions\/13543"}],"wp:featuredmedia":[{"embeddable":true,"href":"https:\/\/www.atelierdocaractere.pt\/brevemente\/wp-json\/wp\/v2\/media\/13542"}],"wp:attachment":[{"href":"https:\/\/www.atelierdocaractere.pt\/brevemente\/wp-json\/wp\/v2\/media?parent=13540"}],"wp:term":[{"taxonomy":"category","embeddable":true,"href":"https:\/\/www.atelierdocaractere.pt\/brevemente\/wp-json\/wp\/v2\/categories?post=13540"},{"taxonomy":"post_tag","embeddable":true,"href":"https:\/\/www.atelierdocaractere.pt\/brevemente\/wp-json\/wp\/v2\/tags?post=13540"}],"curies":[{"name":"wp","href":"https:\/\/api.w.org\/{rel}","templated":true}]}}