{"id":13547,"date":"2025-02-04T11:58:04","date_gmt":"2025-02-04T11:58:04","guid":{"rendered":"https:\/\/www.atelierdocaractere.pt\/brevemente\/?p=13547"},"modified":"2025-02-13T12:02:05","modified_gmt":"2025-02-13T12:02:05","slug":"turismo-centro-de-portugal-prepara-presenca-na-btl25-e-novos-projetos-de-promocao-da-regiao","status":"publish","type":"post","link":"https:\/\/www.atelierdocaractere.pt\/brevemente\/turismo-centro-de-portugal-prepara-presenca-na-btl25-e-novos-projetos-de-promocao-da-regiao\/","title":{"rendered":"Turismo Centro de Portugal prepara presen\u00e7a na BTL\u201925 e novos projetos de promo\u00e7\u00e3o da regi\u00e3o"},"content":{"rendered":"\n<p><strong>Conselho de Marketing da TCP reuniu-se em Torres Vedras. BTL\u201925, &#8220;Sabores ao Centro&#8221; e &#8220;Estradas com Hist\u00f3ria&#8221; foram os temas principais da reuni\u00e3o.\u00a0<\/strong><\/p>\n\n\n\n<figure class=\"wp-block-image size-large\"><img decoding=\"async\" width=\"1024\" height=\"768\" src=\"https:\/\/www.atelierdocaractere.pt\/wp-content\/uploads\/2025\/02\/reuniao-conselho-de-marketing-1024x768.jpg\" alt=\"\" class=\"wp-image-13548\" srcset=\"https:\/\/www.atelierdocaractere.pt\/wp-content\/uploads\/2025\/02\/reuniao-conselho-de-marketing-1024x768.jpg 1024w, https:\/\/www.atelierdocaractere.pt\/wp-content\/uploads\/2025\/02\/reuniao-conselho-de-marketing-300x225.jpg 300w, https:\/\/www.atelierdocaractere.pt\/wp-content\/uploads\/2025\/02\/reuniao-conselho-de-marketing-768x576.jpg 768w, https:\/\/www.atelierdocaractere.pt\/wp-content\/uploads\/2025\/02\/reuniao-conselho-de-marketing.jpg 1067w\" sizes=\"(max-width: 1024px) 100vw, 1024px\" \/><\/figure>\n\n\n\n<p>O&nbsp;<strong>Conselho de Marketing da Turismo Centro de Portugal<\/strong>&nbsp;reuniu-se hoje nos Pa\u00e7os do Concelho de Torres Vedras, para analisar os temas estrat\u00e9gicos relacionados com a promo\u00e7\u00e3o tur\u00edstica da regi\u00e3o.<\/p>\n\n\n\n<p>Entre os assuntos da reuni\u00e3o, destacaram-se a participa\u00e7\u00e3o da Turismo Centro de Portugal na&nbsp;<strong>BTL\u201925 \u2013 Bolsa de Turismo de Lisboa<\/strong>, a implementa\u00e7\u00e3o do programa \u201c<strong>Sabores ao Centro<\/strong>\u201d, enquanto fator de motiva\u00e7\u00e3o para visitar o destino Centro de Portugal, e o desenvolvimento do projeto \u201c<strong>Estradas com Hist\u00f3ria<\/strong>\u201d, iniciativa que pretende valorizar as Estradas Nacionais 16 e 17 como itiner\u00e1rios tur\u00edsticos.<\/p>\n\n\n\n<p>Na ocasi\u00e3o, foi tamb\u00e9m prestada homenagem a&nbsp;<strong>Raul Almeida<\/strong>, presidente da Turismo Centro de Portugal recentemente desaparecido, com um minuto de sil\u00eancio em sua mem\u00f3ria.<\/p>\n\n\n\n<p>O Conselho de Marketing da Turismo Centro de Portugal \u00e9 o \u00f3rg\u00e3o respons\u00e1vel pela aprova\u00e7\u00e3o e acompanhamento da execu\u00e7\u00e3o do plano de marketing proposto pela Comiss\u00e3o Executiva, integrando representantes de autarquias, associa\u00e7\u00f5es e empresas da regi\u00e3o. Hoje, estiveram presentes&nbsp;<strong>Jorge Loureiro<\/strong>, Hotel Avenida (presidente do Conselho de Marketing);&nbsp;<strong>Ant\u00f3nio Marques Vidal<\/strong>, APECATE;&nbsp;<strong>Laura Rodrigues<\/strong>, Munic\u00edpio de Torres Vedras;&nbsp;<strong>C\u00e9lia Gon\u00e7alves<\/strong>, ADIRAM; e&nbsp;<strong>Jorge Costa<\/strong>,&nbsp;Montebelo Hotels &amp; Resorts.<\/p>\n\n\n\n<p>Participaram tamb\u00e9m na reuni\u00e3o outros dirigentes da Turismo Centro de Portugal, nomeadamente\u00a0<strong>Anabela Freitas<\/strong>, vice-presidente,\u00a0<strong>S\u00edlvia Ribau<\/strong>, diretora do N\u00facleo de Estrutura\u00e7\u00e3o, Planeamento e Promo\u00e7\u00e3o,\u00a0<strong>Adriana Rodrigues<\/strong>, diretora do N\u00facleo de Comunica\u00e7\u00e3o, Imagem e Rela\u00e7\u00f5es P\u00fablicas e\u00a0<strong>Carlos de Figueiredo<\/strong>, diretor do N\u00facleo de Informa\u00e7\u00e3o Tur\u00edstica.<\/p>\n\n\n\n<p><strong>Sobre a Turismo Centro de Portugal:<\/strong><\/p>\n\n\n\n<p>A Turismo Centro de Portugal \u00e9 a entidade que estrutura e promove o turismo na Regi\u00e3o Centro do pa\u00eds. Esta \u00e9 a maior e mais diversificada \u00e1rea tur\u00edstica nacional, abrangendo 100 munic\u00edpios, e tem registado um intenso crescimento da procura interna e externa. \u00c9 a regi\u00e3o a escolher para quem pretende experi\u00eancias diversificadas, pois concilia locais Patrim\u00f3nio da Humanidade com a melhor costa de surf da Europa, termas e spas id\u00edlicos, locais de culto de import\u00e2ncia mundial e as mais belas aldeias.<\/p>\n","protected":false},"excerpt":{"rendered":"<p>Conselho de Marketing da TCP reuniu-se em Torres Vedras. BTL\u201925, &#8220;Sabores ao Centro&#8221; e &#8220;Estradas com Hist\u00f3ria&#8221; foram os temas&#8230;<\/p>\n","protected":false},"author":7,"featured_media":13548,"comment_status":"closed","ping_status":"open","sticky":false,"template":"","format":"standard","meta":[],"categories":[39],"tags":[485,765,349,346,345],"yoast_head":"<!-- This site is optimized with the Yoast SEO plugin v20.12 - https:\/\/yoast.com\/wordpress\/plugins\/seo\/ -->\n<title>Turismo Centro de Portugal prepara presen\u00e7a na BTL\u201925 e novos projetos de promo\u00e7\u00e3o da regi\u00e3o - Atelier do Caractere<\/title>\n<meta name=\"robots\" content=\"index, follow, max-snippet:-1, max-image-preview:large, max-video-preview:-1\" \/>\n<link rel=\"canonical\" href=\"https:\/\/www.atelierdocaractere.pt\/brevemente\/turismo-centro-de-portugal-prepara-presenca-na-btl25-e-novos-projetos-de-promocao-da-regiao\/\" \/>\n<meta property=\"og:locale\" content=\"pt_PT\" \/>\n<meta property=\"og:type\" content=\"article\" \/>\n<meta property=\"og:title\" content=\"Turismo Centro de Portugal prepara presen\u00e7a na BTL\u201925 e novos projetos de promo\u00e7\u00e3o da regi\u00e3o - Atelier do Caractere\" \/>\n<meta property=\"og:description\" content=\"Conselho de Marketing da TCP reuniu-se em Torres Vedras. BTL\u201925, &#8220;Sabores ao Centro&#8221; e &#8220;Estradas com Hist\u00f3ria&#8221; foram os temas...\" \/>\n<meta property=\"og:url\" content=\"https:\/\/www.atelierdocaractere.pt\/brevemente\/turismo-centro-de-portugal-prepara-presenca-na-btl25-e-novos-projetos-de-promocao-da-regiao\/\" \/>\n<meta property=\"og:site_name\" content=\"Atelier do Caractere\" \/>\n<meta property=\"article:publisher\" content=\"https:\/\/www.facebook.com\/AtelierdoCaractere\" \/>\n<meta property=\"article:published_time\" content=\"2025-02-04T11:58:04+00:00\" \/>\n<meta property=\"article:modified_time\" content=\"2025-02-13T12:02:05+00:00\" \/>\n<meta property=\"og:image\" content=\"https:\/\/www.atelierdocaractere.pt\/wp-content\/uploads\/2025\/02\/reuniao-conselho-de-marketing.jpg\" \/>\n\t<meta property=\"og:image:width\" content=\"1067\" \/>\n\t<meta property=\"og:image:height\" content=\"800\" \/>\n\t<meta property=\"og:image:type\" content=\"image\/jpeg\" \/>\n<meta name=\"author\" content=\"Joana Barbosa\" \/>\n<meta name=\"twitter:card\" content=\"summary_large_image\" \/>\n<meta name=\"twitter:label1\" content=\"Escrito por\" \/>\n\t<meta name=\"twitter:data1\" content=\"Joana Barbosa\" \/>\n\t<meta name=\"twitter:label2\" content=\"Tempo estimado de leitura\" \/>\n\t<meta name=\"twitter:data2\" content=\"3 minutos\" \/>\n<script type=\"application\/ld+json\" class=\"yoast-schema-graph\">{\"@context\":\"https:\/\/schema.org\",\"@graph\":[{\"@type\":\"WebPage\",\"@id\":\"https:\/\/www.atelierdocaractere.pt\/brevemente\/turismo-centro-de-portugal-prepara-presenca-na-btl25-e-novos-projetos-de-promocao-da-regiao\/\",\"url\":\"https:\/\/www.atelierdocaractere.pt\/brevemente\/turismo-centro-de-portugal-prepara-presenca-na-btl25-e-novos-projetos-de-promocao-da-regiao\/\",\"name\":\"Turismo Centro de Portugal prepara presen\u00e7a na BTL\u201925 e novos projetos de promo\u00e7\u00e3o da regi\u00e3o - Atelier do Caractere\",\"isPartOf\":{\"@id\":\"https:\/\/www.atelierdocaractere.pt\/brevemente\/#website\"},\"datePublished\":\"2025-02-04T11:58:04+00:00\",\"dateModified\":\"2025-02-13T12:02:05+00:00\",\"author\":{\"@id\":\"https:\/\/www.atelierdocaractere.pt\/brevemente\/#\/schema\/person\/f2f096eb0f27d9894725af22cb97c0db\"},\"breadcrumb\":{\"@id\":\"https:\/\/www.atelierdocaractere.pt\/brevemente\/turismo-centro-de-portugal-prepara-presenca-na-btl25-e-novos-projetos-de-promocao-da-regiao\/#breadcrumb\"},\"inLanguage\":\"pt-PT\",\"potentialAction\":[{\"@type\":\"ReadAction\",\"target\":[\"https:\/\/www.atelierdocaractere.pt\/brevemente\/turismo-centro-de-portugal-prepara-presenca-na-btl25-e-novos-projetos-de-promocao-da-regiao\/\"]}]},{\"@type\":\"BreadcrumbList\",\"@id\":\"https:\/\/www.atelierdocaractere.pt\/brevemente\/turismo-centro-de-portugal-prepara-presenca-na-btl25-e-novos-projetos-de-promocao-da-regiao\/#breadcrumb\",\"itemListElement\":[{\"@type\":\"ListItem\",\"position\":1,\"name\":\"In\u00edcio\",\"item\":\"https:\/\/www.atelierdocaractere.pt\/brevemente\/\"},{\"@type\":\"ListItem\",\"position\":2,\"name\":\"Turismo Centro de Portugal prepara presen\u00e7a na BTL\u201925 e novos projetos de promo\u00e7\u00e3o da regi\u00e3o\"}]},{\"@type\":\"WebSite\",\"@id\":\"https:\/\/www.atelierdocaractere.pt\/brevemente\/#website\",\"url\":\"https:\/\/www.atelierdocaractere.pt\/brevemente\/\",\"name\":\"Atelier do Caractere\",\"description\":\"\",\"potentialAction\":[{\"@type\":\"SearchAction\",\"target\":{\"@type\":\"EntryPoint\",\"urlTemplate\":\"https:\/\/www.atelierdocaractere.pt\/brevemente\/?s={search_term_string}\"},\"query-input\":\"required name=search_term_string\"}],\"inLanguage\":\"pt-PT\"},{\"@type\":\"Person\",\"@id\":\"https:\/\/www.atelierdocaractere.pt\/brevemente\/#\/schema\/person\/f2f096eb0f27d9894725af22cb97c0db\",\"name\":\"Joana Barbosa\",\"image\":{\"@type\":\"ImageObject\",\"inLanguage\":\"pt-PT\",\"@id\":\"https:\/\/www.atelierdocaractere.pt\/brevemente\/#\/schema\/person\/image\/\",\"url\":\"https:\/\/secure.gravatar.com\/avatar\/33e8214b45e9d68a3a83008731075979?s=96&d=mm&r=g\",\"contentUrl\":\"https:\/\/secure.gravatar.com\/avatar\/33e8214b45e9d68a3a83008731075979?s=96&d=mm&r=g\",\"caption\":\"Joana Barbosa\"},\"url\":\"https:\/\/www.atelierdocaractere.pt\/brevemente\/author\/joanabarbosa\/\"}]}<\/script>\n<!-- \/ Yoast SEO plugin. -->","yoast_head_json":{"title":"Turismo Centro de Portugal prepara presen\u00e7a na BTL\u201925 e novos projetos de promo\u00e7\u00e3o da regi\u00e3o - Atelier do Caractere","robots":{"index":"index","follow":"follow","max-snippet":"max-snippet:-1","max-image-preview":"max-image-preview:large","max-video-preview":"max-video-preview:-1"},"canonical":"https:\/\/www.atelierdocaractere.pt\/brevemente\/turismo-centro-de-portugal-prepara-presenca-na-btl25-e-novos-projetos-de-promocao-da-regiao\/","og_locale":"pt_PT","og_type":"article","og_title":"Turismo Centro de Portugal prepara presen\u00e7a na BTL\u201925 e novos projetos de promo\u00e7\u00e3o da regi\u00e3o - Atelier do Caractere","og_description":"Conselho de Marketing da TCP reuniu-se em Torres Vedras. BTL\u201925, &#8220;Sabores ao Centro&#8221; e &#8220;Estradas com Hist\u00f3ria&#8221; foram os temas...","og_url":"https:\/\/www.atelierdocaractere.pt\/brevemente\/turismo-centro-de-portugal-prepara-presenca-na-btl25-e-novos-projetos-de-promocao-da-regiao\/","og_site_name":"Atelier do Caractere","article_publisher":"https:\/\/www.facebook.com\/AtelierdoCaractere","article_published_time":"2025-02-04T11:58:04+00:00","article_modified_time":"2025-02-13T12:02:05+00:00","og_image":[{"width":1067,"height":800,"url":"https:\/\/www.atelierdocaractere.pt\/wp-content\/uploads\/2025\/02\/reuniao-conselho-de-marketing.jpg","type":"image\/jpeg"}],"author":"Joana Barbosa","twitter_card":"summary_large_image","twitter_misc":{"Escrito por":"Joana Barbosa","Tempo estimado de leitura":"3 minutos"},"schema":{"@context":"https:\/\/schema.org","@graph":[{"@type":"WebPage","@id":"https:\/\/www.atelierdocaractere.pt\/brevemente\/turismo-centro-de-portugal-prepara-presenca-na-btl25-e-novos-projetos-de-promocao-da-regiao\/","url":"https:\/\/www.atelierdocaractere.pt\/brevemente\/turismo-centro-de-portugal-prepara-presenca-na-btl25-e-novos-projetos-de-promocao-da-regiao\/","name":"Turismo Centro de Portugal prepara presen\u00e7a na BTL\u201925 e novos projetos de promo\u00e7\u00e3o da regi\u00e3o - Atelier do Caractere","isPartOf":{"@id":"https:\/\/www.atelierdocaractere.pt\/brevemente\/#website"},"datePublished":"2025-02-04T11:58:04+00:00","dateModified":"2025-02-13T12:02:05+00:00","author":{"@id":"https:\/\/www.atelierdocaractere.pt\/brevemente\/#\/schema\/person\/f2f096eb0f27d9894725af22cb97c0db"},"breadcrumb":{"@id":"https:\/\/www.atelierdocaractere.pt\/brevemente\/turismo-centro-de-portugal-prepara-presenca-na-btl25-e-novos-projetos-de-promocao-da-regiao\/#breadcrumb"},"inLanguage":"pt-PT","potentialAction":[{"@type":"ReadAction","target":["https:\/\/www.atelierdocaractere.pt\/brevemente\/turismo-centro-de-portugal-prepara-presenca-na-btl25-e-novos-projetos-de-promocao-da-regiao\/"]}]},{"@type":"BreadcrumbList","@id":"https:\/\/www.atelierdocaractere.pt\/brevemente\/turismo-centro-de-portugal-prepara-presenca-na-btl25-e-novos-projetos-de-promocao-da-regiao\/#breadcrumb","itemListElement":[{"@type":"ListItem","position":1,"name":"In\u00edcio","item":"https:\/\/www.atelierdocaractere.pt\/brevemente\/"},{"@type":"ListItem","position":2,"name":"Turismo Centro de Portugal prepara presen\u00e7a na BTL\u201925 e novos projetos de promo\u00e7\u00e3o da regi\u00e3o"}]},{"@type":"WebSite","@id":"https:\/\/www.atelierdocaractere.pt\/brevemente\/#website","url":"https:\/\/www.atelierdocaractere.pt\/brevemente\/","name":"Atelier do Caractere","description":"","potentialAction":[{"@type":"SearchAction","target":{"@type":"EntryPoint","urlTemplate":"https:\/\/www.atelierdocaractere.pt\/brevemente\/?s={search_term_string}"},"query-input":"required name=search_term_string"}],"inLanguage":"pt-PT"},{"@type":"Person","@id":"https:\/\/www.atelierdocaractere.pt\/brevemente\/#\/schema\/person\/f2f096eb0f27d9894725af22cb97c0db","name":"Joana Barbosa","image":{"@type":"ImageObject","inLanguage":"pt-PT","@id":"https:\/\/www.atelierdocaractere.pt\/brevemente\/#\/schema\/person\/image\/","url":"https:\/\/secure.gravatar.com\/avatar\/33e8214b45e9d68a3a83008731075979?s=96&d=mm&r=g","contentUrl":"https:\/\/secure.gravatar.com\/avatar\/33e8214b45e9d68a3a83008731075979?s=96&d=mm&r=g","caption":"Joana Barbosa"},"url":"https:\/\/www.atelierdocaractere.pt\/brevemente\/author\/joanabarbosa\/"}]}},"_links":{"self":[{"href":"https:\/\/www.atelierdocaractere.pt\/brevemente\/wp-json\/wp\/v2\/posts\/13547"}],"collection":[{"href":"https:\/\/www.atelierdocaractere.pt\/brevemente\/wp-json\/wp\/v2\/posts"}],"about":[{"href":"https:\/\/www.atelierdocaractere.pt\/brevemente\/wp-json\/wp\/v2\/types\/post"}],"author":[{"embeddable":true,"href":"https:\/\/www.atelierdocaractere.pt\/brevemente\/wp-json\/wp\/v2\/users\/7"}],"replies":[{"embeddable":true,"href":"https:\/\/www.atelierdocaractere.pt\/brevemente\/wp-json\/wp\/v2\/comments?post=13547"}],"version-history":[{"count":1,"href":"https:\/\/www.atelierdocaractere.pt\/brevemente\/wp-json\/wp\/v2\/posts\/13547\/revisions"}],"predecessor-version":[{"id":13549,"href":"https:\/\/www.atelierdocaractere.pt\/brevemente\/wp-json\/wp\/v2\/posts\/13547\/revisions\/13549"}],"wp:featuredmedia":[{"embeddable":true,"href":"https:\/\/www.atelierdocaractere.pt\/brevemente\/wp-json\/wp\/v2\/media\/13548"}],"wp:attachment":[{"href":"https:\/\/www.atelierdocaractere.pt\/brevemente\/wp-json\/wp\/v2\/media?parent=13547"}],"wp:term":[{"taxonomy":"category","embeddable":true,"href":"https:\/\/www.atelierdocaractere.pt\/brevemente\/wp-json\/wp\/v2\/categories?post=13547"},{"taxonomy":"post_tag","embeddable":true,"href":"https:\/\/www.atelierdocaractere.pt\/brevemente\/wp-json\/wp\/v2\/tags?post=13547"}],"curies":[{"name":"wp","href":"https:\/\/api.w.org\/{rel}","templated":true}]}}