{"id":13550,"date":"2025-02-07T12:02:46","date_gmt":"2025-02-07T12:02:46","guid":{"rendered":"https:\/\/www.atelierdocaractere.pt\/brevemente\/?p=13550"},"modified":"2025-02-13T12:06:55","modified_gmt":"2025-02-13T12:06:55","slug":"projeto-bora-vai-as-escolas-de-viseu-dao-lafoes-promover-a-mobilidade-sustentavel","status":"publish","type":"post","link":"https:\/\/www.atelierdocaractere.pt\/brevemente\/projeto-bora-vai-as-escolas-de-viseu-dao-lafoes-promover-a-mobilidade-sustentavel\/","title":{"rendered":"Projeto BORA! vai \u00e0s escolas de Viseu D\u00e3o Laf\u00f5es promover a mobilidade sustent\u00e1vel"},"content":{"rendered":"\n<p><strong>Iniciativa da CIM Viseu D\u00e3o Laf\u00f5es sensibiliza jovens para a import\u00e2ncia de adotarem h\u00e1bitos de vida saud\u00e1veis e sustent\u00e1veis.<\/strong><\/p>\n\n\n\n<figure class=\"wp-block-image size-large\"><img decoding=\"async\" width=\"1920\" height=\"1276\" src=\"https:\/\/www.atelierdocaractere.pt\/wp-content\/uploads\/2025\/02\/1-1024x681.jpg\" alt=\"\" class=\"wp-image-13551\" srcset=\"https:\/\/www.atelierdocaractere.pt\/wp-content\/uploads\/2025\/02\/1-1024x681.jpg 1024w, https:\/\/www.atelierdocaractere.pt\/wp-content\/uploads\/2025\/02\/1-300x199.jpg 300w, https:\/\/www.atelierdocaractere.pt\/wp-content\/uploads\/2025\/02\/1-768x510.jpg 768w, https:\/\/www.atelierdocaractere.pt\/wp-content\/uploads\/2025\/02\/1-1536x1021.jpg 1536w, https:\/\/www.atelierdocaractere.pt\/wp-content\/uploads\/2025\/02\/1-675x450.jpg 675w, https:\/\/www.atelierdocaractere.pt\/wp-content\/uploads\/2025\/02\/1.jpg 1920w\" sizes=\"(max-width: 1920px) 100vw, 1920px\" \/><\/figure>\n\n\n\n<p>A&nbsp;<strong>CIM Viseu D\u00e3o Laf\u00f5es<\/strong>&nbsp;vai organizar, na pr\u00f3xima semana, atividades de promo\u00e7\u00e3o do uso do Sistema P\u00fablico de Bicicletas Partilhadas&nbsp;<strong>BORA!<\/strong>&nbsp;junto da comunidade escolar. A iniciativa acontece em parceria com os agrupamentos de escolas da regi\u00e3o.<\/p>\n\n\n\n<p>Depois do sucesso de uma iniciativa id\u00eantica, que se realizou na EB Ferreira Lapa, no S\u00e1t\u00e3o, o programa vai agora percorrer outras escolas do territ\u00f3rio, incentivando os jovens a optarem por meios de mobilidade suave e a adotarem h\u00e1bitos de vida saud\u00e1veis e sustent\u00e1veis.<\/p>\n\n\n\n<p>Durante as sess\u00f5es, em hor\u00e1rio letivo, os alunos ter\u00e3o a oportunidade de conhecer melhor o funcionamento do sistema BORA!, explorar as vantagens do uso da bicicleta no dia a dia e participar em jogos interativos sobre seguran\u00e7a rodovi\u00e1ria e mobilidade sustent\u00e1vel. O programa inclui ainda a atividade &#8220;Postcard to the Mayor&#8221;, na qual os jovens podem apresentar sugest\u00f5es para melhorar a mobilidade na sua comunidade, que ser\u00e3o entregues aos autarcas respetivos e \u00e0 CIM Viseu D\u00e3o Laf\u00f5es.<\/p>\n\n\n\n<p>A iniciativa arranca no dia 10, nos Agrupamentos de Escolas (AE) Gr\u00e3o Vasco (Viseu) e Penalva do Castelo, seguindo-se, no dia 11, os AE Oliveira de Frades, Tomaz Ribeiro (Tondela) e a EB Aquilino Ribeiro (Vila Nova de Paiva). No dia 12, as atividades decorrem na AE Aguiar da Beira,&nbsp;na Escola Gomes Eanes de Azurara (Mangualde) e na AE Castro Daire e, no dia 13, nos AE Vouzela e Campia e Santa Comba D\u00e3o, terminando, no dia 14, nos AE Santa Cruz da Trapa (S\u00e3o Pedro do Sul) e Canas de Senhorim (Nelas).<\/p>\n\n\n\n<p>Com esta iniciativa, desenvolvida no \u00e2mbito da rede Europeia Econneting, a CIM Viseu D\u00e3o Laf\u00f5es refor\u00e7a o seu compromisso na promo\u00e7\u00e3o de um territ\u00f3rio mais sustent\u00e1vel e na sensibiliza\u00e7\u00e3o das novas gera\u00e7\u00f5es para formas de mobilidade urbano-rural mais ecol\u00f3gicas e seguras.<\/p>\n\n\n\n<p><strong>Sobre a CIM Viseu D\u00e3o Laf\u00f5es:<\/strong><br>A CIM Viseu D\u00e3o Laf\u00f5es \u00e9 uma associa\u00e7\u00e3o de munic\u00edpios, denominada como Comunidade Intermunicipal, sendo constitu\u00edda pelos munic\u00edpios de\u00a0Aguiar da Beira, Carregal do Sal, Castro Daire, Mangualde, Nelas, Oliveira de Frades, Penalva do Castelo, Santa Comba D\u00e3o, S\u00e3o Pedro do Sul, S\u00e1t\u00e3o, Tondela, Vila Nova de Paiva, Viseu e Vouzela.<\/p>\n","protected":false},"excerpt":{"rendered":"<p>Iniciativa da CIM Viseu D\u00e3o Laf\u00f5es sensibiliza jovens para a import\u00e2ncia de adotarem h\u00e1bitos de vida saud\u00e1veis e sustent\u00e1veis. A&nbsp;CIM&#8230;<\/p>\n","protected":false},"author":7,"featured_media":13551,"comment_status":"closed","ping_status":"open","sticky":false,"template":"","format":"standard","meta":[],"categories":[22],"tags":[885,448,763,464,636],"yoast_head":"<!-- This site is optimized with the Yoast SEO plugin v20.12 - https:\/\/yoast.com\/wordpress\/plugins\/seo\/ -->\n<title>Projeto BORA! vai \u00e0s escolas de Viseu D\u00e3o Laf\u00f5es promover a mobilidade sustent\u00e1vel - Atelier do Caractere<\/title>\n<meta name=\"robots\" content=\"index, follow, max-snippet:-1, max-image-preview:large, max-video-preview:-1\" \/>\n<link rel=\"canonical\" href=\"https:\/\/www.atelierdocaractere.pt\/brevemente\/projeto-bora-vai-as-escolas-de-viseu-dao-lafoes-promover-a-mobilidade-sustentavel\/\" \/>\n<meta property=\"og:locale\" content=\"pt_PT\" \/>\n<meta property=\"og:type\" content=\"article\" \/>\n<meta property=\"og:title\" content=\"Projeto BORA! vai \u00e0s escolas de Viseu D\u00e3o Laf\u00f5es promover a mobilidade sustent\u00e1vel - Atelier do Caractere\" \/>\n<meta property=\"og:description\" content=\"Iniciativa da CIM Viseu D\u00e3o Laf\u00f5es sensibiliza jovens para a import\u00e2ncia de adotarem h\u00e1bitos de vida saud\u00e1veis e sustent\u00e1veis. A&nbsp;CIM...\" \/>\n<meta property=\"og:url\" content=\"https:\/\/www.atelierdocaractere.pt\/brevemente\/projeto-bora-vai-as-escolas-de-viseu-dao-lafoes-promover-a-mobilidade-sustentavel\/\" \/>\n<meta property=\"og:site_name\" content=\"Atelier do Caractere\" \/>\n<meta property=\"article:publisher\" content=\"https:\/\/www.facebook.com\/AtelierdoCaractere\" \/>\n<meta property=\"article:published_time\" content=\"2025-02-07T12:02:46+00:00\" \/>\n<meta property=\"article:modified_time\" content=\"2025-02-13T12:06:55+00:00\" \/>\n<meta property=\"og:image\" content=\"https:\/\/www.atelierdocaractere.pt\/wp-content\/uploads\/2025\/02\/1.jpg\" \/>\n\t<meta property=\"og:image:width\" content=\"1920\" \/>\n\t<meta property=\"og:image:height\" content=\"1276\" \/>\n\t<meta property=\"og:image:type\" content=\"image\/jpeg\" \/>\n<meta name=\"author\" content=\"Joana Barbosa\" \/>\n<meta name=\"twitter:card\" content=\"summary_large_image\" \/>\n<meta name=\"twitter:label1\" content=\"Escrito por\" \/>\n\t<meta name=\"twitter:data1\" content=\"Joana Barbosa\" \/>\n\t<meta name=\"twitter:label2\" content=\"Tempo estimado de leitura\" \/>\n\t<meta name=\"twitter:data2\" content=\"3 minutos\" \/>\n<script type=\"application\/ld+json\" class=\"yoast-schema-graph\">{\"@context\":\"https:\/\/schema.org\",\"@graph\":[{\"@type\":\"WebPage\",\"@id\":\"https:\/\/www.atelierdocaractere.pt\/brevemente\/projeto-bora-vai-as-escolas-de-viseu-dao-lafoes-promover-a-mobilidade-sustentavel\/\",\"url\":\"https:\/\/www.atelierdocaractere.pt\/brevemente\/projeto-bora-vai-as-escolas-de-viseu-dao-lafoes-promover-a-mobilidade-sustentavel\/\",\"name\":\"Projeto BORA! vai \u00e0s escolas de Viseu D\u00e3o Laf\u00f5es promover a mobilidade sustent\u00e1vel - Atelier do Caractere\",\"isPartOf\":{\"@id\":\"https:\/\/www.atelierdocaractere.pt\/brevemente\/#website\"},\"datePublished\":\"2025-02-07T12:02:46+00:00\",\"dateModified\":\"2025-02-13T12:06:55+00:00\",\"author\":{\"@id\":\"https:\/\/www.atelierdocaractere.pt\/brevemente\/#\/schema\/person\/f2f096eb0f27d9894725af22cb97c0db\"},\"breadcrumb\":{\"@id\":\"https:\/\/www.atelierdocaractere.pt\/brevemente\/projeto-bora-vai-as-escolas-de-viseu-dao-lafoes-promover-a-mobilidade-sustentavel\/#breadcrumb\"},\"inLanguage\":\"pt-PT\",\"potentialAction\":[{\"@type\":\"ReadAction\",\"target\":[\"https:\/\/www.atelierdocaractere.pt\/brevemente\/projeto-bora-vai-as-escolas-de-viseu-dao-lafoes-promover-a-mobilidade-sustentavel\/\"]}]},{\"@type\":\"BreadcrumbList\",\"@id\":\"https:\/\/www.atelierdocaractere.pt\/brevemente\/projeto-bora-vai-as-escolas-de-viseu-dao-lafoes-promover-a-mobilidade-sustentavel\/#breadcrumb\",\"itemListElement\":[{\"@type\":\"ListItem\",\"position\":1,\"name\":\"In\u00edcio\",\"item\":\"https:\/\/www.atelierdocaractere.pt\/brevemente\/\"},{\"@type\":\"ListItem\",\"position\":2,\"name\":\"Projeto BORA! vai \u00e0s escolas de Viseu D\u00e3o Laf\u00f5es promover a mobilidade sustent\u00e1vel\"}]},{\"@type\":\"WebSite\",\"@id\":\"https:\/\/www.atelierdocaractere.pt\/brevemente\/#website\",\"url\":\"https:\/\/www.atelierdocaractere.pt\/brevemente\/\",\"name\":\"Atelier do Caractere\",\"description\":\"\",\"potentialAction\":[{\"@type\":\"SearchAction\",\"target\":{\"@type\":\"EntryPoint\",\"urlTemplate\":\"https:\/\/www.atelierdocaractere.pt\/brevemente\/?s={search_term_string}\"},\"query-input\":\"required name=search_term_string\"}],\"inLanguage\":\"pt-PT\"},{\"@type\":\"Person\",\"@id\":\"https:\/\/www.atelierdocaractere.pt\/brevemente\/#\/schema\/person\/f2f096eb0f27d9894725af22cb97c0db\",\"name\":\"Joana Barbosa\",\"image\":{\"@type\":\"ImageObject\",\"inLanguage\":\"pt-PT\",\"@id\":\"https:\/\/www.atelierdocaractere.pt\/brevemente\/#\/schema\/person\/image\/\",\"url\":\"https:\/\/secure.gravatar.com\/avatar\/33e8214b45e9d68a3a83008731075979?s=96&d=mm&r=g\",\"contentUrl\":\"https:\/\/secure.gravatar.com\/avatar\/33e8214b45e9d68a3a83008731075979?s=96&d=mm&r=g\",\"caption\":\"Joana Barbosa\"},\"url\":\"https:\/\/www.atelierdocaractere.pt\/brevemente\/author\/joanabarbosa\/\"}]}<\/script>\n<!-- \/ Yoast SEO plugin. -->","yoast_head_json":{"title":"Projeto BORA! vai \u00e0s escolas de Viseu D\u00e3o Laf\u00f5es promover a mobilidade sustent\u00e1vel - Atelier do Caractere","robots":{"index":"index","follow":"follow","max-snippet":"max-snippet:-1","max-image-preview":"max-image-preview:large","max-video-preview":"max-video-preview:-1"},"canonical":"https:\/\/www.atelierdocaractere.pt\/brevemente\/projeto-bora-vai-as-escolas-de-viseu-dao-lafoes-promover-a-mobilidade-sustentavel\/","og_locale":"pt_PT","og_type":"article","og_title":"Projeto BORA! vai \u00e0s escolas de Viseu D\u00e3o Laf\u00f5es promover a mobilidade sustent\u00e1vel - Atelier do Caractere","og_description":"Iniciativa da CIM Viseu D\u00e3o Laf\u00f5es sensibiliza jovens para a import\u00e2ncia de adotarem h\u00e1bitos de vida saud\u00e1veis e sustent\u00e1veis. A&nbsp;CIM...","og_url":"https:\/\/www.atelierdocaractere.pt\/brevemente\/projeto-bora-vai-as-escolas-de-viseu-dao-lafoes-promover-a-mobilidade-sustentavel\/","og_site_name":"Atelier do Caractere","article_publisher":"https:\/\/www.facebook.com\/AtelierdoCaractere","article_published_time":"2025-02-07T12:02:46+00:00","article_modified_time":"2025-02-13T12:06:55+00:00","og_image":[{"width":1920,"height":1276,"url":"https:\/\/www.atelierdocaractere.pt\/wp-content\/uploads\/2025\/02\/1.jpg","type":"image\/jpeg"}],"author":"Joana Barbosa","twitter_card":"summary_large_image","twitter_misc":{"Escrito por":"Joana Barbosa","Tempo estimado de leitura":"3 minutos"},"schema":{"@context":"https:\/\/schema.org","@graph":[{"@type":"WebPage","@id":"https:\/\/www.atelierdocaractere.pt\/brevemente\/projeto-bora-vai-as-escolas-de-viseu-dao-lafoes-promover-a-mobilidade-sustentavel\/","url":"https:\/\/www.atelierdocaractere.pt\/brevemente\/projeto-bora-vai-as-escolas-de-viseu-dao-lafoes-promover-a-mobilidade-sustentavel\/","name":"Projeto BORA! vai \u00e0s escolas de Viseu D\u00e3o Laf\u00f5es promover a mobilidade sustent\u00e1vel - Atelier do Caractere","isPartOf":{"@id":"https:\/\/www.atelierdocaractere.pt\/brevemente\/#website"},"datePublished":"2025-02-07T12:02:46+00:00","dateModified":"2025-02-13T12:06:55+00:00","author":{"@id":"https:\/\/www.atelierdocaractere.pt\/brevemente\/#\/schema\/person\/f2f096eb0f27d9894725af22cb97c0db"},"breadcrumb":{"@id":"https:\/\/www.atelierdocaractere.pt\/brevemente\/projeto-bora-vai-as-escolas-de-viseu-dao-lafoes-promover-a-mobilidade-sustentavel\/#breadcrumb"},"inLanguage":"pt-PT","potentialAction":[{"@type":"ReadAction","target":["https:\/\/www.atelierdocaractere.pt\/brevemente\/projeto-bora-vai-as-escolas-de-viseu-dao-lafoes-promover-a-mobilidade-sustentavel\/"]}]},{"@type":"BreadcrumbList","@id":"https:\/\/www.atelierdocaractere.pt\/brevemente\/projeto-bora-vai-as-escolas-de-viseu-dao-lafoes-promover-a-mobilidade-sustentavel\/#breadcrumb","itemListElement":[{"@type":"ListItem","position":1,"name":"In\u00edcio","item":"https:\/\/www.atelierdocaractere.pt\/brevemente\/"},{"@type":"ListItem","position":2,"name":"Projeto BORA! vai \u00e0s escolas de Viseu D\u00e3o Laf\u00f5es promover a mobilidade sustent\u00e1vel"}]},{"@type":"WebSite","@id":"https:\/\/www.atelierdocaractere.pt\/brevemente\/#website","url":"https:\/\/www.atelierdocaractere.pt\/brevemente\/","name":"Atelier do Caractere","description":"","potentialAction":[{"@type":"SearchAction","target":{"@type":"EntryPoint","urlTemplate":"https:\/\/www.atelierdocaractere.pt\/brevemente\/?s={search_term_string}"},"query-input":"required name=search_term_string"}],"inLanguage":"pt-PT"},{"@type":"Person","@id":"https:\/\/www.atelierdocaractere.pt\/brevemente\/#\/schema\/person\/f2f096eb0f27d9894725af22cb97c0db","name":"Joana Barbosa","image":{"@type":"ImageObject","inLanguage":"pt-PT","@id":"https:\/\/www.atelierdocaractere.pt\/brevemente\/#\/schema\/person\/image\/","url":"https:\/\/secure.gravatar.com\/avatar\/33e8214b45e9d68a3a83008731075979?s=96&d=mm&r=g","contentUrl":"https:\/\/secure.gravatar.com\/avatar\/33e8214b45e9d68a3a83008731075979?s=96&d=mm&r=g","caption":"Joana Barbosa"},"url":"https:\/\/www.atelierdocaractere.pt\/brevemente\/author\/joanabarbosa\/"}]}},"_links":{"self":[{"href":"https:\/\/www.atelierdocaractere.pt\/brevemente\/wp-json\/wp\/v2\/posts\/13550"}],"collection":[{"href":"https:\/\/www.atelierdocaractere.pt\/brevemente\/wp-json\/wp\/v2\/posts"}],"about":[{"href":"https:\/\/www.atelierdocaractere.pt\/brevemente\/wp-json\/wp\/v2\/types\/post"}],"author":[{"embeddable":true,"href":"https:\/\/www.atelierdocaractere.pt\/brevemente\/wp-json\/wp\/v2\/users\/7"}],"replies":[{"embeddable":true,"href":"https:\/\/www.atelierdocaractere.pt\/brevemente\/wp-json\/wp\/v2\/comments?post=13550"}],"version-history":[{"count":1,"href":"https:\/\/www.atelierdocaractere.pt\/brevemente\/wp-json\/wp\/v2\/posts\/13550\/revisions"}],"predecessor-version":[{"id":13552,"href":"https:\/\/www.atelierdocaractere.pt\/brevemente\/wp-json\/wp\/v2\/posts\/13550\/revisions\/13552"}],"wp:featuredmedia":[{"embeddable":true,"href":"https:\/\/www.atelierdocaractere.pt\/brevemente\/wp-json\/wp\/v2\/media\/13551"}],"wp:attachment":[{"href":"https:\/\/www.atelierdocaractere.pt\/brevemente\/wp-json\/wp\/v2\/media?parent=13550"}],"wp:term":[{"taxonomy":"category","embeddable":true,"href":"https:\/\/www.atelierdocaractere.pt\/brevemente\/wp-json\/wp\/v2\/categories?post=13550"},{"taxonomy":"post_tag","embeddable":true,"href":"https:\/\/www.atelierdocaractere.pt\/brevemente\/wp-json\/wp\/v2\/tags?post=13550"}],"curies":[{"name":"wp","href":"https:\/\/api.w.org\/{rel}","templated":true}]}}