{"id":13553,"date":"2025-02-11T12:08:27","date_gmt":"2025-02-11T12:08:27","guid":{"rendered":"https:\/\/www.atelierdocaractere.pt\/brevemente\/?p=13553"},"modified":"2025-02-13T12:11:48","modified_gmt":"2025-02-13T12:11:48","slug":"regiao-dos-vinhos-de-lisboa-regista-maximo-historico-de-vendas-e-cresce-para-69-milhoes-de-garrafas-em-2024","status":"publish","type":"post","link":"https:\/\/www.atelierdocaractere.pt\/brevemente\/regiao-dos-vinhos-de-lisboa-regista-maximo-historico-de-vendas-e-cresce-para-69-milhoes-de-garrafas-em-2024\/","title":{"rendered":"Regi\u00e3o dos Vinhos de Lisboa regista m\u00e1ximo hist\u00f3rico de vendas e cresce para 69 milh\u00f5es de garrafas em 2024"},"content":{"rendered":"\n<p><strong>N\u00fameros do \u00faltimo ano confirmam crescimento de 5%, em mais 3,5 milh\u00f5es de garrafas, confirmando a din\u00e2mica de uma regi\u00e3o que, pela especificidade do seu\u00a0<em>terroir<\/em>\u00a0atl\u00e2ntico e pelo perfil de eleg\u00e2ncia e frescura, est\u00e1 a responder da melhor forma \u00e0s novas tend\u00eancias de consumo no mercado e ao cen\u00e1rio de abrandamento mundial no setor; destaque para as subidas nas vendas do Vinho Branco, Vinho Ros\u00e9 e Vinho \u2018Leve Lisboa\u2019<\/strong><\/p>\n\n\n\n<figure class=\"wp-block-image size-large\"><img decoding=\"async\" width=\"1024\" height=\"682\" src=\"https:\/\/www.atelierdocaractere.pt\/wp-content\/uploads\/2025\/02\/imagem-whatsapp-2025-02-13-as-121037-cb238c79-1024x682.jpg\" alt=\"\" class=\"wp-image-13555\" srcset=\"https:\/\/www.atelierdocaractere.pt\/wp-content\/uploads\/2025\/02\/imagem-whatsapp-2025-02-13-as-121037-cb238c79-1024x682.jpg 1024w, https:\/\/www.atelierdocaractere.pt\/wp-content\/uploads\/2025\/02\/imagem-whatsapp-2025-02-13-as-121037-cb238c79-300x200.jpg 300w, https:\/\/www.atelierdocaractere.pt\/wp-content\/uploads\/2025\/02\/imagem-whatsapp-2025-02-13-as-121037-cb238c79-768x512.jpg 768w, https:\/\/www.atelierdocaractere.pt\/wp-content\/uploads\/2025\/02\/imagem-whatsapp-2025-02-13-as-121037-cb238c79-1536x1023.jpg 1536w, https:\/\/www.atelierdocaractere.pt\/wp-content\/uploads\/2025\/02\/imagem-whatsapp-2025-02-13-as-121037-cb238c79-900x600.jpg 900w, https:\/\/www.atelierdocaractere.pt\/wp-content\/uploads\/2025\/02\/imagem-whatsapp-2025-02-13-as-121037-cb238c79-675x450.jpg 675w, https:\/\/www.atelierdocaractere.pt\/wp-content\/uploads\/2025\/02\/imagem-whatsapp-2025-02-13-as-121037-cb238c79.jpg 1600w\" sizes=\"(max-width: 1024px) 100vw, 1024px\" \/><\/figure>\n\n\n\n<p>A Regi\u00e3o dos Vinhos de Lisboa est\u00e1 a demonstrar uma extraordin\u00e1ria capacidade de adapta\u00e7\u00e3o \u00e0s novas tend\u00eancias de consumo no mercado mundial de vinho, terminando o ano de 2024 a crescer 5% nas vendas, para um m\u00e1ximo hist\u00f3rico de 69 milh\u00f5es garrafas, um desempenho em claro contraciclo com o cen\u00e1rio de abrandamento global no setor. A especificidade do&nbsp;<em>terroir<\/em>&nbsp;atl\u00e2ntico de Lisboa, em particular, a voca\u00e7\u00e3o para produ\u00e7\u00e3o de vinhos elegantes, frescos e de menor gradua\u00e7\u00e3o alco\u00f3lica, vai ao encontro de um perfil de produto cada vez mais valorizado, nos mercados nacional e internacional.<\/p>\n\n\n\n<p><strong>\u201cCrescemos 3,5 milh\u00f5es de garrafas em 2024, para um n\u00famero recorde de 69 milh\u00f5es de garrafas, no que \u00e9 a confirma\u00e7\u00e3o absoluta de que os vinhos da Regi\u00e3o de Lisboa est\u00e3o a impor-se cada vez mais no mercado, indo ao encontro de um perfil de consumo que procura sobretudo eleg\u00e2ncia, frescura, potencial gastron\u00f3mico e tamb\u00e9m \u00e1lcool mais discreto\u201d<\/strong>, avan\u00e7a Francisco Toscano Rico, presidente da Comiss\u00e3o Vitivin\u00edcola da Regi\u00e3o de Lisboa.&nbsp;<strong>\u201cAo mesmo tempo, a afirma\u00e7\u00e3o da Regi\u00e3o de Lisboa \u00e9 resultado do grande trabalho que tem vindo a ser desenvolvido pelos diversos produtores, em articula\u00e7\u00e3o com a promo\u00e7\u00e3o nacional e internacional coordenada entre todos os agentes, e na qual a CVR Lisboa tem feito um grande esfor\u00e7o, como \u00e9 exemplo o investimento promocional realizado, que ascendeu a cerca de 1 milh\u00e3o de euros\u201d<\/strong>.<\/p>\n\n\n\n<p>A din\u00e2mica da Regi\u00e3o dos Vinhos de Lisboa \u00e9 fortemente alavancada pelo desempenho no mercado internacional, que representa 80% das vendas, repartidas por cerca de 100 pa\u00edses, liderados pelos Estados Unidos da Am\u00e9rica, Reino Unido, Brasil, Canad\u00e1, pa\u00edses escandinavos, Alemanha e Pol\u00f3nia. O mercado nacional representa a restante fatia de 20% nas vendas. Nas diversas categorias de produto, o Vinho Branco cresceu 12%, o Vinho Ros\u00e9 22% e o Vinho \u2018Leve Lisboa\u2019 apresentou uma evolu\u00e7\u00e3o exponencial de 88%.<\/p>\n\n\n\n<p>&nbsp;<strong>\u201c<\/strong><strong>A conjuntura nacional e internacional \u00e9 desafiante, com uma quebra continuada no consumo, acompanhada da valoriza\u00e7\u00e3o de um perfil espec\u00edfico de vinhos, mais frescos e elegantes, onde Lisboa se imp\u00f5e de forma diferenciada, gra\u00e7as ao seu terroir atl\u00e2ntico, mais fresco, mais preparado at\u00e9 para responder aos desafios das altera\u00e7\u00f5es clim\u00e1ticas. Mais do que nunca temos de continuar a investir na promo\u00e7\u00e3o desta excel\u00eancia, dando mais visibilidade e notoriedade aos Vinhos da Regi\u00e3o e ao seu enoturismo. Na promo\u00e7\u00e3o internacional, as prioridades para 2025 recaem nos mercados do Brasil e Reino Unido, em estreita parceria com a Viniportugal e com as outras Regi\u00f5es Vinhateiras nacionais\u201d<\/strong>, prossegue&nbsp;Francisco Toscano Rico.<strong><\/strong><\/p>\n\n\n\n<p>As vendas totais dos Vinhos de Lisboa registaram uma tend\u00eancia de crescimento ao longo de todo o ano de 2024 e, em Agosto, apontavam j\u00e1 para um novo recorde absoluto, com a venda de cerca de 50 milh\u00f5es de garrafas durante os primeiros oito meses.<\/p>\n\n\n\n<p><strong>Sobre a Comiss\u00e3o Vitivin\u00edcola da Regi\u00e3o de Lisboa (CVR Lisboa)<\/strong><\/p>\n\n\n\n<p>A CVR Lisboa \u00e9 uma associa\u00e7\u00e3o de car\u00e1cter interprofissional, tendo por miss\u00e3o assegurar o controlo, acertifica\u00e7\u00e3o e a defesa, promo\u00e7\u00e3o e dinamiza\u00e7\u00e3o do enoturismo e dos Vinhos da Regi\u00e3o de Lisboa. A Regi\u00e3oDemarcada dos Vinhos de Lisboa engloba os Vinhos IGP Lisboa e as DOP de Alenquer, Arruda, Torres Vedras,\u00d3bidos, Encostas D\u2019 Aire, Aguardente da Lourinh\u00e3 e Carcavelos, Colares e Bucelas, com um total de 10 milhectares de vinha certificada, duas mil fam\u00edlias de viticultores e vendas anuais a totalizar 69 milh\u00f5es degarrafas, exportando 80% para cerca de 100 pa\u00edses.<\/p>\n","protected":false},"excerpt":{"rendered":"<p>N\u00fameros do \u00faltimo ano confirmam crescimento de 5%, em mais 3,5 milh\u00f5es de garrafas, confirmando a din\u00e2mica de uma regi\u00e3o&#8230;<\/p>\n","protected":false},"author":7,"featured_media":13555,"comment_status":"closed","ping_status":"open","sticky":false,"template":"","format":"standard","meta":[],"categories":[41],"tags":[131,887],"yoast_head":"<!-- This site is optimized with the Yoast SEO plugin v20.12 - https:\/\/yoast.com\/wordpress\/plugins\/seo\/ -->\n<title>Regi\u00e3o dos Vinhos de Lisboa regista m\u00e1ximo hist\u00f3rico de vendas e cresce para 69 milh\u00f5es de garrafas em 2024 - Atelier do Caractere<\/title>\n<meta name=\"robots\" content=\"index, follow, max-snippet:-1, max-image-preview:large, max-video-preview:-1\" \/>\n<link rel=\"canonical\" href=\"https:\/\/www.atelierdocaractere.pt\/brevemente\/regiao-dos-vinhos-de-lisboa-regista-maximo-historico-de-vendas-e-cresce-para-69-milhoes-de-garrafas-em-2024\/\" \/>\n<meta property=\"og:locale\" content=\"pt_PT\" \/>\n<meta property=\"og:type\" content=\"article\" \/>\n<meta property=\"og:title\" content=\"Regi\u00e3o dos Vinhos de Lisboa regista m\u00e1ximo hist\u00f3rico de vendas e cresce para 69 milh\u00f5es de garrafas em 2024 - Atelier do Caractere\" \/>\n<meta property=\"og:description\" content=\"N\u00fameros do \u00faltimo ano confirmam crescimento de 5%, em mais 3,5 milh\u00f5es de garrafas, confirmando a din\u00e2mica de uma regi\u00e3o...\" \/>\n<meta property=\"og:url\" content=\"https:\/\/www.atelierdocaractere.pt\/brevemente\/regiao-dos-vinhos-de-lisboa-regista-maximo-historico-de-vendas-e-cresce-para-69-milhoes-de-garrafas-em-2024\/\" \/>\n<meta property=\"og:site_name\" content=\"Atelier do Caractere\" \/>\n<meta property=\"article:publisher\" content=\"https:\/\/www.facebook.com\/AtelierdoCaractere\" \/>\n<meta property=\"article:published_time\" content=\"2025-02-11T12:08:27+00:00\" \/>\n<meta property=\"article:modified_time\" content=\"2025-02-13T12:11:48+00:00\" \/>\n<meta property=\"og:image\" content=\"https:\/\/www.atelierdocaractere.pt\/wp-content\/uploads\/2025\/02\/imagem-whatsapp-2025-02-13-as-121037-cb238c79.jpg\" \/>\n\t<meta property=\"og:image:width\" content=\"1600\" \/>\n\t<meta property=\"og:image:height\" content=\"1066\" \/>\n\t<meta property=\"og:image:type\" content=\"image\/jpeg\" \/>\n<meta name=\"author\" content=\"Joana Barbosa\" \/>\n<meta name=\"twitter:card\" content=\"summary_large_image\" \/>\n<meta name=\"twitter:label1\" content=\"Escrito por\" \/>\n\t<meta name=\"twitter:data1\" content=\"Joana Barbosa\" \/>\n\t<meta name=\"twitter:label2\" content=\"Tempo estimado de leitura\" \/>\n\t<meta name=\"twitter:data2\" content=\"4 minutos\" \/>\n<script type=\"application\/ld+json\" class=\"yoast-schema-graph\">{\"@context\":\"https:\/\/schema.org\",\"@graph\":[{\"@type\":\"WebPage\",\"@id\":\"https:\/\/www.atelierdocaractere.pt\/brevemente\/regiao-dos-vinhos-de-lisboa-regista-maximo-historico-de-vendas-e-cresce-para-69-milhoes-de-garrafas-em-2024\/\",\"url\":\"https:\/\/www.atelierdocaractere.pt\/brevemente\/regiao-dos-vinhos-de-lisboa-regista-maximo-historico-de-vendas-e-cresce-para-69-milhoes-de-garrafas-em-2024\/\",\"name\":\"Regi\u00e3o dos Vinhos de Lisboa regista m\u00e1ximo hist\u00f3rico de vendas e cresce para 69 milh\u00f5es de garrafas em 2024 - Atelier do Caractere\",\"isPartOf\":{\"@id\":\"https:\/\/www.atelierdocaractere.pt\/brevemente\/#website\"},\"datePublished\":\"2025-02-11T12:08:27+00:00\",\"dateModified\":\"2025-02-13T12:11:48+00:00\",\"author\":{\"@id\":\"https:\/\/www.atelierdocaractere.pt\/brevemente\/#\/schema\/person\/f2f096eb0f27d9894725af22cb97c0db\"},\"breadcrumb\":{\"@id\":\"https:\/\/www.atelierdocaractere.pt\/brevemente\/regiao-dos-vinhos-de-lisboa-regista-maximo-historico-de-vendas-e-cresce-para-69-milhoes-de-garrafas-em-2024\/#breadcrumb\"},\"inLanguage\":\"pt-PT\",\"potentialAction\":[{\"@type\":\"ReadAction\",\"target\":[\"https:\/\/www.atelierdocaractere.pt\/brevemente\/regiao-dos-vinhos-de-lisboa-regista-maximo-historico-de-vendas-e-cresce-para-69-milhoes-de-garrafas-em-2024\/\"]}]},{\"@type\":\"BreadcrumbList\",\"@id\":\"https:\/\/www.atelierdocaractere.pt\/brevemente\/regiao-dos-vinhos-de-lisboa-regista-maximo-historico-de-vendas-e-cresce-para-69-milhoes-de-garrafas-em-2024\/#breadcrumb\",\"itemListElement\":[{\"@type\":\"ListItem\",\"position\":1,\"name\":\"In\u00edcio\",\"item\":\"https:\/\/www.atelierdocaractere.pt\/brevemente\/\"},{\"@type\":\"ListItem\",\"position\":2,\"name\":\"Regi\u00e3o dos Vinhos de Lisboa regista m\u00e1ximo hist\u00f3rico de vendas e cresce para 69 milh\u00f5es de garrafas em 2024\"}]},{\"@type\":\"WebSite\",\"@id\":\"https:\/\/www.atelierdocaractere.pt\/brevemente\/#website\",\"url\":\"https:\/\/www.atelierdocaractere.pt\/brevemente\/\",\"name\":\"Atelier do Caractere\",\"description\":\"\",\"potentialAction\":[{\"@type\":\"SearchAction\",\"target\":{\"@type\":\"EntryPoint\",\"urlTemplate\":\"https:\/\/www.atelierdocaractere.pt\/brevemente\/?s={search_term_string}\"},\"query-input\":\"required name=search_term_string\"}],\"inLanguage\":\"pt-PT\"},{\"@type\":\"Person\",\"@id\":\"https:\/\/www.atelierdocaractere.pt\/brevemente\/#\/schema\/person\/f2f096eb0f27d9894725af22cb97c0db\",\"name\":\"Joana Barbosa\",\"image\":{\"@type\":\"ImageObject\",\"inLanguage\":\"pt-PT\",\"@id\":\"https:\/\/www.atelierdocaractere.pt\/brevemente\/#\/schema\/person\/image\/\",\"url\":\"https:\/\/secure.gravatar.com\/avatar\/33e8214b45e9d68a3a83008731075979?s=96&d=mm&r=g\",\"contentUrl\":\"https:\/\/secure.gravatar.com\/avatar\/33e8214b45e9d68a3a83008731075979?s=96&d=mm&r=g\",\"caption\":\"Joana Barbosa\"},\"url\":\"https:\/\/www.atelierdocaractere.pt\/brevemente\/author\/joanabarbosa\/\"}]}<\/script>\n<!-- \/ Yoast SEO plugin. -->","yoast_head_json":{"title":"Regi\u00e3o dos Vinhos de Lisboa regista m\u00e1ximo hist\u00f3rico de vendas e cresce para 69 milh\u00f5es de garrafas em 2024 - Atelier do Caractere","robots":{"index":"index","follow":"follow","max-snippet":"max-snippet:-1","max-image-preview":"max-image-preview:large","max-video-preview":"max-video-preview:-1"},"canonical":"https:\/\/www.atelierdocaractere.pt\/brevemente\/regiao-dos-vinhos-de-lisboa-regista-maximo-historico-de-vendas-e-cresce-para-69-milhoes-de-garrafas-em-2024\/","og_locale":"pt_PT","og_type":"article","og_title":"Regi\u00e3o dos Vinhos de Lisboa regista m\u00e1ximo hist\u00f3rico de vendas e cresce para 69 milh\u00f5es de garrafas em 2024 - Atelier do Caractere","og_description":"N\u00fameros do \u00faltimo ano confirmam crescimento de 5%, em mais 3,5 milh\u00f5es de garrafas, confirmando a din\u00e2mica de uma regi\u00e3o...","og_url":"https:\/\/www.atelierdocaractere.pt\/brevemente\/regiao-dos-vinhos-de-lisboa-regista-maximo-historico-de-vendas-e-cresce-para-69-milhoes-de-garrafas-em-2024\/","og_site_name":"Atelier do Caractere","article_publisher":"https:\/\/www.facebook.com\/AtelierdoCaractere","article_published_time":"2025-02-11T12:08:27+00:00","article_modified_time":"2025-02-13T12:11:48+00:00","og_image":[{"width":1600,"height":1066,"url":"https:\/\/www.atelierdocaractere.pt\/wp-content\/uploads\/2025\/02\/imagem-whatsapp-2025-02-13-as-121037-cb238c79.jpg","type":"image\/jpeg"}],"author":"Joana Barbosa","twitter_card":"summary_large_image","twitter_misc":{"Escrito por":"Joana Barbosa","Tempo estimado de leitura":"4 minutos"},"schema":{"@context":"https:\/\/schema.org","@graph":[{"@type":"WebPage","@id":"https:\/\/www.atelierdocaractere.pt\/brevemente\/regiao-dos-vinhos-de-lisboa-regista-maximo-historico-de-vendas-e-cresce-para-69-milhoes-de-garrafas-em-2024\/","url":"https:\/\/www.atelierdocaractere.pt\/brevemente\/regiao-dos-vinhos-de-lisboa-regista-maximo-historico-de-vendas-e-cresce-para-69-milhoes-de-garrafas-em-2024\/","name":"Regi\u00e3o dos Vinhos de Lisboa regista m\u00e1ximo hist\u00f3rico de vendas e cresce para 69 milh\u00f5es de garrafas em 2024 - Atelier do Caractere","isPartOf":{"@id":"https:\/\/www.atelierdocaractere.pt\/brevemente\/#website"},"datePublished":"2025-02-11T12:08:27+00:00","dateModified":"2025-02-13T12:11:48+00:00","author":{"@id":"https:\/\/www.atelierdocaractere.pt\/brevemente\/#\/schema\/person\/f2f096eb0f27d9894725af22cb97c0db"},"breadcrumb":{"@id":"https:\/\/www.atelierdocaractere.pt\/brevemente\/regiao-dos-vinhos-de-lisboa-regista-maximo-historico-de-vendas-e-cresce-para-69-milhoes-de-garrafas-em-2024\/#breadcrumb"},"inLanguage":"pt-PT","potentialAction":[{"@type":"ReadAction","target":["https:\/\/www.atelierdocaractere.pt\/brevemente\/regiao-dos-vinhos-de-lisboa-regista-maximo-historico-de-vendas-e-cresce-para-69-milhoes-de-garrafas-em-2024\/"]}]},{"@type":"BreadcrumbList","@id":"https:\/\/www.atelierdocaractere.pt\/brevemente\/regiao-dos-vinhos-de-lisboa-regista-maximo-historico-de-vendas-e-cresce-para-69-milhoes-de-garrafas-em-2024\/#breadcrumb","itemListElement":[{"@type":"ListItem","position":1,"name":"In\u00edcio","item":"https:\/\/www.atelierdocaractere.pt\/brevemente\/"},{"@type":"ListItem","position":2,"name":"Regi\u00e3o dos Vinhos de Lisboa regista m\u00e1ximo hist\u00f3rico de vendas e cresce para 69 milh\u00f5es de garrafas em 2024"}]},{"@type":"WebSite","@id":"https:\/\/www.atelierdocaractere.pt\/brevemente\/#website","url":"https:\/\/www.atelierdocaractere.pt\/brevemente\/","name":"Atelier do Caractere","description":"","potentialAction":[{"@type":"SearchAction","target":{"@type":"EntryPoint","urlTemplate":"https:\/\/www.atelierdocaractere.pt\/brevemente\/?s={search_term_string}"},"query-input":"required name=search_term_string"}],"inLanguage":"pt-PT"},{"@type":"Person","@id":"https:\/\/www.atelierdocaractere.pt\/brevemente\/#\/schema\/person\/f2f096eb0f27d9894725af22cb97c0db","name":"Joana Barbosa","image":{"@type":"ImageObject","inLanguage":"pt-PT","@id":"https:\/\/www.atelierdocaractere.pt\/brevemente\/#\/schema\/person\/image\/","url":"https:\/\/secure.gravatar.com\/avatar\/33e8214b45e9d68a3a83008731075979?s=96&d=mm&r=g","contentUrl":"https:\/\/secure.gravatar.com\/avatar\/33e8214b45e9d68a3a83008731075979?s=96&d=mm&r=g","caption":"Joana Barbosa"},"url":"https:\/\/www.atelierdocaractere.pt\/brevemente\/author\/joanabarbosa\/"}]}},"_links":{"self":[{"href":"https:\/\/www.atelierdocaractere.pt\/brevemente\/wp-json\/wp\/v2\/posts\/13553"}],"collection":[{"href":"https:\/\/www.atelierdocaractere.pt\/brevemente\/wp-json\/wp\/v2\/posts"}],"about":[{"href":"https:\/\/www.atelierdocaractere.pt\/brevemente\/wp-json\/wp\/v2\/types\/post"}],"author":[{"embeddable":true,"href":"https:\/\/www.atelierdocaractere.pt\/brevemente\/wp-json\/wp\/v2\/users\/7"}],"replies":[{"embeddable":true,"href":"https:\/\/www.atelierdocaractere.pt\/brevemente\/wp-json\/wp\/v2\/comments?post=13553"}],"version-history":[{"count":1,"href":"https:\/\/www.atelierdocaractere.pt\/brevemente\/wp-json\/wp\/v2\/posts\/13553\/revisions"}],"predecessor-version":[{"id":13556,"href":"https:\/\/www.atelierdocaractere.pt\/brevemente\/wp-json\/wp\/v2\/posts\/13553\/revisions\/13556"}],"wp:featuredmedia":[{"embeddable":true,"href":"https:\/\/www.atelierdocaractere.pt\/brevemente\/wp-json\/wp\/v2\/media\/13555"}],"wp:attachment":[{"href":"https:\/\/www.atelierdocaractere.pt\/brevemente\/wp-json\/wp\/v2\/media?parent=13553"}],"wp:term":[{"taxonomy":"category","embeddable":true,"href":"https:\/\/www.atelierdocaractere.pt\/brevemente\/wp-json\/wp\/v2\/categories?post=13553"},{"taxonomy":"post_tag","embeddable":true,"href":"https:\/\/www.atelierdocaractere.pt\/brevemente\/wp-json\/wp\/v2\/tags?post=13553"}],"curies":[{"name":"wp","href":"https:\/\/api.w.org\/{rel}","templated":true}]}}