{"id":13558,"date":"2025-02-17T16:53:49","date_gmt":"2025-02-17T16:53:49","guid":{"rendered":"https:\/\/www.atelierdocaractere.pt\/brevemente\/?p=13558"},"modified":"2025-02-18T17:21:37","modified_gmt":"2025-02-18T17:21:37","slug":"projeto-bora-mobilizou-mais-de-250-alunos-de-viseu-dao-lafoes-para-uma-vida-mais-saudavel","status":"publish","type":"post","link":"https:\/\/www.atelierdocaractere.pt\/brevemente\/projeto-bora-mobilizou-mais-de-250-alunos-de-viseu-dao-lafoes-para-uma-vida-mais-saudavel\/","title":{"rendered":"Projeto BORA! mobilizou mais de 250 alunos de Viseu D\u00e3o Laf\u00f5es para uma vida mais saud\u00e1vel"},"content":{"rendered":"\n<p><strong>\u00b7\u00a0\u00a0\u00a0\u00a0\u00a0\u00a0\u00a0\u00a0\u00a0Iniciativa da CIM Viseu D\u00e3o Laf\u00f5es percorreu 12 escolas da regi\u00e3o, com atividades que incentivaram os jovens a utilizarem a bicicleta no seu dia a dia.<\/strong><\/p>\n\n\n\n<figure class=\"wp-block-image size-large\"><img decoding=\"async\" width=\"1024\" height=\"768\" src=\"https:\/\/www.atelierdocaractere.pt\/wp-content\/uploads\/2025\/02\/bora-nas-escolas-1024x768.jpeg\" alt=\"\" class=\"wp-image-13559\" srcset=\"https:\/\/www.atelierdocaractere.pt\/wp-content\/uploads\/2025\/02\/bora-nas-escolas-1024x768.jpeg 1024w, https:\/\/www.atelierdocaractere.pt\/wp-content\/uploads\/2025\/02\/bora-nas-escolas-300x225.jpeg 300w, https:\/\/www.atelierdocaractere.pt\/wp-content\/uploads\/2025\/02\/bora-nas-escolas-768x576.jpeg 768w, https:\/\/www.atelierdocaractere.pt\/wp-content\/uploads\/2025\/02\/bora-nas-escolas-1536x1152.jpeg 1536w, https:\/\/www.atelierdocaractere.pt\/wp-content\/uploads\/2025\/02\/bora-nas-escolas.jpeg 1600w\" sizes=\"(max-width: 1024px) 100vw, 1024px\" \/><\/figure>\n\n\n\n<p>Chegou ao fim um ciclo de atividades, com grande sucesso, do projeto&nbsp;<strong>BORA!<\/strong>&nbsp;nas escolas de Viseu D\u00e3o Laf\u00f5es, uma iniciativa promovida pela&nbsp;<strong>CIM Viseu D\u00e3o Laf\u00f5es<\/strong>&nbsp;em parceria com os agrupamentos escolares da regi\u00e3o. Ao longo de cinco dias, de 10 a 14 de fevereiro, mais de&nbsp;250 alunos, distribu\u00eddos por 12 turmas, participaram em sess\u00f5es que os incentivaram a usar a bicicleta no dia a dia e a adotar estilos de vida mais saud\u00e1veis.<\/p>\n\n\n\n<p>A iniciativa, desenvolvida no \u00e2mbito da&nbsp;<strong>rede europeia&nbsp;URBACT&nbsp;Econneting<\/strong>, percorreu escolas em 12 munic\u00edpios, desde Viseu a Penalva do Castelo, passando por Oliveira de Frades, Tondela, Vila Nova de Paiva, Aguiar da Beira, Mangualde, Castro Daire, Vouzela, Santa Comba D\u00e3o, S\u00e3o Pedro do Sul e Nelas.<\/p>\n\n\n\n<p>Nas sess\u00f5es, os estudantes tiveram a oportunidade de conhecer os benef\u00edcios do uso da bicicleta e de participar em jogos interativos sobre seguran\u00e7a rodovi\u00e1ria e mobilidade sustent\u00e1vel, al\u00e9m de conhecerem em detalhe o funcionamento do Sistema P\u00fablico de Bicicletas Partilhadas BORA!. No final de cada sess\u00e3o, houve pr\u00e9mios e brindes para todos.<\/p>\n\n\n\n<p>Um dos momentos mais participados foi a atividade&nbsp;de cocria\u00e7\u00e3o&nbsp;&#8220;Postcard to the Mayor&#8221;, na qual os alunos apresentaram&nbsp;ideias e&nbsp;sugest\u00f5es para melhorar a mobilidade nas suas comunidades. As propostas foram recolhidas e ser\u00e3o agora analisadas pelos respetivos munic\u00edpios e pela CIM Viseu D\u00e3o Laf\u00f5es.<\/p>\n\n\n\n<p><strong>Nuno Martinho, Secret\u00e1rio Executivo da CIM Viseu D\u00e3o Laf\u00f5es<\/strong>, destaca a import\u00e2ncia desta iniciativa:&nbsp;<em>\u201cA mobilidade sustent\u00e1vel \u00e9 um desafio fundamental para as nossas cidades e vilas. Com o projeto BORA!, conseguimos envolver ativamente os mais jovens. Esta iniciativa nas escolas superou as nossas expectativas, demonstrando que os alunos da nossa regi\u00e3o est\u00e3o verdadeiramente empenhados em contribuir para um futuro mais sustent\u00e1vel. As suas sugest\u00f5es e o seu entusiasmo s\u00e3o um incentivo para continuarmos a desenvolver solu\u00e7\u00f5es de mobilidade que respondam \u00e0s necessidades das nossas comunidades\u201d<\/em>.<\/p>\n\n\n\n<p><em>\u201cCom esta atividade, a CIM Viseu D\u00e3o Laf\u00f5es reafirma o seu compromisso com a promo\u00e7\u00e3o de um territ\u00f3rio mais sustent\u00e1vel, investindo em projetos inovadores que aproximam as novas gera\u00e7\u00f5es de solu\u00e7\u00f5es de mobilidade urbano-rural mais eficientes, ecol\u00f3gicas e seguras\u201d<\/em>, acrescenta.<\/p>\n\n\n\n<p><strong>Sobre a CIM Viseu D\u00e3o Laf\u00f5es:<\/strong><br>A CIM Viseu D\u00e3o Laf\u00f5es \u00e9 uma associa\u00e7\u00e3o de munic\u00edpios, denominada como Comunidade Intermunicipal, sendo constitu\u00edda pelos munic\u00edpios de\u00a0Aguiar da Beira, Carregal do Sal, Castro Daire, Mangualde, Nelas, Oliveira de Frades, Penalva do Castelo, Santa Comba D\u00e3o, S\u00e3o Pedro do Sul, S\u00e1t\u00e3o, Tondela, Vila Nova de Paiva, Viseu e Vouzela.<\/p>\n","protected":false},"excerpt":{"rendered":"<p>\u00b7\u00a0\u00a0\u00a0\u00a0\u00a0\u00a0\u00a0\u00a0\u00a0Iniciativa da CIM Viseu D\u00e3o Laf\u00f5es percorreu 12 escolas da regi\u00e3o, com atividades que incentivaram os jovens a utilizarem a&#8230;<\/p>\n","protected":false},"author":7,"featured_media":13559,"comment_status":"closed","ping_status":"open","sticky":false,"template":"","format":"standard","meta":[],"categories":[779],"tags":[885,448,890,888,636],"yoast_head":"<!-- This site is optimized with the Yoast SEO plugin v20.12 - https:\/\/yoast.com\/wordpress\/plugins\/seo\/ -->\n<title>Projeto BORA! mobilizou mais de 250 alunos de Viseu D\u00e3o Laf\u00f5es para uma vida mais saud\u00e1vel - Atelier do Caractere<\/title>\n<meta name=\"robots\" content=\"index, follow, max-snippet:-1, max-image-preview:large, max-video-preview:-1\" \/>\n<link rel=\"canonical\" href=\"https:\/\/www.atelierdocaractere.pt\/brevemente\/projeto-bora-mobilizou-mais-de-250-alunos-de-viseu-dao-lafoes-para-uma-vida-mais-saudavel\/\" \/>\n<meta property=\"og:locale\" content=\"pt_PT\" \/>\n<meta property=\"og:type\" content=\"article\" \/>\n<meta property=\"og:title\" content=\"Projeto BORA! mobilizou mais de 250 alunos de Viseu D\u00e3o Laf\u00f5es para uma vida mais saud\u00e1vel - Atelier do Caractere\" \/>\n<meta property=\"og:description\" content=\"\u00b7\u00a0\u00a0\u00a0\u00a0\u00a0\u00a0\u00a0\u00a0\u00a0Iniciativa da CIM Viseu D\u00e3o Laf\u00f5es percorreu 12 escolas da regi\u00e3o, com atividades que incentivaram os jovens a utilizarem a...\" \/>\n<meta property=\"og:url\" content=\"https:\/\/www.atelierdocaractere.pt\/brevemente\/projeto-bora-mobilizou-mais-de-250-alunos-de-viseu-dao-lafoes-para-uma-vida-mais-saudavel\/\" \/>\n<meta property=\"og:site_name\" content=\"Atelier do Caractere\" \/>\n<meta property=\"article:publisher\" content=\"https:\/\/www.facebook.com\/AtelierdoCaractere\" \/>\n<meta property=\"article:published_time\" content=\"2025-02-17T16:53:49+00:00\" \/>\n<meta property=\"article:modified_time\" content=\"2025-02-18T17:21:37+00:00\" \/>\n<meta property=\"og:image\" content=\"https:\/\/www.atelierdocaractere.pt\/wp-content\/uploads\/2025\/02\/bora-nas-escolas.jpeg\" \/>\n\t<meta property=\"og:image:width\" content=\"1600\" \/>\n\t<meta property=\"og:image:height\" content=\"1200\" \/>\n\t<meta property=\"og:image:type\" content=\"image\/jpeg\" \/>\n<meta name=\"author\" content=\"Joana Barbosa\" \/>\n<meta name=\"twitter:card\" content=\"summary_large_image\" \/>\n<meta name=\"twitter:label1\" content=\"Escrito por\" \/>\n\t<meta name=\"twitter:data1\" content=\"Joana Barbosa\" \/>\n\t<meta name=\"twitter:label2\" content=\"Tempo estimado de leitura\" \/>\n\t<meta name=\"twitter:data2\" content=\"3 minutos\" \/>\n<script type=\"application\/ld+json\" class=\"yoast-schema-graph\">{\"@context\":\"https:\/\/schema.org\",\"@graph\":[{\"@type\":\"WebPage\",\"@id\":\"https:\/\/www.atelierdocaractere.pt\/brevemente\/projeto-bora-mobilizou-mais-de-250-alunos-de-viseu-dao-lafoes-para-uma-vida-mais-saudavel\/\",\"url\":\"https:\/\/www.atelierdocaractere.pt\/brevemente\/projeto-bora-mobilizou-mais-de-250-alunos-de-viseu-dao-lafoes-para-uma-vida-mais-saudavel\/\",\"name\":\"Projeto BORA! mobilizou mais de 250 alunos de Viseu D\u00e3o Laf\u00f5es para uma vida mais saud\u00e1vel - Atelier do Caractere\",\"isPartOf\":{\"@id\":\"https:\/\/www.atelierdocaractere.pt\/brevemente\/#website\"},\"datePublished\":\"2025-02-17T16:53:49+00:00\",\"dateModified\":\"2025-02-18T17:21:37+00:00\",\"author\":{\"@id\":\"https:\/\/www.atelierdocaractere.pt\/brevemente\/#\/schema\/person\/f2f096eb0f27d9894725af22cb97c0db\"},\"breadcrumb\":{\"@id\":\"https:\/\/www.atelierdocaractere.pt\/brevemente\/projeto-bora-mobilizou-mais-de-250-alunos-de-viseu-dao-lafoes-para-uma-vida-mais-saudavel\/#breadcrumb\"},\"inLanguage\":\"pt-PT\",\"potentialAction\":[{\"@type\":\"ReadAction\",\"target\":[\"https:\/\/www.atelierdocaractere.pt\/brevemente\/projeto-bora-mobilizou-mais-de-250-alunos-de-viseu-dao-lafoes-para-uma-vida-mais-saudavel\/\"]}]},{\"@type\":\"BreadcrumbList\",\"@id\":\"https:\/\/www.atelierdocaractere.pt\/brevemente\/projeto-bora-mobilizou-mais-de-250-alunos-de-viseu-dao-lafoes-para-uma-vida-mais-saudavel\/#breadcrumb\",\"itemListElement\":[{\"@type\":\"ListItem\",\"position\":1,\"name\":\"In\u00edcio\",\"item\":\"https:\/\/www.atelierdocaractere.pt\/brevemente\/\"},{\"@type\":\"ListItem\",\"position\":2,\"name\":\"Projeto BORA! mobilizou mais de 250 alunos de Viseu D\u00e3o Laf\u00f5es para uma vida mais saud\u00e1vel\"}]},{\"@type\":\"WebSite\",\"@id\":\"https:\/\/www.atelierdocaractere.pt\/brevemente\/#website\",\"url\":\"https:\/\/www.atelierdocaractere.pt\/brevemente\/\",\"name\":\"Atelier do Caractere\",\"description\":\"\",\"potentialAction\":[{\"@type\":\"SearchAction\",\"target\":{\"@type\":\"EntryPoint\",\"urlTemplate\":\"https:\/\/www.atelierdocaractere.pt\/brevemente\/?s={search_term_string}\"},\"query-input\":\"required name=search_term_string\"}],\"inLanguage\":\"pt-PT\"},{\"@type\":\"Person\",\"@id\":\"https:\/\/www.atelierdocaractere.pt\/brevemente\/#\/schema\/person\/f2f096eb0f27d9894725af22cb97c0db\",\"name\":\"Joana Barbosa\",\"image\":{\"@type\":\"ImageObject\",\"inLanguage\":\"pt-PT\",\"@id\":\"https:\/\/www.atelierdocaractere.pt\/brevemente\/#\/schema\/person\/image\/\",\"url\":\"https:\/\/secure.gravatar.com\/avatar\/33e8214b45e9d68a3a83008731075979?s=96&d=mm&r=g\",\"contentUrl\":\"https:\/\/secure.gravatar.com\/avatar\/33e8214b45e9d68a3a83008731075979?s=96&d=mm&r=g\",\"caption\":\"Joana Barbosa\"},\"url\":\"https:\/\/www.atelierdocaractere.pt\/brevemente\/author\/joanabarbosa\/\"}]}<\/script>\n<!-- \/ Yoast SEO plugin. -->","yoast_head_json":{"title":"Projeto BORA! mobilizou mais de 250 alunos de Viseu D\u00e3o Laf\u00f5es para uma vida mais saud\u00e1vel - Atelier do Caractere","robots":{"index":"index","follow":"follow","max-snippet":"max-snippet:-1","max-image-preview":"max-image-preview:large","max-video-preview":"max-video-preview:-1"},"canonical":"https:\/\/www.atelierdocaractere.pt\/brevemente\/projeto-bora-mobilizou-mais-de-250-alunos-de-viseu-dao-lafoes-para-uma-vida-mais-saudavel\/","og_locale":"pt_PT","og_type":"article","og_title":"Projeto BORA! mobilizou mais de 250 alunos de Viseu D\u00e3o Laf\u00f5es para uma vida mais saud\u00e1vel - Atelier do Caractere","og_description":"\u00b7\u00a0\u00a0\u00a0\u00a0\u00a0\u00a0\u00a0\u00a0\u00a0Iniciativa da CIM Viseu D\u00e3o Laf\u00f5es percorreu 12 escolas da regi\u00e3o, com atividades que incentivaram os jovens a utilizarem a...","og_url":"https:\/\/www.atelierdocaractere.pt\/brevemente\/projeto-bora-mobilizou-mais-de-250-alunos-de-viseu-dao-lafoes-para-uma-vida-mais-saudavel\/","og_site_name":"Atelier do Caractere","article_publisher":"https:\/\/www.facebook.com\/AtelierdoCaractere","article_published_time":"2025-02-17T16:53:49+00:00","article_modified_time":"2025-02-18T17:21:37+00:00","og_image":[{"width":1600,"height":1200,"url":"https:\/\/www.atelierdocaractere.pt\/wp-content\/uploads\/2025\/02\/bora-nas-escolas.jpeg","type":"image\/jpeg"}],"author":"Joana Barbosa","twitter_card":"summary_large_image","twitter_misc":{"Escrito por":"Joana Barbosa","Tempo estimado de leitura":"3 minutos"},"schema":{"@context":"https:\/\/schema.org","@graph":[{"@type":"WebPage","@id":"https:\/\/www.atelierdocaractere.pt\/brevemente\/projeto-bora-mobilizou-mais-de-250-alunos-de-viseu-dao-lafoes-para-uma-vida-mais-saudavel\/","url":"https:\/\/www.atelierdocaractere.pt\/brevemente\/projeto-bora-mobilizou-mais-de-250-alunos-de-viseu-dao-lafoes-para-uma-vida-mais-saudavel\/","name":"Projeto BORA! mobilizou mais de 250 alunos de Viseu D\u00e3o Laf\u00f5es para uma vida mais saud\u00e1vel - Atelier do Caractere","isPartOf":{"@id":"https:\/\/www.atelierdocaractere.pt\/brevemente\/#website"},"datePublished":"2025-02-17T16:53:49+00:00","dateModified":"2025-02-18T17:21:37+00:00","author":{"@id":"https:\/\/www.atelierdocaractere.pt\/brevemente\/#\/schema\/person\/f2f096eb0f27d9894725af22cb97c0db"},"breadcrumb":{"@id":"https:\/\/www.atelierdocaractere.pt\/brevemente\/projeto-bora-mobilizou-mais-de-250-alunos-de-viseu-dao-lafoes-para-uma-vida-mais-saudavel\/#breadcrumb"},"inLanguage":"pt-PT","potentialAction":[{"@type":"ReadAction","target":["https:\/\/www.atelierdocaractere.pt\/brevemente\/projeto-bora-mobilizou-mais-de-250-alunos-de-viseu-dao-lafoes-para-uma-vida-mais-saudavel\/"]}]},{"@type":"BreadcrumbList","@id":"https:\/\/www.atelierdocaractere.pt\/brevemente\/projeto-bora-mobilizou-mais-de-250-alunos-de-viseu-dao-lafoes-para-uma-vida-mais-saudavel\/#breadcrumb","itemListElement":[{"@type":"ListItem","position":1,"name":"In\u00edcio","item":"https:\/\/www.atelierdocaractere.pt\/brevemente\/"},{"@type":"ListItem","position":2,"name":"Projeto BORA! mobilizou mais de 250 alunos de Viseu D\u00e3o Laf\u00f5es para uma vida mais saud\u00e1vel"}]},{"@type":"WebSite","@id":"https:\/\/www.atelierdocaractere.pt\/brevemente\/#website","url":"https:\/\/www.atelierdocaractere.pt\/brevemente\/","name":"Atelier do Caractere","description":"","potentialAction":[{"@type":"SearchAction","target":{"@type":"EntryPoint","urlTemplate":"https:\/\/www.atelierdocaractere.pt\/brevemente\/?s={search_term_string}"},"query-input":"required name=search_term_string"}],"inLanguage":"pt-PT"},{"@type":"Person","@id":"https:\/\/www.atelierdocaractere.pt\/brevemente\/#\/schema\/person\/f2f096eb0f27d9894725af22cb97c0db","name":"Joana Barbosa","image":{"@type":"ImageObject","inLanguage":"pt-PT","@id":"https:\/\/www.atelierdocaractere.pt\/brevemente\/#\/schema\/person\/image\/","url":"https:\/\/secure.gravatar.com\/avatar\/33e8214b45e9d68a3a83008731075979?s=96&d=mm&r=g","contentUrl":"https:\/\/secure.gravatar.com\/avatar\/33e8214b45e9d68a3a83008731075979?s=96&d=mm&r=g","caption":"Joana Barbosa"},"url":"https:\/\/www.atelierdocaractere.pt\/brevemente\/author\/joanabarbosa\/"}]}},"_links":{"self":[{"href":"https:\/\/www.atelierdocaractere.pt\/brevemente\/wp-json\/wp\/v2\/posts\/13558"}],"collection":[{"href":"https:\/\/www.atelierdocaractere.pt\/brevemente\/wp-json\/wp\/v2\/posts"}],"about":[{"href":"https:\/\/www.atelierdocaractere.pt\/brevemente\/wp-json\/wp\/v2\/types\/post"}],"author":[{"embeddable":true,"href":"https:\/\/www.atelierdocaractere.pt\/brevemente\/wp-json\/wp\/v2\/users\/7"}],"replies":[{"embeddable":true,"href":"https:\/\/www.atelierdocaractere.pt\/brevemente\/wp-json\/wp\/v2\/comments?post=13558"}],"version-history":[{"count":1,"href":"https:\/\/www.atelierdocaractere.pt\/brevemente\/wp-json\/wp\/v2\/posts\/13558\/revisions"}],"predecessor-version":[{"id":13560,"href":"https:\/\/www.atelierdocaractere.pt\/brevemente\/wp-json\/wp\/v2\/posts\/13558\/revisions\/13560"}],"wp:featuredmedia":[{"embeddable":true,"href":"https:\/\/www.atelierdocaractere.pt\/brevemente\/wp-json\/wp\/v2\/media\/13559"}],"wp:attachment":[{"href":"https:\/\/www.atelierdocaractere.pt\/brevemente\/wp-json\/wp\/v2\/media?parent=13558"}],"wp:term":[{"taxonomy":"category","embeddable":true,"href":"https:\/\/www.atelierdocaractere.pt\/brevemente\/wp-json\/wp\/v2\/categories?post=13558"},{"taxonomy":"post_tag","embeddable":true,"href":"https:\/\/www.atelierdocaractere.pt\/brevemente\/wp-json\/wp\/v2\/tags?post=13558"}],"curies":[{"name":"wp","href":"https:\/\/api.w.org\/{rel}","templated":true}]}}