{"id":13561,"date":"2025-02-18T17:27:53","date_gmt":"2025-02-18T17:27:53","guid":{"rendered":"https:\/\/www.atelierdocaractere.pt\/brevemente\/?p=13561"},"modified":"2025-02-18T17:27:59","modified_gmt":"2025-02-18T17:27:59","slug":"campeonato-europeu-de-triatlo-multisport-em-coimbra-nomeado-para-melhor-prova-do-ano","status":"publish","type":"post","link":"https:\/\/www.atelierdocaractere.pt\/brevemente\/campeonato-europeu-de-triatlo-multisport-em-coimbra-nomeado-para-melhor-prova-do-ano\/","title":{"rendered":"Campeonato Europeu de Triatlo Multisport em Coimbra nomeado para melhor prova do ano"},"content":{"rendered":"\n<p><strong>O maior evento de triatlo j\u00e1 realizado em Portugal \u00e9 um dos tr\u00eas finalistas na categoria \u201cMelhor Prova de Triatlo da Europa\u201d. O vencedor ser\u00e1 conhecido em Istambul, a 21 de mar\u00e7o.<\/strong><\/p>\n\n\n\n<figure class=\"wp-block-image size-large\"><img decoding=\"async\" width=\"1024\" height=\"683\" src=\"https:\/\/www.atelierdocaractere.pt\/wp-content\/uploads\/2025\/02\/2-jf6-1043-1024x683.jpg\" alt=\"\" class=\"wp-image-13563\" srcset=\"https:\/\/www.atelierdocaractere.pt\/wp-content\/uploads\/2025\/02\/2-jf6-1043-1024x683.jpg 1024w, https:\/\/www.atelierdocaractere.pt\/wp-content\/uploads\/2025\/02\/2-jf6-1043-300x200.jpg 300w, https:\/\/www.atelierdocaractere.pt\/wp-content\/uploads\/2025\/02\/2-jf6-1043-768x512.jpg 768w, https:\/\/www.atelierdocaractere.pt\/wp-content\/uploads\/2025\/02\/2-jf6-1043-1536x1024.jpg 1536w, https:\/\/www.atelierdocaractere.pt\/wp-content\/uploads\/2025\/02\/2-jf6-1043-2048x1365.jpg 2048w, https:\/\/www.atelierdocaractere.pt\/wp-content\/uploads\/2025\/02\/2-jf6-1043-900x600.jpg 900w, https:\/\/www.atelierdocaractere.pt\/wp-content\/uploads\/2025\/02\/2-jf6-1043-675x450.jpg 675w\" sizes=\"(max-width: 1024px) 100vw, 1024px\" \/><\/figure>\n\n\n\n<p>O&nbsp;<strong>Campeonato Europeu de Triatlo Multisport<\/strong>, que transformou Coimbra na capital europeia da modalidade, em junho de 2024, est\u00e1 entre os tr\u00eas finalistas para a distin\u00e7\u00e3o de Melhor Prova de Triatlo da Europa do Ano. O vencedor ser\u00e1 anunciado no Jantar de Gala da Uni\u00e3o Europeia de Triatlo, em Istambul, no dia 21 de mar\u00e7o.<\/p>\n\n\n\n<p>Durante dez dias, de 14 a 23 de junho de 2024, Coimbra recebeu a nata do triatlo internacional, com a realiza\u00e7\u00e3o de seis Campeonatos da Europa das diversas variantes da modalidade. O evento, englobado no Festival Europeu de Triatlo Multisport, reuniu o impressionante n\u00famero de 4.600 atletas, oriundos de 40 pa\u00edses, que participaram em 19 competi\u00e7\u00f5es. Foi a primeira vez que Portugal acolheu um evento internacional desta dimens\u00e3o, numa organiza\u00e7\u00e3o da Multisport Portugal, em parceria com a C\u00e2mara Municipal de Coimbra e a ETU \u2013 Europe Triathlon Union (Uni\u00e3o Europeia de Triatlo).<\/p>\n\n\n\n<p>Com epicentro no Parque Verde do Mondego, de 14 a 23 de junho, o Campeonato Europeu apresentou todas as vertentes da modalidade &#8211; triatlo, duatlo, aquatlo e aquabike &#8211; nas dist\u00e2ncias sprint, standard e cross. Os percursos, criteriosamente desenhados, inclu\u00edram locais emblem\u00e1ticos, nomeadamente a Universidade, a Alta e a Baixa de Coimbra, fator decisivo na escolha da cidade pela ETU.<\/p>\n\n\n\n<p>Pela dimens\u00e3o e impacto gerado, o Festival teve um efeito muito positivo em Coimbra, cidade por onde passaram mais de 20 mil pessoas, entre atletas, equipas t\u00e9cnicas, volunt\u00e1rios, familiares e acompanhantes, refor\u00e7ando o sucesso de um evento que colocou Portugal no mapa do triatlo internacional.<\/p>\n\n\n\n<p>Para&nbsp;<strong>Ricardo Lacerda<\/strong>, diretor do evento e respons\u00e1vel da&nbsp;<strong>Multisport Portugal<\/strong>, esta nomea\u00e7\u00e3o \u00e9 motivo de grande orgulho:&nbsp;<em>\u201c\u00c9 com enorme satisfa\u00e7\u00e3o que somos um dos tr\u00eas finalistas nomeados para o pr\u00e9mio Melhor Prova de Triatlo da Europa do Ano. Agradecemos o trabalho excecional de todos os atletas, volunt\u00e1rios e entidades envolvidas na organiza\u00e7\u00e3o da prova. S\u00e3o momentos assim que nos motivam a continuar!<\/em>\u201d<\/p>\n\n\n\n<p><em>\u201cO Campeonato da Europa de Triatlo Multisport foi uma revolu\u00e7\u00e3o para a cidade, com ruas, restaurantes e hot\u00e9is cheios. A maioria dos participantes permaneceu quatro ou cinco dias na cidade, gerando um efeito muito positivo no com\u00e9rcio local. Desportivamente, foi tamb\u00e9m um enorme sucesso, com feedback muito positivo de todos os atletas, estrangeiros e nacionais, que elogiaram a organiza\u00e7\u00e3o, os percursos, a race village, os abastecimentos e a aten\u00e7\u00e3o constante que receberam<\/em>\u201d, sublinha Ricardo Lacerda.<\/p>\n\n\n\n<p>A Uni\u00e3o Europeia de Triatlo j\u00e1 tinha destacado a excel\u00eancia da organiza\u00e7\u00e3o do evento. Ainda em junho,&nbsp;<strong>Renato Bertrandi<\/strong>, presidente da ETU, afirmou que&nbsp;<em>\u201ca edi\u00e7\u00e3o de 2024, em Coimbra, foi uma das melhores que alguma vez tivemos do Campeonato Europeu de Triatlo Multisport. Cada parte envolvida fez um trabalho fant\u00e1stico. Todos os percursos foram magn\u00edficos, mas o percurso de bicicleta pelo centro hist\u00f3rico de Coimbra, Patrim\u00f3nio Mundial da UNESCO, foi particularmente deslumbrante\u201d.<\/em><\/p>\n","protected":false},"excerpt":{"rendered":"<p>O maior evento de triatlo j\u00e1 realizado em Portugal \u00e9 um dos tr\u00eas finalistas na categoria \u201cMelhor Prova de Triatlo&#8230;<\/p>\n","protected":false},"author":7,"featured_media":13563,"comment_status":"closed","ping_status":"open","sticky":false,"template":"","format":"standard","meta":[],"categories":[26],"tags":[892,737,893,267],"yoast_head":"<!-- This site is optimized with the Yoast SEO plugin v20.12 - https:\/\/yoast.com\/wordpress\/plugins\/seo\/ -->\n<title>Campeonato Europeu de Triatlo Multisport em Coimbra nomeado para melhor prova do ano - Atelier do Caractere<\/title>\n<meta name=\"robots\" content=\"index, follow, max-snippet:-1, max-image-preview:large, max-video-preview:-1\" \/>\n<link rel=\"canonical\" href=\"https:\/\/www.atelierdocaractere.pt\/brevemente\/campeonato-europeu-de-triatlo-multisport-em-coimbra-nomeado-para-melhor-prova-do-ano\/\" \/>\n<meta property=\"og:locale\" content=\"pt_PT\" \/>\n<meta property=\"og:type\" content=\"article\" \/>\n<meta property=\"og:title\" content=\"Campeonato Europeu de Triatlo Multisport em Coimbra nomeado para melhor prova do ano - Atelier do Caractere\" \/>\n<meta property=\"og:description\" content=\"O maior evento de triatlo j\u00e1 realizado em Portugal \u00e9 um dos tr\u00eas finalistas na categoria \u201cMelhor Prova de Triatlo...\" \/>\n<meta property=\"og:url\" content=\"https:\/\/www.atelierdocaractere.pt\/brevemente\/campeonato-europeu-de-triatlo-multisport-em-coimbra-nomeado-para-melhor-prova-do-ano\/\" \/>\n<meta property=\"og:site_name\" content=\"Atelier do Caractere\" \/>\n<meta property=\"article:publisher\" content=\"https:\/\/www.facebook.com\/AtelierdoCaractere\" \/>\n<meta property=\"article:published_time\" content=\"2025-02-18T17:27:53+00:00\" \/>\n<meta property=\"article:modified_time\" content=\"2025-02-18T17:27:59+00:00\" \/>\n<meta property=\"og:image\" content=\"https:\/\/www.atelierdocaractere.pt\/wp-content\/uploads\/2025\/02\/2-jf6-1043.jpg\" \/>\n\t<meta property=\"og:image:width\" content=\"3000\" \/>\n\t<meta property=\"og:image:height\" content=\"2000\" \/>\n\t<meta property=\"og:image:type\" content=\"image\/jpeg\" \/>\n<meta name=\"author\" content=\"Joana Barbosa\" \/>\n<meta name=\"twitter:card\" content=\"summary_large_image\" \/>\n<meta name=\"twitter:label1\" content=\"Escrito por\" \/>\n\t<meta name=\"twitter:data1\" content=\"Joana Barbosa\" \/>\n\t<meta name=\"twitter:label2\" content=\"Tempo estimado de leitura\" \/>\n\t<meta name=\"twitter:data2\" content=\"3 minutos\" \/>\n<script type=\"application\/ld+json\" class=\"yoast-schema-graph\">{\"@context\":\"https:\/\/schema.org\",\"@graph\":[{\"@type\":\"WebPage\",\"@id\":\"https:\/\/www.atelierdocaractere.pt\/brevemente\/campeonato-europeu-de-triatlo-multisport-em-coimbra-nomeado-para-melhor-prova-do-ano\/\",\"url\":\"https:\/\/www.atelierdocaractere.pt\/brevemente\/campeonato-europeu-de-triatlo-multisport-em-coimbra-nomeado-para-melhor-prova-do-ano\/\",\"name\":\"Campeonato Europeu de Triatlo Multisport em Coimbra nomeado para melhor prova do ano - Atelier do Caractere\",\"isPartOf\":{\"@id\":\"https:\/\/www.atelierdocaractere.pt\/brevemente\/#website\"},\"datePublished\":\"2025-02-18T17:27:53+00:00\",\"dateModified\":\"2025-02-18T17:27:59+00:00\",\"author\":{\"@id\":\"https:\/\/www.atelierdocaractere.pt\/brevemente\/#\/schema\/person\/f2f096eb0f27d9894725af22cb97c0db\"},\"breadcrumb\":{\"@id\":\"https:\/\/www.atelierdocaractere.pt\/brevemente\/campeonato-europeu-de-triatlo-multisport-em-coimbra-nomeado-para-melhor-prova-do-ano\/#breadcrumb\"},\"inLanguage\":\"pt-PT\",\"potentialAction\":[{\"@type\":\"ReadAction\",\"target\":[\"https:\/\/www.atelierdocaractere.pt\/brevemente\/campeonato-europeu-de-triatlo-multisport-em-coimbra-nomeado-para-melhor-prova-do-ano\/\"]}]},{\"@type\":\"BreadcrumbList\",\"@id\":\"https:\/\/www.atelierdocaractere.pt\/brevemente\/campeonato-europeu-de-triatlo-multisport-em-coimbra-nomeado-para-melhor-prova-do-ano\/#breadcrumb\",\"itemListElement\":[{\"@type\":\"ListItem\",\"position\":1,\"name\":\"In\u00edcio\",\"item\":\"https:\/\/www.atelierdocaractere.pt\/brevemente\/\"},{\"@type\":\"ListItem\",\"position\":2,\"name\":\"Campeonato Europeu de Triatlo Multisport em Coimbra nomeado para melhor prova do ano\"}]},{\"@type\":\"WebSite\",\"@id\":\"https:\/\/www.atelierdocaractere.pt\/brevemente\/#website\",\"url\":\"https:\/\/www.atelierdocaractere.pt\/brevemente\/\",\"name\":\"Atelier do Caractere\",\"description\":\"\",\"potentialAction\":[{\"@type\":\"SearchAction\",\"target\":{\"@type\":\"EntryPoint\",\"urlTemplate\":\"https:\/\/www.atelierdocaractere.pt\/brevemente\/?s={search_term_string}\"},\"query-input\":\"required name=search_term_string\"}],\"inLanguage\":\"pt-PT\"},{\"@type\":\"Person\",\"@id\":\"https:\/\/www.atelierdocaractere.pt\/brevemente\/#\/schema\/person\/f2f096eb0f27d9894725af22cb97c0db\",\"name\":\"Joana Barbosa\",\"image\":{\"@type\":\"ImageObject\",\"inLanguage\":\"pt-PT\",\"@id\":\"https:\/\/www.atelierdocaractere.pt\/brevemente\/#\/schema\/person\/image\/\",\"url\":\"https:\/\/secure.gravatar.com\/avatar\/33e8214b45e9d68a3a83008731075979?s=96&d=mm&r=g\",\"contentUrl\":\"https:\/\/secure.gravatar.com\/avatar\/33e8214b45e9d68a3a83008731075979?s=96&d=mm&r=g\",\"caption\":\"Joana Barbosa\"},\"url\":\"https:\/\/www.atelierdocaractere.pt\/brevemente\/author\/joanabarbosa\/\"}]}<\/script>\n<!-- \/ Yoast SEO plugin. -->","yoast_head_json":{"title":"Campeonato Europeu de Triatlo Multisport em Coimbra nomeado para melhor prova do ano - Atelier do Caractere","robots":{"index":"index","follow":"follow","max-snippet":"max-snippet:-1","max-image-preview":"max-image-preview:large","max-video-preview":"max-video-preview:-1"},"canonical":"https:\/\/www.atelierdocaractere.pt\/brevemente\/campeonato-europeu-de-triatlo-multisport-em-coimbra-nomeado-para-melhor-prova-do-ano\/","og_locale":"pt_PT","og_type":"article","og_title":"Campeonato Europeu de Triatlo Multisport em Coimbra nomeado para melhor prova do ano - Atelier do Caractere","og_description":"O maior evento de triatlo j\u00e1 realizado em Portugal \u00e9 um dos tr\u00eas finalistas na categoria \u201cMelhor Prova de Triatlo...","og_url":"https:\/\/www.atelierdocaractere.pt\/brevemente\/campeonato-europeu-de-triatlo-multisport-em-coimbra-nomeado-para-melhor-prova-do-ano\/","og_site_name":"Atelier do Caractere","article_publisher":"https:\/\/www.facebook.com\/AtelierdoCaractere","article_published_time":"2025-02-18T17:27:53+00:00","article_modified_time":"2025-02-18T17:27:59+00:00","og_image":[{"width":3000,"height":2000,"url":"https:\/\/www.atelierdocaractere.pt\/wp-content\/uploads\/2025\/02\/2-jf6-1043.jpg","type":"image\/jpeg"}],"author":"Joana Barbosa","twitter_card":"summary_large_image","twitter_misc":{"Escrito por":"Joana Barbosa","Tempo estimado de leitura":"3 minutos"},"schema":{"@context":"https:\/\/schema.org","@graph":[{"@type":"WebPage","@id":"https:\/\/www.atelierdocaractere.pt\/brevemente\/campeonato-europeu-de-triatlo-multisport-em-coimbra-nomeado-para-melhor-prova-do-ano\/","url":"https:\/\/www.atelierdocaractere.pt\/brevemente\/campeonato-europeu-de-triatlo-multisport-em-coimbra-nomeado-para-melhor-prova-do-ano\/","name":"Campeonato Europeu de Triatlo Multisport em Coimbra nomeado para melhor prova do ano - Atelier do Caractere","isPartOf":{"@id":"https:\/\/www.atelierdocaractere.pt\/brevemente\/#website"},"datePublished":"2025-02-18T17:27:53+00:00","dateModified":"2025-02-18T17:27:59+00:00","author":{"@id":"https:\/\/www.atelierdocaractere.pt\/brevemente\/#\/schema\/person\/f2f096eb0f27d9894725af22cb97c0db"},"breadcrumb":{"@id":"https:\/\/www.atelierdocaractere.pt\/brevemente\/campeonato-europeu-de-triatlo-multisport-em-coimbra-nomeado-para-melhor-prova-do-ano\/#breadcrumb"},"inLanguage":"pt-PT","potentialAction":[{"@type":"ReadAction","target":["https:\/\/www.atelierdocaractere.pt\/brevemente\/campeonato-europeu-de-triatlo-multisport-em-coimbra-nomeado-para-melhor-prova-do-ano\/"]}]},{"@type":"BreadcrumbList","@id":"https:\/\/www.atelierdocaractere.pt\/brevemente\/campeonato-europeu-de-triatlo-multisport-em-coimbra-nomeado-para-melhor-prova-do-ano\/#breadcrumb","itemListElement":[{"@type":"ListItem","position":1,"name":"In\u00edcio","item":"https:\/\/www.atelierdocaractere.pt\/brevemente\/"},{"@type":"ListItem","position":2,"name":"Campeonato Europeu de Triatlo Multisport em Coimbra nomeado para melhor prova do ano"}]},{"@type":"WebSite","@id":"https:\/\/www.atelierdocaractere.pt\/brevemente\/#website","url":"https:\/\/www.atelierdocaractere.pt\/brevemente\/","name":"Atelier do Caractere","description":"","potentialAction":[{"@type":"SearchAction","target":{"@type":"EntryPoint","urlTemplate":"https:\/\/www.atelierdocaractere.pt\/brevemente\/?s={search_term_string}"},"query-input":"required name=search_term_string"}],"inLanguage":"pt-PT"},{"@type":"Person","@id":"https:\/\/www.atelierdocaractere.pt\/brevemente\/#\/schema\/person\/f2f096eb0f27d9894725af22cb97c0db","name":"Joana Barbosa","image":{"@type":"ImageObject","inLanguage":"pt-PT","@id":"https:\/\/www.atelierdocaractere.pt\/brevemente\/#\/schema\/person\/image\/","url":"https:\/\/secure.gravatar.com\/avatar\/33e8214b45e9d68a3a83008731075979?s=96&d=mm&r=g","contentUrl":"https:\/\/secure.gravatar.com\/avatar\/33e8214b45e9d68a3a83008731075979?s=96&d=mm&r=g","caption":"Joana Barbosa"},"url":"https:\/\/www.atelierdocaractere.pt\/brevemente\/author\/joanabarbosa\/"}]}},"_links":{"self":[{"href":"https:\/\/www.atelierdocaractere.pt\/brevemente\/wp-json\/wp\/v2\/posts\/13561"}],"collection":[{"href":"https:\/\/www.atelierdocaractere.pt\/brevemente\/wp-json\/wp\/v2\/posts"}],"about":[{"href":"https:\/\/www.atelierdocaractere.pt\/brevemente\/wp-json\/wp\/v2\/types\/post"}],"author":[{"embeddable":true,"href":"https:\/\/www.atelierdocaractere.pt\/brevemente\/wp-json\/wp\/v2\/users\/7"}],"replies":[{"embeddable":true,"href":"https:\/\/www.atelierdocaractere.pt\/brevemente\/wp-json\/wp\/v2\/comments?post=13561"}],"version-history":[{"count":1,"href":"https:\/\/www.atelierdocaractere.pt\/brevemente\/wp-json\/wp\/v2\/posts\/13561\/revisions"}],"predecessor-version":[{"id":13564,"href":"https:\/\/www.atelierdocaractere.pt\/brevemente\/wp-json\/wp\/v2\/posts\/13561\/revisions\/13564"}],"wp:featuredmedia":[{"embeddable":true,"href":"https:\/\/www.atelierdocaractere.pt\/brevemente\/wp-json\/wp\/v2\/media\/13563"}],"wp:attachment":[{"href":"https:\/\/www.atelierdocaractere.pt\/brevemente\/wp-json\/wp\/v2\/media?parent=13561"}],"wp:term":[{"taxonomy":"category","embeddable":true,"href":"https:\/\/www.atelierdocaractere.pt\/brevemente\/wp-json\/wp\/v2\/categories?post=13561"},{"taxonomy":"post_tag","embeddable":true,"href":"https:\/\/www.atelierdocaractere.pt\/brevemente\/wp-json\/wp\/v2\/tags?post=13561"}],"curies":[{"name":"wp","href":"https:\/\/api.w.org\/{rel}","templated":true}]}}