{"id":13567,"date":"2025-02-25T15:00:00","date_gmt":"2025-02-25T15:00:00","guid":{"rendered":"https:\/\/www.atelierdocaractere.pt\/brevemente\/?p=13567"},"modified":"2025-02-26T14:59:23","modified_gmt":"2025-02-26T14:59:23","slug":"bolsa-de-empregabilidade-do-centro-juntou-talento-e-oportunidades-na-area-do-turismo","status":"publish","type":"post","link":"https:\/\/www.atelierdocaractere.pt\/brevemente\/bolsa-de-empregabilidade-do-centro-juntou-talento-e-oportunidades-na-area-do-turismo\/","title":{"rendered":"Bolsa de Empregabilidade do Centro juntou talento e oportunidades na \u00e1rea do turismo"},"content":{"rendered":"\n<p><strong>Terceira edi\u00e7\u00e3o da iniciativa em Coimbra foi um sucesso, juntando 42 empresas que procuram trabalhadores no Turismo e mais de 1000 candidatos a empregos no setor.<\/strong><\/p>\n\n\n\n<figure class=\"wp-block-image size-large\"><img decoding=\"async\" width=\"1024\" height=\"683\" src=\"https:\/\/www.atelierdocaractere.pt\/wp-content\/uploads\/2025\/02\/feira-1024x683.jpeg\" alt=\"\" class=\"wp-image-13568\" srcset=\"https:\/\/www.atelierdocaractere.pt\/wp-content\/uploads\/2025\/02\/feira-1024x683.jpeg 1024w, https:\/\/www.atelierdocaractere.pt\/wp-content\/uploads\/2025\/02\/feira-300x200.jpeg 300w, https:\/\/www.atelierdocaractere.pt\/wp-content\/uploads\/2025\/02\/feira-768x512.jpeg 768w, https:\/\/www.atelierdocaractere.pt\/wp-content\/uploads\/2025\/02\/feira-900x600.jpeg 900w, https:\/\/www.atelierdocaractere.pt\/wp-content\/uploads\/2025\/02\/feira-675x450.jpeg 675w, https:\/\/www.atelierdocaractere.pt\/wp-content\/uploads\/2025\/02\/feira.jpeg 1280w\" sizes=\"(max-width: 1024px) 100vw, 1024px\" \/><\/figure>\n\n\n\n<p>A terceira edi\u00e7\u00e3o da&nbsp;<strong>Bolsa de Empregabilidade do Centro<\/strong>, que decorreu hoje no Convento S\u00e3o Francisco, em Coimbra, constituiu um enorme sucesso para todos os participantes, permitindo o contacto direto&nbsp;entre as empresas empregadoras na \u00e1rea do turismo e os muitos candidatos que desejam trabalhar no setor.<\/p>\n\n\n\n<p>Durante todo o dia, mais de mil candidatos inscritos \u2013 mais concretamente 1100 \u2013 tiveram oportunidade de conhecer as ofertas de 42 empresas dispon\u00edveis para contratar. Os participantes inclu\u00edram estudantes de institui\u00e7\u00f5es de ensino superior e profissional nas \u00e1reas do turismo, desempregados referenciados pelo IEFP &#8211; Instituto de Emprego e Forma\u00e7\u00e3o Profissional, e profissionais de outros setores interessados em novas oportunidades.<\/p>\n\n\n\n<p>A terceira edi\u00e7\u00e3o da Bolsa aconteceu na sequ\u00eancia do sucesso das edi\u00e7\u00f5es anteriores e resultou de uma organiza\u00e7\u00e3o conjunta\u00a0do\u00a0<strong>F\u00f3rum Turismo\u00a0<\/strong>e da <strong>Turismo Centro de Portugal<\/strong>, com o apoio da\u00a0<strong>C\u00e2mara Municipal de Coimbra<\/strong>, do\u00a0<strong>Turismo de Portugal\u00a0<\/strong>e da empresa\u00a0<strong>Merytu<\/strong>.<\/p>\n\n\n\n<p><strong>Sess\u00e3o de abertura reuniu protagonistas do setor<\/strong><\/p>\n\n\n\n<p>A Sess\u00e3o de Abertura contou com a presen\u00e7a de&nbsp;<strong>Anabela Freitas<\/strong>, vice-presidente da Turismo Centro de Portugal,&nbsp;<strong>Jos\u00e9 Manuel Silva<\/strong>, presidente da C\u00e2mara Municipal de Coimbra,&nbsp;<strong>Catarina Paiva<\/strong>, vogal da Turismo de Portugal, e&nbsp;<strong>Ant\u00f3nio Costa<\/strong>, delegado regional do Centro do IEFP, al\u00e9m de&nbsp;<strong>Ant\u00f3nio Marto<\/strong>, do F\u00f3rum Turismo, respons\u00e1vel pela organiza\u00e7\u00e3o deste encontro.<\/p>\n\n\n\n<p>Na sua interven\u00e7\u00e3o,\u00a0<strong>Ant\u00f3nio Marto<\/strong> agradeceu a presen\u00e7a de todos e destacou o crescimento do evento:\u00a0<em>&#8220;Quando criei a Bolsa de Empregabilidade, h\u00e1 9 anos, nunca pensei que atingisse a express\u00e3o e at\u00e9 a internacionaliza\u00e7\u00e3o que hoje alcan\u00e7ou\u201d<\/em>. O organizador sublinhou ainda a import\u00e2ncia dos profissionais: \u201c<em>O turismo n\u00e3o depende apenas dos empres\u00e1rios, das unidades hoteleiras ou dos ativos tur\u00edsticos. Depende, sobretudo, dos profissionais \u2013 do seu valor, qualidade de servi\u00e7o, simpatia e empatia. \u00c9 por eles que este evento existe<\/em>&#8220;.<\/p>\n\n\n\n<p><strong>Anabela Freitas<\/strong>&nbsp;apresentou n\u00fameros que demonstram a import\u00e2ncia do setor para a regi\u00e3o e elogiou a realiza\u00e7\u00e3o do evento:&nbsp;<em>&#8220;O Centro de Portugal registou em 2024 perto de 8,4 milh\u00f5es de dormidas e cerca de 50 milh\u00f5es de euros de proveitos, o que demonstra a for\u00e7a deste setor econ\u00f3mico na regi\u00e3o. Mas n\u00e3o h\u00e1 turismo sem empresas e n\u00e3o h\u00e1 turismo sem recursos humanos qualificados, por isso este evento \u00e9 fundamental&#8221;<\/em>. Sobre o fator diferenciador de Portugal como destino, afirmou:&nbsp;<em>&#8220;Acima de todos os produtos-\u00e2ncora, de todos os produtos tur\u00edsticos que o nosso pa\u00eds pode oferecer, temos algo que nos distingue dos outros destinos tur\u00edsticos e que \u00e9 muito nosso: sabemos receber bem. Mas a este saber receber bem, temos de aliar a qualifica\u00e7\u00e3o da experi\u00eancia, que s\u00f3 se consegue com a qualifica\u00e7\u00e3o dos recursos humanos. Porque h\u00e1 algo que n\u00e3o podemos esquecer: o&nbsp;turismo \u00e9 uma atividade de pessoas para pessoas<\/em>\u201d.<\/p>\n\n\n\n<p><strong>Jos\u00e9 Manuel Silva<\/strong>, por sua vez, real\u00e7ou a import\u00e2ncia do setor para a economia local e nacional:&nbsp;<em>&#8220;O turismo tem sido um pilar do crescimento econ\u00f3mico em Portugal. Em Coimbra, queremos consolidar-nos como uma refer\u00eancia nesta \u00e1rea. Somos uma cidade de talentos, e esse capital humano \u00e9 a nossa maior riqueza&#8221;.<\/em><\/p>\n\n\n\n<p><strong>Ant\u00f3nio Costa<\/strong>&nbsp;abordou os desafios do mercado de trabalho no turismo, sublinhando a import\u00e2ncia das compet\u00eancias:&nbsp;<em>&#8220;O setor do turismo \u00e9 um dos setores que melhor resume a constela\u00e7\u00e3o de compet\u00eancias, como o conhecimento de l\u00ednguas e as atitudes pessoais, que s\u00e3o necess\u00e1rias para enfrentar hoje o mundo do trabalho&#8221;.<\/em>&nbsp;O respons\u00e1vel do IEFP salientou ainda a import\u00e2ncia de eventos como este:&nbsp;<em>&#8220;Eventos como os de hoje, que promovem o contacto com o mundo do trabalho, com profissionais, que medeiam entre a escola e o mundo do trabalho, s\u00e3o fundamentais&#8221;.<\/em><\/p>\n\n\n\n<p><strong>Catarina Paiva<\/strong>&nbsp;transmitiu uma mensagem de otimismo aos jovens presentes: &nbsp;<em>&#8220;Quero deixar uma palavra de confian\u00e7a e otimismo para os jovens que aqui est\u00e3o hoje e que est\u00e3o a apostar as suas carreiras no setor do turismo, um setor em que \u00e9 poss\u00edvel fazer uma carreira com muito futuro. Da parte do Turismo de Portugal, lembro que, nas 60 medidas publicadas para acelerar a economia, o eixo do talento \u00e9 absolutamente estrat\u00e9gico&#8221;.<\/em><\/p>\n\n\n\n<p><strong>Bolsa de Empregabilidade: ponte entre talento e oportunidade<\/strong><\/p>\n\n\n\n<p>A Bolsa de Empregabilidade \u00e9 organizada pelo F\u00f3rum Turismo,&nbsp;<em>hub<\/em>&nbsp;de contrata\u00e7\u00e3o em Turismo. Esta edi\u00e7\u00e3o em Coimbra reuniu 42 empresas de hotelaria, restaura\u00e7\u00e3o, recursos humanos e anima\u00e7\u00e3o tur\u00edstica, refor\u00e7ando o seu papel enquanto plataforma que junta os talentos e os empregadores.<\/p>\n\n\n\n<p>Al\u00e9m das oportunidades de recrutamento, o evento incluiu momentos formativos e de\u00a0<em>networking<\/em>, como uma mesa-redonda promovida pela AHRESP, uma Oficina de Gastronomia Hist\u00f3rica, da Escola de Hotelaria de Coimbra, e uma\u00a0<em>Mentor Hour<\/em>\u00a0sobre prepara\u00e7\u00e3o para entrevistas, dinamizada por Maria Silva, da SkillUp.<\/p>\n\n\n\n<p><strong>Sobre a Turismo Centro de Portugal:<\/strong><\/p>\n\n\n\n<p>A Turismo Centro de Portugal \u00e9 a entidade que estrutura e promove o turismo na Regi\u00e3o Centro do pa\u00eds. Esta \u00e9 a maior e mais diversificada \u00e1rea tur\u00edstica nacional, abrangendo 100 munic\u00edpios, e tem registado um intenso crescimento da procura interna e externa. \u00c9 a regi\u00e3o a escolher para quem pretende experi\u00eancias diversificadas, pois concilia locais Patrim\u00f3nio da Humanidade com a melhor costa de surf da Europa, termas e spas id\u00edlicos, locais de culto de import\u00e2ncia mundial e as mais belas aldeias.<\/p>\n","protected":false},"excerpt":{"rendered":"<p>Terceira edi\u00e7\u00e3o da iniciativa em Coimbra foi um sucesso, juntando 42 empresas que procuram trabalhadores no Turismo e mais de&#8230;<\/p>\n","protected":false},"author":8,"featured_media":13568,"comment_status":"closed","ping_status":"open","sticky":false,"template":"","format":"standard","meta":[],"categories":[39],"tags":[897,765,737,894,349,346],"yoast_head":"<!-- This site is optimized with the Yoast SEO plugin v20.12 - https:\/\/yoast.com\/wordpress\/plugins\/seo\/ -->\n<title>Bolsa de Empregabilidade do Centro juntou talento e oportunidades na \u00e1rea do turismo - Atelier do Caractere<\/title>\n<meta name=\"robots\" content=\"index, follow, max-snippet:-1, max-image-preview:large, max-video-preview:-1\" \/>\n<link rel=\"canonical\" href=\"https:\/\/www.atelierdocaractere.pt\/brevemente\/bolsa-de-empregabilidade-do-centro-juntou-talento-e-oportunidades-na-area-do-turismo\/\" \/>\n<meta property=\"og:locale\" content=\"pt_PT\" \/>\n<meta property=\"og:type\" content=\"article\" \/>\n<meta property=\"og:title\" content=\"Bolsa de Empregabilidade do Centro juntou talento e oportunidades na \u00e1rea do turismo - Atelier do Caractere\" \/>\n<meta property=\"og:description\" content=\"Terceira edi\u00e7\u00e3o da iniciativa em Coimbra foi um sucesso, juntando 42 empresas que procuram trabalhadores no Turismo e mais de...\" \/>\n<meta property=\"og:url\" content=\"https:\/\/www.atelierdocaractere.pt\/brevemente\/bolsa-de-empregabilidade-do-centro-juntou-talento-e-oportunidades-na-area-do-turismo\/\" \/>\n<meta property=\"og:site_name\" content=\"Atelier do Caractere\" \/>\n<meta property=\"article:publisher\" content=\"https:\/\/www.facebook.com\/AtelierdoCaractere\" \/>\n<meta property=\"article:published_time\" content=\"2025-02-25T15:00:00+00:00\" \/>\n<meta property=\"article:modified_time\" content=\"2025-02-26T14:59:23+00:00\" \/>\n<meta property=\"og:image\" content=\"https:\/\/www.atelierdocaractere.pt\/wp-content\/uploads\/2025\/02\/feira.jpeg\" \/>\n\t<meta property=\"og:image:width\" content=\"1280\" \/>\n\t<meta property=\"og:image:height\" content=\"854\" \/>\n\t<meta property=\"og:image:type\" content=\"image\/jpeg\" \/>\n<meta name=\"author\" content=\"Andr\u00e9 Lopes\" \/>\n<meta name=\"twitter:card\" content=\"summary_large_image\" \/>\n<meta name=\"twitter:label1\" content=\"Escrito por\" \/>\n\t<meta name=\"twitter:data1\" content=\"Andr\u00e9 Lopes\" \/>\n\t<meta name=\"twitter:label2\" content=\"Tempo estimado de leitura\" \/>\n\t<meta name=\"twitter:data2\" content=\"5 minutos\" \/>\n<script type=\"application\/ld+json\" class=\"yoast-schema-graph\">{\"@context\":\"https:\/\/schema.org\",\"@graph\":[{\"@type\":\"WebPage\",\"@id\":\"https:\/\/www.atelierdocaractere.pt\/brevemente\/bolsa-de-empregabilidade-do-centro-juntou-talento-e-oportunidades-na-area-do-turismo\/\",\"url\":\"https:\/\/www.atelierdocaractere.pt\/brevemente\/bolsa-de-empregabilidade-do-centro-juntou-talento-e-oportunidades-na-area-do-turismo\/\",\"name\":\"Bolsa de Empregabilidade do Centro juntou talento e oportunidades na \u00e1rea do turismo - Atelier do Caractere\",\"isPartOf\":{\"@id\":\"https:\/\/www.atelierdocaractere.pt\/brevemente\/#website\"},\"datePublished\":\"2025-02-25T15:00:00+00:00\",\"dateModified\":\"2025-02-26T14:59:23+00:00\",\"author\":{\"@id\":\"https:\/\/www.atelierdocaractere.pt\/brevemente\/#\/schema\/person\/434214d094c7f8243eba52cce01c3fbf\"},\"breadcrumb\":{\"@id\":\"https:\/\/www.atelierdocaractere.pt\/brevemente\/bolsa-de-empregabilidade-do-centro-juntou-talento-e-oportunidades-na-area-do-turismo\/#breadcrumb\"},\"inLanguage\":\"pt-PT\",\"potentialAction\":[{\"@type\":\"ReadAction\",\"target\":[\"https:\/\/www.atelierdocaractere.pt\/brevemente\/bolsa-de-empregabilidade-do-centro-juntou-talento-e-oportunidades-na-area-do-turismo\/\"]}]},{\"@type\":\"BreadcrumbList\",\"@id\":\"https:\/\/www.atelierdocaractere.pt\/brevemente\/bolsa-de-empregabilidade-do-centro-juntou-talento-e-oportunidades-na-area-do-turismo\/#breadcrumb\",\"itemListElement\":[{\"@type\":\"ListItem\",\"position\":1,\"name\":\"In\u00edcio\",\"item\":\"https:\/\/www.atelierdocaractere.pt\/brevemente\/\"},{\"@type\":\"ListItem\",\"position\":2,\"name\":\"Bolsa de Empregabilidade do Centro juntou talento e oportunidades na \u00e1rea do turismo\"}]},{\"@type\":\"WebSite\",\"@id\":\"https:\/\/www.atelierdocaractere.pt\/brevemente\/#website\",\"url\":\"https:\/\/www.atelierdocaractere.pt\/brevemente\/\",\"name\":\"Atelier do Caractere\",\"description\":\"\",\"potentialAction\":[{\"@type\":\"SearchAction\",\"target\":{\"@type\":\"EntryPoint\",\"urlTemplate\":\"https:\/\/www.atelierdocaractere.pt\/brevemente\/?s={search_term_string}\"},\"query-input\":\"required name=search_term_string\"}],\"inLanguage\":\"pt-PT\"},{\"@type\":\"Person\",\"@id\":\"https:\/\/www.atelierdocaractere.pt\/brevemente\/#\/schema\/person\/434214d094c7f8243eba52cce01c3fbf\",\"name\":\"Andr\u00e9 Lopes\",\"image\":{\"@type\":\"ImageObject\",\"inLanguage\":\"pt-PT\",\"@id\":\"https:\/\/www.atelierdocaractere.pt\/brevemente\/#\/schema\/person\/image\/\",\"url\":\"https:\/\/secure.gravatar.com\/avatar\/76af1c514620ffe1937f018fe03efb73?s=96&d=mm&r=g\",\"contentUrl\":\"https:\/\/secure.gravatar.com\/avatar\/76af1c514620ffe1937f018fe03efb73?s=96&d=mm&r=g\",\"caption\":\"Andr\u00e9 Lopes\"},\"url\":\"https:\/\/www.atelierdocaractere.pt\/brevemente\/author\/andre-lopes\/\"}]}<\/script>\n<!-- \/ Yoast SEO plugin. -->","yoast_head_json":{"title":"Bolsa de Empregabilidade do Centro juntou talento e oportunidades na \u00e1rea do turismo - Atelier do Caractere","robots":{"index":"index","follow":"follow","max-snippet":"max-snippet:-1","max-image-preview":"max-image-preview:large","max-video-preview":"max-video-preview:-1"},"canonical":"https:\/\/www.atelierdocaractere.pt\/brevemente\/bolsa-de-empregabilidade-do-centro-juntou-talento-e-oportunidades-na-area-do-turismo\/","og_locale":"pt_PT","og_type":"article","og_title":"Bolsa de Empregabilidade do Centro juntou talento e oportunidades na \u00e1rea do turismo - Atelier do Caractere","og_description":"Terceira edi\u00e7\u00e3o da iniciativa em Coimbra foi um sucesso, juntando 42 empresas que procuram trabalhadores no Turismo e mais de...","og_url":"https:\/\/www.atelierdocaractere.pt\/brevemente\/bolsa-de-empregabilidade-do-centro-juntou-talento-e-oportunidades-na-area-do-turismo\/","og_site_name":"Atelier do Caractere","article_publisher":"https:\/\/www.facebook.com\/AtelierdoCaractere","article_published_time":"2025-02-25T15:00:00+00:00","article_modified_time":"2025-02-26T14:59:23+00:00","og_image":[{"width":1280,"height":854,"url":"https:\/\/www.atelierdocaractere.pt\/wp-content\/uploads\/2025\/02\/feira.jpeg","type":"image\/jpeg"}],"author":"Andr\u00e9 Lopes","twitter_card":"summary_large_image","twitter_misc":{"Escrito por":"Andr\u00e9 Lopes","Tempo estimado de leitura":"5 minutos"},"schema":{"@context":"https:\/\/schema.org","@graph":[{"@type":"WebPage","@id":"https:\/\/www.atelierdocaractere.pt\/brevemente\/bolsa-de-empregabilidade-do-centro-juntou-talento-e-oportunidades-na-area-do-turismo\/","url":"https:\/\/www.atelierdocaractere.pt\/brevemente\/bolsa-de-empregabilidade-do-centro-juntou-talento-e-oportunidades-na-area-do-turismo\/","name":"Bolsa de Empregabilidade do Centro juntou talento e oportunidades na \u00e1rea do turismo - Atelier do Caractere","isPartOf":{"@id":"https:\/\/www.atelierdocaractere.pt\/brevemente\/#website"},"datePublished":"2025-02-25T15:00:00+00:00","dateModified":"2025-02-26T14:59:23+00:00","author":{"@id":"https:\/\/www.atelierdocaractere.pt\/brevemente\/#\/schema\/person\/434214d094c7f8243eba52cce01c3fbf"},"breadcrumb":{"@id":"https:\/\/www.atelierdocaractere.pt\/brevemente\/bolsa-de-empregabilidade-do-centro-juntou-talento-e-oportunidades-na-area-do-turismo\/#breadcrumb"},"inLanguage":"pt-PT","potentialAction":[{"@type":"ReadAction","target":["https:\/\/www.atelierdocaractere.pt\/brevemente\/bolsa-de-empregabilidade-do-centro-juntou-talento-e-oportunidades-na-area-do-turismo\/"]}]},{"@type":"BreadcrumbList","@id":"https:\/\/www.atelierdocaractere.pt\/brevemente\/bolsa-de-empregabilidade-do-centro-juntou-talento-e-oportunidades-na-area-do-turismo\/#breadcrumb","itemListElement":[{"@type":"ListItem","position":1,"name":"In\u00edcio","item":"https:\/\/www.atelierdocaractere.pt\/brevemente\/"},{"@type":"ListItem","position":2,"name":"Bolsa de Empregabilidade do Centro juntou talento e oportunidades na \u00e1rea do turismo"}]},{"@type":"WebSite","@id":"https:\/\/www.atelierdocaractere.pt\/brevemente\/#website","url":"https:\/\/www.atelierdocaractere.pt\/brevemente\/","name":"Atelier do Caractere","description":"","potentialAction":[{"@type":"SearchAction","target":{"@type":"EntryPoint","urlTemplate":"https:\/\/www.atelierdocaractere.pt\/brevemente\/?s={search_term_string}"},"query-input":"required name=search_term_string"}],"inLanguage":"pt-PT"},{"@type":"Person","@id":"https:\/\/www.atelierdocaractere.pt\/brevemente\/#\/schema\/person\/434214d094c7f8243eba52cce01c3fbf","name":"Andr\u00e9 Lopes","image":{"@type":"ImageObject","inLanguage":"pt-PT","@id":"https:\/\/www.atelierdocaractere.pt\/brevemente\/#\/schema\/person\/image\/","url":"https:\/\/secure.gravatar.com\/avatar\/76af1c514620ffe1937f018fe03efb73?s=96&d=mm&r=g","contentUrl":"https:\/\/secure.gravatar.com\/avatar\/76af1c514620ffe1937f018fe03efb73?s=96&d=mm&r=g","caption":"Andr\u00e9 Lopes"},"url":"https:\/\/www.atelierdocaractere.pt\/brevemente\/author\/andre-lopes\/"}]}},"_links":{"self":[{"href":"https:\/\/www.atelierdocaractere.pt\/brevemente\/wp-json\/wp\/v2\/posts\/13567"}],"collection":[{"href":"https:\/\/www.atelierdocaractere.pt\/brevemente\/wp-json\/wp\/v2\/posts"}],"about":[{"href":"https:\/\/www.atelierdocaractere.pt\/brevemente\/wp-json\/wp\/v2\/types\/post"}],"author":[{"embeddable":true,"href":"https:\/\/www.atelierdocaractere.pt\/brevemente\/wp-json\/wp\/v2\/users\/8"}],"replies":[{"embeddable":true,"href":"https:\/\/www.atelierdocaractere.pt\/brevemente\/wp-json\/wp\/v2\/comments?post=13567"}],"version-history":[{"count":2,"href":"https:\/\/www.atelierdocaractere.pt\/brevemente\/wp-json\/wp\/v2\/posts\/13567\/revisions"}],"predecessor-version":[{"id":13570,"href":"https:\/\/www.atelierdocaractere.pt\/brevemente\/wp-json\/wp\/v2\/posts\/13567\/revisions\/13570"}],"wp:featuredmedia":[{"embeddable":true,"href":"https:\/\/www.atelierdocaractere.pt\/brevemente\/wp-json\/wp\/v2\/media\/13568"}],"wp:attachment":[{"href":"https:\/\/www.atelierdocaractere.pt\/brevemente\/wp-json\/wp\/v2\/media?parent=13567"}],"wp:term":[{"taxonomy":"category","embeddable":true,"href":"https:\/\/www.atelierdocaractere.pt\/brevemente\/wp-json\/wp\/v2\/categories?post=13567"},{"taxonomy":"post_tag","embeddable":true,"href":"https:\/\/www.atelierdocaractere.pt\/brevemente\/wp-json\/wp\/v2\/tags?post=13567"}],"curies":[{"name":"wp","href":"https:\/\/api.w.org\/{rel}","templated":true}]}}