{"id":13571,"date":"2025-02-20T17:58:00","date_gmt":"2025-02-20T17:58:00","guid":{"rendered":"https:\/\/www.atelierdocaractere.pt\/brevemente\/?p=13571"},"modified":"2025-02-26T18:08:20","modified_gmt":"2025-02-26T18:08:20","slug":"turismo-centro-de-portugal-distingue-melhores-ideias-de-negocio-e-investigacao-academica-em-turismo","status":"publish","type":"post","link":"https:\/\/www.atelierdocaractere.pt\/brevemente\/turismo-centro-de-portugal-distingue-melhores-ideias-de-negocio-e-investigacao-academica-em-turismo\/","title":{"rendered":"Turismo Centro de Portugal distingue melhores ideias de neg\u00f3cio e investiga\u00e7\u00e3o acad\u00e9mica em turismo"},"content":{"rendered":"\n<p><strong>Candidaturas ao X Concurso de Empreendedorismo Tur\u00edstico e ao IX Concurso de Teses Acad\u00e9micas est\u00e3o abertas at\u00e9 ao dia 15 de mar\u00e7o.<\/strong><\/p>\n\n\n\n<figure class=\"wp-block-image size-large\"><img decoding=\"async\" width=\"1024\" height=\"585\" src=\"https:\/\/www.atelierdocaractere.pt\/wp-content\/uploads\/2025\/02\/x-premio-1024x585.jpeg\" alt=\"\" class=\"wp-image-13572\" srcset=\"https:\/\/www.atelierdocaractere.pt\/wp-content\/uploads\/2025\/02\/x-premio-1024x585.jpeg 1024w, https:\/\/www.atelierdocaractere.pt\/wp-content\/uploads\/2025\/02\/x-premio-300x171.jpeg 300w, https:\/\/www.atelierdocaractere.pt\/wp-content\/uploads\/2025\/02\/x-premio-768x438.jpeg 768w, https:\/\/www.atelierdocaractere.pt\/wp-content\/uploads\/2025\/02\/x-premio.jpeg 1200w\" sizes=\"(max-width: 1024px) 100vw, 1024px\" \/><\/figure>\n\n\n\n<p>A&nbsp;<strong>Turismo Centro de Portugal<\/strong>&nbsp;(TCP) continua a apostar no apoio \u00e0s melhores ideias de neg\u00f3cio tur\u00edstico geradas na regi\u00e3o e na valoriza\u00e7\u00e3o do conhecimento cient\u00edfico produzido sobre a atividade. Por isso, volta a lan\u00e7ar este ano mais uma edi\u00e7\u00e3o dos seus dois concursos: o&nbsp;<strong>Pr\u00e9mio Jos\u00e9 Manuel Alves \u2013 Concurso de Empreendedorismo Tur\u00edstico<\/strong>&nbsp;e o&nbsp;<strong>Concurso de Teses Acad\u00e9micas<\/strong>.<\/p>\n\n\n\n<p>As candidaturas para ambos os concursos j\u00e1 est\u00e3o abertas e podem ser submetidas at\u00e9 ao dia 15 de mar\u00e7o de 2025.<\/p>\n\n\n\n<p><strong>X Pr\u00e9mio Jos\u00e9 Manuel Alves \u2013 Concurso de Empreendedorismo Tur\u00edstico<\/strong><\/p>\n\n\n\n<p>O&nbsp;<strong>Pr\u00e9mio Jos\u00e9 Manuel Alves<\/strong><strong>&#8211; Concurso de Empreendedorismo Tur\u00edstico<\/strong>&nbsp;\u00e9 o&nbsp;pr\u00e9mio de empreendedorismo tur\u00edstico mais antigo do pa\u00eds. O concurso tem como miss\u00e3o distinguir e apoiar projetos inovadores no setor do Turismo com implementa\u00e7\u00e3o na regi\u00e3o Centro de Portugal. Ao longo das suas nove edi\u00e7\u00f5es, j\u00e1 recebeu 430 candidaturas, distinguiu 72 projetos e premiou 26, contribuindo ativamente para o dinamismo do turismo no territ\u00f3rio.<\/p>\n\n\n\n<p>Para celebrar o 10.\u00ba anivers\u00e1rio, esta edi\u00e7\u00e3o traz uma novidade: al\u00e9m dos oito projetos finalistas, que s\u00e3o selecionados pelo J\u00fari Interm\u00e9dio, o p\u00fablico ter\u00e1 a oportunidade de eleger um finalista adicional, atrav\u00e9s da iniciativa \u201cO 9.\u00ba Finalista\u201d. Assim, ap\u00f3s a nomea\u00e7\u00e3o dos oito finalistas, ser\u00e1 estipulado um per\u00edodo de tempo em que o p\u00fablico poder\u00e1 votar e resgatar um projeto adicional para acompanhar os restantes finalistas na reta final do concurso.<\/p>\n\n\n\n<p>Posteriormente, um J\u00fari Final escolher\u00e1 os tr\u00eas melhores projetos, que ser\u00e3o premiados com um incentivo financeiro. O grande vencedor receber\u00e1 o Pr\u00e9mio Jos\u00e9 Manuel Alves, homenagem ao ex-presidente da Regi\u00e3o de Turismo do Centro, figura central na cria\u00e7\u00e3o do gabinete de apoio ao investimento tur\u00edstico na regi\u00e3o.<\/p>\n\n\n\n<p>Uma das caracter\u00edsticas mais singulares deste concurso \u00e9 o facto da liga\u00e7\u00e3o aos projetos participantes n\u00e3o se extinguir ap\u00f3s a participa\u00e7\u00e3o, como acontece na generalidade dos eventos similares. No Pr\u00e9mio Jos\u00e9 Manuel Alves,&nbsp;h\u00e1 um acompanhamento cont\u00ednuo dos projetos participantes, que se prolonga por todas as fases de crescimento destes empreendimentos.<\/p>\n\n\n\n<p>Inscri\u00e7\u00f5es e informa\u00e7\u00f5es do concurso em&nbsp;<a href=\"https:\/\/turismodocentro.us17.list-manage.com\/track\/click?u=9b14ef0c6c1999e92ddae9fc9&amp;id=af0312b2ac&amp;e=b491eca746\" target=\"_blank\" rel=\"noreferrer noopener\">https:\/\/tinyurl.com\/yyuj34b6<\/a>.<\/p>\n\n\n\n<p><strong>IX Concurso de Teses Acad\u00e9micas<\/strong><\/p>\n\n\n\n<p>O&nbsp;<strong>Concurso de Teses Acad\u00e9micas<\/strong>&nbsp;\u00e9 promovido pela TCP desde 2017 e distingue teses em duas categorias: Mestrado e Doutoramento. Tem como objetivo valorizar o conhecimento gerado no seio da comunidade cient\u00edfica sobre a atividade tur\u00edstica e aproxim\u00e1-lo das empresas e de todos os interessados em desenvolver projetos neste setor.<\/p>\n\n\n\n<p>Podem concorrer, na categoria Mestrado, disserta\u00e7\u00f5es, relat\u00f3rios de est\u00e1gio e projetos de mestrado j\u00e1 avaliados e, na categoria Doutoramento, disserta\u00e7\u00f5es de doutoramento j\u00e1 defendidas e avaliadas, cujo tema incida sobre o setor do turismo, preferencialmente na regi\u00e3o Centro de Portugal.<\/p>\n\n\n\n<p>Ap\u00f3s a submiss\u00e3o das candidaturas, um J\u00fari Interm\u00e9dio selecionar\u00e1 cinco finalistas em cada categoria. As duas teses vencedoras ser\u00e3o distinguidas com um pr\u00e9mio financeiro.<\/p>\n\n\n\n<p>Inscri\u00e7\u00f5es e todas as informa\u00e7\u00f5es do concurso dispon\u00edveis em&nbsp;<a href=\"https:\/\/turismodocentro.us17.list-manage.com\/track\/click?u=9b14ef0c6c1999e92ddae9fc9&amp;id=c396e8d5cc&amp;e=b491eca746\" target=\"_blank\" rel=\"noreferrer noopener\">https:\/\/tinyurl.com\/mumzrdj9<\/a>.<\/p>\n\n\n\n<p><strong>Sobre a Turismo Centro de Portugal:<\/strong><\/p>\n\n\n\n<p>A Turismo Centro de Portugal \u00e9 a entidade que estrutura e promove o turismo na Regi\u00e3o Centro do pa\u00eds. Esta \u00e9 a maior e mais diversificada \u00e1rea tur\u00edstica nacional, abrangendo 100 munic\u00edpios, e tem registado um intenso crescimento da procura interna e externa. \u00c9 a regi\u00e3o a escolher para quem pretende experi\u00eancias diversificadas, pois concilia locais Patrim\u00f3nio da Humanidade com a melhor costa de surf da Europa, termas e spas id\u00edlicos, locais de culto de import\u00e2ncia mundial e as mais belas aldeias.<\/p>\n","protected":false},"excerpt":{"rendered":"<p>Candidaturas ao X Concurso de Empreendedorismo Tur\u00edstico e ao IX Concurso de Teses Acad\u00e9micas est\u00e3o abertas at\u00e9 ao dia 15&#8230;<\/p>\n","protected":false},"author":8,"featured_media":13572,"comment_status":"closed","ping_status":"open","sticky":false,"template":"","format":"standard","meta":[],"categories":[39],"tags":[765,766,898,349,346],"yoast_head":"<!-- This site is optimized with the Yoast SEO plugin v20.12 - https:\/\/yoast.com\/wordpress\/plugins\/seo\/ -->\n<title>Turismo Centro de Portugal distingue melhores ideias de neg\u00f3cio e investiga\u00e7\u00e3o acad\u00e9mica em turismo - Atelier do Caractere<\/title>\n<meta name=\"robots\" content=\"index, follow, max-snippet:-1, max-image-preview:large, max-video-preview:-1\" \/>\n<link rel=\"canonical\" href=\"https:\/\/www.atelierdocaractere.pt\/brevemente\/turismo-centro-de-portugal-distingue-melhores-ideias-de-negocio-e-investigacao-academica-em-turismo\/\" \/>\n<meta property=\"og:locale\" content=\"pt_PT\" \/>\n<meta property=\"og:type\" content=\"article\" \/>\n<meta property=\"og:title\" content=\"Turismo Centro de Portugal distingue melhores ideias de neg\u00f3cio e investiga\u00e7\u00e3o acad\u00e9mica em turismo - Atelier do Caractere\" \/>\n<meta property=\"og:description\" content=\"Candidaturas ao X Concurso de Empreendedorismo Tur\u00edstico e ao IX Concurso de Teses Acad\u00e9micas est\u00e3o abertas at\u00e9 ao dia 15...\" \/>\n<meta property=\"og:url\" content=\"https:\/\/www.atelierdocaractere.pt\/brevemente\/turismo-centro-de-portugal-distingue-melhores-ideias-de-negocio-e-investigacao-academica-em-turismo\/\" \/>\n<meta property=\"og:site_name\" content=\"Atelier do Caractere\" \/>\n<meta property=\"article:publisher\" content=\"https:\/\/www.facebook.com\/AtelierdoCaractere\" \/>\n<meta property=\"article:published_time\" content=\"2025-02-20T17:58:00+00:00\" \/>\n<meta property=\"article:modified_time\" content=\"2025-02-26T18:08:20+00:00\" \/>\n<meta property=\"og:image\" content=\"https:\/\/www.atelierdocaractere.pt\/wp-content\/uploads\/2025\/02\/x-premio.jpeg\" \/>\n\t<meta property=\"og:image:width\" content=\"1200\" \/>\n\t<meta property=\"og:image:height\" content=\"685\" \/>\n\t<meta property=\"og:image:type\" content=\"image\/jpeg\" \/>\n<meta name=\"author\" content=\"Andr\u00e9 Lopes\" \/>\n<meta name=\"twitter:card\" content=\"summary_large_image\" \/>\n<meta name=\"twitter:label1\" content=\"Escrito por\" \/>\n\t<meta name=\"twitter:data1\" content=\"Andr\u00e9 Lopes\" \/>\n\t<meta name=\"twitter:label2\" content=\"Tempo estimado de leitura\" \/>\n\t<meta name=\"twitter:data2\" content=\"4 minutos\" \/>\n<script type=\"application\/ld+json\" class=\"yoast-schema-graph\">{\"@context\":\"https:\/\/schema.org\",\"@graph\":[{\"@type\":\"WebPage\",\"@id\":\"https:\/\/www.atelierdocaractere.pt\/brevemente\/turismo-centro-de-portugal-distingue-melhores-ideias-de-negocio-e-investigacao-academica-em-turismo\/\",\"url\":\"https:\/\/www.atelierdocaractere.pt\/brevemente\/turismo-centro-de-portugal-distingue-melhores-ideias-de-negocio-e-investigacao-academica-em-turismo\/\",\"name\":\"Turismo Centro de Portugal distingue melhores ideias de neg\u00f3cio e investiga\u00e7\u00e3o acad\u00e9mica em turismo - Atelier do Caractere\",\"isPartOf\":{\"@id\":\"https:\/\/www.atelierdocaractere.pt\/brevemente\/#website\"},\"datePublished\":\"2025-02-20T17:58:00+00:00\",\"dateModified\":\"2025-02-26T18:08:20+00:00\",\"author\":{\"@id\":\"https:\/\/www.atelierdocaractere.pt\/brevemente\/#\/schema\/person\/434214d094c7f8243eba52cce01c3fbf\"},\"breadcrumb\":{\"@id\":\"https:\/\/www.atelierdocaractere.pt\/brevemente\/turismo-centro-de-portugal-distingue-melhores-ideias-de-negocio-e-investigacao-academica-em-turismo\/#breadcrumb\"},\"inLanguage\":\"pt-PT\",\"potentialAction\":[{\"@type\":\"ReadAction\",\"target\":[\"https:\/\/www.atelierdocaractere.pt\/brevemente\/turismo-centro-de-portugal-distingue-melhores-ideias-de-negocio-e-investigacao-academica-em-turismo\/\"]}]},{\"@type\":\"BreadcrumbList\",\"@id\":\"https:\/\/www.atelierdocaractere.pt\/brevemente\/turismo-centro-de-portugal-distingue-melhores-ideias-de-negocio-e-investigacao-academica-em-turismo\/#breadcrumb\",\"itemListElement\":[{\"@type\":\"ListItem\",\"position\":1,\"name\":\"In\u00edcio\",\"item\":\"https:\/\/www.atelierdocaractere.pt\/brevemente\/\"},{\"@type\":\"ListItem\",\"position\":2,\"name\":\"Turismo Centro de Portugal distingue melhores ideias de neg\u00f3cio e investiga\u00e7\u00e3o acad\u00e9mica em turismo\"}]},{\"@type\":\"WebSite\",\"@id\":\"https:\/\/www.atelierdocaractere.pt\/brevemente\/#website\",\"url\":\"https:\/\/www.atelierdocaractere.pt\/brevemente\/\",\"name\":\"Atelier do Caractere\",\"description\":\"\",\"potentialAction\":[{\"@type\":\"SearchAction\",\"target\":{\"@type\":\"EntryPoint\",\"urlTemplate\":\"https:\/\/www.atelierdocaractere.pt\/brevemente\/?s={search_term_string}\"},\"query-input\":\"required name=search_term_string\"}],\"inLanguage\":\"pt-PT\"},{\"@type\":\"Person\",\"@id\":\"https:\/\/www.atelierdocaractere.pt\/brevemente\/#\/schema\/person\/434214d094c7f8243eba52cce01c3fbf\",\"name\":\"Andr\u00e9 Lopes\",\"image\":{\"@type\":\"ImageObject\",\"inLanguage\":\"pt-PT\",\"@id\":\"https:\/\/www.atelierdocaractere.pt\/brevemente\/#\/schema\/person\/image\/\",\"url\":\"https:\/\/secure.gravatar.com\/avatar\/76af1c514620ffe1937f018fe03efb73?s=96&d=mm&r=g\",\"contentUrl\":\"https:\/\/secure.gravatar.com\/avatar\/76af1c514620ffe1937f018fe03efb73?s=96&d=mm&r=g\",\"caption\":\"Andr\u00e9 Lopes\"},\"url\":\"https:\/\/www.atelierdocaractere.pt\/brevemente\/author\/andre-lopes\/\"}]}<\/script>\n<!-- \/ Yoast SEO plugin. -->","yoast_head_json":{"title":"Turismo Centro de Portugal distingue melhores ideias de neg\u00f3cio e investiga\u00e7\u00e3o acad\u00e9mica em turismo - Atelier do Caractere","robots":{"index":"index","follow":"follow","max-snippet":"max-snippet:-1","max-image-preview":"max-image-preview:large","max-video-preview":"max-video-preview:-1"},"canonical":"https:\/\/www.atelierdocaractere.pt\/brevemente\/turismo-centro-de-portugal-distingue-melhores-ideias-de-negocio-e-investigacao-academica-em-turismo\/","og_locale":"pt_PT","og_type":"article","og_title":"Turismo Centro de Portugal distingue melhores ideias de neg\u00f3cio e investiga\u00e7\u00e3o acad\u00e9mica em turismo - Atelier do Caractere","og_description":"Candidaturas ao X Concurso de Empreendedorismo Tur\u00edstico e ao IX Concurso de Teses Acad\u00e9micas est\u00e3o abertas at\u00e9 ao dia 15...","og_url":"https:\/\/www.atelierdocaractere.pt\/brevemente\/turismo-centro-de-portugal-distingue-melhores-ideias-de-negocio-e-investigacao-academica-em-turismo\/","og_site_name":"Atelier do Caractere","article_publisher":"https:\/\/www.facebook.com\/AtelierdoCaractere","article_published_time":"2025-02-20T17:58:00+00:00","article_modified_time":"2025-02-26T18:08:20+00:00","og_image":[{"width":1200,"height":685,"url":"https:\/\/www.atelierdocaractere.pt\/wp-content\/uploads\/2025\/02\/x-premio.jpeg","type":"image\/jpeg"}],"author":"Andr\u00e9 Lopes","twitter_card":"summary_large_image","twitter_misc":{"Escrito por":"Andr\u00e9 Lopes","Tempo estimado de leitura":"4 minutos"},"schema":{"@context":"https:\/\/schema.org","@graph":[{"@type":"WebPage","@id":"https:\/\/www.atelierdocaractere.pt\/brevemente\/turismo-centro-de-portugal-distingue-melhores-ideias-de-negocio-e-investigacao-academica-em-turismo\/","url":"https:\/\/www.atelierdocaractere.pt\/brevemente\/turismo-centro-de-portugal-distingue-melhores-ideias-de-negocio-e-investigacao-academica-em-turismo\/","name":"Turismo Centro de Portugal distingue melhores ideias de neg\u00f3cio e investiga\u00e7\u00e3o acad\u00e9mica em turismo - Atelier do Caractere","isPartOf":{"@id":"https:\/\/www.atelierdocaractere.pt\/brevemente\/#website"},"datePublished":"2025-02-20T17:58:00+00:00","dateModified":"2025-02-26T18:08:20+00:00","author":{"@id":"https:\/\/www.atelierdocaractere.pt\/brevemente\/#\/schema\/person\/434214d094c7f8243eba52cce01c3fbf"},"breadcrumb":{"@id":"https:\/\/www.atelierdocaractere.pt\/brevemente\/turismo-centro-de-portugal-distingue-melhores-ideias-de-negocio-e-investigacao-academica-em-turismo\/#breadcrumb"},"inLanguage":"pt-PT","potentialAction":[{"@type":"ReadAction","target":["https:\/\/www.atelierdocaractere.pt\/brevemente\/turismo-centro-de-portugal-distingue-melhores-ideias-de-negocio-e-investigacao-academica-em-turismo\/"]}]},{"@type":"BreadcrumbList","@id":"https:\/\/www.atelierdocaractere.pt\/brevemente\/turismo-centro-de-portugal-distingue-melhores-ideias-de-negocio-e-investigacao-academica-em-turismo\/#breadcrumb","itemListElement":[{"@type":"ListItem","position":1,"name":"In\u00edcio","item":"https:\/\/www.atelierdocaractere.pt\/brevemente\/"},{"@type":"ListItem","position":2,"name":"Turismo Centro de Portugal distingue melhores ideias de neg\u00f3cio e investiga\u00e7\u00e3o acad\u00e9mica em turismo"}]},{"@type":"WebSite","@id":"https:\/\/www.atelierdocaractere.pt\/brevemente\/#website","url":"https:\/\/www.atelierdocaractere.pt\/brevemente\/","name":"Atelier do Caractere","description":"","potentialAction":[{"@type":"SearchAction","target":{"@type":"EntryPoint","urlTemplate":"https:\/\/www.atelierdocaractere.pt\/brevemente\/?s={search_term_string}"},"query-input":"required name=search_term_string"}],"inLanguage":"pt-PT"},{"@type":"Person","@id":"https:\/\/www.atelierdocaractere.pt\/brevemente\/#\/schema\/person\/434214d094c7f8243eba52cce01c3fbf","name":"Andr\u00e9 Lopes","image":{"@type":"ImageObject","inLanguage":"pt-PT","@id":"https:\/\/www.atelierdocaractere.pt\/brevemente\/#\/schema\/person\/image\/","url":"https:\/\/secure.gravatar.com\/avatar\/76af1c514620ffe1937f018fe03efb73?s=96&d=mm&r=g","contentUrl":"https:\/\/secure.gravatar.com\/avatar\/76af1c514620ffe1937f018fe03efb73?s=96&d=mm&r=g","caption":"Andr\u00e9 Lopes"},"url":"https:\/\/www.atelierdocaractere.pt\/brevemente\/author\/andre-lopes\/"}]}},"_links":{"self":[{"href":"https:\/\/www.atelierdocaractere.pt\/brevemente\/wp-json\/wp\/v2\/posts\/13571"}],"collection":[{"href":"https:\/\/www.atelierdocaractere.pt\/brevemente\/wp-json\/wp\/v2\/posts"}],"about":[{"href":"https:\/\/www.atelierdocaractere.pt\/brevemente\/wp-json\/wp\/v2\/types\/post"}],"author":[{"embeddable":true,"href":"https:\/\/www.atelierdocaractere.pt\/brevemente\/wp-json\/wp\/v2\/users\/8"}],"replies":[{"embeddable":true,"href":"https:\/\/www.atelierdocaractere.pt\/brevemente\/wp-json\/wp\/v2\/comments?post=13571"}],"version-history":[{"count":2,"href":"https:\/\/www.atelierdocaractere.pt\/brevemente\/wp-json\/wp\/v2\/posts\/13571\/revisions"}],"predecessor-version":[{"id":13579,"href":"https:\/\/www.atelierdocaractere.pt\/brevemente\/wp-json\/wp\/v2\/posts\/13571\/revisions\/13579"}],"wp:featuredmedia":[{"embeddable":true,"href":"https:\/\/www.atelierdocaractere.pt\/brevemente\/wp-json\/wp\/v2\/media\/13572"}],"wp:attachment":[{"href":"https:\/\/www.atelierdocaractere.pt\/brevemente\/wp-json\/wp\/v2\/media?parent=13571"}],"wp:term":[{"taxonomy":"category","embeddable":true,"href":"https:\/\/www.atelierdocaractere.pt\/brevemente\/wp-json\/wp\/v2\/categories?post=13571"},{"taxonomy":"post_tag","embeddable":true,"href":"https:\/\/www.atelierdocaractere.pt\/brevemente\/wp-json\/wp\/v2\/tags?post=13571"}],"curies":[{"name":"wp","href":"https:\/\/api.w.org\/{rel}","templated":true}]}}