{"id":13580,"date":"2025-02-24T18:09:00","date_gmt":"2025-02-24T18:09:00","guid":{"rendered":"https:\/\/www.atelierdocaractere.pt\/brevemente\/?p=13580"},"modified":"2025-02-26T18:19:42","modified_gmt":"2025-02-26T18:19:42","slug":"centro-de-portugal-abre-novas-portas-para-o-turismo-de-natureza-em-espanha","status":"publish","type":"post","link":"https:\/\/www.atelierdocaractere.pt\/brevemente\/centro-de-portugal-abre-novas-portas-para-o-turismo-de-natureza-em-espanha\/","title":{"rendered":"Centro de Portugal abre novas portas para o turismo de natureza em Espanha"},"content":{"rendered":"\n<p><strong>Turismo Centro de Portugal promoveu oferta natural da regi\u00e3o na FIO &#8211; Feira Internacional de Turismo Ornitol\u00f3gico, refor\u00e7ando a sua posi\u00e7\u00e3o como destino de refer\u00eancia no Ecoturismo.<\/strong><\/p>\n\n\n\n<figure class=\"wp-block-image size-large is-resized\"><img decoding=\"async\" src=\"https:\/\/www.atelierdocaractere.pt\/wp-content\/uploads\/2025\/02\/tcp-1024x768.jpeg\" alt=\"\" class=\"wp-image-13581\" width=\"840\" height=\"630\" srcset=\"https:\/\/www.atelierdocaractere.pt\/wp-content\/uploads\/2025\/02\/tcp-1024x768.jpeg 1024w, https:\/\/www.atelierdocaractere.pt\/wp-content\/uploads\/2025\/02\/tcp-300x225.jpeg 300w, https:\/\/www.atelierdocaractere.pt\/wp-content\/uploads\/2025\/02\/tcp-768x576.jpeg 768w, https:\/\/www.atelierdocaractere.pt\/wp-content\/uploads\/2025\/02\/tcp.jpeg 1280w\" sizes=\"(max-width: 840px) 100vw, 840px\" \/><\/figure>\n\n\n\n<p>A oferta da&nbsp;<strong>Turismo Centro de Portugal<\/strong>&nbsp;(TCP) no turismo de natureza e na observa\u00e7\u00e3o de aves despertou muito interesse na 20.\u00aa edi\u00e7\u00e3o da&nbsp;<strong>Feira Internacional de Turismo Ornitol\u00f3gico (FIO)<\/strong>, em que Portugal foi o destino internacional convidado. A feira decorreu de 21 a 23 de fevereiro, no Parque Nacional de Monfrag\u00fce, em Espanha. \u00c9 o maior evento de turismo ornitol\u00f3gico de Espanha e um dos principais da Europa, tendo reunido este ano 114 expositores e milhares de visitantes especializados.<\/p>\n\n\n\n<p>O stand do Centro de Portugal destacou-se pela apresenta\u00e7\u00e3o de uma oferta muito diversificada no turismo de natureza, combinando Geoparques reconhecidos pela UNESCO &#8211; Estrela, Naturtejo, Oeste &#8211; com os Parques Naturais do Douro Internacional, Serra da Estrela, Tejo Internacional e Aire e Candeeiros, entre muitas outras propostas no \u00e2mbito do ecoturismo. A grande riqueza natural da regi\u00e3o atraiu centenas de visitantes ao espa\u00e7o, entre especialistas em conserva\u00e7\u00e3o, profissionais do turismo de natureza e amantes da observa\u00e7\u00e3o de aves.<\/p>\n\n\n\n<p>A Vice-Presidente da Turismo Centro de Portugal,&nbsp;<strong>Anabela Freitas<\/strong>, e a Diretora do N\u00facleo de Estrutura\u00e7\u00e3o, Planeamento e Promo\u00e7\u00e3o Tur\u00edstica,&nbsp;<strong>S\u00edlvia Ribau<\/strong>, participaram na inaugura\u00e7\u00e3o da feira, tendo aproveitado a ocasi\u00e3o para refor\u00e7ar as rela\u00e7\u00f5es com a Junta de Extremadura, entidade organizadora do evento e parceira da TCP em v\u00e1rios projetos transfronteiri\u00e7os.<\/p>\n\n\n\n<p><em>&#8220;O Centro de Portugal \u00e9 um territ\u00f3rio onde o ecoturismo n\u00e3o \u00e9 apenas mais um produto tur\u00edstico, mas sim uma forma de valorizar o riqu\u00edssimo patrim\u00f3nio natural da regi\u00e3o&#8221;<\/em>, destaca&nbsp;<strong>Anabela Freitas<\/strong>, vice-presidente da Turismo Centro de Portugal.&nbsp;<em>&#8220;A presen\u00e7a nesta feira, cada vez mais relevante no setor, \u00e9 o reconhecimento do protagonismo que o Centro de Portugal tem conquistado nesta \u00e1rea. A nossa participa\u00e7\u00e3o abriu portas importantes junto dos mercados especializados e de todos os interessados em destinos de natureza&#8221;<\/em>, acrescenta.<\/p>\n\n\n\n<p>Durante os tr\u00eas dias do evento, o stand do Centro de Portugal proporcionou ainda provas da Ginja Mariquinhas, numa iniciativa que permitiu aos visitantes descobrir n\u00e3o apenas a natureza, mas tamb\u00e9m os sabores aut\u00eanticos da regi\u00e3o.<\/p>\n\n\n\n<p><strong>Sobre a Turismo Centro de Portugal:<\/strong><\/p>\n\n\n\n<p>A Turismo Centro de Portugal \u00e9 a entidade que estrutura e promove o turismo na Regi\u00e3o Centro do pa\u00eds. Esta \u00e9 a maior e mais diversificada \u00e1rea tur\u00edstica nacional, abrangendo 100 munic\u00edpios, e tem registado um intenso crescimento da procura interna e externa. \u00c9 a regi\u00e3o a escolher para quem pretende experi\u00eancias diversificadas, pois concilia locais Patrim\u00f3nio da Humanidade com a melhor costa de surf da Europa, termas e spas id\u00edlicos, locais de culto de import\u00e2ncia mundial e as mais belas aldeias.<\/p>\n","protected":false},"excerpt":{"rendered":"<p>Turismo Centro de Portugal promoveu oferta natural da regi\u00e3o na FIO &#8211; Feira Internacional de Turismo Ornitol\u00f3gico, refor\u00e7ando a sua&#8230;<\/p>\n","protected":false},"author":8,"featured_media":13581,"comment_status":"closed","ping_status":"open","sticky":false,"template":"","format":"standard","meta":[],"categories":[39],"tags":[765,838,901,900,349,346],"yoast_head":"<!-- This site is optimized with the Yoast SEO plugin v20.12 - https:\/\/yoast.com\/wordpress\/plugins\/seo\/ -->\n<title>Centro de Portugal abre novas portas para o turismo de natureza em Espanha - Atelier do Caractere<\/title>\n<meta name=\"robots\" content=\"index, follow, max-snippet:-1, max-image-preview:large, max-video-preview:-1\" \/>\n<link rel=\"canonical\" href=\"https:\/\/www.atelierdocaractere.pt\/brevemente\/centro-de-portugal-abre-novas-portas-para-o-turismo-de-natureza-em-espanha\/\" \/>\n<meta property=\"og:locale\" content=\"pt_PT\" \/>\n<meta property=\"og:type\" content=\"article\" \/>\n<meta property=\"og:title\" content=\"Centro de Portugal abre novas portas para o turismo de natureza em Espanha - Atelier do Caractere\" \/>\n<meta property=\"og:description\" content=\"Turismo Centro de Portugal promoveu oferta natural da regi\u00e3o na FIO &#8211; Feira Internacional de Turismo Ornitol\u00f3gico, refor\u00e7ando a sua...\" \/>\n<meta property=\"og:url\" content=\"https:\/\/www.atelierdocaractere.pt\/brevemente\/centro-de-portugal-abre-novas-portas-para-o-turismo-de-natureza-em-espanha\/\" \/>\n<meta property=\"og:site_name\" content=\"Atelier do Caractere\" \/>\n<meta property=\"article:publisher\" content=\"https:\/\/www.facebook.com\/AtelierdoCaractere\" \/>\n<meta property=\"article:published_time\" content=\"2025-02-24T18:09:00+00:00\" \/>\n<meta property=\"article:modified_time\" content=\"2025-02-26T18:19:42+00:00\" \/>\n<meta property=\"og:image\" content=\"https:\/\/www.atelierdocaractere.pt\/wp-content\/uploads\/2025\/02\/tcp.jpeg\" \/>\n\t<meta property=\"og:image:width\" content=\"1280\" \/>\n\t<meta property=\"og:image:height\" content=\"960\" \/>\n\t<meta property=\"og:image:type\" content=\"image\/jpeg\" \/>\n<meta name=\"author\" content=\"Andr\u00e9 Lopes\" \/>\n<meta name=\"twitter:card\" content=\"summary_large_image\" \/>\n<meta name=\"twitter:label1\" content=\"Escrito por\" \/>\n\t<meta name=\"twitter:data1\" content=\"Andr\u00e9 Lopes\" \/>\n\t<meta name=\"twitter:label2\" content=\"Tempo estimado de leitura\" \/>\n\t<meta name=\"twitter:data2\" content=\"3 minutos\" \/>\n<script type=\"application\/ld+json\" class=\"yoast-schema-graph\">{\"@context\":\"https:\/\/schema.org\",\"@graph\":[{\"@type\":\"WebPage\",\"@id\":\"https:\/\/www.atelierdocaractere.pt\/brevemente\/centro-de-portugal-abre-novas-portas-para-o-turismo-de-natureza-em-espanha\/\",\"url\":\"https:\/\/www.atelierdocaractere.pt\/brevemente\/centro-de-portugal-abre-novas-portas-para-o-turismo-de-natureza-em-espanha\/\",\"name\":\"Centro de Portugal abre novas portas para o turismo de natureza em Espanha - Atelier do Caractere\",\"isPartOf\":{\"@id\":\"https:\/\/www.atelierdocaractere.pt\/brevemente\/#website\"},\"datePublished\":\"2025-02-24T18:09:00+00:00\",\"dateModified\":\"2025-02-26T18:19:42+00:00\",\"author\":{\"@id\":\"https:\/\/www.atelierdocaractere.pt\/brevemente\/#\/schema\/person\/434214d094c7f8243eba52cce01c3fbf\"},\"breadcrumb\":{\"@id\":\"https:\/\/www.atelierdocaractere.pt\/brevemente\/centro-de-portugal-abre-novas-portas-para-o-turismo-de-natureza-em-espanha\/#breadcrumb\"},\"inLanguage\":\"pt-PT\",\"potentialAction\":[{\"@type\":\"ReadAction\",\"target\":[\"https:\/\/www.atelierdocaractere.pt\/brevemente\/centro-de-portugal-abre-novas-portas-para-o-turismo-de-natureza-em-espanha\/\"]}]},{\"@type\":\"BreadcrumbList\",\"@id\":\"https:\/\/www.atelierdocaractere.pt\/brevemente\/centro-de-portugal-abre-novas-portas-para-o-turismo-de-natureza-em-espanha\/#breadcrumb\",\"itemListElement\":[{\"@type\":\"ListItem\",\"position\":1,\"name\":\"In\u00edcio\",\"item\":\"https:\/\/www.atelierdocaractere.pt\/brevemente\/\"},{\"@type\":\"ListItem\",\"position\":2,\"name\":\"Centro de Portugal abre novas portas para o turismo de natureza em Espanha\"}]},{\"@type\":\"WebSite\",\"@id\":\"https:\/\/www.atelierdocaractere.pt\/brevemente\/#website\",\"url\":\"https:\/\/www.atelierdocaractere.pt\/brevemente\/\",\"name\":\"Atelier do Caractere\",\"description\":\"\",\"potentialAction\":[{\"@type\":\"SearchAction\",\"target\":{\"@type\":\"EntryPoint\",\"urlTemplate\":\"https:\/\/www.atelierdocaractere.pt\/brevemente\/?s={search_term_string}\"},\"query-input\":\"required name=search_term_string\"}],\"inLanguage\":\"pt-PT\"},{\"@type\":\"Person\",\"@id\":\"https:\/\/www.atelierdocaractere.pt\/brevemente\/#\/schema\/person\/434214d094c7f8243eba52cce01c3fbf\",\"name\":\"Andr\u00e9 Lopes\",\"image\":{\"@type\":\"ImageObject\",\"inLanguage\":\"pt-PT\",\"@id\":\"https:\/\/www.atelierdocaractere.pt\/brevemente\/#\/schema\/person\/image\/\",\"url\":\"https:\/\/secure.gravatar.com\/avatar\/76af1c514620ffe1937f018fe03efb73?s=96&d=mm&r=g\",\"contentUrl\":\"https:\/\/secure.gravatar.com\/avatar\/76af1c514620ffe1937f018fe03efb73?s=96&d=mm&r=g\",\"caption\":\"Andr\u00e9 Lopes\"},\"url\":\"https:\/\/www.atelierdocaractere.pt\/brevemente\/author\/andre-lopes\/\"}]}<\/script>\n<!-- \/ Yoast SEO plugin. -->","yoast_head_json":{"title":"Centro de Portugal abre novas portas para o turismo de natureza em Espanha - Atelier do Caractere","robots":{"index":"index","follow":"follow","max-snippet":"max-snippet:-1","max-image-preview":"max-image-preview:large","max-video-preview":"max-video-preview:-1"},"canonical":"https:\/\/www.atelierdocaractere.pt\/brevemente\/centro-de-portugal-abre-novas-portas-para-o-turismo-de-natureza-em-espanha\/","og_locale":"pt_PT","og_type":"article","og_title":"Centro de Portugal abre novas portas para o turismo de natureza em Espanha - Atelier do Caractere","og_description":"Turismo Centro de Portugal promoveu oferta natural da regi\u00e3o na FIO &#8211; Feira Internacional de Turismo Ornitol\u00f3gico, refor\u00e7ando a sua...","og_url":"https:\/\/www.atelierdocaractere.pt\/brevemente\/centro-de-portugal-abre-novas-portas-para-o-turismo-de-natureza-em-espanha\/","og_site_name":"Atelier do Caractere","article_publisher":"https:\/\/www.facebook.com\/AtelierdoCaractere","article_published_time":"2025-02-24T18:09:00+00:00","article_modified_time":"2025-02-26T18:19:42+00:00","og_image":[{"width":1280,"height":960,"url":"https:\/\/www.atelierdocaractere.pt\/wp-content\/uploads\/2025\/02\/tcp.jpeg","type":"image\/jpeg"}],"author":"Andr\u00e9 Lopes","twitter_card":"summary_large_image","twitter_misc":{"Escrito por":"Andr\u00e9 Lopes","Tempo estimado de leitura":"3 minutos"},"schema":{"@context":"https:\/\/schema.org","@graph":[{"@type":"WebPage","@id":"https:\/\/www.atelierdocaractere.pt\/brevemente\/centro-de-portugal-abre-novas-portas-para-o-turismo-de-natureza-em-espanha\/","url":"https:\/\/www.atelierdocaractere.pt\/brevemente\/centro-de-portugal-abre-novas-portas-para-o-turismo-de-natureza-em-espanha\/","name":"Centro de Portugal abre novas portas para o turismo de natureza em Espanha - Atelier do Caractere","isPartOf":{"@id":"https:\/\/www.atelierdocaractere.pt\/brevemente\/#website"},"datePublished":"2025-02-24T18:09:00+00:00","dateModified":"2025-02-26T18:19:42+00:00","author":{"@id":"https:\/\/www.atelierdocaractere.pt\/brevemente\/#\/schema\/person\/434214d094c7f8243eba52cce01c3fbf"},"breadcrumb":{"@id":"https:\/\/www.atelierdocaractere.pt\/brevemente\/centro-de-portugal-abre-novas-portas-para-o-turismo-de-natureza-em-espanha\/#breadcrumb"},"inLanguage":"pt-PT","potentialAction":[{"@type":"ReadAction","target":["https:\/\/www.atelierdocaractere.pt\/brevemente\/centro-de-portugal-abre-novas-portas-para-o-turismo-de-natureza-em-espanha\/"]}]},{"@type":"BreadcrumbList","@id":"https:\/\/www.atelierdocaractere.pt\/brevemente\/centro-de-portugal-abre-novas-portas-para-o-turismo-de-natureza-em-espanha\/#breadcrumb","itemListElement":[{"@type":"ListItem","position":1,"name":"In\u00edcio","item":"https:\/\/www.atelierdocaractere.pt\/brevemente\/"},{"@type":"ListItem","position":2,"name":"Centro de Portugal abre novas portas para o turismo de natureza em Espanha"}]},{"@type":"WebSite","@id":"https:\/\/www.atelierdocaractere.pt\/brevemente\/#website","url":"https:\/\/www.atelierdocaractere.pt\/brevemente\/","name":"Atelier do Caractere","description":"","potentialAction":[{"@type":"SearchAction","target":{"@type":"EntryPoint","urlTemplate":"https:\/\/www.atelierdocaractere.pt\/brevemente\/?s={search_term_string}"},"query-input":"required name=search_term_string"}],"inLanguage":"pt-PT"},{"@type":"Person","@id":"https:\/\/www.atelierdocaractere.pt\/brevemente\/#\/schema\/person\/434214d094c7f8243eba52cce01c3fbf","name":"Andr\u00e9 Lopes","image":{"@type":"ImageObject","inLanguage":"pt-PT","@id":"https:\/\/www.atelierdocaractere.pt\/brevemente\/#\/schema\/person\/image\/","url":"https:\/\/secure.gravatar.com\/avatar\/76af1c514620ffe1937f018fe03efb73?s=96&d=mm&r=g","contentUrl":"https:\/\/secure.gravatar.com\/avatar\/76af1c514620ffe1937f018fe03efb73?s=96&d=mm&r=g","caption":"Andr\u00e9 Lopes"},"url":"https:\/\/www.atelierdocaractere.pt\/brevemente\/author\/andre-lopes\/"}]}},"_links":{"self":[{"href":"https:\/\/www.atelierdocaractere.pt\/brevemente\/wp-json\/wp\/v2\/posts\/13580"}],"collection":[{"href":"https:\/\/www.atelierdocaractere.pt\/brevemente\/wp-json\/wp\/v2\/posts"}],"about":[{"href":"https:\/\/www.atelierdocaractere.pt\/brevemente\/wp-json\/wp\/v2\/types\/post"}],"author":[{"embeddable":true,"href":"https:\/\/www.atelierdocaractere.pt\/brevemente\/wp-json\/wp\/v2\/users\/8"}],"replies":[{"embeddable":true,"href":"https:\/\/www.atelierdocaractere.pt\/brevemente\/wp-json\/wp\/v2\/comments?post=13580"}],"version-history":[{"count":1,"href":"https:\/\/www.atelierdocaractere.pt\/brevemente\/wp-json\/wp\/v2\/posts\/13580\/revisions"}],"predecessor-version":[{"id":13583,"href":"https:\/\/www.atelierdocaractere.pt\/brevemente\/wp-json\/wp\/v2\/posts\/13580\/revisions\/13583"}],"wp:featuredmedia":[{"embeddable":true,"href":"https:\/\/www.atelierdocaractere.pt\/brevemente\/wp-json\/wp\/v2\/media\/13581"}],"wp:attachment":[{"href":"https:\/\/www.atelierdocaractere.pt\/brevemente\/wp-json\/wp\/v2\/media?parent=13580"}],"wp:term":[{"taxonomy":"category","embeddable":true,"href":"https:\/\/www.atelierdocaractere.pt\/brevemente\/wp-json\/wp\/v2\/categories?post=13580"},{"taxonomy":"post_tag","embeddable":true,"href":"https:\/\/www.atelierdocaractere.pt\/brevemente\/wp-json\/wp\/v2\/tags?post=13580"}],"curies":[{"name":"wp","href":"https:\/\/api.w.org\/{rel}","templated":true}]}}