{"id":13584,"date":"2025-02-24T18:29:00","date_gmt":"2025-02-24T18:29:00","guid":{"rendered":"https:\/\/www.atelierdocaractere.pt\/brevemente\/?p=13584"},"modified":"2025-02-26T18:32:09","modified_gmt":"2025-02-26T18:32:09","slug":"viseu-dao-lafoes-lidera-crescimento-no-numero-de-hospedes-nacional-e-bate-recordes-em-2024","status":"publish","type":"post","link":"https:\/\/www.atelierdocaractere.pt\/brevemente\/viseu-dao-lafoes-lidera-crescimento-no-numero-de-hospedes-nacional-e-bate-recordes-em-2024\/","title":{"rendered":"Viseu D\u00e3o Laf\u00f5es lidera crescimento no n\u00famero de h\u00f3spedes nacional e bate recordes em 2024"},"content":{"rendered":"\n<p>Viseu D\u00e3o Laf\u00f5es foi a regi\u00e3o que mais cresceu no Pa\u00eds no n\u00famero de h\u00f3spedes, com um aumento de 14,2%. Foi, ainda, a segunda regi\u00e3o que mais cresceu no n\u00famero de dormidas com um aumento de 10,8%. Crescimento foi mais do dobro da m\u00e9dia nacional.<\/p>\n\n\n\n<figure class=\"wp-block-image size-large\"><img decoding=\"async\" width=\"1024\" height=\"682\" src=\"https:\/\/www.atelierdocaractere.pt\/wp-content\/uploads\/2025\/02\/viseu-1024x682.jpeg\" alt=\"\" class=\"wp-image-13585\" srcset=\"https:\/\/www.atelierdocaractere.pt\/wp-content\/uploads\/2025\/02\/viseu-1024x682.jpeg 1024w, https:\/\/www.atelierdocaractere.pt\/wp-content\/uploads\/2025\/02\/viseu-300x200.jpeg 300w, https:\/\/www.atelierdocaractere.pt\/wp-content\/uploads\/2025\/02\/viseu-768x512.jpeg 768w, https:\/\/www.atelierdocaractere.pt\/wp-content\/uploads\/2025\/02\/viseu-900x600.jpeg 900w, https:\/\/www.atelierdocaractere.pt\/wp-content\/uploads\/2025\/02\/viseu-675x450.jpeg 675w, https:\/\/www.atelierdocaractere.pt\/wp-content\/uploads\/2025\/02\/viseu.jpeg 1280w\" sizes=\"(max-width: 1024px) 100vw, 1024px\" \/><\/figure>\n\n\n\n<p>O territ\u00f3rio da\u00a0<strong>Comunidade Intermunicipal (CIM) Viseu D\u00e3o Laf\u00f5es<\/strong>\u00a0foi a regi\u00e3o do Pa\u00eds que mais cresceu no n\u00famero de h\u00f3spedes em 2024, alcan\u00e7ando n\u00fameros hist\u00f3ricos. Com um aumento de 14,2% no n\u00famero de h\u00f3spedes e um crescimento de 10,8% nas dormidas, este territ\u00f3rio destacou-se, superando largamente a m\u00e9dia do Pa\u00eds em ambos os indicadores, segundo os dados mais recentes do Instituto Nacional de Estat\u00edstica (INE).<br><br>No indicador do n\u00famero de\u00a0<strong>h\u00f3spedes<\/strong>\u00a0nos estabelecimentos de alojamento tur\u00edstico, Viseu D\u00e3o Laf\u00f5es registou o maior crescimento nacional em 2024, com um aumento de 14,2% face a 2023. No ano passado, a regi\u00e3o recebeu 349.923 h\u00f3spedes, praticamente mais 50 mil que o total de 300.164 registado em 2023. A n\u00edvel nacional, o crescimento m\u00e9dio de h\u00f3spedes foi de 4,9%.<br><br>Nas\u00a0<strong>dormidas<\/strong>\u00a0em alojamentos tur\u00edsticos, outro indicador muito importante para a atividade, o crescimento foi de 10,8%, mais do dobro da m\u00e9dia nacional (4,0%). No total, Viseu D\u00e3o Laf\u00f5es contabilizou 633.045 dormidas durante o ano, mais 61.690 do que em 2023, sendo a segunda regi\u00e3o do Pa\u00eds que mais cresceu neste indicador.<br><br>Para\u00a0<strong>Fernando Ruas, Presidente da CIM Viseu D\u00e3o Laf\u00f5es<\/strong>,\u00a0<em>&#8220;os n\u00fameros agora conhecidos comprovam que Viseu D\u00e3o Laf\u00f5es \u00e9, cada vez mais, um destino tur\u00edstico de refer\u00eancia em Portugal. O m\u00e9rito vai para os empres\u00e1rios que, com um trabalho incans\u00e1vel, apostaram na inova\u00e7\u00e3o e na qualidade da oferta, mas tamb\u00e9m para a estrat\u00e9gia concertada da Comunidade Intermunicipal, que tem investido fortemente na valoriza\u00e7\u00e3o dos principais ativos tur\u00edsticos que o nosso territ\u00f3rio oferece&#8221;<\/em>.<br><br><strong>Nuno Martinho, Secret\u00e1rio Executivo da CIM Viseu D\u00e3o Laf\u00f5es<\/strong>, destaca o impacto das iniciativas promovidas nos \u00faltimos anos:\u00a0<em>\u201cEstes resultados s\u00e3o o\u00a0reflexo da qualidade do trabalho\u00a0desenvolvido na regi\u00e3o, tanto ao n\u00edvel da estrutura\u00e7\u00e3o da nossa oferta tur\u00edstica como da promo\u00e7\u00e3o e da notoriedade do destino. Este trabalho de fundo tem sido feito, em conjunto e de forma articulada, pela CIM, pelos munic\u00edpios, e, ainda, pelos operadores privados que atuam no territ\u00f3rio, sejam eles da hotelaria, da restaura\u00e7\u00e3o ou do ativo, quer por for\u00e7a do refor\u00e7o da oferta hoteleira, da cria\u00e7\u00e3o de novas infraestruturas tur\u00edsticas e de servi\u00e7os de apoio, mas, igualmente, por um trabalho na qualifica\u00e7\u00e3o da nossa oferta tur\u00edstica.\u201d<\/em><br><br><em>\u201cO turismo \u00e9 um motor fundamental de desenvolvimento econ\u00f3mico e social, e este crescimento \u00e9, tamb\u00e9m, uma grande motiva\u00e7\u00e3o para continuarmos a\u00a0promover, junto de um p\u00fablico alargado, aqueles que s\u00e3o os principais atributos do nosso territ\u00f3rio\u00a0e investir na qualidade e na diferencia\u00e7\u00e3o do nosso destino\u201d,\u00a0<\/em>conclui o Secret\u00e1rio Executivo<em>.<\/em><\/p>\n\n\n\n<p><strong>Sobre a CIM Viseu D\u00e3o Laf\u00f5es:<\/strong><br>A CIM Viseu D\u00e3o Laf\u00f5es \u00e9 uma associa\u00e7\u00e3o de munic\u00edpios, denominada como Comunidade Intermunicipal, sendo constitu\u00edda pelos munic\u00edpios de\u00a0Aguiar da Beira, Carregal do Sal, Castro Daire, Mangualde, Nelas, Oliveira de Frades, Penalva do Castelo, Santa Comba D\u00e3o, S\u00e3o Pedro do Sul, S\u00e1t\u00e3o, Tondela, Vila Nova de Paiva, Viseu e Vouzela.<\/p>\n","protected":false},"excerpt":{"rendered":"<p>Viseu D\u00e3o Laf\u00f5es foi a regi\u00e3o que mais cresceu no Pa\u00eds no n\u00famero de h\u00f3spedes, com um aumento de 14,2%&#8230;.<\/p>\n","protected":false},"author":8,"featured_media":13585,"comment_status":"closed","ping_status":"open","sticky":false,"template":"","format":"standard","meta":[],"categories":[39],"tags":[448,903,902,349,594,636],"yoast_head":"<!-- This site is optimized with the Yoast SEO plugin v20.12 - https:\/\/yoast.com\/wordpress\/plugins\/seo\/ -->\n<title>Viseu D\u00e3o Laf\u00f5es lidera crescimento no n\u00famero de h\u00f3spedes nacional e bate recordes em 2024 - Atelier do Caractere<\/title>\n<meta name=\"robots\" content=\"index, follow, max-snippet:-1, max-image-preview:large, max-video-preview:-1\" \/>\n<link rel=\"canonical\" href=\"https:\/\/www.atelierdocaractere.pt\/brevemente\/viseu-dao-lafoes-lidera-crescimento-no-numero-de-hospedes-nacional-e-bate-recordes-em-2024\/\" \/>\n<meta property=\"og:locale\" content=\"pt_PT\" \/>\n<meta property=\"og:type\" content=\"article\" \/>\n<meta property=\"og:title\" content=\"Viseu D\u00e3o Laf\u00f5es lidera crescimento no n\u00famero de h\u00f3spedes nacional e bate recordes em 2024 - Atelier do Caractere\" \/>\n<meta property=\"og:description\" content=\"Viseu D\u00e3o Laf\u00f5es foi a regi\u00e3o que mais cresceu no Pa\u00eds no n\u00famero de h\u00f3spedes, com um aumento de 14,2%....\" \/>\n<meta property=\"og:url\" content=\"https:\/\/www.atelierdocaractere.pt\/brevemente\/viseu-dao-lafoes-lidera-crescimento-no-numero-de-hospedes-nacional-e-bate-recordes-em-2024\/\" \/>\n<meta property=\"og:site_name\" content=\"Atelier do Caractere\" \/>\n<meta property=\"article:publisher\" content=\"https:\/\/www.facebook.com\/AtelierdoCaractere\" \/>\n<meta property=\"article:published_time\" content=\"2025-02-24T18:29:00+00:00\" \/>\n<meta property=\"article:modified_time\" content=\"2025-02-26T18:32:09+00:00\" \/>\n<meta property=\"og:image\" content=\"https:\/\/www.atelierdocaractere.pt\/wp-content\/uploads\/2025\/02\/viseu.jpeg\" \/>\n\t<meta property=\"og:image:width\" content=\"1280\" \/>\n\t<meta property=\"og:image:height\" content=\"853\" \/>\n\t<meta property=\"og:image:type\" content=\"image\/jpeg\" \/>\n<meta name=\"author\" content=\"Andr\u00e9 Lopes\" \/>\n<meta name=\"twitter:card\" content=\"summary_large_image\" \/>\n<meta name=\"twitter:label1\" content=\"Escrito por\" \/>\n\t<meta name=\"twitter:data1\" content=\"Andr\u00e9 Lopes\" \/>\n\t<meta name=\"twitter:label2\" content=\"Tempo estimado de leitura\" \/>\n\t<meta name=\"twitter:data2\" content=\"4 minutos\" \/>\n<script type=\"application\/ld+json\" class=\"yoast-schema-graph\">{\"@context\":\"https:\/\/schema.org\",\"@graph\":[{\"@type\":\"WebPage\",\"@id\":\"https:\/\/www.atelierdocaractere.pt\/brevemente\/viseu-dao-lafoes-lidera-crescimento-no-numero-de-hospedes-nacional-e-bate-recordes-em-2024\/\",\"url\":\"https:\/\/www.atelierdocaractere.pt\/brevemente\/viseu-dao-lafoes-lidera-crescimento-no-numero-de-hospedes-nacional-e-bate-recordes-em-2024\/\",\"name\":\"Viseu D\u00e3o Laf\u00f5es lidera crescimento no n\u00famero de h\u00f3spedes nacional e bate recordes em 2024 - Atelier do Caractere\",\"isPartOf\":{\"@id\":\"https:\/\/www.atelierdocaractere.pt\/brevemente\/#website\"},\"datePublished\":\"2025-02-24T18:29:00+00:00\",\"dateModified\":\"2025-02-26T18:32:09+00:00\",\"author\":{\"@id\":\"https:\/\/www.atelierdocaractere.pt\/brevemente\/#\/schema\/person\/434214d094c7f8243eba52cce01c3fbf\"},\"breadcrumb\":{\"@id\":\"https:\/\/www.atelierdocaractere.pt\/brevemente\/viseu-dao-lafoes-lidera-crescimento-no-numero-de-hospedes-nacional-e-bate-recordes-em-2024\/#breadcrumb\"},\"inLanguage\":\"pt-PT\",\"potentialAction\":[{\"@type\":\"ReadAction\",\"target\":[\"https:\/\/www.atelierdocaractere.pt\/brevemente\/viseu-dao-lafoes-lidera-crescimento-no-numero-de-hospedes-nacional-e-bate-recordes-em-2024\/\"]}]},{\"@type\":\"BreadcrumbList\",\"@id\":\"https:\/\/www.atelierdocaractere.pt\/brevemente\/viseu-dao-lafoes-lidera-crescimento-no-numero-de-hospedes-nacional-e-bate-recordes-em-2024\/#breadcrumb\",\"itemListElement\":[{\"@type\":\"ListItem\",\"position\":1,\"name\":\"In\u00edcio\",\"item\":\"https:\/\/www.atelierdocaractere.pt\/brevemente\/\"},{\"@type\":\"ListItem\",\"position\":2,\"name\":\"Viseu D\u00e3o Laf\u00f5es lidera crescimento no n\u00famero de h\u00f3spedes nacional e bate recordes em 2024\"}]},{\"@type\":\"WebSite\",\"@id\":\"https:\/\/www.atelierdocaractere.pt\/brevemente\/#website\",\"url\":\"https:\/\/www.atelierdocaractere.pt\/brevemente\/\",\"name\":\"Atelier do Caractere\",\"description\":\"\",\"potentialAction\":[{\"@type\":\"SearchAction\",\"target\":{\"@type\":\"EntryPoint\",\"urlTemplate\":\"https:\/\/www.atelierdocaractere.pt\/brevemente\/?s={search_term_string}\"},\"query-input\":\"required name=search_term_string\"}],\"inLanguage\":\"pt-PT\"},{\"@type\":\"Person\",\"@id\":\"https:\/\/www.atelierdocaractere.pt\/brevemente\/#\/schema\/person\/434214d094c7f8243eba52cce01c3fbf\",\"name\":\"Andr\u00e9 Lopes\",\"image\":{\"@type\":\"ImageObject\",\"inLanguage\":\"pt-PT\",\"@id\":\"https:\/\/www.atelierdocaractere.pt\/brevemente\/#\/schema\/person\/image\/\",\"url\":\"https:\/\/secure.gravatar.com\/avatar\/76af1c514620ffe1937f018fe03efb73?s=96&d=mm&r=g\",\"contentUrl\":\"https:\/\/secure.gravatar.com\/avatar\/76af1c514620ffe1937f018fe03efb73?s=96&d=mm&r=g\",\"caption\":\"Andr\u00e9 Lopes\"},\"url\":\"https:\/\/www.atelierdocaractere.pt\/brevemente\/author\/andre-lopes\/\"}]}<\/script>\n<!-- \/ Yoast SEO plugin. -->","yoast_head_json":{"title":"Viseu D\u00e3o Laf\u00f5es lidera crescimento no n\u00famero de h\u00f3spedes nacional e bate recordes em 2024 - Atelier do Caractere","robots":{"index":"index","follow":"follow","max-snippet":"max-snippet:-1","max-image-preview":"max-image-preview:large","max-video-preview":"max-video-preview:-1"},"canonical":"https:\/\/www.atelierdocaractere.pt\/brevemente\/viseu-dao-lafoes-lidera-crescimento-no-numero-de-hospedes-nacional-e-bate-recordes-em-2024\/","og_locale":"pt_PT","og_type":"article","og_title":"Viseu D\u00e3o Laf\u00f5es lidera crescimento no n\u00famero de h\u00f3spedes nacional e bate recordes em 2024 - Atelier do Caractere","og_description":"Viseu D\u00e3o Laf\u00f5es foi a regi\u00e3o que mais cresceu no Pa\u00eds no n\u00famero de h\u00f3spedes, com um aumento de 14,2%....","og_url":"https:\/\/www.atelierdocaractere.pt\/brevemente\/viseu-dao-lafoes-lidera-crescimento-no-numero-de-hospedes-nacional-e-bate-recordes-em-2024\/","og_site_name":"Atelier do Caractere","article_publisher":"https:\/\/www.facebook.com\/AtelierdoCaractere","article_published_time":"2025-02-24T18:29:00+00:00","article_modified_time":"2025-02-26T18:32:09+00:00","og_image":[{"width":1280,"height":853,"url":"https:\/\/www.atelierdocaractere.pt\/wp-content\/uploads\/2025\/02\/viseu.jpeg","type":"image\/jpeg"}],"author":"Andr\u00e9 Lopes","twitter_card":"summary_large_image","twitter_misc":{"Escrito por":"Andr\u00e9 Lopes","Tempo estimado de leitura":"4 minutos"},"schema":{"@context":"https:\/\/schema.org","@graph":[{"@type":"WebPage","@id":"https:\/\/www.atelierdocaractere.pt\/brevemente\/viseu-dao-lafoes-lidera-crescimento-no-numero-de-hospedes-nacional-e-bate-recordes-em-2024\/","url":"https:\/\/www.atelierdocaractere.pt\/brevemente\/viseu-dao-lafoes-lidera-crescimento-no-numero-de-hospedes-nacional-e-bate-recordes-em-2024\/","name":"Viseu D\u00e3o Laf\u00f5es lidera crescimento no n\u00famero de h\u00f3spedes nacional e bate recordes em 2024 - Atelier do Caractere","isPartOf":{"@id":"https:\/\/www.atelierdocaractere.pt\/brevemente\/#website"},"datePublished":"2025-02-24T18:29:00+00:00","dateModified":"2025-02-26T18:32:09+00:00","author":{"@id":"https:\/\/www.atelierdocaractere.pt\/brevemente\/#\/schema\/person\/434214d094c7f8243eba52cce01c3fbf"},"breadcrumb":{"@id":"https:\/\/www.atelierdocaractere.pt\/brevemente\/viseu-dao-lafoes-lidera-crescimento-no-numero-de-hospedes-nacional-e-bate-recordes-em-2024\/#breadcrumb"},"inLanguage":"pt-PT","potentialAction":[{"@type":"ReadAction","target":["https:\/\/www.atelierdocaractere.pt\/brevemente\/viseu-dao-lafoes-lidera-crescimento-no-numero-de-hospedes-nacional-e-bate-recordes-em-2024\/"]}]},{"@type":"BreadcrumbList","@id":"https:\/\/www.atelierdocaractere.pt\/brevemente\/viseu-dao-lafoes-lidera-crescimento-no-numero-de-hospedes-nacional-e-bate-recordes-em-2024\/#breadcrumb","itemListElement":[{"@type":"ListItem","position":1,"name":"In\u00edcio","item":"https:\/\/www.atelierdocaractere.pt\/brevemente\/"},{"@type":"ListItem","position":2,"name":"Viseu D\u00e3o Laf\u00f5es lidera crescimento no n\u00famero de h\u00f3spedes nacional e bate recordes em 2024"}]},{"@type":"WebSite","@id":"https:\/\/www.atelierdocaractere.pt\/brevemente\/#website","url":"https:\/\/www.atelierdocaractere.pt\/brevemente\/","name":"Atelier do Caractere","description":"","potentialAction":[{"@type":"SearchAction","target":{"@type":"EntryPoint","urlTemplate":"https:\/\/www.atelierdocaractere.pt\/brevemente\/?s={search_term_string}"},"query-input":"required name=search_term_string"}],"inLanguage":"pt-PT"},{"@type":"Person","@id":"https:\/\/www.atelierdocaractere.pt\/brevemente\/#\/schema\/person\/434214d094c7f8243eba52cce01c3fbf","name":"Andr\u00e9 Lopes","image":{"@type":"ImageObject","inLanguage":"pt-PT","@id":"https:\/\/www.atelierdocaractere.pt\/brevemente\/#\/schema\/person\/image\/","url":"https:\/\/secure.gravatar.com\/avatar\/76af1c514620ffe1937f018fe03efb73?s=96&d=mm&r=g","contentUrl":"https:\/\/secure.gravatar.com\/avatar\/76af1c514620ffe1937f018fe03efb73?s=96&d=mm&r=g","caption":"Andr\u00e9 Lopes"},"url":"https:\/\/www.atelierdocaractere.pt\/brevemente\/author\/andre-lopes\/"}]}},"_links":{"self":[{"href":"https:\/\/www.atelierdocaractere.pt\/brevemente\/wp-json\/wp\/v2\/posts\/13584"}],"collection":[{"href":"https:\/\/www.atelierdocaractere.pt\/brevemente\/wp-json\/wp\/v2\/posts"}],"about":[{"href":"https:\/\/www.atelierdocaractere.pt\/brevemente\/wp-json\/wp\/v2\/types\/post"}],"author":[{"embeddable":true,"href":"https:\/\/www.atelierdocaractere.pt\/brevemente\/wp-json\/wp\/v2\/users\/8"}],"replies":[{"embeddable":true,"href":"https:\/\/www.atelierdocaractere.pt\/brevemente\/wp-json\/wp\/v2\/comments?post=13584"}],"version-history":[{"count":1,"href":"https:\/\/www.atelierdocaractere.pt\/brevemente\/wp-json\/wp\/v2\/posts\/13584\/revisions"}],"predecessor-version":[{"id":13586,"href":"https:\/\/www.atelierdocaractere.pt\/brevemente\/wp-json\/wp\/v2\/posts\/13584\/revisions\/13586"}],"wp:featuredmedia":[{"embeddable":true,"href":"https:\/\/www.atelierdocaractere.pt\/brevemente\/wp-json\/wp\/v2\/media\/13585"}],"wp:attachment":[{"href":"https:\/\/www.atelierdocaractere.pt\/brevemente\/wp-json\/wp\/v2\/media?parent=13584"}],"wp:term":[{"taxonomy":"category","embeddable":true,"href":"https:\/\/www.atelierdocaractere.pt\/brevemente\/wp-json\/wp\/v2\/categories?post=13584"},{"taxonomy":"post_tag","embeddable":true,"href":"https:\/\/www.atelierdocaractere.pt\/brevemente\/wp-json\/wp\/v2\/tags?post=13584"}],"curies":[{"name":"wp","href":"https:\/\/api.w.org\/{rel}","templated":true}]}}