{"id":13587,"date":"2025-02-26T17:00:00","date_gmt":"2025-02-26T17:00:00","guid":{"rendered":"https:\/\/www.atelierdocaractere.pt\/brevemente\/?p=13587"},"modified":"2025-02-26T18:41:02","modified_gmt":"2025-02-26T18:41:02","slug":"rally-de-portugal-esta-no-adn-de-quem-nasceu-no-centro-de-portugal","status":"publish","type":"post","link":"https:\/\/www.atelierdocaractere.pt\/brevemente\/rally-de-portugal-esta-no-adn-de-quem-nasceu-no-centro-de-portugal\/","title":{"rendered":"Rally de Portugal \u201cest\u00e1 no ADN de quem nasceu no Centro de Portugal\u201d"},"content":{"rendered":"\n<p><strong>Contrato-programa que oficializa a passagem da 58.\u00aa edi\u00e7\u00e3o da prova na regi\u00e3o Centro de Portugal foi assinado hoje, na Figueira da Foz<\/strong><\/p>\n\n\n\n<figure class=\"wp-block-image size-large\"><img decoding=\"async\" width=\"1024\" height=\"682\" src=\"https:\/\/www.atelierdocaractere.pt\/wp-content\/uploads\/2025\/02\/rally-cdp-1024x682.jpeg\" alt=\"\" class=\"wp-image-13588\" srcset=\"https:\/\/www.atelierdocaractere.pt\/wp-content\/uploads\/2025\/02\/rally-cdp-1024x682.jpeg 1024w, https:\/\/www.atelierdocaractere.pt\/wp-content\/uploads\/2025\/02\/rally-cdp-300x200.jpeg 300w, https:\/\/www.atelierdocaractere.pt\/wp-content\/uploads\/2025\/02\/rally-cdp-768x512.jpeg 768w, https:\/\/www.atelierdocaractere.pt\/wp-content\/uploads\/2025\/02\/rally-cdp-900x600.jpeg 900w, https:\/\/www.atelierdocaractere.pt\/wp-content\/uploads\/2025\/02\/rally-cdp-675x450.jpeg 675w, https:\/\/www.atelierdocaractere.pt\/wp-content\/uploads\/2025\/02\/rally-cdp.jpeg 1280w\" sizes=\"(max-width: 1024px) 100vw, 1024px\" \/><\/figure>\n\n\n\n<p>A&nbsp;<strong>Turismo Centro de Portugal<\/strong>&nbsp;(TCP), o&nbsp;<strong>Autom\u00f3vel Club de Portugal<\/strong>&nbsp;(ACP) e os munic\u00edpios do Centro de Portugal que acolhem este ano o&nbsp;<strong>Vodafone Rally de Portugal<\/strong>&nbsp;assinaram hoje, na Figueira da Foz, o contrato-programa que oficializa a passagem da ic\u00f3nica prova automobil\u00edstica pela regi\u00e3o.<\/p>\n\n\n\n<p>A 58.\u00aa edi\u00e7\u00e3o do Rally de Portugal decorre de 15 a 18 de maio, com os dois primeiros dias a serem disputados no Centro de Portugal. Este ano, a competi\u00e7\u00e3o ganha ainda mais destaque na regi\u00e3o, com a inclus\u00e3o de tr\u00eas novos concelhos no percurso: \u00c1gueda, Albergaria-a-Velha e Sever do Vouga, que recebem duas classificativas estreantes. Desta forma, a edi\u00e7\u00e3o de 2025 refor\u00e7a ainda mais a liga\u00e7\u00e3o hist\u00f3rica entre o Rally de Portugal e o Centro de Portugal, consolidando a regi\u00e3o como um dos grandes palcos do automobilismo mundial.<\/p>\n\n\n\n<p>Como nos \u00faltimos anos, Coimbra ser\u00e1 o cen\u00e1rio da cerim\u00f3nia de partida, no dia 15 de maio, seguindo-se a j\u00e1 tradicional superespecial urbana da Figueira da Foz, que marca o in\u00edcio da componente competitiva. No segundo dia, 16 de maio, os autom\u00f3veis aceleram pelas classificativas de Lous\u00e3, G\u00f3is, Arganil e Mort\u00e1gua, na Regi\u00e3o de Coimbra, antes de rumar \u00e0 Regi\u00e3o de Aveiro, onde os novos tro\u00e7os de \u00c1gueda\/Sever do Vouga e Sever do Vouga\/Albergaria-a-Velha prometem trazer ainda mais espetacularidade \u00e0 prova.<\/p>\n\n\n\n<p><strong>Impacto econ\u00f3mico e proje\u00e7\u00e3o internacional<\/strong><\/p>\n\n\n\n<p>Durante a assinatura do contrato-programa,&nbsp;<strong>Anabela Freitas<\/strong>, vice-presidente da Turismo Centro de Portugal, considerou que a TCP&nbsp;<em>\u201cs\u00f3 poderia apoiar o Rally de Portugal, por v\u00e1rias raz\u00f5es\u201d<\/em>.&nbsp;<em>\u201cA primeira raz\u00e3o \u00e9 que o Rally de Portugal est\u00e1 no ADN de quem nasceu na regi\u00e3o Centro, independentemente do concelho. Muitos de n\u00f3s recordam-se das etapas noturnas e das noites passadas nas serras para ver passar os carros. Eu sei que o Rally \u00e9 de Portugal, mas as melhores etapas est\u00e3o aqui no Centro\u201d<\/em>, salientou.<\/p>\n\n\n\n<p>Anabela Freitas destacou tamb\u00e9m o impacto positivo do Rally de Portugal no turismo.&nbsp;<em>\u201cUm dos grandes des\u00edgnios da Turismo do Centro \u00e9 aumentar o n\u00famero de estadas no nosso territ\u00f3rio. Em 2024, a estada medida do turista durante a prova foi de 1,8 noites na nossa regi\u00e3o, um n\u00famero acima da m\u00e9dia anual. Com a entrada de tr\u00eas novos concelhos, estou certa de que o impacto ser\u00e1 ainda maior\u201d<\/em>, frisou. Al\u00e9m disso, acrescentou,&nbsp;<em>\u201cos pa\u00edses que s\u00e3o impactados pelas imagens do Rally, nomeadamente nas transmiss\u00f5es televisivas, s\u00e3o os pa\u00edses emissores de turismo para a regi\u00e3o Centro. Por tudo isto, espero que a parceria entre a TCP, o ACP e os munic\u00edpios da regi\u00e3o Centro continue por muitos anos e que o Rally de Portugal continue a ser uma marca mundial associada \u00e0 marca Centro de Portugal\u201d<\/em>.<\/p>\n\n\n\n<p><strong>Carlos Barbosa<\/strong>, presidente do ACP, real\u00e7ou o crescente protagonismo do Centro de Portugal no evento:&nbsp;<em>\u201cCada vez mais, o Rally de Portugal est\u00e1 no Centro. O dif\u00edcil \u00e9 termos dias suficientes para incluir tantos tro\u00e7os no Centro. Agrade\u00e7o \u00e0s c\u00e2maras municipais e \u00e0 Turismo Centro de Portugal, que nos t\u00eam acompanhado nesta aventura desde 2019. Sem voc\u00eas, seria imposs\u00edvel haver Rally de Portugal. Agrade\u00e7o tamb\u00e9m a todas as pessoas da regi\u00e3o, que nos recebem com muito carinho. Os tro\u00e7os aqui t\u00eam sempre muito p\u00fablico e muita seguran\u00e7a, o que \u00e9 muito importante. Vai ser um Rally muito bom, com tro\u00e7os novos e com algumas mudan\u00e7as nos tro\u00e7os j\u00e1 existentes. Acredito que vai ser o melhor Rally de sempre at\u00e9 hoje feito na regi\u00e3o Centro\u201d<\/em>.<\/p>\n\n\n\n<p>A assinatura do contrato-programa teve lugar na Casa do Pa\u00e7o, na Figueira da Foz, Assinaram o contrato-programa, al\u00e9m de Anabela Freitas e Carlos Barbosa, o diretor de opera\u00e7\u00f5es do ACP,\u00a0<strong>Jo\u00e3o Mendes Dias<\/strong>, o anfitri\u00e3o,\u00a0<strong>Pedro Santana Lopes<\/strong>, presidente da C\u00e2mara Municipal da Figueira da Foz, e os autarcas representantes dos restantes munic\u00edpios da regi\u00e3o envolvidos:\u00a0<strong>Jorge Almeida<\/strong>\u00a0(\u00c1gueda),\u00a0<strong>Ant\u00f3nio Loureiro<\/strong>\u00a0(Albergaria-a-Velha),\u00a0<strong>Lu\u00eds Paulo Costa<\/strong>\u00a0(Arganil),\u00a0<strong>Rui Sampaio<\/strong>\u00a0(G\u00f3is),\u00a0<strong>Ricardo Pardal<\/strong>\u00a0(Mort\u00e1gua),\u00a0<strong>Pedro Lobo<\/strong>\u00a0(Sever do Vouga),\u00a0<strong>Francisco Veiga<\/strong>\u00a0(Coimbra) e\u00a0<strong>Jo\u00e3o Santos<\/strong>\u00a0(Lous\u00e3).<\/p>\n\n\n\n<p><strong>Sobre a Turismo Centro de Portugal:<\/strong><\/p>\n\n\n\n<p>A Turismo Centro de Portugal \u00e9 a entidade que estrutura e promove o turismo na Regi\u00e3o Centro do pa\u00eds. Esta \u00e9 a maior e mais diversificada \u00e1rea tur\u00edstica nacional, abrangendo 100 munic\u00edpios, e tem registado um intenso crescimento da procura interna e externa. \u00c9 a regi\u00e3o a escolher para quem pretende experi\u00eancias diversificadas, pois concilia locais Patrim\u00f3nio da Humanidade com a melhor costa de surf da Europa, termas e spas id\u00edlicos, locais de culto de import\u00e2ncia mundial e as mais belas aldeias.<\/p>\n","protected":false},"excerpt":{"rendered":"<p>Contrato-programa que oficializa a passagem da 58.\u00aa edi\u00e7\u00e3o da prova na regi\u00e3o Centro de Portugal foi assinado hoje, na Figueira&#8230;<\/p>\n","protected":false},"author":8,"featured_media":13588,"comment_status":"closed","ping_status":"open","sticky":false,"template":"","format":"standard","meta":[],"categories":[39],"tags":[433,505,765,904,349,346,479],"yoast_head":"<!-- This site is optimized with the Yoast SEO plugin v20.12 - https:\/\/yoast.com\/wordpress\/plugins\/seo\/ -->\n<title>Rally de Portugal \u201cest\u00e1 no ADN de quem nasceu no Centro de Portugal\u201d - Atelier do Caractere<\/title>\n<meta name=\"robots\" content=\"index, follow, max-snippet:-1, max-image-preview:large, max-video-preview:-1\" \/>\n<link rel=\"canonical\" href=\"https:\/\/www.atelierdocaractere.pt\/brevemente\/rally-de-portugal-esta-no-adn-de-quem-nasceu-no-centro-de-portugal\/\" \/>\n<meta property=\"og:locale\" content=\"pt_PT\" \/>\n<meta property=\"og:type\" content=\"article\" \/>\n<meta property=\"og:title\" content=\"Rally de Portugal \u201cest\u00e1 no ADN de quem nasceu no Centro de Portugal\u201d - Atelier do Caractere\" \/>\n<meta property=\"og:description\" content=\"Contrato-programa que oficializa a passagem da 58.\u00aa edi\u00e7\u00e3o da prova na regi\u00e3o Centro de Portugal foi assinado hoje, na Figueira...\" \/>\n<meta property=\"og:url\" content=\"https:\/\/www.atelierdocaractere.pt\/brevemente\/rally-de-portugal-esta-no-adn-de-quem-nasceu-no-centro-de-portugal\/\" \/>\n<meta property=\"og:site_name\" content=\"Atelier do Caractere\" \/>\n<meta property=\"article:publisher\" content=\"https:\/\/www.facebook.com\/AtelierdoCaractere\" \/>\n<meta property=\"article:published_time\" content=\"2025-02-26T17:00:00+00:00\" \/>\n<meta property=\"article:modified_time\" content=\"2025-02-26T18:41:02+00:00\" \/>\n<meta property=\"og:image\" content=\"https:\/\/www.atelierdocaractere.pt\/wp-content\/uploads\/2025\/02\/rally-cdp.jpeg\" \/>\n\t<meta property=\"og:image:width\" content=\"1280\" \/>\n\t<meta property=\"og:image:height\" content=\"853\" \/>\n\t<meta property=\"og:image:type\" content=\"image\/jpeg\" \/>\n<meta name=\"author\" content=\"Andr\u00e9 Lopes\" \/>\n<meta name=\"twitter:card\" content=\"summary_large_image\" \/>\n<meta name=\"twitter:label1\" content=\"Escrito por\" \/>\n\t<meta name=\"twitter:data1\" content=\"Andr\u00e9 Lopes\" \/>\n\t<meta name=\"twitter:label2\" content=\"Tempo estimado de leitura\" \/>\n\t<meta name=\"twitter:data2\" content=\"5 minutos\" \/>\n<script type=\"application\/ld+json\" class=\"yoast-schema-graph\">{\"@context\":\"https:\/\/schema.org\",\"@graph\":[{\"@type\":\"WebPage\",\"@id\":\"https:\/\/www.atelierdocaractere.pt\/brevemente\/rally-de-portugal-esta-no-adn-de-quem-nasceu-no-centro-de-portugal\/\",\"url\":\"https:\/\/www.atelierdocaractere.pt\/brevemente\/rally-de-portugal-esta-no-adn-de-quem-nasceu-no-centro-de-portugal\/\",\"name\":\"Rally de Portugal \u201cest\u00e1 no ADN de quem nasceu no Centro de Portugal\u201d - Atelier do Caractere\",\"isPartOf\":{\"@id\":\"https:\/\/www.atelierdocaractere.pt\/brevemente\/#website\"},\"datePublished\":\"2025-02-26T17:00:00+00:00\",\"dateModified\":\"2025-02-26T18:41:02+00:00\",\"author\":{\"@id\":\"https:\/\/www.atelierdocaractere.pt\/brevemente\/#\/schema\/person\/434214d094c7f8243eba52cce01c3fbf\"},\"breadcrumb\":{\"@id\":\"https:\/\/www.atelierdocaractere.pt\/brevemente\/rally-de-portugal-esta-no-adn-de-quem-nasceu-no-centro-de-portugal\/#breadcrumb\"},\"inLanguage\":\"pt-PT\",\"potentialAction\":[{\"@type\":\"ReadAction\",\"target\":[\"https:\/\/www.atelierdocaractere.pt\/brevemente\/rally-de-portugal-esta-no-adn-de-quem-nasceu-no-centro-de-portugal\/\"]}]},{\"@type\":\"BreadcrumbList\",\"@id\":\"https:\/\/www.atelierdocaractere.pt\/brevemente\/rally-de-portugal-esta-no-adn-de-quem-nasceu-no-centro-de-portugal\/#breadcrumb\",\"itemListElement\":[{\"@type\":\"ListItem\",\"position\":1,\"name\":\"In\u00edcio\",\"item\":\"https:\/\/www.atelierdocaractere.pt\/brevemente\/\"},{\"@type\":\"ListItem\",\"position\":2,\"name\":\"Rally de Portugal \u201cest\u00e1 no ADN de quem nasceu no Centro de Portugal\u201d\"}]},{\"@type\":\"WebSite\",\"@id\":\"https:\/\/www.atelierdocaractere.pt\/brevemente\/#website\",\"url\":\"https:\/\/www.atelierdocaractere.pt\/brevemente\/\",\"name\":\"Atelier do Caractere\",\"description\":\"\",\"potentialAction\":[{\"@type\":\"SearchAction\",\"target\":{\"@type\":\"EntryPoint\",\"urlTemplate\":\"https:\/\/www.atelierdocaractere.pt\/brevemente\/?s={search_term_string}\"},\"query-input\":\"required name=search_term_string\"}],\"inLanguage\":\"pt-PT\"},{\"@type\":\"Person\",\"@id\":\"https:\/\/www.atelierdocaractere.pt\/brevemente\/#\/schema\/person\/434214d094c7f8243eba52cce01c3fbf\",\"name\":\"Andr\u00e9 Lopes\",\"image\":{\"@type\":\"ImageObject\",\"inLanguage\":\"pt-PT\",\"@id\":\"https:\/\/www.atelierdocaractere.pt\/brevemente\/#\/schema\/person\/image\/\",\"url\":\"https:\/\/secure.gravatar.com\/avatar\/76af1c514620ffe1937f018fe03efb73?s=96&d=mm&r=g\",\"contentUrl\":\"https:\/\/secure.gravatar.com\/avatar\/76af1c514620ffe1937f018fe03efb73?s=96&d=mm&r=g\",\"caption\":\"Andr\u00e9 Lopes\"},\"url\":\"https:\/\/www.atelierdocaractere.pt\/brevemente\/author\/andre-lopes\/\"}]}<\/script>\n<!-- \/ Yoast SEO plugin. -->","yoast_head_json":{"title":"Rally de Portugal \u201cest\u00e1 no ADN de quem nasceu no Centro de Portugal\u201d - Atelier do Caractere","robots":{"index":"index","follow":"follow","max-snippet":"max-snippet:-1","max-image-preview":"max-image-preview:large","max-video-preview":"max-video-preview:-1"},"canonical":"https:\/\/www.atelierdocaractere.pt\/brevemente\/rally-de-portugal-esta-no-adn-de-quem-nasceu-no-centro-de-portugal\/","og_locale":"pt_PT","og_type":"article","og_title":"Rally de Portugal \u201cest\u00e1 no ADN de quem nasceu no Centro de Portugal\u201d - Atelier do Caractere","og_description":"Contrato-programa que oficializa a passagem da 58.\u00aa edi\u00e7\u00e3o da prova na regi\u00e3o Centro de Portugal foi assinado hoje, na Figueira...","og_url":"https:\/\/www.atelierdocaractere.pt\/brevemente\/rally-de-portugal-esta-no-adn-de-quem-nasceu-no-centro-de-portugal\/","og_site_name":"Atelier do Caractere","article_publisher":"https:\/\/www.facebook.com\/AtelierdoCaractere","article_published_time":"2025-02-26T17:00:00+00:00","article_modified_time":"2025-02-26T18:41:02+00:00","og_image":[{"width":1280,"height":853,"url":"https:\/\/www.atelierdocaractere.pt\/wp-content\/uploads\/2025\/02\/rally-cdp.jpeg","type":"image\/jpeg"}],"author":"Andr\u00e9 Lopes","twitter_card":"summary_large_image","twitter_misc":{"Escrito por":"Andr\u00e9 Lopes","Tempo estimado de leitura":"5 minutos"},"schema":{"@context":"https:\/\/schema.org","@graph":[{"@type":"WebPage","@id":"https:\/\/www.atelierdocaractere.pt\/brevemente\/rally-de-portugal-esta-no-adn-de-quem-nasceu-no-centro-de-portugal\/","url":"https:\/\/www.atelierdocaractere.pt\/brevemente\/rally-de-portugal-esta-no-adn-de-quem-nasceu-no-centro-de-portugal\/","name":"Rally de Portugal \u201cest\u00e1 no ADN de quem nasceu no Centro de Portugal\u201d - Atelier do Caractere","isPartOf":{"@id":"https:\/\/www.atelierdocaractere.pt\/brevemente\/#website"},"datePublished":"2025-02-26T17:00:00+00:00","dateModified":"2025-02-26T18:41:02+00:00","author":{"@id":"https:\/\/www.atelierdocaractere.pt\/brevemente\/#\/schema\/person\/434214d094c7f8243eba52cce01c3fbf"},"breadcrumb":{"@id":"https:\/\/www.atelierdocaractere.pt\/brevemente\/rally-de-portugal-esta-no-adn-de-quem-nasceu-no-centro-de-portugal\/#breadcrumb"},"inLanguage":"pt-PT","potentialAction":[{"@type":"ReadAction","target":["https:\/\/www.atelierdocaractere.pt\/brevemente\/rally-de-portugal-esta-no-adn-de-quem-nasceu-no-centro-de-portugal\/"]}]},{"@type":"BreadcrumbList","@id":"https:\/\/www.atelierdocaractere.pt\/brevemente\/rally-de-portugal-esta-no-adn-de-quem-nasceu-no-centro-de-portugal\/#breadcrumb","itemListElement":[{"@type":"ListItem","position":1,"name":"In\u00edcio","item":"https:\/\/www.atelierdocaractere.pt\/brevemente\/"},{"@type":"ListItem","position":2,"name":"Rally de Portugal \u201cest\u00e1 no ADN de quem nasceu no Centro de Portugal\u201d"}]},{"@type":"WebSite","@id":"https:\/\/www.atelierdocaractere.pt\/brevemente\/#website","url":"https:\/\/www.atelierdocaractere.pt\/brevemente\/","name":"Atelier do Caractere","description":"","potentialAction":[{"@type":"SearchAction","target":{"@type":"EntryPoint","urlTemplate":"https:\/\/www.atelierdocaractere.pt\/brevemente\/?s={search_term_string}"},"query-input":"required name=search_term_string"}],"inLanguage":"pt-PT"},{"@type":"Person","@id":"https:\/\/www.atelierdocaractere.pt\/brevemente\/#\/schema\/person\/434214d094c7f8243eba52cce01c3fbf","name":"Andr\u00e9 Lopes","image":{"@type":"ImageObject","inLanguage":"pt-PT","@id":"https:\/\/www.atelierdocaractere.pt\/brevemente\/#\/schema\/person\/image\/","url":"https:\/\/secure.gravatar.com\/avatar\/76af1c514620ffe1937f018fe03efb73?s=96&d=mm&r=g","contentUrl":"https:\/\/secure.gravatar.com\/avatar\/76af1c514620ffe1937f018fe03efb73?s=96&d=mm&r=g","caption":"Andr\u00e9 Lopes"},"url":"https:\/\/www.atelierdocaractere.pt\/brevemente\/author\/andre-lopes\/"}]}},"_links":{"self":[{"href":"https:\/\/www.atelierdocaractere.pt\/brevemente\/wp-json\/wp\/v2\/posts\/13587"}],"collection":[{"href":"https:\/\/www.atelierdocaractere.pt\/brevemente\/wp-json\/wp\/v2\/posts"}],"about":[{"href":"https:\/\/www.atelierdocaractere.pt\/brevemente\/wp-json\/wp\/v2\/types\/post"}],"author":[{"embeddable":true,"href":"https:\/\/www.atelierdocaractere.pt\/brevemente\/wp-json\/wp\/v2\/users\/8"}],"replies":[{"embeddable":true,"href":"https:\/\/www.atelierdocaractere.pt\/brevemente\/wp-json\/wp\/v2\/comments?post=13587"}],"version-history":[{"count":1,"href":"https:\/\/www.atelierdocaractere.pt\/brevemente\/wp-json\/wp\/v2\/posts\/13587\/revisions"}],"predecessor-version":[{"id":13589,"href":"https:\/\/www.atelierdocaractere.pt\/brevemente\/wp-json\/wp\/v2\/posts\/13587\/revisions\/13589"}],"wp:featuredmedia":[{"embeddable":true,"href":"https:\/\/www.atelierdocaractere.pt\/brevemente\/wp-json\/wp\/v2\/media\/13588"}],"wp:attachment":[{"href":"https:\/\/www.atelierdocaractere.pt\/brevemente\/wp-json\/wp\/v2\/media?parent=13587"}],"wp:term":[{"taxonomy":"category","embeddable":true,"href":"https:\/\/www.atelierdocaractere.pt\/brevemente\/wp-json\/wp\/v2\/categories?post=13587"},{"taxonomy":"post_tag","embeddable":true,"href":"https:\/\/www.atelierdocaractere.pt\/brevemente\/wp-json\/wp\/v2\/tags?post=13587"}],"curies":[{"name":"wp","href":"https:\/\/api.w.org\/{rel}","templated":true}]}}