{"id":13590,"date":"2025-02-14T18:16:00","date_gmt":"2025-02-14T18:16:00","guid":{"rendered":"https:\/\/www.atelierdocaractere.pt\/brevemente\/?p=13590"},"modified":"2025-02-26T18:48:17","modified_gmt":"2025-02-26T18:48:17","slug":"aldeia-historica-do-piodao-acolheu-assinatura-dos-acordos-dos-planos-de-acao-provere","status":"publish","type":"post","link":"https:\/\/www.atelierdocaractere.pt\/brevemente\/aldeia-historica-do-piodao-acolheu-assinatura-dos-acordos-dos-planos-de-acao-provere\/","title":{"rendered":"Aldeia Hist\u00f3rica do Pi\u00f3d\u00e3o acolheu assinatura dos Acordos dos Planos de A\u00e7\u00e3o PROVERE"},"content":{"rendered":"\n<p><strong>A Aldeia Hist\u00f3rica do Pi\u00f3d\u00e3o foi o palco da assinatura dos Acordos dos Planos de A\u00e7\u00e3o PROVERE, num evento que decorreu esta quinta-feira, dia 13 de fevereiro, e que reuniu entidades regionais e nacionais empenhadas no desenvolvimento sustent\u00e1vel das Aldeias Hist\u00f3ricas de Portugal e das Aldeias do Xisto.<\/strong><\/p>\n\n\n\n<figure class=\"wp-block-image size-large\"><img decoding=\"async\" width=\"1024\" height=\"682\" src=\"https:\/\/www.atelierdocaractere.pt\/wp-content\/uploads\/2025\/02\/piodao-foto-1024x682.jpeg\" alt=\"\" class=\"wp-image-13591\" srcset=\"https:\/\/www.atelierdocaractere.pt\/wp-content\/uploads\/2025\/02\/piodao-foto-1024x682.jpeg 1024w, https:\/\/www.atelierdocaractere.pt\/wp-content\/uploads\/2025\/02\/piodao-foto-300x200.jpeg 300w, https:\/\/www.atelierdocaractere.pt\/wp-content\/uploads\/2025\/02\/piodao-foto-768x512.jpeg 768w, https:\/\/www.atelierdocaractere.pt\/wp-content\/uploads\/2025\/02\/piodao-foto-900x600.jpeg 900w, https:\/\/www.atelierdocaractere.pt\/wp-content\/uploads\/2025\/02\/piodao-foto-675x450.jpeg 675w, https:\/\/www.atelierdocaractere.pt\/wp-content\/uploads\/2025\/02\/piodao-foto.jpeg 1280w\" sizes=\"(max-width: 1024px) 100vw, 1024px\" \/><\/figure>\n\n\n\n<p>A iniciativa que oficializou dois planos estrat\u00e9gicos fundamentais para a valoriza\u00e7\u00e3o dos territ\u00f3rios rurais, cada um no valor de tr\u00eas milh\u00f5es de euros, foi organizada pela Comiss\u00e3o de Coordena\u00e7\u00e3o e Desenvolvimento Regional do Centro (CCDRC, IP), em parceria com a Autoridade de Gest\u00e3o do Centro 2030, a C\u00e2mara Municipal de Arganil, bem como a Aldeias Hist\u00f3ricas de Portugal &#8211; Associa\u00e7\u00e3o de Desenvolvimento Tur\u00edstico (AHP-ADT) e a Ag\u00eancia para o Desenvolvimento Tur\u00edstico das Aldeias do Xisto (ADXTUR), os dois projetos que beneficiam dos Planos de A\u00e7\u00e3o PROVERE.&nbsp;<\/p>\n\n\n\n<p>\u00b7&nbsp;&nbsp;&nbsp;&nbsp;&nbsp;&nbsp;&nbsp;&nbsp;&nbsp;\u201cRede Aldeias Hist\u00f3ricas de Portugal Eficiente e Sustent\u00e1vel\u201d, focado na preserva\u00e7\u00e3o patrimonial e na promo\u00e7\u00e3o de pr\u00e1ticas sustent\u00e1veis;<\/p>\n\n\n\n<p>\u00b7&nbsp;&nbsp;&nbsp;&nbsp;&nbsp;&nbsp;&nbsp;&nbsp;&nbsp;\u201cEstrat\u00e9gia de Efici\u00eancia Coletiva da Rede Aldeias do Xisto 2030\u201d, que visa impulsionar o desenvolvimento econ\u00f3mico e tur\u00edstico das aldeias atrav\u00e9s de redes colaborativas.<\/p>\n\n\n\n<p>O evento contou com a presen\u00e7a de representantes das respetivas entidades e membros da comunidade local, refletindo um forte compromisso coletivo com a inova\u00e7\u00e3o, a sustentabilidade e a dinamiza\u00e7\u00e3o destes territ\u00f3rios. Ap\u00f3s a cerim\u00f3nia de assinatura, os participantes tiveram a oportunidade de explorar a Aldeia Hist\u00f3rica do Pi\u00f3d\u00e3o, um s\u00edmbolo vivo do patrim\u00f3nio rural portugu\u00eas.<br><br>A assinatura destes acordos representa um marco significativo para o futuro das Aldeias Hist\u00f3ricas de Portugal e das Aldeias do Xisto, consolidando estrat\u00e9gias que equilibram tradi\u00e7\u00e3o e inova\u00e7\u00e3o, ao mesmo tempo que valorizam as comunidades locais. Importa ainda destacar que o montante atribu\u00eddo a cada Plano de A\u00e7\u00e3o no \u00e2mbito do Programa PROVERE \u00e9 de tr\u00eas milh\u00f5es de euros, financiados pelo Fundo Europeu de Desenvolvimento Regional (FEDER).<br><br>Sobre a iniciativa, Carlos Ascens\u00e3o, Presidente das Aldeias Hist\u00f3ricas de Portugal, disse que \u201ca assinatura destes acordos marca o in\u00edcio de uma nova jornada no \u00e2mbito da Estrat\u00e9gia de Efici\u00eancia Coletiva PROVERE, um programa que tem demonstrado ser essencial para os territ\u00f3rios de baixa densidade, ao colocar as pessoas no centro do desenvolvimento sustent\u00e1vel. Este dia simboliza o papel agregador desta iniciativa, unindo diferentes agentes e comunidades em prol de um objetivo comum: criar comunidades rurais mais fortes, interligadas, resilientes e pr\u00f3ximas, promovendo um futuro onde tradi\u00e7\u00e3o e inova\u00e7\u00e3o caminham lado a lado\u201d.&nbsp;<br><br>Paulo Fernandes, Presidente da Dire\u00e7\u00e3o da Rede Aldeias do Xisto, comentou que \u201choje, podemos olhar para este percurso e reconhecer o imenso capital que constru\u00edmos \u2013 n\u00e3o apenas o f\u00edsico, mas tamb\u00e9m o cultural, natural e, sobretudo, humano. As equipas das Aldeias do Xisto e das Aldeias Hist\u00f3ricas de Portugal s\u00e3o, sem d\u00favida, das melhores do pa\u00eds, e sem elas nada disto seria poss\u00edvel. Se hoje existem os PROVERE neste pa\u00eds, a sua inspira\u00e7\u00e3o veio da regi\u00e3o Centro, de lugares como o Pi\u00f3d\u00e3o, que exemplificam um novo paradigma de desenvolvimento e valoriza\u00e7\u00e3o do patrim\u00f3nio. A CCDR teve um papel fundamental, ao perceber que o melhor caminho seria entregar ao territ\u00f3rio a responsabilidade de se organizar, promovendo um modelo de governan\u00e7a que permitisse atrair mais investimento privado. E os resultados s\u00e3o evidentes: pass\u00e1mos de uma fase de infraestrutura\u00e7\u00e3o para um momento em que o investimento privado se tornou um dos principais indicadores de sucesso\u201d.<br><br>Jorge Brand\u00e3o, Vogal da Comiss\u00e3o Diretiva Centro 2030, salientou que \u201ca implementa\u00e7\u00e3o dos planos de a\u00e7\u00e3o PROVERE reflete a necessidade de abordagens territoriais diversificadas para responder a desafios complexos, mobilizando diferentes instrumentos de financiamento e interven\u00e7\u00e3o. Este processo come\u00e7ou com um concurso que selecionou estrat\u00e9gias e parcerias de elevado m\u00e9rito, culminando agora na aprova\u00e7\u00e3o dos primeiros planos de a\u00e7\u00e3o. A sua execu\u00e7\u00e3o assenta em quatro dimens\u00f5es essenciais: a governan\u00e7a dos cons\u00f3rcios, a valoriza\u00e7\u00e3o das marcas e territ\u00f3rios, a inova\u00e7\u00e3o e especializa\u00e7\u00e3o inteligente, e a dinamiza\u00e7\u00e3o do investimento empresarial. Com um horizonte at\u00e9 2026, o sucesso destes planos depender\u00e1 da articula\u00e7\u00e3o eficaz entre os diferentes programas e abordagens regionais, assegurando um desenvolvimento sustent\u00e1vel e integrado\u201d.<br><br>J\u00e1 Isabel Damasceno, Presidente da Comiss\u00e3o de Coordena\u00e7\u00e3o e Desenvolvimento da Regi\u00e3o Centro (CCDRC, IP), lembrou que \u201co programa PROVERE tem sido um instrumento essencial na transforma\u00e7\u00e3o dos territ\u00f3rios da Regi\u00e3o Centro, consolidando-se como uma refer\u00eancia nacional. Desde a sua cria\u00e7\u00e3o, permitiu enquadrar e potenciar projetos que, antes, surgiam isoladamente, garantindo um impacto mais estruturado e duradouro. O m\u00e9rito deste percurso deve-se ao empenho dos promotores, munic\u00edpios e entidades envolvidas, que t\u00eam defendido estes programas com profissionalismo e dedica\u00e7\u00e3o. Com um novo ciclo a iniciar-se, h\u00e1 uma grande expectativa quanto \u00e0 continuidade deste sucesso, refor\u00e7ando a complementaridade entre os diferentes PROVERE e impulsionando o desenvolvimento regional\u201d.<br><br><strong>Sobre a Aldeias Hist\u00f3ricas de Portugal<\/strong><\/p>\n\n\n\n<p>Entre montes e vales da verdejante paisagem do interior de Portugal, repletas de lendas e castelos, sabores e tradi\u00e7\u00f5es, encontram-se 12 singelas aldeias onde apetece perdermo-nos. Almeida, Belmonte, Castelo Mendo, Castelo Novo, Castelo Rodrigo, Idanha-a-Velha, Linhares da Beira, Marialva, Monsanto, Pi\u00f3d\u00e3o, Sortelha e Trancoso: as Aldeias Hist\u00f3ricas de Portugal, um destino que s\u00e3o 12, surgem como para\u00edsos escondidos que nos levam numa viagem ao tempo de reis e rainhas, de \u00e9picas e infinitas batalhas que escreveram a Hist\u00f3ria como a conhecemos hoje. S\u00e3o, ainda, a garantia de momentos inesquec\u00edveis de lazer, aventura e descoberta, temperados com os inigual\u00e1veis aromas e sabores da regi\u00e3o, que comp\u00f5em a sua t\u00edpica gastronomia.<\/p>\n\n\n\n<p>No territ\u00f3rio das Aldeias Hist\u00f3ricas de Portugal h\u00e1 um sem fim de trilhos para caminhadas e percursos de bicicleta e BTT \u2013 como a Grande Rota 22, a maior rota de Walking &amp; Cycling na Europa e em Portugal, com cerca de 600 km. A Grande Rota 22 tem o selo Leading Quality Trails \u2013 Best of Europe, entregue pela European Ramblers Association (Associa\u00e7\u00e3o Europeia de Caminhada).<\/p>\n\n\n\n<p>As Aldeias Hist\u00f3ricas de Portugal s\u00e3o o primeiro destino em rede \u2013 \u00e0 escala mundial \u2013 e o primeiro destino nacional a receber a certifica\u00e7\u00e3o BIOSPHERE DESTINATION. E, em 2020, foram o primeiro destino a n\u00edvel nacional a criar o \u201cManifesto do Turista Respons\u00e1vel\u201d, lembrando aos seus visitantes a import\u00e2ncia do respeito pela natureza.<\/p>\n\n\n\n<p><strong>Sobre as Aldeias do Xisto<\/strong><\/p>\n\n\n\n<p>A Rede das Aldeias do Xisto \u00e9 constitu\u00edda por 27 aldeias do interior da Regi\u00e3o Centro de Portugal e assume-se como um projeto de desenvolvimento sustent\u00e1vel, de \u00e2mbito regional. Liderado pela ADXTUR &#8211; Ag\u00eancia para o Desenvolvimento Tur\u00edstico das Aldeias do Xisto, o projeto integra&nbsp;230 entidades p\u00fablicas e privadas.&nbsp;<\/p>\n\n\n\n<p>A ADXTUR tem vindo a chamar a si o papel de agente experimentador, convocando novos atores, pensamentos e compet\u00eancias, para interagirem com as suas comunidades e, deste modo, gerar argumentos para&nbsp;criar e promover bens e servi\u00e7os significantes da sua identidade, e valoriz\u00e1-los junto de p\u00fablicos e mercados exigentes&nbsp;em mat\u00e9ria de turismo de natureza e de responsabilidade social.<\/p>\n\n\n\n<p>As Aldeias do Xisto s\u00e3o uma marca-destino que, ao longo dos \u00faltimos anos, e a partir da atividade tur\u00edstica, da experimenta\u00e7\u00e3o e do conhecimento, t\u00eam conseguido afirmar um territ\u00f3rio \u00fanico no contexto da Regi\u00e3o Centro e do Pa\u00eds &#8211;&nbsp;um territ\u00f3rio para viver, investir e criar. T\u00eam-no feito procurando sempre o que h\u00e1 de mais distintivo e genu\u00edno na paisagem e nas comunidades, atraindo investimento e abrindo a porta a projetos que experimentem a partir da ess\u00eancia dos lugares. A rela\u00e7\u00e3o com a natureza, com a terra e com as pessoas tem sido a b\u00fassola que norteia uma atua\u00e7\u00e3o que procura revitalizar o territ\u00f3rio a partir do seu diferencial cultural.&nbsp;<\/p>\n","protected":false},"excerpt":{"rendered":"<p>A Aldeia Hist\u00f3rica do Pi\u00f3d\u00e3o foi o palco da assinatura dos Acordos dos Planos de A\u00e7\u00e3o PROVERE, num evento que&#8230;<\/p>\n","protected":false},"author":8,"featured_media":13591,"comment_status":"closed","ping_status":"open","sticky":false,"template":"","format":"standard","meta":[],"categories":[39],"tags":[509,371,906,380,905,907],"yoast_head":"<!-- This site is optimized with the Yoast SEO plugin v20.12 - https:\/\/yoast.com\/wordpress\/plugins\/seo\/ -->\n<title>Aldeia Hist\u00f3rica do Pi\u00f3d\u00e3o acolheu assinatura dos Acordos dos Planos de A\u00e7\u00e3o PROVERE - Atelier do Caractere<\/title>\n<meta name=\"robots\" content=\"index, follow, max-snippet:-1, max-image-preview:large, max-video-preview:-1\" \/>\n<link rel=\"canonical\" href=\"https:\/\/www.atelierdocaractere.pt\/brevemente\/aldeia-historica-do-piodao-acolheu-assinatura-dos-acordos-dos-planos-de-acao-provere\/\" \/>\n<meta property=\"og:locale\" content=\"pt_PT\" \/>\n<meta property=\"og:type\" content=\"article\" \/>\n<meta property=\"og:title\" content=\"Aldeia Hist\u00f3rica do Pi\u00f3d\u00e3o acolheu assinatura dos Acordos dos Planos de A\u00e7\u00e3o PROVERE - Atelier do Caractere\" \/>\n<meta property=\"og:description\" content=\"A Aldeia Hist\u00f3rica do Pi\u00f3d\u00e3o foi o palco da assinatura dos Acordos dos Planos de A\u00e7\u00e3o PROVERE, num evento que...\" \/>\n<meta property=\"og:url\" content=\"https:\/\/www.atelierdocaractere.pt\/brevemente\/aldeia-historica-do-piodao-acolheu-assinatura-dos-acordos-dos-planos-de-acao-provere\/\" \/>\n<meta property=\"og:site_name\" content=\"Atelier do Caractere\" \/>\n<meta property=\"article:publisher\" content=\"https:\/\/www.facebook.com\/AtelierdoCaractere\" \/>\n<meta property=\"article:published_time\" content=\"2025-02-14T18:16:00+00:00\" \/>\n<meta property=\"article:modified_time\" content=\"2025-02-26T18:48:17+00:00\" \/>\n<meta property=\"og:image\" content=\"https:\/\/www.atelierdocaractere.pt\/wp-content\/uploads\/2025\/02\/piodao-foto.jpeg\" \/>\n\t<meta property=\"og:image:width\" content=\"1280\" \/>\n\t<meta property=\"og:image:height\" content=\"853\" \/>\n\t<meta property=\"og:image:type\" content=\"image\/jpeg\" \/>\n<meta name=\"author\" content=\"Andr\u00e9 Lopes\" \/>\n<meta name=\"twitter:card\" content=\"summary_large_image\" \/>\n<meta name=\"twitter:label1\" content=\"Escrito por\" \/>\n\t<meta name=\"twitter:data1\" content=\"Andr\u00e9 Lopes\" \/>\n\t<meta name=\"twitter:label2\" content=\"Tempo estimado de leitura\" \/>\n\t<meta name=\"twitter:data2\" content=\"7 minutos\" \/>\n<script type=\"application\/ld+json\" class=\"yoast-schema-graph\">{\"@context\":\"https:\/\/schema.org\",\"@graph\":[{\"@type\":\"WebPage\",\"@id\":\"https:\/\/www.atelierdocaractere.pt\/brevemente\/aldeia-historica-do-piodao-acolheu-assinatura-dos-acordos-dos-planos-de-acao-provere\/\",\"url\":\"https:\/\/www.atelierdocaractere.pt\/brevemente\/aldeia-historica-do-piodao-acolheu-assinatura-dos-acordos-dos-planos-de-acao-provere\/\",\"name\":\"Aldeia Hist\u00f3rica do Pi\u00f3d\u00e3o acolheu assinatura dos Acordos dos Planos de A\u00e7\u00e3o PROVERE - Atelier do Caractere\",\"isPartOf\":{\"@id\":\"https:\/\/www.atelierdocaractere.pt\/brevemente\/#website\"},\"datePublished\":\"2025-02-14T18:16:00+00:00\",\"dateModified\":\"2025-02-26T18:48:17+00:00\",\"author\":{\"@id\":\"https:\/\/www.atelierdocaractere.pt\/brevemente\/#\/schema\/person\/434214d094c7f8243eba52cce01c3fbf\"},\"breadcrumb\":{\"@id\":\"https:\/\/www.atelierdocaractere.pt\/brevemente\/aldeia-historica-do-piodao-acolheu-assinatura-dos-acordos-dos-planos-de-acao-provere\/#breadcrumb\"},\"inLanguage\":\"pt-PT\",\"potentialAction\":[{\"@type\":\"ReadAction\",\"target\":[\"https:\/\/www.atelierdocaractere.pt\/brevemente\/aldeia-historica-do-piodao-acolheu-assinatura-dos-acordos-dos-planos-de-acao-provere\/\"]}]},{\"@type\":\"BreadcrumbList\",\"@id\":\"https:\/\/www.atelierdocaractere.pt\/brevemente\/aldeia-historica-do-piodao-acolheu-assinatura-dos-acordos-dos-planos-de-acao-provere\/#breadcrumb\",\"itemListElement\":[{\"@type\":\"ListItem\",\"position\":1,\"name\":\"In\u00edcio\",\"item\":\"https:\/\/www.atelierdocaractere.pt\/brevemente\/\"},{\"@type\":\"ListItem\",\"position\":2,\"name\":\"Aldeia Hist\u00f3rica do Pi\u00f3d\u00e3o acolheu assinatura dos Acordos dos Planos de A\u00e7\u00e3o PROVERE\"}]},{\"@type\":\"WebSite\",\"@id\":\"https:\/\/www.atelierdocaractere.pt\/brevemente\/#website\",\"url\":\"https:\/\/www.atelierdocaractere.pt\/brevemente\/\",\"name\":\"Atelier do Caractere\",\"description\":\"\",\"potentialAction\":[{\"@type\":\"SearchAction\",\"target\":{\"@type\":\"EntryPoint\",\"urlTemplate\":\"https:\/\/www.atelierdocaractere.pt\/brevemente\/?s={search_term_string}\"},\"query-input\":\"required name=search_term_string\"}],\"inLanguage\":\"pt-PT\"},{\"@type\":\"Person\",\"@id\":\"https:\/\/www.atelierdocaractere.pt\/brevemente\/#\/schema\/person\/434214d094c7f8243eba52cce01c3fbf\",\"name\":\"Andr\u00e9 Lopes\",\"image\":{\"@type\":\"ImageObject\",\"inLanguage\":\"pt-PT\",\"@id\":\"https:\/\/www.atelierdocaractere.pt\/brevemente\/#\/schema\/person\/image\/\",\"url\":\"https:\/\/secure.gravatar.com\/avatar\/76af1c514620ffe1937f018fe03efb73?s=96&d=mm&r=g\",\"contentUrl\":\"https:\/\/secure.gravatar.com\/avatar\/76af1c514620ffe1937f018fe03efb73?s=96&d=mm&r=g\",\"caption\":\"Andr\u00e9 Lopes\"},\"url\":\"https:\/\/www.atelierdocaractere.pt\/brevemente\/author\/andre-lopes\/\"}]}<\/script>\n<!-- \/ Yoast SEO plugin. -->","yoast_head_json":{"title":"Aldeia Hist\u00f3rica do Pi\u00f3d\u00e3o acolheu assinatura dos Acordos dos Planos de A\u00e7\u00e3o PROVERE - Atelier do Caractere","robots":{"index":"index","follow":"follow","max-snippet":"max-snippet:-1","max-image-preview":"max-image-preview:large","max-video-preview":"max-video-preview:-1"},"canonical":"https:\/\/www.atelierdocaractere.pt\/brevemente\/aldeia-historica-do-piodao-acolheu-assinatura-dos-acordos-dos-planos-de-acao-provere\/","og_locale":"pt_PT","og_type":"article","og_title":"Aldeia Hist\u00f3rica do Pi\u00f3d\u00e3o acolheu assinatura dos Acordos dos Planos de A\u00e7\u00e3o PROVERE - Atelier do Caractere","og_description":"A Aldeia Hist\u00f3rica do Pi\u00f3d\u00e3o foi o palco da assinatura dos Acordos dos Planos de A\u00e7\u00e3o PROVERE, num evento que...","og_url":"https:\/\/www.atelierdocaractere.pt\/brevemente\/aldeia-historica-do-piodao-acolheu-assinatura-dos-acordos-dos-planos-de-acao-provere\/","og_site_name":"Atelier do Caractere","article_publisher":"https:\/\/www.facebook.com\/AtelierdoCaractere","article_published_time":"2025-02-14T18:16:00+00:00","article_modified_time":"2025-02-26T18:48:17+00:00","og_image":[{"width":1280,"height":853,"url":"https:\/\/www.atelierdocaractere.pt\/wp-content\/uploads\/2025\/02\/piodao-foto.jpeg","type":"image\/jpeg"}],"author":"Andr\u00e9 Lopes","twitter_card":"summary_large_image","twitter_misc":{"Escrito por":"Andr\u00e9 Lopes","Tempo estimado de leitura":"7 minutos"},"schema":{"@context":"https:\/\/schema.org","@graph":[{"@type":"WebPage","@id":"https:\/\/www.atelierdocaractere.pt\/brevemente\/aldeia-historica-do-piodao-acolheu-assinatura-dos-acordos-dos-planos-de-acao-provere\/","url":"https:\/\/www.atelierdocaractere.pt\/brevemente\/aldeia-historica-do-piodao-acolheu-assinatura-dos-acordos-dos-planos-de-acao-provere\/","name":"Aldeia Hist\u00f3rica do Pi\u00f3d\u00e3o acolheu assinatura dos Acordos dos Planos de A\u00e7\u00e3o PROVERE - Atelier do Caractere","isPartOf":{"@id":"https:\/\/www.atelierdocaractere.pt\/brevemente\/#website"},"datePublished":"2025-02-14T18:16:00+00:00","dateModified":"2025-02-26T18:48:17+00:00","author":{"@id":"https:\/\/www.atelierdocaractere.pt\/brevemente\/#\/schema\/person\/434214d094c7f8243eba52cce01c3fbf"},"breadcrumb":{"@id":"https:\/\/www.atelierdocaractere.pt\/brevemente\/aldeia-historica-do-piodao-acolheu-assinatura-dos-acordos-dos-planos-de-acao-provere\/#breadcrumb"},"inLanguage":"pt-PT","potentialAction":[{"@type":"ReadAction","target":["https:\/\/www.atelierdocaractere.pt\/brevemente\/aldeia-historica-do-piodao-acolheu-assinatura-dos-acordos-dos-planos-de-acao-provere\/"]}]},{"@type":"BreadcrumbList","@id":"https:\/\/www.atelierdocaractere.pt\/brevemente\/aldeia-historica-do-piodao-acolheu-assinatura-dos-acordos-dos-planos-de-acao-provere\/#breadcrumb","itemListElement":[{"@type":"ListItem","position":1,"name":"In\u00edcio","item":"https:\/\/www.atelierdocaractere.pt\/brevemente\/"},{"@type":"ListItem","position":2,"name":"Aldeia Hist\u00f3rica do Pi\u00f3d\u00e3o acolheu assinatura dos Acordos dos Planos de A\u00e7\u00e3o PROVERE"}]},{"@type":"WebSite","@id":"https:\/\/www.atelierdocaractere.pt\/brevemente\/#website","url":"https:\/\/www.atelierdocaractere.pt\/brevemente\/","name":"Atelier do Caractere","description":"","potentialAction":[{"@type":"SearchAction","target":{"@type":"EntryPoint","urlTemplate":"https:\/\/www.atelierdocaractere.pt\/brevemente\/?s={search_term_string}"},"query-input":"required name=search_term_string"}],"inLanguage":"pt-PT"},{"@type":"Person","@id":"https:\/\/www.atelierdocaractere.pt\/brevemente\/#\/schema\/person\/434214d094c7f8243eba52cce01c3fbf","name":"Andr\u00e9 Lopes","image":{"@type":"ImageObject","inLanguage":"pt-PT","@id":"https:\/\/www.atelierdocaractere.pt\/brevemente\/#\/schema\/person\/image\/","url":"https:\/\/secure.gravatar.com\/avatar\/76af1c514620ffe1937f018fe03efb73?s=96&d=mm&r=g","contentUrl":"https:\/\/secure.gravatar.com\/avatar\/76af1c514620ffe1937f018fe03efb73?s=96&d=mm&r=g","caption":"Andr\u00e9 Lopes"},"url":"https:\/\/www.atelierdocaractere.pt\/brevemente\/author\/andre-lopes\/"}]}},"_links":{"self":[{"href":"https:\/\/www.atelierdocaractere.pt\/brevemente\/wp-json\/wp\/v2\/posts\/13590"}],"collection":[{"href":"https:\/\/www.atelierdocaractere.pt\/brevemente\/wp-json\/wp\/v2\/posts"}],"about":[{"href":"https:\/\/www.atelierdocaractere.pt\/brevemente\/wp-json\/wp\/v2\/types\/post"}],"author":[{"embeddable":true,"href":"https:\/\/www.atelierdocaractere.pt\/brevemente\/wp-json\/wp\/v2\/users\/8"}],"replies":[{"embeddable":true,"href":"https:\/\/www.atelierdocaractere.pt\/brevemente\/wp-json\/wp\/v2\/comments?post=13590"}],"version-history":[{"count":1,"href":"https:\/\/www.atelierdocaractere.pt\/brevemente\/wp-json\/wp\/v2\/posts\/13590\/revisions"}],"predecessor-version":[{"id":13592,"href":"https:\/\/www.atelierdocaractere.pt\/brevemente\/wp-json\/wp\/v2\/posts\/13590\/revisions\/13592"}],"wp:featuredmedia":[{"embeddable":true,"href":"https:\/\/www.atelierdocaractere.pt\/brevemente\/wp-json\/wp\/v2\/media\/13591"}],"wp:attachment":[{"href":"https:\/\/www.atelierdocaractere.pt\/brevemente\/wp-json\/wp\/v2\/media?parent=13590"}],"wp:term":[{"taxonomy":"category","embeddable":true,"href":"https:\/\/www.atelierdocaractere.pt\/brevemente\/wp-json\/wp\/v2\/categories?post=13590"},{"taxonomy":"post_tag","embeddable":true,"href":"https:\/\/www.atelierdocaractere.pt\/brevemente\/wp-json\/wp\/v2\/tags?post=13590"}],"curies":[{"name":"wp","href":"https:\/\/api.w.org\/{rel}","templated":true}]}}