{"id":13640,"date":"2025-03-05T15:57:02","date_gmt":"2025-03-05T15:57:02","guid":{"rendered":"https:\/\/www.atelierdocaractere.pt\/brevemente\/?p=13640"},"modified":"2025-03-06T16:14:13","modified_gmt":"2025-03-06T16:14:13","slug":"cim-viseu-dao-lafoes-inova-na-btl-2025-com-espaco-exclusivo-para-os-operadores-da-regiao","status":"publish","type":"post","link":"https:\/\/www.atelierdocaractere.pt\/brevemente\/cim-viseu-dao-lafoes-inova-na-btl-2025-com-espaco-exclusivo-para-os-operadores-da-regiao\/","title":{"rendered":"CIM Viseu D\u00e3o Laf\u00f5es inova na BTL 2025 com espa\u00e7o exclusivo para os operadores da Regi\u00e3o"},"content":{"rendered":"\n<p><strong>Presen\u00e7a das empresas \u00e9 uma das maiores novidades da participa\u00e7\u00e3o da Comunidade Intermunicipal na maior feira de turismo do pa\u00eds. Mas n\u00e3o \u00e9 a \u00fanica.<\/strong><\/p>\n\n\n\n<figure class=\"wp-block-image size-large\"><img decoding=\"async\" width=\"1024\" height=\"681\" src=\"https:\/\/www.atelierdocaractere.pt\/wp-content\/uploads\/2025\/03\/rdc-1472-1024x681.jpg\" alt=\"\" class=\"wp-image-13641\" srcset=\"https:\/\/www.atelierdocaractere.pt\/wp-content\/uploads\/2025\/03\/rdc-1472-1024x681.jpg 1024w, https:\/\/www.atelierdocaractere.pt\/wp-content\/uploads\/2025\/03\/rdc-1472-300x200.jpg 300w, https:\/\/www.atelierdocaractere.pt\/wp-content\/uploads\/2025\/03\/rdc-1472-768x511.jpg 768w, https:\/\/www.atelierdocaractere.pt\/wp-content\/uploads\/2025\/03\/rdc-1472-1536x1022.jpg 1536w, https:\/\/www.atelierdocaractere.pt\/wp-content\/uploads\/2025\/03\/rdc-1472-900x600.jpg 900w, https:\/\/www.atelierdocaractere.pt\/wp-content\/uploads\/2025\/03\/rdc-1472-675x450.jpg 675w, https:\/\/www.atelierdocaractere.pt\/wp-content\/uploads\/2025\/03\/rdc-1472.jpg 1920w\" sizes=\"(max-width: 1024px) 100vw, 1024px\" \/><\/figure>\n\n\n\n<p>Os principais operadores tur\u00edsticos de Viseu D\u00e3o Laf\u00f5es v\u00e3o ter um espa\u00e7o para neg\u00f3cios na&nbsp;<strong>BTL &#8211; Bolsa de Turismo de Lisboa<\/strong>, numa iniciativa da&nbsp;<strong>Comunidade Intermunicipal (CIM) Viseu D\u00e3o Laf\u00f5es<\/strong>. Pela primeira vez, cerca de duas dezenas de operadores tur\u00edsticos ter\u00e3o um espa\u00e7o pr\u00f3prio no stand da CIM, no qual poder\u00e3o apresentar e comercializar diretamente os seus produtos e servi\u00e7os junto do p\u00fablico e de profissionais do setor.<\/p>\n\n\n\n<p>Esta e outras novidades da participa\u00e7\u00e3o da CIM na maior feira nacional do setor do turismo foram reveladas numa confer\u00eancia de imprensa, que reuniu hoje, na adega Caminhos Cruzados, em Nelas, autarcas, empres\u00e1rios e associa\u00e7\u00f5es da regi\u00e3o e que contou com interven\u00e7\u00f5es de&nbsp;<strong>Joaquim Amaral<\/strong>, Presidente da C\u00e2mara Municipal de Nelas,&nbsp;<strong>Fernando Ruas<\/strong>, Presidente da CIM Viseu D\u00e3o Laf\u00f5es,&nbsp;<strong>Nuno Martinho<\/strong>, Secret\u00e1rio Executivo da CIM Viseu D\u00e3o Laf\u00f5es, e&nbsp;<strong>Diogo Rocha<\/strong>, chef estrela Michelin do restaurante Mesa de Lemos..<\/p>\n\n\n\n<p><strong>Gastronomia, patrim\u00f3nio e turismo ativo em destaque<\/strong><\/p>\n\n\n\n<p>Sob o mote &#8220;Viseu D\u00e3o Laf\u00f5es, Apaixone-se&#8221;, a participa\u00e7\u00e3o da regi\u00e3o na BTL 2025, de 12 a 16 de mar\u00e7o, apresenta uma programa\u00e7\u00e3o diversificada, experi\u00eancias imersivas e um stand inovador, concebido para destacar os principais ativos dos 14 munic\u00edpios de um territ\u00f3rio que regista um not\u00e1vel crescimento da procura tur\u00edstica. Recorde-se que o territ\u00f3rio abrangido pela CIM foi o que mais cresceu no pa\u00eds em 2024, em n\u00famero de h\u00f3spedes, com um aumento de 14,2% face a 2023.<\/p>\n\n\n\n<p>O stand de Viseu D\u00e3o Laf\u00f5es, localizado, \u00e0 semelhan\u00e7a das edi\u00e7\u00f5es anteriores, no&nbsp;<strong>Pavilh\u00e3o 2, Stand 2C42<\/strong>, d\u00e1 a conhecer os cinco eixos estrat\u00e9gicos da regi\u00e3o: Natureza e Turismo Ativo; Patrim\u00f3nio Hist\u00f3rico e Cultural; Sa\u00fade e Bem-Estar; Gastronomia e Vinhos; e Cultura e Eventos.<\/p>\n\n\n\n<p>A riqueza gastron\u00f3mica, um dos maiores ativos da regi\u00e3o, ser\u00e1 um dos pontos altos da participa\u00e7\u00e3o. O&nbsp;<strong>chef Diogo Rocha<\/strong>, distinguido com uma estrela Michelin, ser\u00e1 um dos protagonistas das&nbsp;<strong>Tert\u00falias Gastron\u00f3micas<\/strong>, espa\u00e7o que dar\u00e1 a conhecer os sabores locais, entre os quais destacamos os&nbsp;<strong>Past\u00e9is de Vouzela,&nbsp;<\/strong>os&nbsp;<strong>Past\u00e9is do Patronato<\/strong>, o&nbsp;<strong>Bolo Podre<\/strong>, o&nbsp;<strong>Queijo Serra da Estrela<\/strong>, a<strong>&nbsp;Vitela de Laf\u00f5es&nbsp;<\/strong>ou os vinhos de excel\u00eancia do&nbsp;<strong>D\u00e3o<\/strong>. O&nbsp;<strong>Vouzela Foodlab<\/strong>, projeto na \u00e1rea da gastronomia e sustentabilidade, tamb\u00e9m marcar\u00e1 presen\u00e7a, sem esquecer a participa\u00e7\u00e3o de diversas Confrarias gastron\u00f3micas.<\/p>\n\n\n\n<p>A programa\u00e7\u00e3o cultural e tur\u00edstica inclui refer\u00eancias da regi\u00e3o, como s\u00e3o a&nbsp;<strong>Feira de S\u00e3o Mateus, o Caramulo Motorfestival, o Museu Aristides Sousa Mendes<\/strong>&nbsp;ou o&nbsp;<strong>Barrelas Summer Fest<\/strong>, entre muitos outros, al\u00e9m dos principais eventos desportivos e musicais que refor\u00e7am a diversidade da oferta.<\/p>\n\n\n\n<p><strong>Evento especial na Torre Vasco da Gama<\/strong><\/p>\n\n\n\n<p>Na noite de 12 de mar\u00e7o, depois do encerramento do primeiro dia da feira, a CIM Viseu D\u00e3o Laf\u00f5es organiza um evento exclusivo na Torre Vasco da Gama, espa\u00e7o de elei\u00e7\u00e3o em Lisboa. A emblem\u00e1tica torre lisboeta vai estar iluminada com as cores da regi\u00e3o, refor\u00e7ando a identidade e visibilidade do destino Viseu D\u00e3o Laf\u00f5es. Esta iniciativa marca a apresenta\u00e7\u00e3o da campanha promocional da regi\u00e3o, que celebra o destino Viseu D\u00e3o Laf\u00f5es e que ser\u00e1 um dos eixos de comunica\u00e7\u00e3o ao longo do ano.<\/p>\n\n\n\n<p><strong>Espa\u00e7o dividido em \u00e1reas tem\u00e1ticas<\/strong><\/p>\n\n\n\n<p>O espa\u00e7o da CIM Viseu D\u00e3o Laf\u00f5es estar\u00e1 dividido em v\u00e1rias \u00e1reas tem\u00e1ticas.<\/p>\n\n\n\n<p>\u00c0 entrada, ter\u00e1 a rece\u00e7\u00e3o, balc\u00e3o informativo onde ser\u00e1 poss\u00edvel descarregar toda a informa\u00e7\u00e3o da regi\u00e3o atrav\u00e9s de um QRCode. A&nbsp;<strong>Zona de Apresenta\u00e7\u00f5es<\/strong>&nbsp;servir\u00e1 para divulgar os principais eventos e iniciativas regionais e tem como base um design que representa o espa\u00e7o natural da regi\u00e3o.<\/p>\n\n\n\n<p>A&nbsp;<strong>Zona das Tert\u00falias Gastron\u00f3micas&nbsp;<\/strong>\u00e9 a \u00e1rea onde decorrer\u00e3o a mostra e a degusta\u00e7\u00e3o dos produtos regionais, com um espa\u00e7o lounge para as tert\u00falias gastron\u00f3micas e uma \u00e1rea de exposi\u00e7\u00e3o dedicada ao Vinho do D\u00e3o e ao artesanato regional. A&nbsp;<strong>Zona Sensorial&nbsp;<\/strong>\u00e9 um espa\u00e7o imersivo que simula as experi\u00eancias que os visitantes podem encontrar na regi\u00e3o, atrav\u00e9s da reprodu\u00e7\u00e3o de v\u00eddeos e sons. Finalmente, na&nbsp;<strong>Zona de Operadores<\/strong>, estar\u00e3o presentes operadores de todo o territ\u00f3rio, refor\u00e7ando a liga\u00e7\u00e3o entre a oferta da regi\u00e3o e os seus potenciais clientes.<\/p>\n\n\n\n<p><strong>Ativa\u00e7\u00f5es Especiais<\/strong><\/p>\n\n\n\n<p>Durante os cinco dias da BTL, foram preparadas v\u00e1rias ativa\u00e7\u00f5es especiais, que v\u00e3o surpreender os visitantes. \u00c9 o caso da&nbsp;<strong>Happy Hour,&nbsp;<\/strong>um momento exclusivo em que s\u00e3o oferecidos brindes e experi\u00eancias de todos munic\u00edpios de Viseu D\u00e3o Laf\u00f5es. H\u00e1 cerca de 350 brindes e experi\u00eancias para oferecer. Todos os dias ter\u00e1 tamb\u00e9m lugar o sorteio de um grande pr\u00e9mio, cujo vencedor ser\u00e1 anunciado nas redes sociais da Visit Viseu D\u00e3o Laf\u00f5es.<\/p>\n\n\n\n<p><strong>Na feira ser\u00e1 apresentado o novo v\u00eddeo promocional da regi\u00e3o<\/strong>. Este filme revela os principais atrativos tur\u00edsticos da regi\u00e3o, incluindo as paisagens serranas, as Ecopistas do D\u00e3o e do Vouga, o termalismo, os monumentos megal\u00edticos, as praias fluviais, a natureza exuberante, as vinhas e os vinhos, al\u00e9m da rica gastronomia local.<\/p>\n\n\n\n<p><strong>O Guia de Oferta Tur\u00edstica Viseu D\u00e3o Laf\u00f5es<\/strong>, criado para divulgar os alojamentos, espa\u00e7os de enoturismo e produtos regionais, e o&nbsp;<strong>novo Guia de Restaurantes<\/strong>, que promove os 44 restaurantes distinguidos nos programas Sele\u00e7\u00e3o Gastronomia e Vinhos e Best Wine Selection, estar\u00e3o tamb\u00e9m \u00e0 disposi\u00e7\u00e3o dos visitantes.<\/p>\n\n\n\n<p><strong>Programa diversificado durante cinco dias<\/strong><\/p>\n\n\n\n<p>A inaugura\u00e7\u00e3o oficial do stand, \u00e0s 15h30, \u00e9 um dos momentos altos do primeiro dia da programa\u00e7\u00e3o do stand Viseu D\u00e3o Laf\u00f5es. Tamb\u00e9m no dia 12 de mar\u00e7o, haver\u00e1 tempo e espa\u00e7o para promo\u00e7\u00e3o de eventos e da oferta tur\u00edstica de Viseu e Nelas.<\/p>\n\n\n\n<p>O segundo dia \u00e9 dedicado \u00e0 continua\u00e7\u00e3o das apresenta\u00e7\u00f5es e degusta\u00e7\u00f5es dos principais destaques dos munic\u00edpios, desta vez a cargo das autarquias de S\u00e3o Pedro do Sul, Vouzela, Castro Daire e Tondela. As propostas de Penalva do Castelo, Aguiar da Beira, Vila Nova de Paiva e Oliveira de Frades assumem o protagonismo no terceiro dia de feira, enquanto Santa Comba D\u00e3o, Mangualde, Carregal do Sal e S\u00e1t\u00e3o s\u00e3o os destaques do quarto dia.<\/p>\n\n\n\n<p>A participa\u00e7\u00e3o de Viseu D\u00e3o Laf\u00f5es na BTL termina, no quinto e \u00faltimo dia, com um programa dedicado \u00e0s confrarias gastron\u00f3micas do territ\u00f3rio, que dar\u00e3o a provar ao p\u00fablico as especialidades culin\u00e1rias que fazem desta regi\u00e3o uma refer\u00eancia tamb\u00e9m nesta \u00e1rea.<\/p>\n\n\n\n<p>A agenda completa da CIM Viseu D\u00e3o Laf\u00f5es na BTL 2025 estar\u00e1 dispon\u00edvel em&nbsp;<a href=\"https:\/\/mixlife.us21.list-manage.com\/track\/click?u=6fa784dd5dedbb105dedc3702&amp;id=f6150f892d&amp;e=a88eb34a0e\"><strong>www.visitviseudaolafoes.pt<\/strong><\/a>&nbsp;e nas redes sociais da CIM.<\/p>\n\n\n\n<p><strong>Declara\u00e7\u00f5es oficiais<\/strong><\/p>\n\n\n\n<p><strong>Fernando Ruas, Presidente da CIM Viseu D\u00e3o Laf\u00f5es<\/strong><br><em>&#8220;A BTL \u00e9 uma montra privilegiada para promovermos o melhor de Viseu D\u00e3o Laf\u00f5es. Este ano, damos um passo ainda mais ambicioso, aproximando os nossos operadores tur\u00edsticos dos visitantes e profissionais do setor, criando oportunidades de neg\u00f3cio e e consolidando a nossa regi\u00e3o como um destino cada vez mais atrativo. Com esta estrat\u00e9gia, continuaremos a afirmar Viseu D\u00e3o Laf\u00f5es como um dos destinos tur\u00edsticos de refer\u00eancia em Portugal\u201c<\/em>.<\/p>\n\n\n\n<p><strong>Nuno Martinho, Secret\u00e1rio Executivo da CIM Viseu D\u00e3o Laf\u00f5es<\/strong><br><em>\u201cA participa\u00e7\u00e3o na BTL \u00e9 sempre um momento especial para n\u00f3s. Mais uma vez vamos ter a oportunidade de dar a conhecer os nossos principais atributos, sendo que esta edi\u00e7\u00e3o vai ficar marcada pela aposta na presen\u00e7a direta dos operadores tur\u00edsticos da regi\u00e3o. Pela primeira vez, criamos um espa\u00e7o dedicado exclusivamente a estes profissionais, permitindo que apresentem as suas ofertas ao p\u00fablico e ao trade tur\u00edstico. Estamos empenhados em promover um turismo sustent\u00e1vel, aut\u00eantico e de qualidade, refor\u00e7ando a nossa identidade e captando cada vez mais visitantes\u201d<\/em>.<\/p>\n\n\n\n<p><strong>Joaquim Amaral, Presidente da C\u00e2mara Municipal de Nelas<\/strong><br><em>\u201c<\/em><em>A participa\u00e7\u00e3o da CIM Viseu D\u00e3o Laf\u00f5es na Bolsa de Turismo de Lisboa \u00e9 sempre um momento muito alto. \u00c9 com muito prazer que recebo este evento no munic\u00edpio de Nelas. Estamos no cen\u00e1rio perfeito para fazermos a apresenta\u00e7\u00e3o&nbsp;de mais uma participa\u00e7\u00e3o&nbsp;que,&nbsp;estou certo, a exemplo das anteriores, se vai pautar pelo sucesso&#8221;.<\/em><\/p>\n\n\n\n<p><strong>Diogo Rocha, chef estrela Michelin do restaurante Mesa de Lemos<\/strong><br><em>&#8220;\u00c9 com muito orgulho que estarei na BTL, a representar as centenas de restauradores e de pessoas que cozinham diariamente na regi\u00e3o. N\u00f3s n\u00e3o vamos apenas dar de comer e de beber: vamos levar o territ\u00f3rio de Viseu D\u00e3o Laf\u00f5es a Lisboa e mostrar \u00e0s pessoas um pouco da nossa gastronomia, dos nossos produtos, para que as pessoas depois venham at\u00e9 c\u00e1. At\u00e9 porque elas depois v\u00eam mesmo. N\u00f3s, quando recebemos, somos pessoas \u00fanicas e \u00e9 isto que faz a diferen\u00e7a\u201d<\/em>.&nbsp;<\/p>\n\n\n\n<p>A agenda completa da CIM Viseu D\u00e3o Laf\u00f5es na BTL 2025 estar\u00e1 dispon\u00edvel em\u00a0<a href=\"https:\/\/mixlife.us21.list-manage.com\/track\/click?u=6fa784dd5dedbb105dedc3702&amp;id=4a50148eff&amp;e=a88eb34a0e\"><strong>www.visitviseudaolafoes.pt<\/strong><\/a>\u00a0e nas redes sociais da CIM.<\/p>\n\n\n\n<p><strong>Sobre a CIM Viseu D\u00e3o Laf\u00f5es:<\/strong><br>A CIM Viseu D\u00e3o Laf\u00f5es \u00e9 uma associa\u00e7\u00e3o de munic\u00edpios, denominada como Comunidade Intermunicipal, sendo constitu\u00edda pelos munic\u00edpios de\u00a0Aguiar da Beira, Carregal do Sal, Castro Daire, Mangualde, Nelas, Oliveira de Frades, Penalva do Castelo, Santa Comba D\u00e3o, S\u00e3o Pedro do Sul, S\u00e1t\u00e3o, Tondela, Vila Nova de Paiva, Viseu e Vouzela.<\/p>\n","protected":false},"excerpt":{"rendered":"<p>Presen\u00e7a das empresas \u00e9 uma das maiores novidades da participa\u00e7\u00e3o da Comunidade Intermunicipal na maior feira de turismo do pa\u00eds&#8230;.<\/p>\n","protected":false},"author":7,"featured_media":13641,"comment_status":"closed","ping_status":"open","sticky":false,"template":"","format":"standard","meta":[],"categories":[39],"tags":[485,448,349,636],"yoast_head":"<!-- This site is optimized with the Yoast SEO plugin v20.12 - https:\/\/yoast.com\/wordpress\/plugins\/seo\/ -->\n<title>CIM Viseu D\u00e3o Laf\u00f5es inova na BTL 2025 com espa\u00e7o exclusivo para os operadores da Regi\u00e3o - Atelier do Caractere<\/title>\n<meta name=\"robots\" content=\"index, follow, max-snippet:-1, max-image-preview:large, max-video-preview:-1\" \/>\n<link rel=\"canonical\" href=\"https:\/\/www.atelierdocaractere.pt\/brevemente\/cim-viseu-dao-lafoes-inova-na-btl-2025-com-espaco-exclusivo-para-os-operadores-da-regiao\/\" \/>\n<meta property=\"og:locale\" content=\"pt_PT\" \/>\n<meta property=\"og:type\" content=\"article\" \/>\n<meta property=\"og:title\" content=\"CIM Viseu D\u00e3o Laf\u00f5es inova na BTL 2025 com espa\u00e7o exclusivo para os operadores da Regi\u00e3o - Atelier do Caractere\" \/>\n<meta property=\"og:description\" content=\"Presen\u00e7a das empresas \u00e9 uma das maiores novidades da participa\u00e7\u00e3o da Comunidade Intermunicipal na maior feira de turismo do pa\u00eds....\" \/>\n<meta property=\"og:url\" content=\"https:\/\/www.atelierdocaractere.pt\/brevemente\/cim-viseu-dao-lafoes-inova-na-btl-2025-com-espaco-exclusivo-para-os-operadores-da-regiao\/\" \/>\n<meta property=\"og:site_name\" content=\"Atelier do Caractere\" \/>\n<meta property=\"article:publisher\" content=\"https:\/\/www.facebook.com\/AtelierdoCaractere\" \/>\n<meta property=\"article:published_time\" content=\"2025-03-05T15:57:02+00:00\" \/>\n<meta property=\"article:modified_time\" content=\"2025-03-06T16:14:13+00:00\" \/>\n<meta property=\"og:image\" content=\"https:\/\/www.atelierdocaractere.pt\/wp-content\/uploads\/2025\/03\/rdc-1472.jpg\" \/>\n\t<meta property=\"og:image:width\" content=\"1920\" \/>\n\t<meta property=\"og:image:height\" content=\"1277\" \/>\n\t<meta property=\"og:image:type\" content=\"image\/jpeg\" \/>\n<meta name=\"author\" content=\"Joana Barbosa\" \/>\n<meta name=\"twitter:card\" content=\"summary_large_image\" \/>\n<meta name=\"twitter:label1\" content=\"Escrito por\" \/>\n\t<meta name=\"twitter:data1\" content=\"Joana Barbosa\" \/>\n\t<meta name=\"twitter:label2\" content=\"Tempo estimado de leitura\" \/>\n\t<meta name=\"twitter:data2\" content=\"9 minutos\" \/>\n<script type=\"application\/ld+json\" class=\"yoast-schema-graph\">{\"@context\":\"https:\/\/schema.org\",\"@graph\":[{\"@type\":\"WebPage\",\"@id\":\"https:\/\/www.atelierdocaractere.pt\/brevemente\/cim-viseu-dao-lafoes-inova-na-btl-2025-com-espaco-exclusivo-para-os-operadores-da-regiao\/\",\"url\":\"https:\/\/www.atelierdocaractere.pt\/brevemente\/cim-viseu-dao-lafoes-inova-na-btl-2025-com-espaco-exclusivo-para-os-operadores-da-regiao\/\",\"name\":\"CIM Viseu D\u00e3o Laf\u00f5es inova na BTL 2025 com espa\u00e7o exclusivo para os operadores da Regi\u00e3o - Atelier do Caractere\",\"isPartOf\":{\"@id\":\"https:\/\/www.atelierdocaractere.pt\/brevemente\/#website\"},\"datePublished\":\"2025-03-05T15:57:02+00:00\",\"dateModified\":\"2025-03-06T16:14:13+00:00\",\"author\":{\"@id\":\"https:\/\/www.atelierdocaractere.pt\/brevemente\/#\/schema\/person\/f2f096eb0f27d9894725af22cb97c0db\"},\"breadcrumb\":{\"@id\":\"https:\/\/www.atelierdocaractere.pt\/brevemente\/cim-viseu-dao-lafoes-inova-na-btl-2025-com-espaco-exclusivo-para-os-operadores-da-regiao\/#breadcrumb\"},\"inLanguage\":\"pt-PT\",\"potentialAction\":[{\"@type\":\"ReadAction\",\"target\":[\"https:\/\/www.atelierdocaractere.pt\/brevemente\/cim-viseu-dao-lafoes-inova-na-btl-2025-com-espaco-exclusivo-para-os-operadores-da-regiao\/\"]}]},{\"@type\":\"BreadcrumbList\",\"@id\":\"https:\/\/www.atelierdocaractere.pt\/brevemente\/cim-viseu-dao-lafoes-inova-na-btl-2025-com-espaco-exclusivo-para-os-operadores-da-regiao\/#breadcrumb\",\"itemListElement\":[{\"@type\":\"ListItem\",\"position\":1,\"name\":\"In\u00edcio\",\"item\":\"https:\/\/www.atelierdocaractere.pt\/brevemente\/\"},{\"@type\":\"ListItem\",\"position\":2,\"name\":\"CIM Viseu D\u00e3o Laf\u00f5es inova na BTL 2025 com espa\u00e7o exclusivo para os operadores da Regi\u00e3o\"}]},{\"@type\":\"WebSite\",\"@id\":\"https:\/\/www.atelierdocaractere.pt\/brevemente\/#website\",\"url\":\"https:\/\/www.atelierdocaractere.pt\/brevemente\/\",\"name\":\"Atelier do Caractere\",\"description\":\"\",\"potentialAction\":[{\"@type\":\"SearchAction\",\"target\":{\"@type\":\"EntryPoint\",\"urlTemplate\":\"https:\/\/www.atelierdocaractere.pt\/brevemente\/?s={search_term_string}\"},\"query-input\":\"required name=search_term_string\"}],\"inLanguage\":\"pt-PT\"},{\"@type\":\"Person\",\"@id\":\"https:\/\/www.atelierdocaractere.pt\/brevemente\/#\/schema\/person\/f2f096eb0f27d9894725af22cb97c0db\",\"name\":\"Joana Barbosa\",\"image\":{\"@type\":\"ImageObject\",\"inLanguage\":\"pt-PT\",\"@id\":\"https:\/\/www.atelierdocaractere.pt\/brevemente\/#\/schema\/person\/image\/\",\"url\":\"https:\/\/secure.gravatar.com\/avatar\/33e8214b45e9d68a3a83008731075979?s=96&d=mm&r=g\",\"contentUrl\":\"https:\/\/secure.gravatar.com\/avatar\/33e8214b45e9d68a3a83008731075979?s=96&d=mm&r=g\",\"caption\":\"Joana Barbosa\"},\"url\":\"https:\/\/www.atelierdocaractere.pt\/brevemente\/author\/joanabarbosa\/\"}]}<\/script>\n<!-- \/ Yoast SEO plugin. -->","yoast_head_json":{"title":"CIM Viseu D\u00e3o Laf\u00f5es inova na BTL 2025 com espa\u00e7o exclusivo para os operadores da Regi\u00e3o - Atelier do Caractere","robots":{"index":"index","follow":"follow","max-snippet":"max-snippet:-1","max-image-preview":"max-image-preview:large","max-video-preview":"max-video-preview:-1"},"canonical":"https:\/\/www.atelierdocaractere.pt\/brevemente\/cim-viseu-dao-lafoes-inova-na-btl-2025-com-espaco-exclusivo-para-os-operadores-da-regiao\/","og_locale":"pt_PT","og_type":"article","og_title":"CIM Viseu D\u00e3o Laf\u00f5es inova na BTL 2025 com espa\u00e7o exclusivo para os operadores da Regi\u00e3o - Atelier do Caractere","og_description":"Presen\u00e7a das empresas \u00e9 uma das maiores novidades da participa\u00e7\u00e3o da Comunidade Intermunicipal na maior feira de turismo do pa\u00eds....","og_url":"https:\/\/www.atelierdocaractere.pt\/brevemente\/cim-viseu-dao-lafoes-inova-na-btl-2025-com-espaco-exclusivo-para-os-operadores-da-regiao\/","og_site_name":"Atelier do Caractere","article_publisher":"https:\/\/www.facebook.com\/AtelierdoCaractere","article_published_time":"2025-03-05T15:57:02+00:00","article_modified_time":"2025-03-06T16:14:13+00:00","og_image":[{"width":1920,"height":1277,"url":"https:\/\/www.atelierdocaractere.pt\/wp-content\/uploads\/2025\/03\/rdc-1472.jpg","type":"image\/jpeg"}],"author":"Joana Barbosa","twitter_card":"summary_large_image","twitter_misc":{"Escrito por":"Joana Barbosa","Tempo estimado de leitura":"9 minutos"},"schema":{"@context":"https:\/\/schema.org","@graph":[{"@type":"WebPage","@id":"https:\/\/www.atelierdocaractere.pt\/brevemente\/cim-viseu-dao-lafoes-inova-na-btl-2025-com-espaco-exclusivo-para-os-operadores-da-regiao\/","url":"https:\/\/www.atelierdocaractere.pt\/brevemente\/cim-viseu-dao-lafoes-inova-na-btl-2025-com-espaco-exclusivo-para-os-operadores-da-regiao\/","name":"CIM Viseu D\u00e3o Laf\u00f5es inova na BTL 2025 com espa\u00e7o exclusivo para os operadores da Regi\u00e3o - Atelier do Caractere","isPartOf":{"@id":"https:\/\/www.atelierdocaractere.pt\/brevemente\/#website"},"datePublished":"2025-03-05T15:57:02+00:00","dateModified":"2025-03-06T16:14:13+00:00","author":{"@id":"https:\/\/www.atelierdocaractere.pt\/brevemente\/#\/schema\/person\/f2f096eb0f27d9894725af22cb97c0db"},"breadcrumb":{"@id":"https:\/\/www.atelierdocaractere.pt\/brevemente\/cim-viseu-dao-lafoes-inova-na-btl-2025-com-espaco-exclusivo-para-os-operadores-da-regiao\/#breadcrumb"},"inLanguage":"pt-PT","potentialAction":[{"@type":"ReadAction","target":["https:\/\/www.atelierdocaractere.pt\/brevemente\/cim-viseu-dao-lafoes-inova-na-btl-2025-com-espaco-exclusivo-para-os-operadores-da-regiao\/"]}]},{"@type":"BreadcrumbList","@id":"https:\/\/www.atelierdocaractere.pt\/brevemente\/cim-viseu-dao-lafoes-inova-na-btl-2025-com-espaco-exclusivo-para-os-operadores-da-regiao\/#breadcrumb","itemListElement":[{"@type":"ListItem","position":1,"name":"In\u00edcio","item":"https:\/\/www.atelierdocaractere.pt\/brevemente\/"},{"@type":"ListItem","position":2,"name":"CIM Viseu D\u00e3o Laf\u00f5es inova na BTL 2025 com espa\u00e7o exclusivo para os operadores da Regi\u00e3o"}]},{"@type":"WebSite","@id":"https:\/\/www.atelierdocaractere.pt\/brevemente\/#website","url":"https:\/\/www.atelierdocaractere.pt\/brevemente\/","name":"Atelier do Caractere","description":"","potentialAction":[{"@type":"SearchAction","target":{"@type":"EntryPoint","urlTemplate":"https:\/\/www.atelierdocaractere.pt\/brevemente\/?s={search_term_string}"},"query-input":"required name=search_term_string"}],"inLanguage":"pt-PT"},{"@type":"Person","@id":"https:\/\/www.atelierdocaractere.pt\/brevemente\/#\/schema\/person\/f2f096eb0f27d9894725af22cb97c0db","name":"Joana Barbosa","image":{"@type":"ImageObject","inLanguage":"pt-PT","@id":"https:\/\/www.atelierdocaractere.pt\/brevemente\/#\/schema\/person\/image\/","url":"https:\/\/secure.gravatar.com\/avatar\/33e8214b45e9d68a3a83008731075979?s=96&d=mm&r=g","contentUrl":"https:\/\/secure.gravatar.com\/avatar\/33e8214b45e9d68a3a83008731075979?s=96&d=mm&r=g","caption":"Joana Barbosa"},"url":"https:\/\/www.atelierdocaractere.pt\/brevemente\/author\/joanabarbosa\/"}]}},"_links":{"self":[{"href":"https:\/\/www.atelierdocaractere.pt\/brevemente\/wp-json\/wp\/v2\/posts\/13640"}],"collection":[{"href":"https:\/\/www.atelierdocaractere.pt\/brevemente\/wp-json\/wp\/v2\/posts"}],"about":[{"href":"https:\/\/www.atelierdocaractere.pt\/brevemente\/wp-json\/wp\/v2\/types\/post"}],"author":[{"embeddable":true,"href":"https:\/\/www.atelierdocaractere.pt\/brevemente\/wp-json\/wp\/v2\/users\/7"}],"replies":[{"embeddable":true,"href":"https:\/\/www.atelierdocaractere.pt\/brevemente\/wp-json\/wp\/v2\/comments?post=13640"}],"version-history":[{"count":1,"href":"https:\/\/www.atelierdocaractere.pt\/brevemente\/wp-json\/wp\/v2\/posts\/13640\/revisions"}],"predecessor-version":[{"id":13642,"href":"https:\/\/www.atelierdocaractere.pt\/brevemente\/wp-json\/wp\/v2\/posts\/13640\/revisions\/13642"}],"wp:featuredmedia":[{"embeddable":true,"href":"https:\/\/www.atelierdocaractere.pt\/brevemente\/wp-json\/wp\/v2\/media\/13641"}],"wp:attachment":[{"href":"https:\/\/www.atelierdocaractere.pt\/brevemente\/wp-json\/wp\/v2\/media?parent=13640"}],"wp:term":[{"taxonomy":"category","embeddable":true,"href":"https:\/\/www.atelierdocaractere.pt\/brevemente\/wp-json\/wp\/v2\/categories?post=13640"},{"taxonomy":"post_tag","embeddable":true,"href":"https:\/\/www.atelierdocaractere.pt\/brevemente\/wp-json\/wp\/v2\/tags?post=13640"}],"curies":[{"name":"wp","href":"https:\/\/api.w.org\/{rel}","templated":true}]}}