{"id":13643,"date":"2025-03-05T16:14:34","date_gmt":"2025-03-05T16:14:34","guid":{"rendered":"https:\/\/www.atelierdocaractere.pt\/brevemente\/?p=13643"},"modified":"2025-03-06T16:24:01","modified_gmt":"2025-03-06T16:24:01","slug":"estou-confiante-e-determinado-em-mostrar-as-minhas-capacidades","status":"publish","type":"post","link":"https:\/\/www.atelierdocaractere.pt\/brevemente\/estou-confiante-e-determinado-em-mostrar-as-minhas-capacidades\/","title":{"rendered":"\u201cEstou confiante e determinado em mostrar\u00a0as minhas capacidades\u201d"},"content":{"rendered":"\n<figure class=\"wp-block-image size-large\"><img decoding=\"async\" width=\"1024\" height=\"683\" src=\"https:\/\/www.atelierdocaractere.pt\/wp-content\/uploads\/2025\/03\/hugo-lopes-magda-oliveira-hyundai-junior-fpak-team-3-1024x683.jpg\" alt=\"\" class=\"wp-image-13644\" srcset=\"https:\/\/www.atelierdocaractere.pt\/wp-content\/uploads\/2025\/03\/hugo-lopes-magda-oliveira-hyundai-junior-fpak-team-3-1024x683.jpg 1024w, https:\/\/www.atelierdocaractere.pt\/wp-content\/uploads\/2025\/03\/hugo-lopes-magda-oliveira-hyundai-junior-fpak-team-3-300x200.jpg 300w, https:\/\/www.atelierdocaractere.pt\/wp-content\/uploads\/2025\/03\/hugo-lopes-magda-oliveira-hyundai-junior-fpak-team-3-768x512.jpg 768w, https:\/\/www.atelierdocaractere.pt\/wp-content\/uploads\/2025\/03\/hugo-lopes-magda-oliveira-hyundai-junior-fpak-team-3-1536x1025.jpg 1536w, https:\/\/www.atelierdocaractere.pt\/wp-content\/uploads\/2025\/03\/hugo-lopes-magda-oliveira-hyundai-junior-fpak-team-3-900x600.jpg 900w, https:\/\/www.atelierdocaractere.pt\/wp-content\/uploads\/2025\/03\/hugo-lopes-magda-oliveira-hyundai-junior-fpak-team-3-675x450.jpg 675w, https:\/\/www.atelierdocaractere.pt\/wp-content\/uploads\/2025\/03\/hugo-lopes-magda-oliveira-hyundai-junior-fpak-team-3.jpg 1920w\" sizes=\"(max-width: 1024px) 100vw, 1024px\" \/><\/figure>\n\n\n\n<p><strong>Com 27 anos e precisamente uma d\u00e9cada depois de ter participado no seu primeiro rali, Hugo Lopes cumpre o sonho de defender as cores oficiais de uma marca, no caso da Hyundai, que soma dois t\u00edtulos consecutivos de pilotos. \u00c9 com motiva\u00e7\u00e3o e entusiasmo que, na pr\u00f3xima sexta-feira, o viseense vai estar \u00e0 partida do Rallye Serras de Fafe, Felgueiras, Boticas e Cabeceiras de Basto, na que ser\u00e1 a prova de estreia aos comandos de um Rally 2 e de um carro com quatro rodas motrizes. O piloto do Hyundai Junior FPAK Team vai fazer equipa com o espanhol Dani Sordo, vencedor de duas provas do WRC (Campeonato do Mundo de Ralis), enquanto a jovem Magda Oliveira est\u00e1 de regresso ao lugar de navegadora.<\/strong><\/p>\n\n\n\n<p>A pouco mais de 24 horas do Rallye Serras de Fafe, Felgueiras, Boticas e Cabeceiras de Basto, a prova de abertura do calend\u00e1rio do (talvez) mais competitivo Campeonato de Portugal de Ralis da hist\u00f3ria, Hugo Lopes admite:&nbsp;<strong><em>\u201cEstou prestes a concretizar um sonho: defender as cores de uma equipa oficial e logo ao volante de um Rally 2. O sentimento de responsabilidade \u00e9 grande, mas tamb\u00e9m a motiva\u00e7\u00e3o e o entusiasmo. Estou confiante e determinado em mostrar as minhas capacidades, embora consciente que tenho muito para aprender e evoluir\u201d<\/em><\/strong>.<\/p>\n\n\n\n<p>O piloto de Viseu sublinha a import\u00e2ncia dos dois dias de testes que teve a oportunidade de fazer aos comandos do Hyundai i20 N Rally 2:&nbsp;<strong><em>\u201ccerca de 100 quil\u00f3metros feitos ao volante de um carro fant\u00e1stico, impressionante pela sua capacidade, quer a n\u00edvel de suspens\u00e3o, quer de travagem. Um conjunto muito equilibrado, que tem ajudado bastante na evolu\u00e7\u00e3o, embora eu n\u00e3o tenha ilus\u00f5es: nem no final do rali vou conseguir explorar os seus limites e competitividade. \u00c9 que as diferen\u00e7as entre um Rally 2 e o Rally 4 que pilotei, nos \u00faltimos anos, s\u00e3o enormes. N\u00e3o apenas ao n\u00edvel da pot\u00eancia, mas pelo facto de um quatro rodas motrizes exigir uma condu\u00e7\u00e3o completamente diferente daquela a que estava habituado\u201d.<\/em><\/strong><\/p>\n\n\n\n<p>Hugo Lopes assume que&nbsp;<strong><em>\u201c\u00e9 todo um mundo novo que ainda estou a aprender e o Rallye Serras de Fafe vai ser a minha prova de estreia com um carro de tra\u00e7\u00e3o total e com um Rally 2. O meu conhecimento do rali tamb\u00e9m n\u00e3o \u00e9 grande, j\u00e1 que a \u00faltima vez em que o fiz, na \u00edntegra, foi em 2019 (em 2023, s\u00f3 fiz a primeira etapa, pois era a \u00fanica que pontuava para o campeonato de 2RM)\u201d<\/em><\/strong>.<\/p>\n\n\n\n<p>Ainda assim, apesar das limita\u00e7\u00f5es, o jovem piloto de Viseu reafirma:&nbsp;<strong><em>\u201cestou muito confiante e determinado em fazer um bom rali. N\u00e3o vejo a hora de partir para o primeiro tro\u00e7o. Vou dar o meu melhor e honrar a confian\u00e7a de todos os que viabilizaram o projeto Hyundai Junior Team FPAK, inclusivamente os meus patrocinadores. Estou certo de que vai ser uma experi\u00eancia fant\u00e1stica, com um carro incr\u00edvel, com a ajuda de todos os membros da Sports &amp; You e da Magda, que volta a ser a minha navegadora e que me tem impressionado pela forma como se adaptou a ditar notas num carro muito mais competitivo\u201d<\/em><\/strong>.<\/p>\n\n\n\n<p>O Rallye Serras de Fafe, Felgueiras, Boticas e Cabeceiras de Basto, com um total de 11 provas de classifica\u00e7\u00e3o (113,21 km), em piso de terra, tem in\u00edcio na tarde de sexta-feira, em Boticas, para a disputa das primeiras tr\u00eas classificativas (29,91 km). No s\u00e1bado, a partir das 7 horas, os pilotos voltam \u00e0 estrada para percorrerem as restantes oito \u201cespeciais\u201d (83,3 km), estando o final do rali previsto para as 18h06, em Fafe, na Pra\u00e7a M\u00e1rtires do Fascismo.<\/p>\n","protected":false},"excerpt":{"rendered":"<p>Com 27 anos e precisamente uma d\u00e9cada depois de ter participado no seu primeiro rali, Hugo Lopes cumpre o sonho&#8230;<\/p>\n","protected":false},"author":7,"featured_media":13644,"comment_status":"closed","ping_status":"open","sticky":false,"template":"","format":"standard","meta":[],"categories":[24],"tags":[931,932,935,937,933,934],"yoast_head":"<!-- This site is optimized with the Yoast SEO plugin v20.12 - https:\/\/yoast.com\/wordpress\/plugins\/seo\/ -->\n<title>\u201cEstou confiante e determinado em mostrar\u00a0as minhas capacidades\u201d - Atelier do Caractere<\/title>\n<meta name=\"robots\" content=\"index, follow, max-snippet:-1, max-image-preview:large, max-video-preview:-1\" \/>\n<link rel=\"canonical\" href=\"https:\/\/www.atelierdocaractere.pt\/brevemente\/estou-confiante-e-determinado-em-mostrar-as-minhas-capacidades\/\" \/>\n<meta property=\"og:locale\" content=\"pt_PT\" \/>\n<meta property=\"og:type\" content=\"article\" \/>\n<meta property=\"og:title\" content=\"\u201cEstou confiante e determinado em mostrar\u00a0as minhas capacidades\u201d - Atelier do Caractere\" \/>\n<meta property=\"og:description\" content=\"Com 27 anos e precisamente uma d\u00e9cada depois de ter participado no seu primeiro rali, Hugo Lopes cumpre o sonho...\" \/>\n<meta property=\"og:url\" content=\"https:\/\/www.atelierdocaractere.pt\/brevemente\/estou-confiante-e-determinado-em-mostrar-as-minhas-capacidades\/\" \/>\n<meta property=\"og:site_name\" content=\"Atelier do Caractere\" \/>\n<meta property=\"article:publisher\" content=\"https:\/\/www.facebook.com\/AtelierdoCaractere\" \/>\n<meta property=\"article:published_time\" content=\"2025-03-05T16:14:34+00:00\" \/>\n<meta property=\"article:modified_time\" content=\"2025-03-06T16:24:01+00:00\" \/>\n<meta property=\"og:image\" content=\"https:\/\/www.atelierdocaractere.pt\/wp-content\/uploads\/2025\/03\/hugo-lopes-magda-oliveira-hyundai-junior-fpak-team-3.jpg\" \/>\n\t<meta property=\"og:image:width\" content=\"1920\" \/>\n\t<meta property=\"og:image:height\" content=\"1281\" \/>\n\t<meta property=\"og:image:type\" content=\"image\/jpeg\" \/>\n<meta name=\"author\" content=\"Joana Barbosa\" \/>\n<meta name=\"twitter:card\" content=\"summary_large_image\" \/>\n<meta name=\"twitter:label1\" content=\"Escrito por\" \/>\n\t<meta name=\"twitter:data1\" content=\"Joana Barbosa\" \/>\n\t<meta name=\"twitter:label2\" content=\"Tempo estimado de leitura\" \/>\n\t<meta name=\"twitter:data2\" content=\"4 minutos\" \/>\n<script type=\"application\/ld+json\" class=\"yoast-schema-graph\">{\"@context\":\"https:\/\/schema.org\",\"@graph\":[{\"@type\":\"WebPage\",\"@id\":\"https:\/\/www.atelierdocaractere.pt\/brevemente\/estou-confiante-e-determinado-em-mostrar-as-minhas-capacidades\/\",\"url\":\"https:\/\/www.atelierdocaractere.pt\/brevemente\/estou-confiante-e-determinado-em-mostrar-as-minhas-capacidades\/\",\"name\":\"\u201cEstou confiante e determinado em mostrar\u00a0as minhas capacidades\u201d - Atelier do Caractere\",\"isPartOf\":{\"@id\":\"https:\/\/www.atelierdocaractere.pt\/brevemente\/#website\"},\"datePublished\":\"2025-03-05T16:14:34+00:00\",\"dateModified\":\"2025-03-06T16:24:01+00:00\",\"author\":{\"@id\":\"https:\/\/www.atelierdocaractere.pt\/brevemente\/#\/schema\/person\/f2f096eb0f27d9894725af22cb97c0db\"},\"breadcrumb\":{\"@id\":\"https:\/\/www.atelierdocaractere.pt\/brevemente\/estou-confiante-e-determinado-em-mostrar-as-minhas-capacidades\/#breadcrumb\"},\"inLanguage\":\"pt-PT\",\"potentialAction\":[{\"@type\":\"ReadAction\",\"target\":[\"https:\/\/www.atelierdocaractere.pt\/brevemente\/estou-confiante-e-determinado-em-mostrar-as-minhas-capacidades\/\"]}]},{\"@type\":\"BreadcrumbList\",\"@id\":\"https:\/\/www.atelierdocaractere.pt\/brevemente\/estou-confiante-e-determinado-em-mostrar-as-minhas-capacidades\/#breadcrumb\",\"itemListElement\":[{\"@type\":\"ListItem\",\"position\":1,\"name\":\"In\u00edcio\",\"item\":\"https:\/\/www.atelierdocaractere.pt\/brevemente\/\"},{\"@type\":\"ListItem\",\"position\":2,\"name\":\"\u201cEstou confiante e determinado em mostrar\u00a0as minhas capacidades\u201d\"}]},{\"@type\":\"WebSite\",\"@id\":\"https:\/\/www.atelierdocaractere.pt\/brevemente\/#website\",\"url\":\"https:\/\/www.atelierdocaractere.pt\/brevemente\/\",\"name\":\"Atelier do Caractere\",\"description\":\"\",\"potentialAction\":[{\"@type\":\"SearchAction\",\"target\":{\"@type\":\"EntryPoint\",\"urlTemplate\":\"https:\/\/www.atelierdocaractere.pt\/brevemente\/?s={search_term_string}\"},\"query-input\":\"required name=search_term_string\"}],\"inLanguage\":\"pt-PT\"},{\"@type\":\"Person\",\"@id\":\"https:\/\/www.atelierdocaractere.pt\/brevemente\/#\/schema\/person\/f2f096eb0f27d9894725af22cb97c0db\",\"name\":\"Joana Barbosa\",\"image\":{\"@type\":\"ImageObject\",\"inLanguage\":\"pt-PT\",\"@id\":\"https:\/\/www.atelierdocaractere.pt\/brevemente\/#\/schema\/person\/image\/\",\"url\":\"https:\/\/secure.gravatar.com\/avatar\/33e8214b45e9d68a3a83008731075979?s=96&d=mm&r=g\",\"contentUrl\":\"https:\/\/secure.gravatar.com\/avatar\/33e8214b45e9d68a3a83008731075979?s=96&d=mm&r=g\",\"caption\":\"Joana Barbosa\"},\"url\":\"https:\/\/www.atelierdocaractere.pt\/brevemente\/author\/joanabarbosa\/\"}]}<\/script>\n<!-- \/ Yoast SEO plugin. -->","yoast_head_json":{"title":"\u201cEstou confiante e determinado em mostrar\u00a0as minhas capacidades\u201d - Atelier do Caractere","robots":{"index":"index","follow":"follow","max-snippet":"max-snippet:-1","max-image-preview":"max-image-preview:large","max-video-preview":"max-video-preview:-1"},"canonical":"https:\/\/www.atelierdocaractere.pt\/brevemente\/estou-confiante-e-determinado-em-mostrar-as-minhas-capacidades\/","og_locale":"pt_PT","og_type":"article","og_title":"\u201cEstou confiante e determinado em mostrar\u00a0as minhas capacidades\u201d - Atelier do Caractere","og_description":"Com 27 anos e precisamente uma d\u00e9cada depois de ter participado no seu primeiro rali, Hugo Lopes cumpre o sonho...","og_url":"https:\/\/www.atelierdocaractere.pt\/brevemente\/estou-confiante-e-determinado-em-mostrar-as-minhas-capacidades\/","og_site_name":"Atelier do Caractere","article_publisher":"https:\/\/www.facebook.com\/AtelierdoCaractere","article_published_time":"2025-03-05T16:14:34+00:00","article_modified_time":"2025-03-06T16:24:01+00:00","og_image":[{"width":1920,"height":1281,"url":"https:\/\/www.atelierdocaractere.pt\/wp-content\/uploads\/2025\/03\/hugo-lopes-magda-oliveira-hyundai-junior-fpak-team-3.jpg","type":"image\/jpeg"}],"author":"Joana Barbosa","twitter_card":"summary_large_image","twitter_misc":{"Escrito por":"Joana Barbosa","Tempo estimado de leitura":"4 minutos"},"schema":{"@context":"https:\/\/schema.org","@graph":[{"@type":"WebPage","@id":"https:\/\/www.atelierdocaractere.pt\/brevemente\/estou-confiante-e-determinado-em-mostrar-as-minhas-capacidades\/","url":"https:\/\/www.atelierdocaractere.pt\/brevemente\/estou-confiante-e-determinado-em-mostrar-as-minhas-capacidades\/","name":"\u201cEstou confiante e determinado em mostrar\u00a0as minhas capacidades\u201d - Atelier do Caractere","isPartOf":{"@id":"https:\/\/www.atelierdocaractere.pt\/brevemente\/#website"},"datePublished":"2025-03-05T16:14:34+00:00","dateModified":"2025-03-06T16:24:01+00:00","author":{"@id":"https:\/\/www.atelierdocaractere.pt\/brevemente\/#\/schema\/person\/f2f096eb0f27d9894725af22cb97c0db"},"breadcrumb":{"@id":"https:\/\/www.atelierdocaractere.pt\/brevemente\/estou-confiante-e-determinado-em-mostrar-as-minhas-capacidades\/#breadcrumb"},"inLanguage":"pt-PT","potentialAction":[{"@type":"ReadAction","target":["https:\/\/www.atelierdocaractere.pt\/brevemente\/estou-confiante-e-determinado-em-mostrar-as-minhas-capacidades\/"]}]},{"@type":"BreadcrumbList","@id":"https:\/\/www.atelierdocaractere.pt\/brevemente\/estou-confiante-e-determinado-em-mostrar-as-minhas-capacidades\/#breadcrumb","itemListElement":[{"@type":"ListItem","position":1,"name":"In\u00edcio","item":"https:\/\/www.atelierdocaractere.pt\/brevemente\/"},{"@type":"ListItem","position":2,"name":"\u201cEstou confiante e determinado em mostrar\u00a0as minhas capacidades\u201d"}]},{"@type":"WebSite","@id":"https:\/\/www.atelierdocaractere.pt\/brevemente\/#website","url":"https:\/\/www.atelierdocaractere.pt\/brevemente\/","name":"Atelier do Caractere","description":"","potentialAction":[{"@type":"SearchAction","target":{"@type":"EntryPoint","urlTemplate":"https:\/\/www.atelierdocaractere.pt\/brevemente\/?s={search_term_string}"},"query-input":"required name=search_term_string"}],"inLanguage":"pt-PT"},{"@type":"Person","@id":"https:\/\/www.atelierdocaractere.pt\/brevemente\/#\/schema\/person\/f2f096eb0f27d9894725af22cb97c0db","name":"Joana Barbosa","image":{"@type":"ImageObject","inLanguage":"pt-PT","@id":"https:\/\/www.atelierdocaractere.pt\/brevemente\/#\/schema\/person\/image\/","url":"https:\/\/secure.gravatar.com\/avatar\/33e8214b45e9d68a3a83008731075979?s=96&d=mm&r=g","contentUrl":"https:\/\/secure.gravatar.com\/avatar\/33e8214b45e9d68a3a83008731075979?s=96&d=mm&r=g","caption":"Joana Barbosa"},"url":"https:\/\/www.atelierdocaractere.pt\/brevemente\/author\/joanabarbosa\/"}]}},"_links":{"self":[{"href":"https:\/\/www.atelierdocaractere.pt\/brevemente\/wp-json\/wp\/v2\/posts\/13643"}],"collection":[{"href":"https:\/\/www.atelierdocaractere.pt\/brevemente\/wp-json\/wp\/v2\/posts"}],"about":[{"href":"https:\/\/www.atelierdocaractere.pt\/brevemente\/wp-json\/wp\/v2\/types\/post"}],"author":[{"embeddable":true,"href":"https:\/\/www.atelierdocaractere.pt\/brevemente\/wp-json\/wp\/v2\/users\/7"}],"replies":[{"embeddable":true,"href":"https:\/\/www.atelierdocaractere.pt\/brevemente\/wp-json\/wp\/v2\/comments?post=13643"}],"version-history":[{"count":1,"href":"https:\/\/www.atelierdocaractere.pt\/brevemente\/wp-json\/wp\/v2\/posts\/13643\/revisions"}],"predecessor-version":[{"id":13645,"href":"https:\/\/www.atelierdocaractere.pt\/brevemente\/wp-json\/wp\/v2\/posts\/13643\/revisions\/13645"}],"wp:featuredmedia":[{"embeddable":true,"href":"https:\/\/www.atelierdocaractere.pt\/brevemente\/wp-json\/wp\/v2\/media\/13644"}],"wp:attachment":[{"href":"https:\/\/www.atelierdocaractere.pt\/brevemente\/wp-json\/wp\/v2\/media?parent=13643"}],"wp:term":[{"taxonomy":"category","embeddable":true,"href":"https:\/\/www.atelierdocaractere.pt\/brevemente\/wp-json\/wp\/v2\/categories?post=13643"},{"taxonomy":"post_tag","embeddable":true,"href":"https:\/\/www.atelierdocaractere.pt\/brevemente\/wp-json\/wp\/v2\/tags?post=13643"}],"curies":[{"name":"wp","href":"https:\/\/api.w.org\/{rel}","templated":true}]}}