{"id":13646,"date":"2025-03-06T16:22:33","date_gmt":"2025-03-06T16:22:33","guid":{"rendered":"https:\/\/www.atelierdocaractere.pt\/brevemente\/?p=13646"},"modified":"2025-03-06T16:22:38","modified_gmt":"2025-03-06T16:22:38","slug":"renault-rafale-e-tech-4x4-300cv-plug-in-hybrid-o-suv-coupe-que-e-uma-proposta-unica-tambem-para-empresas","status":"publish","type":"post","link":"https:\/\/www.atelierdocaractere.pt\/brevemente\/renault-rafale-e-tech-4x4-300cv-plug-in-hybrid-o-suv-coupe-que-e-uma-proposta-unica-tambem-para-empresas\/","title":{"rendered":"Renault Rafale E-Tech 4&#215;4 300cv plug-in hybrid: o SUV coup\u00e9 que \u00e9 uma proposta \u00fanica (tamb\u00e9m) para empresas"},"content":{"rendered":"\n<p><strong>O Rafale E-Tech 4&#215;4 300 cv plug-in hybrid \u00e9 a resposta da Renault para quem procura um autom\u00f3vel apaixonante e n\u00e3o aceita compromissos. Um SUV coup\u00e9 que se destaca pelas linhas arrebatadoras, pelo desempenho din\u00e2mico de excel\u00eancia sem comprometer o conforto, pelo interior espa\u00e7oso e luxuoso, pelas tecnologias avan\u00e7adas de seguran\u00e7a e conetividade, mas que tamb\u00e9m representa uma escolha estrat\u00e9gica para empresas, gra\u00e7as a um enquadramento fiscal muito vantajoso e a solu\u00e7\u00f5es de financiamento que garantem a m\u00e1xima acessibilidade, tamb\u00e9m a clientes particulares.<\/strong><\/p>\n\n\n\n<figure class=\"wp-block-image size-large\"><img decoding=\"async\" width=\"1024\" height=\"683\" src=\"https:\/\/www.atelierdocaractere.pt\/wp-content\/uploads\/2025\/03\/2b027d14884b0b20cad76c29e37d0f02-l.jpg-1024x683.webp\" alt=\"\" class=\"wp-image-13647\" srcset=\"https:\/\/www.atelierdocaractere.pt\/wp-content\/uploads\/2025\/03\/2b027d14884b0b20cad76c29e37d0f02-l.jpg-1024x683.webp 1024w, https:\/\/www.atelierdocaractere.pt\/wp-content\/uploads\/2025\/03\/2b027d14884b0b20cad76c29e37d0f02-l.jpg-300x200.webp 300w, https:\/\/www.atelierdocaractere.pt\/wp-content\/uploads\/2025\/03\/2b027d14884b0b20cad76c29e37d0f02-l.jpg-768x512.webp 768w, https:\/\/www.atelierdocaractere.pt\/wp-content\/uploads\/2025\/03\/2b027d14884b0b20cad76c29e37d0f02-l.jpg-1536x1025.webp 1536w, https:\/\/www.atelierdocaractere.pt\/wp-content\/uploads\/2025\/03\/2b027d14884b0b20cad76c29e37d0f02-l.jpg-900x600.webp 900w, https:\/\/www.atelierdocaractere.pt\/wp-content\/uploads\/2025\/03\/2b027d14884b0b20cad76c29e37d0f02-l.jpg-675x450.webp 675w, https:\/\/www.atelierdocaractere.pt\/wp-content\/uploads\/2025\/03\/2b027d14884b0b20cad76c29e37d0f02-l.jpg.webp 2000w\" sizes=\"(max-width: 1024px) 100vw, 1024px\" \/><\/figure>\n\n\n\n<p>Com uma motoriza\u00e7\u00e3o h\u00edbrida plug-in que combina um motor t\u00e9rmico, com tr\u00eas motores el\u00e9tricos, o Rafale disponibiliza uma pot\u00eancia combinada de 300 cavalos, garantindo acelera\u00e7\u00f5es vigorosas e uma experi\u00eancia de condu\u00e7\u00e3o envolvente.&nbsp;<\/p>\n\n\n\n<p>Gra\u00e7as \u00e0 experi\u00eancia dos especialistas da Alpine Cars, o Renault Rafale E-Tech 4&#215;4 300 cv plug-in hybrid n\u00e3o se limita a ser r\u00e1pido e eficiente \u2013 ele redefine, por completo, o prazer de condu\u00e7\u00e3o no segmento SUV Coup\u00e9 premium. O&nbsp;chassis foi desenvolvido para garantir uma liga\u00e7\u00e3o direta entre o condutor e a estrada, permitindo que cada curva seja percorrida com absoluta precis\u00e3o e que cada acelera\u00e7\u00e3o seja sentida com o entusiasmo reservado aos autom\u00f3veis desportivos.<\/p>\n\n\n\n<p>Equipado com um sistema de tra\u00e7\u00e3o integral inteligente, suspens\u00e3o ativa preditiva e dire\u00e7\u00e3o \u00e0s quatro rodas (4Control Advanced), o Renault Rafale E-Tech 4&#215;4 300 cv plug-in hybrid transforma cada viagem numa experi\u00eancia intensa, imersiva e, acima de tudo, memor\u00e1vel.<\/p>\n\n\n\n<h3 class=\"wp-block-heading\"><strong>ENQUADRAMENTO FISCAL: EFICI\u00caNCIA QUE SE TRADUZ EM ECONOMIA<\/strong><\/h3>\n\n\n\n<p>Para al\u00e9m do design, performance e inova\u00e7\u00e3o tecnol\u00f3gica, o Renault Rafale E-Tech 4&#215;4 300 cv plug-in hybrid distingue-se pelo seu&nbsp;enquadramento fiscal altamente competitivo, tornando-se&nbsp;uma das escolhas mais inteligentes do mercado para empresas e profissionais liberais.<\/p>\n\n\n\n<ul>\n<li>Tributa\u00e7\u00e3o Aut\u00f3noma reduzida para apenas 2,5%, aplic\u00e1vel a autom\u00f3veis com um valor de aquisi\u00e7\u00e3o (sem IVA) at\u00e9 37.499,99\u20ac, garantindo uma redu\u00e7\u00e3o significativa dos encargos fiscais.<\/li>\n\n\n\n<li>Dedu\u00e7\u00e3o integral de 100% do IVA na aquisi\u00e7\u00e3o, dispon\u00edvel para autom\u00f3veis at\u00e9&nbsp;50.000\u20ac (sem IVA), permitindo uma poupan\u00e7a relevante para empresas e profissionais liberais.<\/li>\n\n\n\n<li>Dedu\u00e7\u00e3o total do IVA da eletricidade utilizada no carregamento, reduzindo ainda mais os custos operacionais e maximizando a efici\u00eancia da motoriza\u00e7\u00e3o h\u00edbrida plug-in.<\/li>\n\n\n\n<li>Redu\u00e7\u00e3o de 75% do ISV, aplic\u00e1vel a h\u00edbridos plug-in com uma autonomia el\u00e9trica m\u00ednima de&nbsp;50 km e emiss\u00f5es inferiores a 50 g\/km de CO\u2082, permitindo um pre\u00e7o de aquisi\u00e7\u00e3o ainda mais competitivo.<\/li>\n<\/ul>\n\n\n\n<p>O Renault Rafale E-Tech 4&#215;4 300 cv plug-in hybrid \u00e9 um autom\u00f3vel eletrificado que alia inova\u00e7\u00e3o tecnol\u00f3gica a uma estrutura de custos eficiente, tornando-se a op\u00e7\u00e3o ideal para empresas e profissionais liberais que pretendem reduzir encargos operacionais, sem abdicar das performances e da exclusividade de um SUV Coup\u00e9 de prest\u00edgio.<\/p>\n\n\n\n<h3 class=\"wp-block-heading\"><strong>SOLU\u00c7\u00d5ES DE FINANCIAMENTO: FLEXIBILIDADE E RENTABILIDADE PARA EMPRESAS E PARTICULARES<\/strong><\/h3>\n\n\n\n<p>A Renault disponibiliza um conjunto de&nbsp;solu\u00e7\u00f5es de financiamento flex\u00edveis, garantindo que cada cliente encontra a melhor forma de integrar o Renault Rafale E-Tech 4&#215;4 300 cv plug-in hybrid no seu dia a dia.<\/p>\n\n\n\n<ul>\n<li>Leasing operacional para empresas, permitindo usufruir do autom\u00f3vel sem necessidade de imobilizar capital, com manuten\u00e7\u00e3o e outros servi\u00e7os inclu\u00eddos.<\/li>\n\n\n\n<li>Renting empresarial, uma solu\u00e7\u00e3o completa para frotas sempre atualizadas e com custos fixos controlados.<\/li>\n\n\n\n<li>Cr\u00e9dito Autom\u00f3vel Renault, um plano de financiamento estruturado para clientes particulares.<\/li>\n\n\n\n<li>Garantia de recompra, assegurando um valor de retoma competitivo no final do contrato.<\/li>\n<\/ul>\n\n\n\n<p>Com&nbsp;rendas ajustadas e descontos para frotas empresariais, o Renault Rafale oferece&nbsp;acesso facilitado \u00e0 mobilidade eletrificada premium, sem comprometer a estabilidade financeira das empresas e dos particulares.<\/p>\n\n\n\n<h3 class=\"wp-block-heading\"><strong>DESEMPENHO SEM CONCESS\u00d5ES: UM SUV COM ADN DESPORTIVO<\/strong><\/h3>\n\n\n\n<p>O Renault Rafale E-Tech 4&#215;4 300 cv plug-in hybrid \u00e9 um SUV Coup\u00e9 de altas presta\u00e7\u00f5es, desenhado para proporcionar uma experi\u00eancia de condu\u00e7\u00e3o intensa e envolvente. Desenvolvido com o&nbsp;<em>know-how<\/em>&nbsp;da Alpine Cars, este SUV com genes de desportivo combina pot\u00eancia e precis\u00e3o, destacando-se pelos seguintes atributos:<\/p>\n\n\n\n<ul>\n<li>300 cv de pot\u00eancia combinada, garantindo acelera\u00e7\u00f5es vigorosas e uma condu\u00e7\u00e3o emocionante.<\/li>\n\n\n\n<li>Modo 100% el\u00e9trico com at\u00e9 105 km de autonomia, permitindo desloca\u00e7\u00f5es di\u00e1rias sem emiss\u00f5es e com menores custos de utiliza\u00e7\u00e3o.<\/li>\n\n\n\n<li>0-100 km\/h em apenas 6,4 segundos, destacando-se como um dos h\u00edbridos plug-in mais r\u00e1pidos do segmento.<\/li>\n\n\n\n<li>Dire\u00e7\u00e3o \u00e0s quatro rodas (4Control Advanced), oferecendo&nbsp;uma agilidade excecional em cidade e a m\u00e1xima estabilidade em estrada aberta.<\/li>\n\n\n\n<li>Suspens\u00e3o ativa preditiva, uma solu\u00e7\u00e3o \u00fanica e evolu\u00edda tecnologicamente que antecipa as irregularidades no piso e ajusta, automaticamente, a rigidez dos amortecedores para um equil\u00edbrio perfeito entre conforto e dinamismo.<\/li>\n\n\n\n<li>Tra\u00e7\u00e3o integral permanente, garantindo&nbsp;a ader\u00eancia e a motricidade ideais em todas as condi\u00e7\u00f5es meteorol\u00f3gicas e tipos de estrada.<\/li>\n\n\n\n<li>Bateria de 22 kWh recarreg\u00e1vel em 2h55, garantindo&nbsp;a autonomia e a rapidez nos carregamentos.<\/li>\n\n\n\n<li>Autonomia total de at\u00e9 1.000 km, tornando-o a solu\u00e7\u00e3o ideal, tanto para os trajetos urbanos, como para viagens de longa dura\u00e7\u00e3o, sem preocupa\u00e7\u00f5es.<\/li>\n<\/ul>\n\n\n\n<p>Cada detalhe do Renault Rafale&nbsp;foi concebido para maximizar o prazer de condu\u00e7\u00e3o, garantindo que a tecnologia n\u00e3o serve apenas para reduzir consumos \u2013 mas tamb\u00e9m para amplificar as emo\u00e7\u00f5es ao volante.<\/p>\n\n\n\n<h3 class=\"wp-block-heading\"><strong>TECNOLOGIA, CONFORTO E SEGURAN\u00c7A: UMA EXPERI\u00caNCIA PREMIUM A BORDO<\/strong><\/h3>\n\n\n\n<p>O Renault Rafale E-Tech 4&#215;4 300 cv plug-in hybrideleva a experi\u00eancia autom\u00f3vel a novos patamares, proporcionando um ambiente sofisticado e conectado, onde a inova\u00e7\u00e3o tecnol\u00f3gica se alia ao m\u00e1ximo conforto.<\/p>\n\n\n\n<ul>\n<li>O OpenR Link com Google integrado. O sistema multim\u00e9dia refer\u00eancia do mercado. Com recurso a voz, \u00e9 poss\u00edvel dar mais de 70 instru\u00e7\u00f5es ao autom\u00f3vel, desde programar o destino, escolher o modo de condu\u00e7\u00e3o, controlar a temperatura do habit\u00e1culo, entre muitas outras funcionalidades. Por outro lado, atrav\u00e9s do Google Play est\u00e3o dispon\u00edveis mais de 50 aplica\u00e7\u00f5es, como o Waze e o Spotify.<\/li>\n\n\n\n<li>O teto Solarbay opacificante, ajust\u00e1vel em quatro n\u00edveis, para maior conforto t\u00e9rmico e luminoso.<\/li>\n\n\n\n<li>Um engenhoso apoio de bra\u00e7os traseiro.<\/li>\n\n\n\n<li>32 sistemas avan\u00e7ados de assist\u00eancia \u00e0 condu\u00e7\u00e3o (ADAS), incluindo&nbsp;Active Driver Assist, travagem aut\u00f3noma de emerg\u00eancia e alerta de \u00e2ngulo morto.<\/li>\n\n\n\n<li>Um incontorn\u00e1vel sistema de som da Harman Kardon, que proporciona uma experi\u00eancia ac\u00fastica \u00fanica e envolvente.<\/li>\n\n\n\n<li>As jantes de 21 polegadas na vers\u00e3o Atelier Alpine, que refor\u00e7am o car\u00e1ter desportivo e exclusivo deste modelo.<\/li>\n<\/ul>\n\n\n\n<p>Cada detalhe do habit\u00e1culo foi pensado para proporcionar&nbsp;uma experi\u00eancia a bordo verdadeiramente premium, onde o condutor e passageiros usufruem de um ambiente refinado, ergon\u00f3mico e tecnologicamente avan\u00e7ado e conectado.<\/p>\n\n\n\n<h3 class=\"wp-block-heading\"><strong>ECONOMIA, DESEMPENHO E PRAZER DE CONDU\u00c7\u00c3O NA MESMA FRASE? SIM, \u00c9 POSS\u00cdVEL<\/strong><\/h3>\n\n\n\n<p>Com um equil\u00edbrio perfeito entre pot\u00eancia, efici\u00eancia e inova\u00e7\u00e3o tecnol\u00f3gica, o Renault Rafale E-Tech 4&#215;4 300 cv plug-in hybrid representa o futuro de uma mobilidade premium e sustent\u00e1vel sem concess\u00f5es. Seja pelo desempenho impressionante, pelo custo total de propriedade reduzido ou pela experi\u00eancia de condu\u00e7\u00e3o emocionante, este SUV coup\u00e9 \u00e9 uma proposta \u00fanica no mercado.<\/p>\n\n\n\n<p>Dispon\u00edvel a partir de 37.110\u20ac + IVA, na vers\u00e3o esprit Alpine, o Renault Rafale E-Tech 4&#215;4 300 cv plug-in hybrid j\u00e1 est\u00e1 dispon\u00edvel na Rede de Concession\u00e1rios Renault.<\/p>\n","protected":false},"excerpt":{"rendered":"<p>O Rafale E-Tech 4&#215;4 300 cv plug-in hybrid \u00e9 a resposta da Renault para quem procura um autom\u00f3vel apaixonante e&#8230;<\/p>\n","protected":false},"author":7,"featured_media":13647,"comment_status":"closed","ping_status":"open","sticky":false,"template":"","format":"standard","meta":[],"categories":[28],"tags":[85,87,938,941],"yoast_head":"<!-- This site is optimized with the Yoast SEO plugin v20.12 - https:\/\/yoast.com\/wordpress\/plugins\/seo\/ -->\n<title>Renault Rafale E-Tech 4x4 300cv plug-in hybrid: o SUV coup\u00e9 que \u00e9 uma proposta \u00fanica (tamb\u00e9m) para empresas - Atelier do Caractere<\/title>\n<meta name=\"robots\" content=\"index, follow, max-snippet:-1, max-image-preview:large, max-video-preview:-1\" \/>\n<link rel=\"canonical\" href=\"https:\/\/www.atelierdocaractere.pt\/brevemente\/renault-rafale-e-tech-4x4-300cv-plug-in-hybrid-o-suv-coupe-que-e-uma-proposta-unica-tambem-para-empresas\/\" \/>\n<meta property=\"og:locale\" content=\"pt_PT\" \/>\n<meta property=\"og:type\" content=\"article\" \/>\n<meta property=\"og:title\" content=\"Renault Rafale E-Tech 4x4 300cv plug-in hybrid: o SUV coup\u00e9 que \u00e9 uma proposta \u00fanica (tamb\u00e9m) para empresas - Atelier do Caractere\" \/>\n<meta property=\"og:description\" content=\"O Rafale E-Tech 4&#215;4 300 cv plug-in hybrid \u00e9 a resposta da Renault para quem procura um autom\u00f3vel apaixonante e...\" \/>\n<meta property=\"og:url\" content=\"https:\/\/www.atelierdocaractere.pt\/brevemente\/renault-rafale-e-tech-4x4-300cv-plug-in-hybrid-o-suv-coupe-que-e-uma-proposta-unica-tambem-para-empresas\/\" \/>\n<meta property=\"og:site_name\" content=\"Atelier do Caractere\" \/>\n<meta property=\"article:publisher\" content=\"https:\/\/www.facebook.com\/AtelierdoCaractere\" \/>\n<meta property=\"article:published_time\" content=\"2025-03-06T16:22:33+00:00\" \/>\n<meta property=\"article:modified_time\" content=\"2025-03-06T16:22:38+00:00\" \/>\n<meta property=\"og:image\" content=\"https:\/\/www.atelierdocaractere.pt\/wp-content\/uploads\/2025\/03\/2b027d14884b0b20cad76c29e37d0f02-l.jpg.webp\" \/>\n\t<meta property=\"og:image:width\" content=\"2000\" \/>\n\t<meta property=\"og:image:height\" content=\"1334\" \/>\n\t<meta property=\"og:image:type\" content=\"image\/webp\" \/>\n<meta name=\"author\" content=\"Joana Barbosa\" \/>\n<meta name=\"twitter:card\" content=\"summary_large_image\" \/>\n<meta name=\"twitter:label1\" content=\"Escrito por\" \/>\n\t<meta name=\"twitter:data1\" content=\"Joana Barbosa\" \/>\n\t<meta name=\"twitter:label2\" content=\"Tempo estimado de leitura\" \/>\n\t<meta name=\"twitter:data2\" content=\"7 minutos\" \/>\n<script type=\"application\/ld+json\" class=\"yoast-schema-graph\">{\"@context\":\"https:\/\/schema.org\",\"@graph\":[{\"@type\":\"WebPage\",\"@id\":\"https:\/\/www.atelierdocaractere.pt\/brevemente\/renault-rafale-e-tech-4x4-300cv-plug-in-hybrid-o-suv-coupe-que-e-uma-proposta-unica-tambem-para-empresas\/\",\"url\":\"https:\/\/www.atelierdocaractere.pt\/brevemente\/renault-rafale-e-tech-4x4-300cv-plug-in-hybrid-o-suv-coupe-que-e-uma-proposta-unica-tambem-para-empresas\/\",\"name\":\"Renault Rafale E-Tech 4x4 300cv plug-in hybrid: o SUV coup\u00e9 que \u00e9 uma proposta \u00fanica (tamb\u00e9m) para empresas - Atelier do Caractere\",\"isPartOf\":{\"@id\":\"https:\/\/www.atelierdocaractere.pt\/brevemente\/#website\"},\"datePublished\":\"2025-03-06T16:22:33+00:00\",\"dateModified\":\"2025-03-06T16:22:38+00:00\",\"author\":{\"@id\":\"https:\/\/www.atelierdocaractere.pt\/brevemente\/#\/schema\/person\/f2f096eb0f27d9894725af22cb97c0db\"},\"breadcrumb\":{\"@id\":\"https:\/\/www.atelierdocaractere.pt\/brevemente\/renault-rafale-e-tech-4x4-300cv-plug-in-hybrid-o-suv-coupe-que-e-uma-proposta-unica-tambem-para-empresas\/#breadcrumb\"},\"inLanguage\":\"pt-PT\",\"potentialAction\":[{\"@type\":\"ReadAction\",\"target\":[\"https:\/\/www.atelierdocaractere.pt\/brevemente\/renault-rafale-e-tech-4x4-300cv-plug-in-hybrid-o-suv-coupe-que-e-uma-proposta-unica-tambem-para-empresas\/\"]}]},{\"@type\":\"BreadcrumbList\",\"@id\":\"https:\/\/www.atelierdocaractere.pt\/brevemente\/renault-rafale-e-tech-4x4-300cv-plug-in-hybrid-o-suv-coupe-que-e-uma-proposta-unica-tambem-para-empresas\/#breadcrumb\",\"itemListElement\":[{\"@type\":\"ListItem\",\"position\":1,\"name\":\"In\u00edcio\",\"item\":\"https:\/\/www.atelierdocaractere.pt\/brevemente\/\"},{\"@type\":\"ListItem\",\"position\":2,\"name\":\"Renault Rafale E-Tech 4&#215;4 300cv plug-in hybrid: o SUV coup\u00e9 que \u00e9 uma proposta \u00fanica (tamb\u00e9m) para empresas\"}]},{\"@type\":\"WebSite\",\"@id\":\"https:\/\/www.atelierdocaractere.pt\/brevemente\/#website\",\"url\":\"https:\/\/www.atelierdocaractere.pt\/brevemente\/\",\"name\":\"Atelier do Caractere\",\"description\":\"\",\"potentialAction\":[{\"@type\":\"SearchAction\",\"target\":{\"@type\":\"EntryPoint\",\"urlTemplate\":\"https:\/\/www.atelierdocaractere.pt\/brevemente\/?s={search_term_string}\"},\"query-input\":\"required name=search_term_string\"}],\"inLanguage\":\"pt-PT\"},{\"@type\":\"Person\",\"@id\":\"https:\/\/www.atelierdocaractere.pt\/brevemente\/#\/schema\/person\/f2f096eb0f27d9894725af22cb97c0db\",\"name\":\"Joana Barbosa\",\"image\":{\"@type\":\"ImageObject\",\"inLanguage\":\"pt-PT\",\"@id\":\"https:\/\/www.atelierdocaractere.pt\/brevemente\/#\/schema\/person\/image\/\",\"url\":\"https:\/\/secure.gravatar.com\/avatar\/33e8214b45e9d68a3a83008731075979?s=96&d=mm&r=g\",\"contentUrl\":\"https:\/\/secure.gravatar.com\/avatar\/33e8214b45e9d68a3a83008731075979?s=96&d=mm&r=g\",\"caption\":\"Joana Barbosa\"},\"url\":\"https:\/\/www.atelierdocaractere.pt\/brevemente\/author\/joanabarbosa\/\"}]}<\/script>\n<!-- \/ Yoast SEO plugin. -->","yoast_head_json":{"title":"Renault Rafale E-Tech 4x4 300cv plug-in hybrid: o SUV coup\u00e9 que \u00e9 uma proposta \u00fanica (tamb\u00e9m) para empresas - Atelier do Caractere","robots":{"index":"index","follow":"follow","max-snippet":"max-snippet:-1","max-image-preview":"max-image-preview:large","max-video-preview":"max-video-preview:-1"},"canonical":"https:\/\/www.atelierdocaractere.pt\/brevemente\/renault-rafale-e-tech-4x4-300cv-plug-in-hybrid-o-suv-coupe-que-e-uma-proposta-unica-tambem-para-empresas\/","og_locale":"pt_PT","og_type":"article","og_title":"Renault Rafale E-Tech 4x4 300cv plug-in hybrid: o SUV coup\u00e9 que \u00e9 uma proposta \u00fanica (tamb\u00e9m) para empresas - Atelier do Caractere","og_description":"O Rafale E-Tech 4&#215;4 300 cv plug-in hybrid \u00e9 a resposta da Renault para quem procura um autom\u00f3vel apaixonante e...","og_url":"https:\/\/www.atelierdocaractere.pt\/brevemente\/renault-rafale-e-tech-4x4-300cv-plug-in-hybrid-o-suv-coupe-que-e-uma-proposta-unica-tambem-para-empresas\/","og_site_name":"Atelier do Caractere","article_publisher":"https:\/\/www.facebook.com\/AtelierdoCaractere","article_published_time":"2025-03-06T16:22:33+00:00","article_modified_time":"2025-03-06T16:22:38+00:00","og_image":[{"width":2000,"height":1334,"url":"https:\/\/www.atelierdocaractere.pt\/wp-content\/uploads\/2025\/03\/2b027d14884b0b20cad76c29e37d0f02-l.jpg.webp","type":"image\/webp"}],"author":"Joana Barbosa","twitter_card":"summary_large_image","twitter_misc":{"Escrito por":"Joana Barbosa","Tempo estimado de leitura":"7 minutos"},"schema":{"@context":"https:\/\/schema.org","@graph":[{"@type":"WebPage","@id":"https:\/\/www.atelierdocaractere.pt\/brevemente\/renault-rafale-e-tech-4x4-300cv-plug-in-hybrid-o-suv-coupe-que-e-uma-proposta-unica-tambem-para-empresas\/","url":"https:\/\/www.atelierdocaractere.pt\/brevemente\/renault-rafale-e-tech-4x4-300cv-plug-in-hybrid-o-suv-coupe-que-e-uma-proposta-unica-tambem-para-empresas\/","name":"Renault Rafale E-Tech 4x4 300cv plug-in hybrid: o SUV coup\u00e9 que \u00e9 uma proposta \u00fanica (tamb\u00e9m) para empresas - Atelier do Caractere","isPartOf":{"@id":"https:\/\/www.atelierdocaractere.pt\/brevemente\/#website"},"datePublished":"2025-03-06T16:22:33+00:00","dateModified":"2025-03-06T16:22:38+00:00","author":{"@id":"https:\/\/www.atelierdocaractere.pt\/brevemente\/#\/schema\/person\/f2f096eb0f27d9894725af22cb97c0db"},"breadcrumb":{"@id":"https:\/\/www.atelierdocaractere.pt\/brevemente\/renault-rafale-e-tech-4x4-300cv-plug-in-hybrid-o-suv-coupe-que-e-uma-proposta-unica-tambem-para-empresas\/#breadcrumb"},"inLanguage":"pt-PT","potentialAction":[{"@type":"ReadAction","target":["https:\/\/www.atelierdocaractere.pt\/brevemente\/renault-rafale-e-tech-4x4-300cv-plug-in-hybrid-o-suv-coupe-que-e-uma-proposta-unica-tambem-para-empresas\/"]}]},{"@type":"BreadcrumbList","@id":"https:\/\/www.atelierdocaractere.pt\/brevemente\/renault-rafale-e-tech-4x4-300cv-plug-in-hybrid-o-suv-coupe-que-e-uma-proposta-unica-tambem-para-empresas\/#breadcrumb","itemListElement":[{"@type":"ListItem","position":1,"name":"In\u00edcio","item":"https:\/\/www.atelierdocaractere.pt\/brevemente\/"},{"@type":"ListItem","position":2,"name":"Renault Rafale E-Tech 4&#215;4 300cv plug-in hybrid: o SUV coup\u00e9 que \u00e9 uma proposta \u00fanica (tamb\u00e9m) para empresas"}]},{"@type":"WebSite","@id":"https:\/\/www.atelierdocaractere.pt\/brevemente\/#website","url":"https:\/\/www.atelierdocaractere.pt\/brevemente\/","name":"Atelier do Caractere","description":"","potentialAction":[{"@type":"SearchAction","target":{"@type":"EntryPoint","urlTemplate":"https:\/\/www.atelierdocaractere.pt\/brevemente\/?s={search_term_string}"},"query-input":"required name=search_term_string"}],"inLanguage":"pt-PT"},{"@type":"Person","@id":"https:\/\/www.atelierdocaractere.pt\/brevemente\/#\/schema\/person\/f2f096eb0f27d9894725af22cb97c0db","name":"Joana Barbosa","image":{"@type":"ImageObject","inLanguage":"pt-PT","@id":"https:\/\/www.atelierdocaractere.pt\/brevemente\/#\/schema\/person\/image\/","url":"https:\/\/secure.gravatar.com\/avatar\/33e8214b45e9d68a3a83008731075979?s=96&d=mm&r=g","contentUrl":"https:\/\/secure.gravatar.com\/avatar\/33e8214b45e9d68a3a83008731075979?s=96&d=mm&r=g","caption":"Joana Barbosa"},"url":"https:\/\/www.atelierdocaractere.pt\/brevemente\/author\/joanabarbosa\/"}]}},"_links":{"self":[{"href":"https:\/\/www.atelierdocaractere.pt\/brevemente\/wp-json\/wp\/v2\/posts\/13646"}],"collection":[{"href":"https:\/\/www.atelierdocaractere.pt\/brevemente\/wp-json\/wp\/v2\/posts"}],"about":[{"href":"https:\/\/www.atelierdocaractere.pt\/brevemente\/wp-json\/wp\/v2\/types\/post"}],"author":[{"embeddable":true,"href":"https:\/\/www.atelierdocaractere.pt\/brevemente\/wp-json\/wp\/v2\/users\/7"}],"replies":[{"embeddable":true,"href":"https:\/\/www.atelierdocaractere.pt\/brevemente\/wp-json\/wp\/v2\/comments?post=13646"}],"version-history":[{"count":1,"href":"https:\/\/www.atelierdocaractere.pt\/brevemente\/wp-json\/wp\/v2\/posts\/13646\/revisions"}],"predecessor-version":[{"id":13648,"href":"https:\/\/www.atelierdocaractere.pt\/brevemente\/wp-json\/wp\/v2\/posts\/13646\/revisions\/13648"}],"wp:featuredmedia":[{"embeddable":true,"href":"https:\/\/www.atelierdocaractere.pt\/brevemente\/wp-json\/wp\/v2\/media\/13647"}],"wp:attachment":[{"href":"https:\/\/www.atelierdocaractere.pt\/brevemente\/wp-json\/wp\/v2\/media?parent=13646"}],"wp:term":[{"taxonomy":"category","embeddable":true,"href":"https:\/\/www.atelierdocaractere.pt\/brevemente\/wp-json\/wp\/v2\/categories?post=13646"},{"taxonomy":"post_tag","embeddable":true,"href":"https:\/\/www.atelierdocaractere.pt\/brevemente\/wp-json\/wp\/v2\/tags?post=13646"}],"curies":[{"name":"wp","href":"https:\/\/api.w.org\/{rel}","templated":true}]}}