{"id":13660,"date":"2025-03-12T20:27:57","date_gmt":"2025-03-12T20:27:57","guid":{"rendered":"https:\/\/www.atelierdocaractere.pt\/brevemente\/?p=13660"},"modified":"2025-03-12T20:28:18","modified_gmt":"2025-03-12T20:28:18","slug":"projeto-que-valoriza-estradas-iconicas-da-regiao-marcou-o-arranque-da-turismo-centro-de-portugal-na-btl","status":"publish","type":"post","link":"https:\/\/www.atelierdocaractere.pt\/brevemente\/projeto-que-valoriza-estradas-iconicas-da-regiao-marcou-o-arranque-da-turismo-centro-de-portugal-na-btl\/","title":{"rendered":"Projeto que valoriza estradas ic\u00f3nicas da regi\u00e3o marcou o arranque da Turismo Centro de Portugal na BTL"},"content":{"rendered":"\n<p><strong>Primeiro dia do programa no stand do Centro de Portugal foi repleto de iniciativas, com grava\u00e7\u00e3o de podcasts ao vivo e apresenta\u00e7\u00f5es de projetos estruturantes da regi\u00e3o.<\/strong><\/p>\n\n\n\n<figure class=\"wp-block-image size-large\"><img decoding=\"async\" width=\"1024\" height=\"682\" src=\"https:\/\/www.atelierdocaractere.pt\/wp-content\/uploads\/2025\/03\/turismo-1024x682.jpeg\" alt=\"\" class=\"wp-image-13661\" srcset=\"https:\/\/www.atelierdocaractere.pt\/wp-content\/uploads\/2025\/03\/turismo-1024x682.jpeg 1024w, https:\/\/www.atelierdocaractere.pt\/wp-content\/uploads\/2025\/03\/turismo-300x200.jpeg 300w, https:\/\/www.atelierdocaractere.pt\/wp-content\/uploads\/2025\/03\/turismo-768x512.jpeg 768w, https:\/\/www.atelierdocaractere.pt\/wp-content\/uploads\/2025\/03\/turismo-900x600.jpeg 900w, https:\/\/www.atelierdocaractere.pt\/wp-content\/uploads\/2025\/03\/turismo-675x450.jpeg 675w, https:\/\/www.atelierdocaractere.pt\/wp-content\/uploads\/2025\/03\/turismo.jpeg 1280w\" sizes=\"(max-width: 1024px) 100vw, 1024px\" \/><\/figure>\n\n\n\n<p>A&nbsp;<strong>Turismo Centro de Portugal&nbsp;<\/strong>(TCP) deu hoje in\u00edcio \u00e0 sua participa\u00e7\u00e3o na&nbsp;<strong>BTL \u2013 Bolsa de Turismo de Lisboa<\/strong>&nbsp;2025, com um programa intenso no stand 1A03, no Pavilh\u00e3o 1 da FIL, em que ficou evidente a diversidade da oferta tur\u00edstica regional.<\/p>\n\n\n\n<p>O destaque maior do primeiro dia do stand foi a apresenta\u00e7\u00e3o do projeto\u00a0<strong>&#8220;Estradas com Hist\u00f3ria&#8221;<\/strong>. Esta \u00e9 uma iniciativa que destaca a riqueza de duas estradas ic\u00f3nicas da regi\u00e3o, transformando-as em eixos de descoberta cultural, patrimonial e gastron\u00f3mica: a EN16, entre Aveiro e Vilar Formoso, e a EN17, conhecida como Estrada da Beira, entre Coimbra e Celorico da Beira. Est\u00e1 prevista a cria\u00e7\u00e3o de roteiros tur\u00edsticos, desenvolvimento de sinaliza\u00e7\u00e3o, capacita\u00e7\u00e3o de agentes locais e uma ampla campanha de promo\u00e7\u00e3o das duas estradas.<\/p>\n\n\n\n<p>Para esse efeito, foi estabelecida uma rede colaborativa que junta operadores tur\u00edsticos, munic\u00edpios e agentes locais, refor\u00e7ando o compromisso de oferecer experi\u00eancias diferenciadoras aos visitantes. O projeto \u00e9 liderado pela Turismo Centro de Portugal, em parceria com as Comunidades Intermunicipais Viseu D\u00e3o Laf\u00f5es, Regi\u00e3o Beiras e Serra da Estrela, Regi\u00e3o de Aveiro e Regi\u00e3o de Coimbra, territ\u00f3rios atravessados pelas duas estradas. Integra tamb\u00e9m a AHRESP, a Ag\u00eancia Regional de Promo\u00e7\u00e3o Tur\u00edstica Centro de Portugal, a Infraestruturas de Portugal, o Clube Escape Livre e os guias Foge Comigo.<\/p>\n\n\n\n<p>A apresenta\u00e7\u00e3o do projeto\u00a0<strong>&#8220;Estradas com Hist\u00f3ria&#8221;\u00a0<\/strong>contou com uma interven\u00e7\u00e3o de\u00a0<strong>Pedro Machado, Secret\u00e1rio de Estado do Turismo<\/strong>, que enalteceu o crescimento continuado, ao longo dos anos, do Centro de Portugal enquanto destino tur\u00edstico de refer\u00eancia. Tamb\u00e9m presente,\u00a0<strong>Rui Ladeira, Secret\u00e1rio de Estado das Florestas<\/strong>, destacou a import\u00e2ncia deste projeto estruturante para a regi\u00e3o. Da mesma forma, os presidentes das Comunidades Intermunicipais abrangidas elogiaram o projeto:\u00a0<strong>Lu\u00eds Tadeu\u00a0<\/strong>(Regi\u00e3o Beiras e Serra da Estrela),\u00a0<strong>Fernando Ruas<\/strong>\u00a0(Viseu D\u00e3o Laf\u00f5es) e\u00a0<strong>Em\u00edlio Torr\u00e3o\u00a0<\/strong>(Regi\u00e3o de Coimbra).<\/p>\n\n\n\n<p>Antes disso, \u00e0s 16h00, decorreu a cerim\u00f3nia de Abertura Oficial do Stand da Turismo Centro de Portugal, momento em que&nbsp;<strong>Anabela Freitas<\/strong>, vice-presidente da entidade, apresentou a Estrat\u00e9gia de Promo\u00e7\u00e3o para 2025. O evento incluiu tamb\u00e9m a apresenta\u00e7\u00e3o de&nbsp;<strong>Leiria<\/strong>&nbsp;como Munic\u00edpio Convidado da BTL 2025, em que&nbsp;<strong>Gon\u00e7alo Lopes<\/strong>, presidente do munic\u00edpio, deu conta da din\u00e2mica tur\u00edstica e cultural da cidade.<\/p>\n\n\n\n<p><strong>Podcasts, gastronomia e novas iniciativas tur\u00edsticas<\/strong><br>Mas o dia no stand da TCP come\u00e7ou bem cedo, com a grava\u00e7\u00e3o ao vivo do podcast &#8220;Money Money&#8221;, conduzido por Jo\u00e3o Vieira Pereira e Jo\u00e3o Silvestre. O convidado, Jorge Rebelo de Almeida, fundador do Grupo Vila Gal\u00e9, partilhou a sua vis\u00e3o sobre o impacto do turismo na economia nacional.<\/p>\n\n\n\n<p>Seguiu-se uma experi\u00eancia gastron\u00f3mica com a degusta\u00e7\u00e3o das &#8220;4 Maravilhas da Mealhada&#8221; \u2013 \u00c1gua, P\u00e3o, Vinho e Leit\u00e3o \u2013 promovida pelo Munic\u00edpio da Mealhada, que celebrou a identidade gastron\u00f3mica deste territ\u00f3rio.<\/p>\n\n\n\n<p>A tarde ficou marcada pela apresenta\u00e7\u00e3o de v\u00e1rios projetos. Foi o caso da\u00a0<strong>Centro de Portugal Film Commission<\/strong>, uma aposta estrat\u00e9gica na promo\u00e7\u00e3o da regi\u00e3o como destino de filmagens para produ\u00e7\u00f5es nacionais e internacionais. Logo depois, os visitantes tiveram oportunidade de explorar as harmoniza\u00e7\u00f5es perfeitas entre queijos e vinhos da regi\u00e3o, atrav\u00e9s de uma a\u00e7\u00e3o dinamizada pelos projetos PROVERE Queijos Centro de Portugal e PROVERE Fileira dos Vinhos das Regi\u00f5es Vitivin\u00edcolas da Regi\u00e3o Centro.<\/p>\n\n\n\n<p>Outro momento de relevo foi a apresenta\u00e7\u00e3o do XXXV Cap\u00edtulo Extraordin\u00e1rio da Ordem do Caminho de Santiago, pelo&nbsp;<strong>Clube Escape Livre<\/strong>, que refor\u00e7ou a import\u00e2ncia do turismo religioso e cultural na regi\u00e3o.<\/p>\n\n\n\n<p>Antes, decorreu a grava\u00e7\u00e3o de outro podcast bem conhecido de todos. Quem passou pelo stand pelas 15h00 p\u00f4de assistir, ao vivo, ao podcast \u201cBloco Central\u201d, no qual os comentadores<strong>Pedro Marques Lopes\u00a0<\/strong>e<strong>\u00a0Pedro Siza Vieira\u00a0<\/strong>analisaram os acontecimentos da semana, com modera\u00e7\u00e3o do jornalista\u00a0<strong>Paulo Baldaia.<\/strong><\/p>\n\n\n\n<p>O final da tarde foi dedicado \u00e0 regi\u00e3o do M\u00e9dio Tejo, com uma sequ\u00eancia de eventos que demonstraram o dinamismo tur\u00edstico dos seus munic\u00edpios. Uma a uma, foram apresentadas propostas de Tomar (Rota dos Templ\u00e1rios e Wellness Weekend), Vila Nova da Barquinha (turismo acess\u00edvel), Abrantes, Const\u00e2ncia e Sardoal (Caminhos Liter\u00e1rios), Torres Novas (Patrim\u00f3nio Natural), Entroncamento (MINIMO \u2013 Encontro Nacional de Modelismo Ferrovi\u00e1rio | Museu Nacional Ferrovi\u00e1rio), Our\u00e9m (Festival de Setembro), Ma\u00e7\u00e3o (Museu de Arte Pr\u00e9-Hist\u00f3rica e do Sagrado do Vale do Tejo) \u2013 culminando este momento com uma mostra gastron\u00f3mica do M\u00e9dio Tejo.<\/p>\n\n\n\n<p>O dia encerrou com a apresenta\u00e7\u00e3o do projeto&nbsp;<strong>Land of Dragons<\/strong>, uma iniciativa da Associa\u00e7\u00e3o Ib\u00e9rica de Turismo do Interior, que promove os territ\u00f3rios da Beira Baixa e da Extremadura espanhola onde decorreram filmagens da s\u00e9rie \u201cHouse of Dragons\u201d.<\/p>\n\n\n\n<p>De notar que, durante todo o dia, o stand da TCP foi visitado por personalidades pol\u00edticas, de que s\u00e3o exemplo o Ministro da Economia, Pedro Reis, o Secret\u00e1rio de Estado do Turismo, Pedro Machado, o presidente do Turismo de Portugal, Carlos Abade, o candidato presidencial Marques Mendes e outros dirigentes do setor tur\u00edstico.<\/p>\n\n\n\n<p>A programa\u00e7\u00e3o prossegue amanh\u00e3, com mais experi\u00eancias, apresenta\u00e7\u00f5es e momentos \u00fanicos no Stand 1A03, Pavilh\u00e3o 1 da FIL. Pode consultar o programa em&nbsp;<a href=\"https:\/\/turismodocentro.us17.list-manage.com\/track\/click?u=9b14ef0c6c1999e92ddae9fc9&amp;id=e0578b2051&amp;e=b491eca746\" target=\"_blank\" rel=\"noreferrer noopener\">www.turismodocentro.pt.<\/a><\/p>\n\n\n\n<p>A BTL decorre de 12 a 16 de mar\u00e7o, com os dois primeiros dias reservados a profissionais (10h00-19h00). O p\u00fablico em geral pode visitar a feira a partir das 17h00 do terceiro dia e nos \u00faltimos dois dias, das 12h00 \u00e0s 23h00 (domingo encerra \u00e0s 20h00).<\/p>\n\n\n\n<p><strong>Sobre a Turismo Centro de Portugal:<\/strong><\/p>\n\n\n\n<p>A Turismo Centro de Portugal \u00e9 a entidade que estrutura e promove o turismo na Regi\u00e3o Centro do pa\u00eds. Esta \u00e9 a maior e mais diversificada \u00e1rea tur\u00edstica nacional, abrangendo 100 munic\u00edpios, e tem registado um intenso crescimento da procura interna e externa. \u00c9 a regi\u00e3o a escolher para quem pretende experi\u00eancias diversificadas, pois concilia locais Patrim\u00f3nio da Humanidade com a melhor costa de surf da Europa, termas e spas id\u00edlicos, locais de culto de import\u00e2ncia mundial e as mais belas aldeias.<\/p>\n","protected":false},"excerpt":{"rendered":"<p>Primeiro dia do programa no stand do Centro de Portugal foi repleto de iniciativas, com grava\u00e7\u00e3o de podcasts ao vivo&#8230;<\/p>\n","protected":false},"author":8,"featured_media":13661,"comment_status":"closed","ping_status":"open","sticky":false,"template":"","format":"standard","meta":[],"categories":[39],"tags":[371,81,765,349,346],"yoast_head":"<!-- This site is optimized with the Yoast SEO plugin v20.12 - https:\/\/yoast.com\/wordpress\/plugins\/seo\/ -->\n<title>Projeto que valoriza estradas ic\u00f3nicas da regi\u00e3o marcou o arranque da Turismo Centro de Portugal na BTL - Atelier do Caractere<\/title>\n<meta name=\"robots\" content=\"index, follow, max-snippet:-1, max-image-preview:large, max-video-preview:-1\" \/>\n<link rel=\"canonical\" href=\"https:\/\/www.atelierdocaractere.pt\/brevemente\/projeto-que-valoriza-estradas-iconicas-da-regiao-marcou-o-arranque-da-turismo-centro-de-portugal-na-btl\/\" \/>\n<meta property=\"og:locale\" content=\"pt_PT\" \/>\n<meta property=\"og:type\" content=\"article\" \/>\n<meta property=\"og:title\" content=\"Projeto que valoriza estradas ic\u00f3nicas da regi\u00e3o marcou o arranque da Turismo Centro de Portugal na BTL - Atelier do Caractere\" \/>\n<meta property=\"og:description\" content=\"Primeiro dia do programa no stand do Centro de Portugal foi repleto de iniciativas, com grava\u00e7\u00e3o de podcasts ao vivo...\" \/>\n<meta property=\"og:url\" content=\"https:\/\/www.atelierdocaractere.pt\/brevemente\/projeto-que-valoriza-estradas-iconicas-da-regiao-marcou-o-arranque-da-turismo-centro-de-portugal-na-btl\/\" \/>\n<meta property=\"og:site_name\" content=\"Atelier do Caractere\" \/>\n<meta property=\"article:publisher\" content=\"https:\/\/www.facebook.com\/AtelierdoCaractere\" \/>\n<meta property=\"article:published_time\" content=\"2025-03-12T20:27:57+00:00\" \/>\n<meta property=\"article:modified_time\" content=\"2025-03-12T20:28:18+00:00\" \/>\n<meta property=\"og:image\" content=\"https:\/\/www.atelierdocaractere.pt\/wp-content\/uploads\/2025\/03\/turismo.jpeg\" \/>\n\t<meta property=\"og:image:width\" content=\"1280\" \/>\n\t<meta property=\"og:image:height\" content=\"853\" \/>\n\t<meta property=\"og:image:type\" content=\"image\/jpeg\" \/>\n<meta name=\"author\" content=\"Andr\u00e9 Lopes\" \/>\n<meta name=\"twitter:card\" content=\"summary_large_image\" \/>\n<meta name=\"twitter:label1\" content=\"Escrito por\" \/>\n\t<meta name=\"twitter:data1\" content=\"Andr\u00e9 Lopes\" \/>\n\t<meta name=\"twitter:label2\" content=\"Tempo estimado de leitura\" \/>\n\t<meta name=\"twitter:data2\" content=\"6 minutos\" \/>\n<script type=\"application\/ld+json\" class=\"yoast-schema-graph\">{\"@context\":\"https:\/\/schema.org\",\"@graph\":[{\"@type\":\"WebPage\",\"@id\":\"https:\/\/www.atelierdocaractere.pt\/brevemente\/projeto-que-valoriza-estradas-iconicas-da-regiao-marcou-o-arranque-da-turismo-centro-de-portugal-na-btl\/\",\"url\":\"https:\/\/www.atelierdocaractere.pt\/brevemente\/projeto-que-valoriza-estradas-iconicas-da-regiao-marcou-o-arranque-da-turismo-centro-de-portugal-na-btl\/\",\"name\":\"Projeto que valoriza estradas ic\u00f3nicas da regi\u00e3o marcou o arranque da Turismo Centro de Portugal na BTL - Atelier do Caractere\",\"isPartOf\":{\"@id\":\"https:\/\/www.atelierdocaractere.pt\/brevemente\/#website\"},\"datePublished\":\"2025-03-12T20:27:57+00:00\",\"dateModified\":\"2025-03-12T20:28:18+00:00\",\"author\":{\"@id\":\"https:\/\/www.atelierdocaractere.pt\/brevemente\/#\/schema\/person\/434214d094c7f8243eba52cce01c3fbf\"},\"breadcrumb\":{\"@id\":\"https:\/\/www.atelierdocaractere.pt\/brevemente\/projeto-que-valoriza-estradas-iconicas-da-regiao-marcou-o-arranque-da-turismo-centro-de-portugal-na-btl\/#breadcrumb\"},\"inLanguage\":\"pt-PT\",\"potentialAction\":[{\"@type\":\"ReadAction\",\"target\":[\"https:\/\/www.atelierdocaractere.pt\/brevemente\/projeto-que-valoriza-estradas-iconicas-da-regiao-marcou-o-arranque-da-turismo-centro-de-portugal-na-btl\/\"]}]},{\"@type\":\"BreadcrumbList\",\"@id\":\"https:\/\/www.atelierdocaractere.pt\/brevemente\/projeto-que-valoriza-estradas-iconicas-da-regiao-marcou-o-arranque-da-turismo-centro-de-portugal-na-btl\/#breadcrumb\",\"itemListElement\":[{\"@type\":\"ListItem\",\"position\":1,\"name\":\"In\u00edcio\",\"item\":\"https:\/\/www.atelierdocaractere.pt\/brevemente\/\"},{\"@type\":\"ListItem\",\"position\":2,\"name\":\"Projeto que valoriza estradas ic\u00f3nicas da regi\u00e3o marcou o arranque da Turismo Centro de Portugal na BTL\"}]},{\"@type\":\"WebSite\",\"@id\":\"https:\/\/www.atelierdocaractere.pt\/brevemente\/#website\",\"url\":\"https:\/\/www.atelierdocaractere.pt\/brevemente\/\",\"name\":\"Atelier do Caractere\",\"description\":\"\",\"potentialAction\":[{\"@type\":\"SearchAction\",\"target\":{\"@type\":\"EntryPoint\",\"urlTemplate\":\"https:\/\/www.atelierdocaractere.pt\/brevemente\/?s={search_term_string}\"},\"query-input\":\"required name=search_term_string\"}],\"inLanguage\":\"pt-PT\"},{\"@type\":\"Person\",\"@id\":\"https:\/\/www.atelierdocaractere.pt\/brevemente\/#\/schema\/person\/434214d094c7f8243eba52cce01c3fbf\",\"name\":\"Andr\u00e9 Lopes\",\"image\":{\"@type\":\"ImageObject\",\"inLanguage\":\"pt-PT\",\"@id\":\"https:\/\/www.atelierdocaractere.pt\/brevemente\/#\/schema\/person\/image\/\",\"url\":\"https:\/\/secure.gravatar.com\/avatar\/76af1c514620ffe1937f018fe03efb73?s=96&d=mm&r=g\",\"contentUrl\":\"https:\/\/secure.gravatar.com\/avatar\/76af1c514620ffe1937f018fe03efb73?s=96&d=mm&r=g\",\"caption\":\"Andr\u00e9 Lopes\"},\"url\":\"https:\/\/www.atelierdocaractere.pt\/brevemente\/author\/andre-lopes\/\"}]}<\/script>\n<!-- \/ Yoast SEO plugin. -->","yoast_head_json":{"title":"Projeto que valoriza estradas ic\u00f3nicas da regi\u00e3o marcou o arranque da Turismo Centro de Portugal na BTL - Atelier do Caractere","robots":{"index":"index","follow":"follow","max-snippet":"max-snippet:-1","max-image-preview":"max-image-preview:large","max-video-preview":"max-video-preview:-1"},"canonical":"https:\/\/www.atelierdocaractere.pt\/brevemente\/projeto-que-valoriza-estradas-iconicas-da-regiao-marcou-o-arranque-da-turismo-centro-de-portugal-na-btl\/","og_locale":"pt_PT","og_type":"article","og_title":"Projeto que valoriza estradas ic\u00f3nicas da regi\u00e3o marcou o arranque da Turismo Centro de Portugal na BTL - Atelier do Caractere","og_description":"Primeiro dia do programa no stand do Centro de Portugal foi repleto de iniciativas, com grava\u00e7\u00e3o de podcasts ao vivo...","og_url":"https:\/\/www.atelierdocaractere.pt\/brevemente\/projeto-que-valoriza-estradas-iconicas-da-regiao-marcou-o-arranque-da-turismo-centro-de-portugal-na-btl\/","og_site_name":"Atelier do Caractere","article_publisher":"https:\/\/www.facebook.com\/AtelierdoCaractere","article_published_time":"2025-03-12T20:27:57+00:00","article_modified_time":"2025-03-12T20:28:18+00:00","og_image":[{"width":1280,"height":853,"url":"https:\/\/www.atelierdocaractere.pt\/wp-content\/uploads\/2025\/03\/turismo.jpeg","type":"image\/jpeg"}],"author":"Andr\u00e9 Lopes","twitter_card":"summary_large_image","twitter_misc":{"Escrito por":"Andr\u00e9 Lopes","Tempo estimado de leitura":"6 minutos"},"schema":{"@context":"https:\/\/schema.org","@graph":[{"@type":"WebPage","@id":"https:\/\/www.atelierdocaractere.pt\/brevemente\/projeto-que-valoriza-estradas-iconicas-da-regiao-marcou-o-arranque-da-turismo-centro-de-portugal-na-btl\/","url":"https:\/\/www.atelierdocaractere.pt\/brevemente\/projeto-que-valoriza-estradas-iconicas-da-regiao-marcou-o-arranque-da-turismo-centro-de-portugal-na-btl\/","name":"Projeto que valoriza estradas ic\u00f3nicas da regi\u00e3o marcou o arranque da Turismo Centro de Portugal na BTL - Atelier do Caractere","isPartOf":{"@id":"https:\/\/www.atelierdocaractere.pt\/brevemente\/#website"},"datePublished":"2025-03-12T20:27:57+00:00","dateModified":"2025-03-12T20:28:18+00:00","author":{"@id":"https:\/\/www.atelierdocaractere.pt\/brevemente\/#\/schema\/person\/434214d094c7f8243eba52cce01c3fbf"},"breadcrumb":{"@id":"https:\/\/www.atelierdocaractere.pt\/brevemente\/projeto-que-valoriza-estradas-iconicas-da-regiao-marcou-o-arranque-da-turismo-centro-de-portugal-na-btl\/#breadcrumb"},"inLanguage":"pt-PT","potentialAction":[{"@type":"ReadAction","target":["https:\/\/www.atelierdocaractere.pt\/brevemente\/projeto-que-valoriza-estradas-iconicas-da-regiao-marcou-o-arranque-da-turismo-centro-de-portugal-na-btl\/"]}]},{"@type":"BreadcrumbList","@id":"https:\/\/www.atelierdocaractere.pt\/brevemente\/projeto-que-valoriza-estradas-iconicas-da-regiao-marcou-o-arranque-da-turismo-centro-de-portugal-na-btl\/#breadcrumb","itemListElement":[{"@type":"ListItem","position":1,"name":"In\u00edcio","item":"https:\/\/www.atelierdocaractere.pt\/brevemente\/"},{"@type":"ListItem","position":2,"name":"Projeto que valoriza estradas ic\u00f3nicas da regi\u00e3o marcou o arranque da Turismo Centro de Portugal na BTL"}]},{"@type":"WebSite","@id":"https:\/\/www.atelierdocaractere.pt\/brevemente\/#website","url":"https:\/\/www.atelierdocaractere.pt\/brevemente\/","name":"Atelier do Caractere","description":"","potentialAction":[{"@type":"SearchAction","target":{"@type":"EntryPoint","urlTemplate":"https:\/\/www.atelierdocaractere.pt\/brevemente\/?s={search_term_string}"},"query-input":"required name=search_term_string"}],"inLanguage":"pt-PT"},{"@type":"Person","@id":"https:\/\/www.atelierdocaractere.pt\/brevemente\/#\/schema\/person\/434214d094c7f8243eba52cce01c3fbf","name":"Andr\u00e9 Lopes","image":{"@type":"ImageObject","inLanguage":"pt-PT","@id":"https:\/\/www.atelierdocaractere.pt\/brevemente\/#\/schema\/person\/image\/","url":"https:\/\/secure.gravatar.com\/avatar\/76af1c514620ffe1937f018fe03efb73?s=96&d=mm&r=g","contentUrl":"https:\/\/secure.gravatar.com\/avatar\/76af1c514620ffe1937f018fe03efb73?s=96&d=mm&r=g","caption":"Andr\u00e9 Lopes"},"url":"https:\/\/www.atelierdocaractere.pt\/brevemente\/author\/andre-lopes\/"}]}},"_links":{"self":[{"href":"https:\/\/www.atelierdocaractere.pt\/brevemente\/wp-json\/wp\/v2\/posts\/13660"}],"collection":[{"href":"https:\/\/www.atelierdocaractere.pt\/brevemente\/wp-json\/wp\/v2\/posts"}],"about":[{"href":"https:\/\/www.atelierdocaractere.pt\/brevemente\/wp-json\/wp\/v2\/types\/post"}],"author":[{"embeddable":true,"href":"https:\/\/www.atelierdocaractere.pt\/brevemente\/wp-json\/wp\/v2\/users\/8"}],"replies":[{"embeddable":true,"href":"https:\/\/www.atelierdocaractere.pt\/brevemente\/wp-json\/wp\/v2\/comments?post=13660"}],"version-history":[{"count":1,"href":"https:\/\/www.atelierdocaractere.pt\/brevemente\/wp-json\/wp\/v2\/posts\/13660\/revisions"}],"predecessor-version":[{"id":13662,"href":"https:\/\/www.atelierdocaractere.pt\/brevemente\/wp-json\/wp\/v2\/posts\/13660\/revisions\/13662"}],"wp:featuredmedia":[{"embeddable":true,"href":"https:\/\/www.atelierdocaractere.pt\/brevemente\/wp-json\/wp\/v2\/media\/13661"}],"wp:attachment":[{"href":"https:\/\/www.atelierdocaractere.pt\/brevemente\/wp-json\/wp\/v2\/media?parent=13660"}],"wp:term":[{"taxonomy":"category","embeddable":true,"href":"https:\/\/www.atelierdocaractere.pt\/brevemente\/wp-json\/wp\/v2\/categories?post=13660"},{"taxonomy":"post_tag","embeddable":true,"href":"https:\/\/www.atelierdocaractere.pt\/brevemente\/wp-json\/wp\/v2\/tags?post=13660"}],"curies":[{"name":"wp","href":"https:\/\/api.w.org\/{rel}","templated":true}]}}