{"id":13663,"date":"2025-03-12T20:35:44","date_gmt":"2025-03-12T20:35:44","guid":{"rendered":"https:\/\/www.atelierdocaractere.pt\/brevemente\/?p=13663"},"modified":"2025-03-12T20:35:48","modified_gmt":"2025-03-12T20:35:48","slug":"cim-viseu-dao-lafoes-celebra-numeros-historicos-e-o-18o-aniversario-no-arranque-da-btl-2025","status":"publish","type":"post","link":"https:\/\/www.atelierdocaractere.pt\/brevemente\/cim-viseu-dao-lafoes-celebra-numeros-historicos-e-o-18o-aniversario-no-arranque-da-btl-2025\/","title":{"rendered":"CIM Viseu D\u00e3o Laf\u00f5es celebra n\u00fameros hist\u00f3ricos e o 18\u00ba anivers\u00e1rio no arranque da BTL 2025"},"content":{"rendered":"\n<p><strong>A CIM Viseu D\u00e3o Laf\u00f5es arrancou hoje a presen\u00e7a na edi\u00e7\u00e3o 2025 da Bolsa de Turismo de Lisboa \u2013 BTL celebrando o territ\u00f3rio e os n\u00fameros hist\u00f3ricos de crescimento em h\u00f3spedes e dormidas em 2024, bem como o 18\u00ba anivers\u00e1rio da comunidade intermunicipal que agrega e promove a regi\u00e3o.<\/strong><\/p>\n\n\n\n<figure class=\"wp-block-image size-large\"><img decoding=\"async\" width=\"1024\" height=\"682\" src=\"https:\/\/www.atelierdocaractere.pt\/wp-content\/uploads\/2025\/03\/viseu3-1024x682.jpeg\" alt=\"\" class=\"wp-image-13664\" srcset=\"https:\/\/www.atelierdocaractere.pt\/wp-content\/uploads\/2025\/03\/viseu3-1024x682.jpeg 1024w, https:\/\/www.atelierdocaractere.pt\/wp-content\/uploads\/2025\/03\/viseu3-300x200.jpeg 300w, https:\/\/www.atelierdocaractere.pt\/wp-content\/uploads\/2025\/03\/viseu3-768x512.jpeg 768w, https:\/\/www.atelierdocaractere.pt\/wp-content\/uploads\/2025\/03\/viseu3-900x600.jpeg 900w, https:\/\/www.atelierdocaractere.pt\/wp-content\/uploads\/2025\/03\/viseu3-675x450.jpeg 675w, https:\/\/www.atelierdocaractere.pt\/wp-content\/uploads\/2025\/03\/viseu3.jpeg 1280w\" sizes=\"(max-width: 1024px) 100vw, 1024px\" \/><\/figure>\n\n\n\n<p>A excel\u00eancia do destino, e todo o percurso de dinamiza\u00e7\u00e3o do mesmo, foram alvo de realce na cerim\u00f3nia da inaugura\u00e7\u00e3o do stand da CIM Viseu D\u00e3o Laf\u00f5es, que decorreu na tarde desta quarta-feira, com a presen\u00e7a das mais diversas individualidades, incluindo a Ministra da Cultura, Dalila Rodrigues, o Secret\u00e1rio de Estado do Turismo, Pedro Machado, e o Secret\u00e1rio de Estado das Florestas, Rui Ladeira. Estiveram, tamb\u00e9m, presentes os demais autarcas da regi\u00e3o, representantes de organismos e parceiros do territ\u00f3rio.<\/p>\n\n\n\n<p>\u201cPermitam-nos refor\u00e7ar, nesta inaugura\u00e7\u00e3o oficial da presen\u00e7a CIM Viseu D\u00e3o Laf\u00f5es na BTL, uma not\u00edcia que nos agrada a todos. Se Portugal cresceu 5% em h\u00f3spedes, a regi\u00e3o Viseu D\u00e3o Laf\u00f5es cresceu quase 15%, tr\u00eas vezes mais. Temos feito o nosso percurso, a n\u00edvel de promo\u00e7\u00e3o, de planeamento, mas s\u00e3o os operadores que est\u00e3o no terreno que nos permitem esta performance. E por isso, nesta edi\u00e7\u00e3o, aqui estamos na BTL acompanhados pelos operadores tur\u00edsticos, aos quais estamos muito gratos, pois s\u00e3o os principais obreiros destes n\u00fameros\u201d, afirmou no discurso de inaugura\u00e7\u00e3o Fernando Ruas, presidente da CIM Viseu D\u00e3o Laf\u00f5es. \u201cAo contr\u00e1rio do que costuma dizer-se, podemos voltar onde fomos felizes, e por isso aqui estamos de novo a promover a nossa regi\u00e3o, convidando mais uma vez todas as pessoas a visitarem o territ\u00f3rio\u201d.<\/p>\n\n\n\n<p>Recorde-se que o territ\u00f3rio da Comunidade Intermunicipal (CIM) Viseu D\u00e3o Laf\u00f5es foi a regi\u00e3o do Pa\u00eds que mais cresceu no n\u00famero de h\u00f3spedes em 2024, alcan\u00e7ando n\u00fameros hist\u00f3ricos. Com um aumento de 14,2% no n\u00famero de h\u00f3spedes e um crescimento de 10,8% nas dormidas, este territ\u00f3rio destacou-se, superando largamente a m\u00e9dia do Pa\u00eds em ambos os indicadores, segundo os dados do Instituto Nacional de Estat\u00edstica (INE).<\/p>\n\n\n\n<p>No indicador do n\u00famero de h\u00f3spedes nos estabelecimentos de alojamento tur\u00edstico, Viseu D\u00e3o Laf\u00f5es registou o maior crescimento nacional em 2024, com um aumento de 14,2% face a 2023. No ano passado, a regi\u00e3o recebeu 349.923 h\u00f3spedes, praticamente mais 50 mil que o total de 300.164 registado em 2023. A n\u00edvel nacional, o crescimento m\u00e9dio de h\u00f3spedes foi de 4,9%.<\/p>\n\n\n\n<p>Nas dormidas em alojamentos tur\u00edsticos, outro indicador muito importante para a atividade, o crescimento foi de 10,8%, mais do dobro da m\u00e9dia nacional (4,0%). No total, Viseu D\u00e3o Laf\u00f5es contabilizou 633.045 dormidas durante o ano, mais 61.690 do que em 2023, sendo a segunda regi\u00e3o do Pa\u00eds que mais cresceu neste indicador.<\/p>\n\n\n\n<p>Jorge Sampaio, representante da Turismo Centro de Portugal e da Ag\u00eancia de Promo\u00e7\u00e3o Externa, tomou a palavra para destacar a o trabalho \u201cnot\u00e1vel\u201d da CIM e dos 14 munic\u00edpios, relevando a capacidade de mostrar que \u201co preconceito de interior n\u00e3o existe\u201d. \u201cVale a pena ser diferente e ter identidade. Parab\u00e9ns! Continuem este trabalho!\u201d, assinalou.<\/p>\n\n\n\n<p>Isabel Damasceno, da CCDR Centro, refor\u00e7ou o m\u00e9rito e din\u00e2mica da CIM e dos munic\u00edpios. \u201c\u00c9 muito gratificante assistir ao crescimento e din\u00e2mica desta CIM\u201d. Por fim, e para fecho da cerim\u00f3nia, a Ministra da Cultura Dalila Rodrigues a assumiu a Cultura como \u201c\u00e1rea governativa de maior orgulho\u201d, destacando a \u201cdiversidade do pa\u00eds e das regi\u00f5es\u201d, e a relev\u00e2ncia do Turismo enquanto alavanca de preserva\u00e7\u00e3o do patrim\u00f3nio e das singularidades regionais\u201d.<\/p>\n\n\n\n<p>Fechada a inaugura\u00e7\u00e3o do Stand CIM Viseu D\u00e3o Laf\u00f5es, e para encerrar todo o programa desencadeado desde a manh\u00e3, seguiu-se um momento gastron\u00f3mico, com showcooking de assinatura do chef Diogo Rocha, reputado Estrela Michelin que, mais uma vez, se associa \u00e0 CIM Viseu D\u00e3o Laf\u00f5es na promo\u00e7\u00e3o do territ\u00f3rio.<\/p>\n\n\n\n<p>Num dia pleno de simbolismo para a regi\u00e3o, as celebra\u00e7\u00f5es do territ\u00f3rio e do 18\u00ba anivers\u00e1rio da CIM Viseu D\u00e3o Laf\u00f5es prosseguiram ao final do dia, com um evento exclusivo na Torre Vasco da Gama, espa\u00e7o de elei\u00e7\u00e3o em Lisboa. A emblem\u00e1tica torre lisboeta iluminou-se com as cores da regi\u00e3o, refor\u00e7ando a identidade e visibilidade do destino Viseu D\u00e3o Laf\u00f5es.<\/p>\n\n\n\n<p><strong>Aposta na presen\u00e7a dos operadores que dinamizam a regi\u00e3o<\/strong><br>Qual \u00e9 a regi\u00e3o &#8220;Onde Apetece Estar&#8221;? Qual \u00e9 o territ\u00f3rio que mais cresceu em h\u00f3spedes em todo o pa\u00eds em 2024? A marca&nbsp;<strong>Viseu D\u00e3o Laf\u00f5es<\/strong>&nbsp;assumiu mais uma vez presen\u00e7a fundamental na BTL &#8211; Bolsa de Turismo de Lisboa 2025, com uma participa\u00e7\u00e3o que refor\u00e7a a promo\u00e7\u00e3o do destino e aposta na presen\u00e7a dos principais operadores tur\u00edsticos do territ\u00f3rio.<\/p>\n\n\n\n<p>Os slogans\u00a0<strong>&#8220;Viseu D\u00e3o Laf\u00f5es, Apaixone-se&#8221;<\/strong>\u00a0e\u00a0<strong>&#8220;Viseu D\u00e3o Laf\u00f5es, \u00c9 Onde Apetece Estar&#8221;<\/strong>\u00a0deram o mote para o stand da Comunidade Intermunicipal (CIM) Viseu D\u00e3o Laf\u00f5es, e para a apresenta\u00e7\u00e3o de novidades significativas e ativa\u00e7\u00f5es inovadoras que consolidam a regi\u00e3o como um destino tur\u00edstico de excel\u00eancia.<\/p>\n\n\n\n<p>Com uma programa\u00e7\u00e3o diversificada, experi\u00eancias imersivas e a grande novidade da participa\u00e7\u00e3o dos operadores tur\u00edsticos, a participa\u00e7\u00e3o de Viseu D\u00e3o Laf\u00f5es est\u00e1 preparada para surpreender e conquistar visitantes, profissionais e imprensa, at\u00e9 domingo, 16 de mar\u00e7o.<\/p>\n\n\n\n<p><strong>Uma Experi\u00eancia Imersiva para os Visitantes<\/strong><br>O stand de Viseu D\u00e3o Laf\u00f5es, localizado no&nbsp;<strong>Pavilh\u00e3o 2, Stand 2C42<\/strong>, est\u00e1 desenhado para proporcionar uma experi\u00eancia \u00fanica aos visitantes, explorando cinco eixos de ativa\u00e7\u00e3o principais: Natureza e Turismo Ativo; Patrim\u00f3nio Hist\u00f3rico e Cultural; Sa\u00fade e Bem-Estar; Gastronomia e Vinhos; Cultura e Eventos<\/p>\n\n\n\n<p>Os principais operadores tur\u00edsticos de Viseu D\u00e3o Laf\u00f5es t\u00eam um espa\u00e7o para neg\u00f3cios, numa iniciativa da\u00a0<strong>Comunidade Intermunicipal (CIM) Viseu D\u00e3o Laf\u00f5es<\/strong>. Pela primeira vez, cerca de duas dezenas de operadores tur\u00edsticos disp\u00f5em de um espa\u00e7o pr\u00f3prio no stand da CIM, no qual apresentam e comercializam diretamente os seus produtos e servi\u00e7os junto do p\u00fablico e de profissionais do setor.<\/p>\n\n\n\n<p><strong>Gastronomia, patrim\u00f3nio e turismo ativo em destaque<\/strong><br>Sob o mote \u201cViseu D\u00e3o Laf\u00f5es, Apaixone-se\u201d, a participa\u00e7\u00e3o da regi\u00e3o na BTL 2025 apresenta programa\u00e7\u00e3o diversificada, experi\u00eancias imersivas e um stand inovador, concebido para destacar os principais ativos dos 14 munic\u00edpios de um territ\u00f3rio que regista um not\u00e1vel crescimento da procura tur\u00edstica. Recorde-se que o territ\u00f3rio abrangido pela CIM foi o que mais cresceu no pa\u00eds em 2024, em n\u00famero de h\u00f3spedes, com um aumento de 14,2% face a 2023.&nbsp; &nbsp;<\/p>\n\n\n\n<p><strong>Programa para quinta-feira<\/strong><br>Esta quinta-feira, o dia na BTL \u00e9 dedicado \u00e0 continua\u00e7\u00e3o das apresenta\u00e7\u00f5es e degusta\u00e7\u00f5es dos principais destaques dos munic\u00edpios, desta vez a cargo das autarquias de S\u00e3o Pedro do Sul, Vouzela, Castro Daire e Tondela. As propostas de Penalva do Castelo, Aguiar da Beira, Vila Nova de Paiva e Oliveira de Frades assumem o protagonismo no terceiro dia de feira, enquanto Santa Comba D\u00e3o, Mangualde, Carregal do Sal e S\u00e1t\u00e3o s\u00e3o os destaques do quarto dia.<\/p>\n\n\n\n<p>A participa\u00e7\u00e3o de Viseu D\u00e3o Laf\u00f5es na BTL termina, no quinto e \u00faltimo dia, com um programa dedicado \u00e0s confrarias gastron\u00f3micas do territ\u00f3rio, que dar\u00e3o a provar ao p\u00fablico as especialidades culin\u00e1rias que fazem desta regi\u00e3o uma refer\u00eancia tamb\u00e9m nesta \u00e1rea.<br><br>O stand de Viseu D\u00e3o Laf\u00f5es est\u00e1 localizado, \u00e0 semelhan\u00e7a das edi\u00e7\u00f5es anteriores, no\u00a0Pavilh\u00e3o 2 da Feira Internacional de Lisboa.<br>\u00a0\u00a0<br>A agenda completa da CIM Viseu D\u00e3o Laf\u00f5es na BTL 2025 estar\u00e1 dispon\u00edvel em\u00a0<a href=\"https:\/\/mixlife.us21.list-manage.com\/track\/click?u=6fa784dd5dedbb105dedc3702&amp;id=c75167ae4b&amp;e=c3c7b4c12b\"><strong>www.visitviseudaolafoes.pt<\/strong><\/a>\u00a0e nas redes sociais da CIM.<\/p>\n\n\n\n<p><strong>Sobre a CIM Viseu D\u00e3o Laf\u00f5es:<\/strong><br>A CIM Viseu D\u00e3o Laf\u00f5es \u00e9 uma associa\u00e7\u00e3o de munic\u00edpios, denominada como Comunidade Intermunicipal, sendo constitu\u00edda pelos munic\u00edpios de\u00a0Aguiar da Beira, Carregal do Sal, Castro Daire, Mangualde, Nelas, Oliveira de Frades, Penalva do Castelo, Santa Comba D\u00e3o, S\u00e3o Pedro do Sul, S\u00e1t\u00e3o, Tondela, Vila Nova de Paiva, Viseu e Vouzela.<\/p>\n","protected":false},"excerpt":{"rendered":"<p>A CIM Viseu D\u00e3o Laf\u00f5es arrancou hoje a presen\u00e7a na edi\u00e7\u00e3o 2025 da Bolsa de Turismo de Lisboa \u2013 BTL&#8230;<\/p>\n","protected":false},"author":8,"featured_media":13664,"comment_status":"closed","ping_status":"open","sticky":false,"template":"","format":"standard","meta":[],"categories":[39],"tags":[81,765,448,349,346],"yoast_head":"<!-- This site is optimized with the Yoast SEO plugin v20.12 - https:\/\/yoast.com\/wordpress\/plugins\/seo\/ -->\n<title>CIM Viseu D\u00e3o Laf\u00f5es celebra n\u00fameros hist\u00f3ricos e o 18\u00ba anivers\u00e1rio no arranque da BTL 2025 - Atelier do Caractere<\/title>\n<meta name=\"robots\" content=\"index, follow, max-snippet:-1, max-image-preview:large, max-video-preview:-1\" \/>\n<link rel=\"canonical\" href=\"https:\/\/www.atelierdocaractere.pt\/brevemente\/cim-viseu-dao-lafoes-celebra-numeros-historicos-e-o-18o-aniversario-no-arranque-da-btl-2025\/\" \/>\n<meta property=\"og:locale\" content=\"pt_PT\" \/>\n<meta property=\"og:type\" content=\"article\" \/>\n<meta property=\"og:title\" content=\"CIM Viseu D\u00e3o Laf\u00f5es celebra n\u00fameros hist\u00f3ricos e o 18\u00ba anivers\u00e1rio no arranque da BTL 2025 - Atelier do Caractere\" \/>\n<meta property=\"og:description\" content=\"A CIM Viseu D\u00e3o Laf\u00f5es arrancou hoje a presen\u00e7a na edi\u00e7\u00e3o 2025 da Bolsa de Turismo de Lisboa \u2013 BTL...\" \/>\n<meta property=\"og:url\" content=\"https:\/\/www.atelierdocaractere.pt\/brevemente\/cim-viseu-dao-lafoes-celebra-numeros-historicos-e-o-18o-aniversario-no-arranque-da-btl-2025\/\" \/>\n<meta property=\"og:site_name\" content=\"Atelier do Caractere\" \/>\n<meta property=\"article:publisher\" content=\"https:\/\/www.facebook.com\/AtelierdoCaractere\" \/>\n<meta property=\"article:published_time\" content=\"2025-03-12T20:35:44+00:00\" \/>\n<meta property=\"article:modified_time\" content=\"2025-03-12T20:35:48+00:00\" \/>\n<meta property=\"og:image\" content=\"https:\/\/www.atelierdocaractere.pt\/wp-content\/uploads\/2025\/03\/viseu3.jpeg\" \/>\n\t<meta property=\"og:image:width\" content=\"1280\" \/>\n\t<meta property=\"og:image:height\" content=\"853\" \/>\n\t<meta property=\"og:image:type\" content=\"image\/jpeg\" \/>\n<meta name=\"author\" content=\"Andr\u00e9 Lopes\" \/>\n<meta name=\"twitter:card\" content=\"summary_large_image\" \/>\n<meta name=\"twitter:label1\" content=\"Escrito por\" \/>\n\t<meta name=\"twitter:data1\" content=\"Andr\u00e9 Lopes\" \/>\n\t<meta name=\"twitter:label2\" content=\"Tempo estimado de leitura\" \/>\n\t<meta name=\"twitter:data2\" content=\"8 minutos\" \/>\n<script type=\"application\/ld+json\" class=\"yoast-schema-graph\">{\"@context\":\"https:\/\/schema.org\",\"@graph\":[{\"@type\":\"WebPage\",\"@id\":\"https:\/\/www.atelierdocaractere.pt\/brevemente\/cim-viseu-dao-lafoes-celebra-numeros-historicos-e-o-18o-aniversario-no-arranque-da-btl-2025\/\",\"url\":\"https:\/\/www.atelierdocaractere.pt\/brevemente\/cim-viseu-dao-lafoes-celebra-numeros-historicos-e-o-18o-aniversario-no-arranque-da-btl-2025\/\",\"name\":\"CIM Viseu D\u00e3o Laf\u00f5es celebra n\u00fameros hist\u00f3ricos e o 18\u00ba anivers\u00e1rio no arranque da BTL 2025 - Atelier do Caractere\",\"isPartOf\":{\"@id\":\"https:\/\/www.atelierdocaractere.pt\/brevemente\/#website\"},\"datePublished\":\"2025-03-12T20:35:44+00:00\",\"dateModified\":\"2025-03-12T20:35:48+00:00\",\"author\":{\"@id\":\"https:\/\/www.atelierdocaractere.pt\/brevemente\/#\/schema\/person\/434214d094c7f8243eba52cce01c3fbf\"},\"breadcrumb\":{\"@id\":\"https:\/\/www.atelierdocaractere.pt\/brevemente\/cim-viseu-dao-lafoes-celebra-numeros-historicos-e-o-18o-aniversario-no-arranque-da-btl-2025\/#breadcrumb\"},\"inLanguage\":\"pt-PT\",\"potentialAction\":[{\"@type\":\"ReadAction\",\"target\":[\"https:\/\/www.atelierdocaractere.pt\/brevemente\/cim-viseu-dao-lafoes-celebra-numeros-historicos-e-o-18o-aniversario-no-arranque-da-btl-2025\/\"]}]},{\"@type\":\"BreadcrumbList\",\"@id\":\"https:\/\/www.atelierdocaractere.pt\/brevemente\/cim-viseu-dao-lafoes-celebra-numeros-historicos-e-o-18o-aniversario-no-arranque-da-btl-2025\/#breadcrumb\",\"itemListElement\":[{\"@type\":\"ListItem\",\"position\":1,\"name\":\"In\u00edcio\",\"item\":\"https:\/\/www.atelierdocaractere.pt\/brevemente\/\"},{\"@type\":\"ListItem\",\"position\":2,\"name\":\"CIM Viseu D\u00e3o Laf\u00f5es celebra n\u00fameros hist\u00f3ricos e o 18\u00ba anivers\u00e1rio no arranque da BTL 2025\"}]},{\"@type\":\"WebSite\",\"@id\":\"https:\/\/www.atelierdocaractere.pt\/brevemente\/#website\",\"url\":\"https:\/\/www.atelierdocaractere.pt\/brevemente\/\",\"name\":\"Atelier do Caractere\",\"description\":\"\",\"potentialAction\":[{\"@type\":\"SearchAction\",\"target\":{\"@type\":\"EntryPoint\",\"urlTemplate\":\"https:\/\/www.atelierdocaractere.pt\/brevemente\/?s={search_term_string}\"},\"query-input\":\"required name=search_term_string\"}],\"inLanguage\":\"pt-PT\"},{\"@type\":\"Person\",\"@id\":\"https:\/\/www.atelierdocaractere.pt\/brevemente\/#\/schema\/person\/434214d094c7f8243eba52cce01c3fbf\",\"name\":\"Andr\u00e9 Lopes\",\"image\":{\"@type\":\"ImageObject\",\"inLanguage\":\"pt-PT\",\"@id\":\"https:\/\/www.atelierdocaractere.pt\/brevemente\/#\/schema\/person\/image\/\",\"url\":\"https:\/\/secure.gravatar.com\/avatar\/76af1c514620ffe1937f018fe03efb73?s=96&d=mm&r=g\",\"contentUrl\":\"https:\/\/secure.gravatar.com\/avatar\/76af1c514620ffe1937f018fe03efb73?s=96&d=mm&r=g\",\"caption\":\"Andr\u00e9 Lopes\"},\"url\":\"https:\/\/www.atelierdocaractere.pt\/brevemente\/author\/andre-lopes\/\"}]}<\/script>\n<!-- \/ Yoast SEO plugin. -->","yoast_head_json":{"title":"CIM Viseu D\u00e3o Laf\u00f5es celebra n\u00fameros hist\u00f3ricos e o 18\u00ba anivers\u00e1rio no arranque da BTL 2025 - Atelier do Caractere","robots":{"index":"index","follow":"follow","max-snippet":"max-snippet:-1","max-image-preview":"max-image-preview:large","max-video-preview":"max-video-preview:-1"},"canonical":"https:\/\/www.atelierdocaractere.pt\/brevemente\/cim-viseu-dao-lafoes-celebra-numeros-historicos-e-o-18o-aniversario-no-arranque-da-btl-2025\/","og_locale":"pt_PT","og_type":"article","og_title":"CIM Viseu D\u00e3o Laf\u00f5es celebra n\u00fameros hist\u00f3ricos e o 18\u00ba anivers\u00e1rio no arranque da BTL 2025 - Atelier do Caractere","og_description":"A CIM Viseu D\u00e3o Laf\u00f5es arrancou hoje a presen\u00e7a na edi\u00e7\u00e3o 2025 da Bolsa de Turismo de Lisboa \u2013 BTL...","og_url":"https:\/\/www.atelierdocaractere.pt\/brevemente\/cim-viseu-dao-lafoes-celebra-numeros-historicos-e-o-18o-aniversario-no-arranque-da-btl-2025\/","og_site_name":"Atelier do Caractere","article_publisher":"https:\/\/www.facebook.com\/AtelierdoCaractere","article_published_time":"2025-03-12T20:35:44+00:00","article_modified_time":"2025-03-12T20:35:48+00:00","og_image":[{"width":1280,"height":853,"url":"https:\/\/www.atelierdocaractere.pt\/wp-content\/uploads\/2025\/03\/viseu3.jpeg","type":"image\/jpeg"}],"author":"Andr\u00e9 Lopes","twitter_card":"summary_large_image","twitter_misc":{"Escrito por":"Andr\u00e9 Lopes","Tempo estimado de leitura":"8 minutos"},"schema":{"@context":"https:\/\/schema.org","@graph":[{"@type":"WebPage","@id":"https:\/\/www.atelierdocaractere.pt\/brevemente\/cim-viseu-dao-lafoes-celebra-numeros-historicos-e-o-18o-aniversario-no-arranque-da-btl-2025\/","url":"https:\/\/www.atelierdocaractere.pt\/brevemente\/cim-viseu-dao-lafoes-celebra-numeros-historicos-e-o-18o-aniversario-no-arranque-da-btl-2025\/","name":"CIM Viseu D\u00e3o Laf\u00f5es celebra n\u00fameros hist\u00f3ricos e o 18\u00ba anivers\u00e1rio no arranque da BTL 2025 - Atelier do Caractere","isPartOf":{"@id":"https:\/\/www.atelierdocaractere.pt\/brevemente\/#website"},"datePublished":"2025-03-12T20:35:44+00:00","dateModified":"2025-03-12T20:35:48+00:00","author":{"@id":"https:\/\/www.atelierdocaractere.pt\/brevemente\/#\/schema\/person\/434214d094c7f8243eba52cce01c3fbf"},"breadcrumb":{"@id":"https:\/\/www.atelierdocaractere.pt\/brevemente\/cim-viseu-dao-lafoes-celebra-numeros-historicos-e-o-18o-aniversario-no-arranque-da-btl-2025\/#breadcrumb"},"inLanguage":"pt-PT","potentialAction":[{"@type":"ReadAction","target":["https:\/\/www.atelierdocaractere.pt\/brevemente\/cim-viseu-dao-lafoes-celebra-numeros-historicos-e-o-18o-aniversario-no-arranque-da-btl-2025\/"]}]},{"@type":"BreadcrumbList","@id":"https:\/\/www.atelierdocaractere.pt\/brevemente\/cim-viseu-dao-lafoes-celebra-numeros-historicos-e-o-18o-aniversario-no-arranque-da-btl-2025\/#breadcrumb","itemListElement":[{"@type":"ListItem","position":1,"name":"In\u00edcio","item":"https:\/\/www.atelierdocaractere.pt\/brevemente\/"},{"@type":"ListItem","position":2,"name":"CIM Viseu D\u00e3o Laf\u00f5es celebra n\u00fameros hist\u00f3ricos e o 18\u00ba anivers\u00e1rio no arranque da BTL 2025"}]},{"@type":"WebSite","@id":"https:\/\/www.atelierdocaractere.pt\/brevemente\/#website","url":"https:\/\/www.atelierdocaractere.pt\/brevemente\/","name":"Atelier do Caractere","description":"","potentialAction":[{"@type":"SearchAction","target":{"@type":"EntryPoint","urlTemplate":"https:\/\/www.atelierdocaractere.pt\/brevemente\/?s={search_term_string}"},"query-input":"required name=search_term_string"}],"inLanguage":"pt-PT"},{"@type":"Person","@id":"https:\/\/www.atelierdocaractere.pt\/brevemente\/#\/schema\/person\/434214d094c7f8243eba52cce01c3fbf","name":"Andr\u00e9 Lopes","image":{"@type":"ImageObject","inLanguage":"pt-PT","@id":"https:\/\/www.atelierdocaractere.pt\/brevemente\/#\/schema\/person\/image\/","url":"https:\/\/secure.gravatar.com\/avatar\/76af1c514620ffe1937f018fe03efb73?s=96&d=mm&r=g","contentUrl":"https:\/\/secure.gravatar.com\/avatar\/76af1c514620ffe1937f018fe03efb73?s=96&d=mm&r=g","caption":"Andr\u00e9 Lopes"},"url":"https:\/\/www.atelierdocaractere.pt\/brevemente\/author\/andre-lopes\/"}]}},"_links":{"self":[{"href":"https:\/\/www.atelierdocaractere.pt\/brevemente\/wp-json\/wp\/v2\/posts\/13663"}],"collection":[{"href":"https:\/\/www.atelierdocaractere.pt\/brevemente\/wp-json\/wp\/v2\/posts"}],"about":[{"href":"https:\/\/www.atelierdocaractere.pt\/brevemente\/wp-json\/wp\/v2\/types\/post"}],"author":[{"embeddable":true,"href":"https:\/\/www.atelierdocaractere.pt\/brevemente\/wp-json\/wp\/v2\/users\/8"}],"replies":[{"embeddable":true,"href":"https:\/\/www.atelierdocaractere.pt\/brevemente\/wp-json\/wp\/v2\/comments?post=13663"}],"version-history":[{"count":1,"href":"https:\/\/www.atelierdocaractere.pt\/brevemente\/wp-json\/wp\/v2\/posts\/13663\/revisions"}],"predecessor-version":[{"id":13665,"href":"https:\/\/www.atelierdocaractere.pt\/brevemente\/wp-json\/wp\/v2\/posts\/13663\/revisions\/13665"}],"wp:featuredmedia":[{"embeddable":true,"href":"https:\/\/www.atelierdocaractere.pt\/brevemente\/wp-json\/wp\/v2\/media\/13664"}],"wp:attachment":[{"href":"https:\/\/www.atelierdocaractere.pt\/brevemente\/wp-json\/wp\/v2\/media?parent=13663"}],"wp:term":[{"taxonomy":"category","embeddable":true,"href":"https:\/\/www.atelierdocaractere.pt\/brevemente\/wp-json\/wp\/v2\/categories?post=13663"},{"taxonomy":"post_tag","embeddable":true,"href":"https:\/\/www.atelierdocaractere.pt\/brevemente\/wp-json\/wp\/v2\/tags?post=13663"}],"curies":[{"name":"wp","href":"https:\/\/api.w.org\/{rel}","templated":true}]}}