{"id":13670,"date":"2025-03-13T18:22:39","date_gmt":"2025-03-13T18:22:39","guid":{"rendered":"https:\/\/www.atelierdocaractere.pt\/brevemente\/?p=13670"},"modified":"2025-03-13T18:22:44","modified_gmt":"2025-03-13T18:22:44","slug":"onde-apetece-estar-viseu-dao-lafoes-estreia-novo-video-na-btl-e-ativa-evento-especial-em-plena-torre-vasco-da-gama","status":"publish","type":"post","link":"https:\/\/www.atelierdocaractere.pt\/brevemente\/onde-apetece-estar-viseu-dao-lafoes-estreia-novo-video-na-btl-e-ativa-evento-especial-em-plena-torre-vasco-da-gama\/","title":{"rendered":"\u201cOnde Apetece Estar\u201d. Viseu D\u00e3o Laf\u00f5es estreia novo v\u00eddeo na BTL e ativa evento especial em plena Torre Vasco da Gama\u00a0"},"content":{"rendered":"\n<h4 class=\"wp-block-heading has-text-align-left\">\u201cOnde Apetece Estar\u201d. Um novo v\u00eddeo promocional da regi\u00e3o Viseu D\u00e3o Laf\u00f5es foi o principal elemento de surpresa, celebra\u00e7\u00e3o e ativa\u00e7\u00e3o do destino, no segundo dia da Bolsa de Turismo de Lisboa &#8211; BTL 2025, que decorre at\u00e9 domingo na capital.<\/h4>\n\n\n\n<figure class=\"wp-block-image size-large\"><img decoding=\"async\" width=\"1024\" height=\"682\" src=\"https:\/\/www.atelierdocaractere.pt\/wp-content\/uploads\/2025\/03\/dao1-1024x682.jpeg\" alt=\"\" class=\"wp-image-13671\" srcset=\"https:\/\/www.atelierdocaractere.pt\/wp-content\/uploads\/2025\/03\/dao1-1024x682.jpeg 1024w, https:\/\/www.atelierdocaractere.pt\/wp-content\/uploads\/2025\/03\/dao1-300x200.jpeg 300w, https:\/\/www.atelierdocaractere.pt\/wp-content\/uploads\/2025\/03\/dao1-768x512.jpeg 768w, https:\/\/www.atelierdocaractere.pt\/wp-content\/uploads\/2025\/03\/dao1-900x600.jpeg 900w, https:\/\/www.atelierdocaractere.pt\/wp-content\/uploads\/2025\/03\/dao1-675x450.jpeg 675w, https:\/\/www.atelierdocaractere.pt\/wp-content\/uploads\/2025\/03\/dao1.jpeg 1280w\" sizes=\"(max-width: 1024px) 100vw, 1024px\" \/><\/figure>\n\n\n\n<p>O v\u00eddeo pode ser visto no YouTube da CIM Viseu D\u00e3o Laf\u00f5es, em&nbsp;<a href=\"https:\/\/mixlife.us21.list-manage.com\/track\/click?u=6fa784dd5dedbb105dedc3702&amp;id=a571fb0057&amp;e=c3c7b4c12b\" target=\"_blank\" rel=\"noreferrer noopener\">http:\/\/bit.ly\/3XQ75qu<\/a>&nbsp;.<\/p>\n\n\n\n<p>\u00c2ncora da comunica\u00e7\u00e3o CIM Viseu D\u00e3o Laf\u00f5es\u00a0que vai estender-se ao longo do ano de 2025, o v\u00eddeo surge como um criativo exerc\u00edcio em torno da experi\u00eancia, do conforto e do envolvimento com o territ\u00f3rio, que \u00e9 \u201co cora\u00e7\u00e3o de Portugal\u201d. E a par da estreia no concorrido stand da regi\u00e3o, ao longo da programa\u00e7\u00e3o desta quinta-feira, foi mostrado tamb\u00e9m em primeira-m\u00e3o, quarta-feira \u00e0 noite, a todos os parceiros do territ\u00f3rio, jornalistas, bloggers e animadores do segmento de turismo, vinhos, gastronomia e lifestyle &#8211; isto num evento de ativa\u00e7\u00e3o especial que decorreu em plena Torre Vasco da Gama, onde tamb\u00e9m marcaram presen\u00e7a autarcas da comunidade intermunicipal, bem como Pedro Machado, Secret\u00e1rio de Estado do Turismo. E que serviu para a CIM celebrar o percurso e o 18\u00ba anivers\u00e1rio, bem como o desempenho hist\u00f3rico que tem vindo a alcan\u00e7ar em h\u00f3spedes e dormidas.<\/p>\n\n\n\n<p>Fernando Ruas, presidente da CIM Viseu D\u00e3o Laf\u00f5es, destacou, em plena ativa\u00e7\u00e3o na Torre Vasco da Gama, noite dentro iluminada com as cores que promovem a regi\u00e3o, a \u201ccapacidade de uni\u00e3o dos munic\u00edpios\u201d e o \u201cexemplo de sucesso dado ao pa\u00eds ao longo de 18 anos\u201d. F\u00ea-lo perante uma plateia de convidados e jornalistas que ouviram, tamb\u00e9m, o elogio de Pedro Machado, Secret\u00e1rio de Estado do Turismo, que relevou a import\u00e2ncia da capacidade em \u201cgerar uni\u00e3o e criar escala\u201d, de modo a \u201cconcretizar as campanhas de promo\u00e7\u00e3o e internacionaliza\u00e7\u00e3o estrat\u00e9gicas, que possam atingir os mercados alvo\u201d.<\/p>\n\n\n\n<p>Diogo Rocha, chef Estrela Michelin que, mais uma vez, emprestou a sua cozinha e boa disposi\u00e7\u00e3o a uma ativa\u00e7\u00e3o CIM Viseu D\u00e3o Laf\u00f5es, refor\u00e7ou a ideia da \u201cdefesa e preserva\u00e7\u00e3o da identidade do territ\u00f3rio e dos seus produtos\u201d. \u201cN\u00e3o queremos trazer a regi\u00e3o para Lisboa; queremos d\u00e1-la a conhecer e queremos que nos visitem, na nossa originalidade\u201d.<\/p>\n\n\n\n<p><strong>Segundo dia de casa cheia.<\/strong><br>O novo v\u00eddeo \u201cOnde Apetece Estar\u201d, criatividade com assinatura da ag\u00eancia \u201cSlideShow\u201d, foi assim novidade num segundo dia de casa cheia onde, pelo Stand da CIM Viseu D\u00e3o Laf\u00f5es, se destacaram apresenta\u00e7\u00f5es e degusta\u00e7\u00f5es dos principais destaques dos munic\u00edpios, desta vez a cargo das autarquias de S\u00e3o Pedro do Sul, Vouzela, Castro Daire e Tondela.<\/p>\n\n\n\n<p><strong>Aposta na presen\u00e7a dos operadores que dinamizam a regi\u00e3o<\/strong><br>Qual \u00e9 a regi\u00e3o &#8220;Onde Apetece Estar&#8221;? Qual \u00e9 o territ\u00f3rio que mais cresceu em h\u00f3spedes em todo o pa\u00eds em 2024? A marca&nbsp;<strong>Viseu D\u00e3o Laf\u00f5es<\/strong>&nbsp;assumiu mais uma vez presen\u00e7a fundamental na BTL &#8211; Bolsa de Turismo de Lisboa 2025, com uma participa\u00e7\u00e3o que refor\u00e7a a promo\u00e7\u00e3o do destino e aposta na presen\u00e7a dos principais operadores tur\u00edsticos do territ\u00f3rio.<\/p>\n\n\n\n<p>Os slogans\u00a0<strong>&#8220;Viseu D\u00e3o Laf\u00f5es, Apaixone-se&#8221;<\/strong>\u00a0e\u00a0<strong>&#8220;Viseu D\u00e3o Laf\u00f5es, \u00c9 Onde Apetece Estar&#8221;<\/strong>\u00a0deram o mote para o stand da Comunidade Intermunicipal (CIM) Viseu D\u00e3o Laf\u00f5es, e para a apresenta\u00e7\u00e3o de novidades significativas e ativa\u00e7\u00f5es inovadoras que consolidam a regi\u00e3o como um destino tur\u00edstico de excel\u00eancia.<\/p>\n\n\n\n<p>Com uma programa\u00e7\u00e3o diversificada, experi\u00eancias imersivas e a grande novidade da participa\u00e7\u00e3o dos operadores tur\u00edsticos, a participa\u00e7\u00e3o de Viseu D\u00e3o Laf\u00f5es est\u00e1 preparada para surpreender e conquistar visitantes, profissionais e imprensa, at\u00e9 domingo, 16 de mar\u00e7o.<\/p>\n\n\n\n<p><strong>Uma Experi\u00eancia Imersiva para os Visitantes<\/strong><br>O stand de Viseu D\u00e3o Laf\u00f5es, localizado no&nbsp;<strong>Pavilh\u00e3o 2, Stand 2C42<\/strong>, est\u00e1 desenhado para proporcionar uma experi\u00eancia \u00fanica aos visitantes, explorando cinco eixos de ativa\u00e7\u00e3o principais: Natureza e Turismo Ativo; Patrim\u00f3nio Hist\u00f3rico e Cultural; Sa\u00fade e Bem-Estar; Gastronomia e Vinhos; Cultura e Eventos<\/p>\n\n\n\n<p>Os principais operadores tur\u00edsticos de Viseu D\u00e3o Laf\u00f5es t\u00eam um espa\u00e7o para neg\u00f3cios, numa iniciativa da&nbsp;<strong>Comunidade Intermunicipal (CIM) Viseu D\u00e3o Laf\u00f5es<\/strong>. Pela primeira vez, cerca de duas dezenas de operadores tur\u00edsticos disp\u00f5em de um espa\u00e7o pr\u00f3prio no stand da CIM, no qual apresentam e comercializam diretamente os seus produtos e servi\u00e7os junto do p\u00fablico e de profissionais do setor.<\/p>\n\n\n\n<p><strong>Gastronomia, patrim\u00f3nio e turismo ativo em destaque<\/strong><br>Sob o mote \u201cViseu D\u00e3o Laf\u00f5es, Apaixone-se\u201d, a participa\u00e7\u00e3o da regi\u00e3o na BTL 2025 apresenta programa\u00e7\u00e3o diversificada, experi\u00eancias imersivas e um stand inovador, concebido para destacar os principais ativos dos 14 munic\u00edpios de um territ\u00f3rio que regista um not\u00e1vel crescimento da procura tur\u00edstica. Recorde-se que o territ\u00f3rio abrangido pela CIM foi o que mais cresceu no pa\u00eds em 2024, em n\u00famero de h\u00f3spedes, com um aumento de 14,2% face a 2023.&nbsp; &nbsp;<\/p>\n\n\n\n<p><strong>Programa para sexta-feira<\/strong><br>As propostas de Penalva do Castelo, Aguiar da Beira, Vila Nova de Paiva e Oliveira de Frades assumem o protagonismo no terceiro dia de feira, enquanto Santa Comba D\u00e3o, Mangualde, Carregal do Sal e S\u00e1t\u00e3o s\u00e3o os destaques do quarto dia da BTL 2025<\/p>\n\n\n\n<p>A participa\u00e7\u00e3o de Viseu D\u00e3o Laf\u00f5es na BTL termina, no quinto e \u00faltimo dia, com um programa dedicado \u00e0s confrarias gastron\u00f3micas do territ\u00f3rio, que dar\u00e3o a provar ao p\u00fablico as especialidades culin\u00e1rias que fazem desta regi\u00e3o uma refer\u00eancia tamb\u00e9m nesta \u00e1rea.<\/p>\n\n\n\n<p>O stand de Viseu D\u00e3o Laf\u00f5es est\u00e1 localizado, \u00e0 semelhan\u00e7a das edi\u00e7\u00f5es anteriores, no\u00a0Pavilh\u00e3o 2 da Feira Internacional de Lisboa.<br>\u00a0\u00a0<br>A agenda completa da CIM Viseu D\u00e3o Laf\u00f5es na BTL 2025 est\u00e1 dispon\u00edvel em\u00a0<a href=\"https:\/\/mixlife.us21.list-manage.com\/track\/click?u=6fa784dd5dedbb105dedc3702&amp;id=759b1957e8&amp;e=c3c7b4c12b\"><strong>www.visitviseudaolafoes.pt<\/strong><\/a>\u00a0e nas redes sociais da CIM.<\/p>\n\n\n\n<p><strong>Sobre a CIM Viseu D\u00e3o Laf\u00f5es:<\/strong><\/p>\n\n\n\n<p>A CIM Viseu D\u00e3o Laf\u00f5es \u00e9 uma associa\u00e7\u00e3o de munic\u00edpios, denominada como Comunidade Intermunicipal, sendo constitu\u00edda pelos munic\u00edpios de&nbsp;Aguiar da Beira, Carregal do Sal, Castro Daire, Mangualde, Nelas, Oliveira de Frades, Penalva do Castelo, Santa Comba D\u00e3o, S\u00e3o Pedro do Sul, S\u00e1t\u00e3o, Tondela, Vila Nova de Paiva, Viseu e Vouzela.<\/p>\n","protected":false},"excerpt":{"rendered":"<p>\u201cOnde Apetece Estar\u201d. Um novo v\u00eddeo promocional da regi\u00e3o Viseu D\u00e3o Laf\u00f5es foi o principal elemento de surpresa, celebra\u00e7\u00e3o e&#8230;<\/p>\n","protected":false},"author":8,"featured_media":13671,"comment_status":"closed","ping_status":"open","sticky":false,"template":"","format":"standard","meta":[],"categories":[39],"tags":[81,448,349],"yoast_head":"<!-- This site is optimized with the Yoast SEO plugin v20.12 - https:\/\/yoast.com\/wordpress\/plugins\/seo\/ -->\n<title>\u201cOnde Apetece Estar\u201d. Viseu D\u00e3o Laf\u00f5es estreia novo v\u00eddeo na BTL e ativa evento especial em plena Torre Vasco da Gama\u00a0 - Atelier do Caractere<\/title>\n<meta name=\"robots\" content=\"index, follow, max-snippet:-1, max-image-preview:large, max-video-preview:-1\" \/>\n<link rel=\"canonical\" href=\"https:\/\/www.atelierdocaractere.pt\/brevemente\/onde-apetece-estar-viseu-dao-lafoes-estreia-novo-video-na-btl-e-ativa-evento-especial-em-plena-torre-vasco-da-gama\/\" \/>\n<meta property=\"og:locale\" content=\"pt_PT\" \/>\n<meta property=\"og:type\" content=\"article\" \/>\n<meta property=\"og:title\" content=\"\u201cOnde Apetece Estar\u201d. Viseu D\u00e3o Laf\u00f5es estreia novo v\u00eddeo na BTL e ativa evento especial em plena Torre Vasco da Gama\u00a0 - Atelier do Caractere\" \/>\n<meta property=\"og:description\" content=\"\u201cOnde Apetece Estar\u201d. Um novo v\u00eddeo promocional da regi\u00e3o Viseu D\u00e3o Laf\u00f5es foi o principal elemento de surpresa, celebra\u00e7\u00e3o e...\" \/>\n<meta property=\"og:url\" content=\"https:\/\/www.atelierdocaractere.pt\/brevemente\/onde-apetece-estar-viseu-dao-lafoes-estreia-novo-video-na-btl-e-ativa-evento-especial-em-plena-torre-vasco-da-gama\/\" \/>\n<meta property=\"og:site_name\" content=\"Atelier do Caractere\" \/>\n<meta property=\"article:publisher\" content=\"https:\/\/www.facebook.com\/AtelierdoCaractere\" \/>\n<meta property=\"article:published_time\" content=\"2025-03-13T18:22:39+00:00\" \/>\n<meta property=\"article:modified_time\" content=\"2025-03-13T18:22:44+00:00\" \/>\n<meta property=\"og:image\" content=\"https:\/\/www.atelierdocaractere.pt\/wp-content\/uploads\/2025\/03\/dao1.jpeg\" \/>\n\t<meta property=\"og:image:width\" content=\"1280\" \/>\n\t<meta property=\"og:image:height\" content=\"853\" \/>\n\t<meta property=\"og:image:type\" content=\"image\/jpeg\" \/>\n<meta name=\"author\" content=\"Andr\u00e9 Lopes\" \/>\n<meta name=\"twitter:card\" content=\"summary_large_image\" \/>\n<meta name=\"twitter:label1\" content=\"Escrito por\" \/>\n\t<meta name=\"twitter:data1\" content=\"Andr\u00e9 Lopes\" \/>\n\t<meta name=\"twitter:label2\" content=\"Tempo estimado de leitura\" \/>\n\t<meta name=\"twitter:data2\" content=\"6 minutos\" \/>\n<script type=\"application\/ld+json\" class=\"yoast-schema-graph\">{\"@context\":\"https:\/\/schema.org\",\"@graph\":[{\"@type\":\"WebPage\",\"@id\":\"https:\/\/www.atelierdocaractere.pt\/brevemente\/onde-apetece-estar-viseu-dao-lafoes-estreia-novo-video-na-btl-e-ativa-evento-especial-em-plena-torre-vasco-da-gama\/\",\"url\":\"https:\/\/www.atelierdocaractere.pt\/brevemente\/onde-apetece-estar-viseu-dao-lafoes-estreia-novo-video-na-btl-e-ativa-evento-especial-em-plena-torre-vasco-da-gama\/\",\"name\":\"\u201cOnde Apetece Estar\u201d. Viseu D\u00e3o Laf\u00f5es estreia novo v\u00eddeo na BTL e ativa evento especial em plena Torre Vasco da Gama\u00a0 - Atelier do Caractere\",\"isPartOf\":{\"@id\":\"https:\/\/www.atelierdocaractere.pt\/brevemente\/#website\"},\"datePublished\":\"2025-03-13T18:22:39+00:00\",\"dateModified\":\"2025-03-13T18:22:44+00:00\",\"author\":{\"@id\":\"https:\/\/www.atelierdocaractere.pt\/brevemente\/#\/schema\/person\/434214d094c7f8243eba52cce01c3fbf\"},\"breadcrumb\":{\"@id\":\"https:\/\/www.atelierdocaractere.pt\/brevemente\/onde-apetece-estar-viseu-dao-lafoes-estreia-novo-video-na-btl-e-ativa-evento-especial-em-plena-torre-vasco-da-gama\/#breadcrumb\"},\"inLanguage\":\"pt-PT\",\"potentialAction\":[{\"@type\":\"ReadAction\",\"target\":[\"https:\/\/www.atelierdocaractere.pt\/brevemente\/onde-apetece-estar-viseu-dao-lafoes-estreia-novo-video-na-btl-e-ativa-evento-especial-em-plena-torre-vasco-da-gama\/\"]}]},{\"@type\":\"BreadcrumbList\",\"@id\":\"https:\/\/www.atelierdocaractere.pt\/brevemente\/onde-apetece-estar-viseu-dao-lafoes-estreia-novo-video-na-btl-e-ativa-evento-especial-em-plena-torre-vasco-da-gama\/#breadcrumb\",\"itemListElement\":[{\"@type\":\"ListItem\",\"position\":1,\"name\":\"In\u00edcio\",\"item\":\"https:\/\/www.atelierdocaractere.pt\/brevemente\/\"},{\"@type\":\"ListItem\",\"position\":2,\"name\":\"\u201cOnde Apetece Estar\u201d. Viseu D\u00e3o Laf\u00f5es estreia novo v\u00eddeo na BTL e ativa evento especial em plena Torre Vasco da Gama\u00a0\"}]},{\"@type\":\"WebSite\",\"@id\":\"https:\/\/www.atelierdocaractere.pt\/brevemente\/#website\",\"url\":\"https:\/\/www.atelierdocaractere.pt\/brevemente\/\",\"name\":\"Atelier do Caractere\",\"description\":\"\",\"potentialAction\":[{\"@type\":\"SearchAction\",\"target\":{\"@type\":\"EntryPoint\",\"urlTemplate\":\"https:\/\/www.atelierdocaractere.pt\/brevemente\/?s={search_term_string}\"},\"query-input\":\"required name=search_term_string\"}],\"inLanguage\":\"pt-PT\"},{\"@type\":\"Person\",\"@id\":\"https:\/\/www.atelierdocaractere.pt\/brevemente\/#\/schema\/person\/434214d094c7f8243eba52cce01c3fbf\",\"name\":\"Andr\u00e9 Lopes\",\"image\":{\"@type\":\"ImageObject\",\"inLanguage\":\"pt-PT\",\"@id\":\"https:\/\/www.atelierdocaractere.pt\/brevemente\/#\/schema\/person\/image\/\",\"url\":\"https:\/\/secure.gravatar.com\/avatar\/76af1c514620ffe1937f018fe03efb73?s=96&d=mm&r=g\",\"contentUrl\":\"https:\/\/secure.gravatar.com\/avatar\/76af1c514620ffe1937f018fe03efb73?s=96&d=mm&r=g\",\"caption\":\"Andr\u00e9 Lopes\"},\"url\":\"https:\/\/www.atelierdocaractere.pt\/brevemente\/author\/andre-lopes\/\"}]}<\/script>\n<!-- \/ Yoast SEO plugin. -->","yoast_head_json":{"title":"\u201cOnde Apetece Estar\u201d. Viseu D\u00e3o Laf\u00f5es estreia novo v\u00eddeo na BTL e ativa evento especial em plena Torre Vasco da Gama\u00a0 - Atelier do Caractere","robots":{"index":"index","follow":"follow","max-snippet":"max-snippet:-1","max-image-preview":"max-image-preview:large","max-video-preview":"max-video-preview:-1"},"canonical":"https:\/\/www.atelierdocaractere.pt\/brevemente\/onde-apetece-estar-viseu-dao-lafoes-estreia-novo-video-na-btl-e-ativa-evento-especial-em-plena-torre-vasco-da-gama\/","og_locale":"pt_PT","og_type":"article","og_title":"\u201cOnde Apetece Estar\u201d. Viseu D\u00e3o Laf\u00f5es estreia novo v\u00eddeo na BTL e ativa evento especial em plena Torre Vasco da Gama\u00a0 - Atelier do Caractere","og_description":"\u201cOnde Apetece Estar\u201d. Um novo v\u00eddeo promocional da regi\u00e3o Viseu D\u00e3o Laf\u00f5es foi o principal elemento de surpresa, celebra\u00e7\u00e3o e...","og_url":"https:\/\/www.atelierdocaractere.pt\/brevemente\/onde-apetece-estar-viseu-dao-lafoes-estreia-novo-video-na-btl-e-ativa-evento-especial-em-plena-torre-vasco-da-gama\/","og_site_name":"Atelier do Caractere","article_publisher":"https:\/\/www.facebook.com\/AtelierdoCaractere","article_published_time":"2025-03-13T18:22:39+00:00","article_modified_time":"2025-03-13T18:22:44+00:00","og_image":[{"width":1280,"height":853,"url":"https:\/\/www.atelierdocaractere.pt\/wp-content\/uploads\/2025\/03\/dao1.jpeg","type":"image\/jpeg"}],"author":"Andr\u00e9 Lopes","twitter_card":"summary_large_image","twitter_misc":{"Escrito por":"Andr\u00e9 Lopes","Tempo estimado de leitura":"6 minutos"},"schema":{"@context":"https:\/\/schema.org","@graph":[{"@type":"WebPage","@id":"https:\/\/www.atelierdocaractere.pt\/brevemente\/onde-apetece-estar-viseu-dao-lafoes-estreia-novo-video-na-btl-e-ativa-evento-especial-em-plena-torre-vasco-da-gama\/","url":"https:\/\/www.atelierdocaractere.pt\/brevemente\/onde-apetece-estar-viseu-dao-lafoes-estreia-novo-video-na-btl-e-ativa-evento-especial-em-plena-torre-vasco-da-gama\/","name":"\u201cOnde Apetece Estar\u201d. Viseu D\u00e3o Laf\u00f5es estreia novo v\u00eddeo na BTL e ativa evento especial em plena Torre Vasco da Gama\u00a0 - Atelier do Caractere","isPartOf":{"@id":"https:\/\/www.atelierdocaractere.pt\/brevemente\/#website"},"datePublished":"2025-03-13T18:22:39+00:00","dateModified":"2025-03-13T18:22:44+00:00","author":{"@id":"https:\/\/www.atelierdocaractere.pt\/brevemente\/#\/schema\/person\/434214d094c7f8243eba52cce01c3fbf"},"breadcrumb":{"@id":"https:\/\/www.atelierdocaractere.pt\/brevemente\/onde-apetece-estar-viseu-dao-lafoes-estreia-novo-video-na-btl-e-ativa-evento-especial-em-plena-torre-vasco-da-gama\/#breadcrumb"},"inLanguage":"pt-PT","potentialAction":[{"@type":"ReadAction","target":["https:\/\/www.atelierdocaractere.pt\/brevemente\/onde-apetece-estar-viseu-dao-lafoes-estreia-novo-video-na-btl-e-ativa-evento-especial-em-plena-torre-vasco-da-gama\/"]}]},{"@type":"BreadcrumbList","@id":"https:\/\/www.atelierdocaractere.pt\/brevemente\/onde-apetece-estar-viseu-dao-lafoes-estreia-novo-video-na-btl-e-ativa-evento-especial-em-plena-torre-vasco-da-gama\/#breadcrumb","itemListElement":[{"@type":"ListItem","position":1,"name":"In\u00edcio","item":"https:\/\/www.atelierdocaractere.pt\/brevemente\/"},{"@type":"ListItem","position":2,"name":"\u201cOnde Apetece Estar\u201d. Viseu D\u00e3o Laf\u00f5es estreia novo v\u00eddeo na BTL e ativa evento especial em plena Torre Vasco da Gama\u00a0"}]},{"@type":"WebSite","@id":"https:\/\/www.atelierdocaractere.pt\/brevemente\/#website","url":"https:\/\/www.atelierdocaractere.pt\/brevemente\/","name":"Atelier do Caractere","description":"","potentialAction":[{"@type":"SearchAction","target":{"@type":"EntryPoint","urlTemplate":"https:\/\/www.atelierdocaractere.pt\/brevemente\/?s={search_term_string}"},"query-input":"required name=search_term_string"}],"inLanguage":"pt-PT"},{"@type":"Person","@id":"https:\/\/www.atelierdocaractere.pt\/brevemente\/#\/schema\/person\/434214d094c7f8243eba52cce01c3fbf","name":"Andr\u00e9 Lopes","image":{"@type":"ImageObject","inLanguage":"pt-PT","@id":"https:\/\/www.atelierdocaractere.pt\/brevemente\/#\/schema\/person\/image\/","url":"https:\/\/secure.gravatar.com\/avatar\/76af1c514620ffe1937f018fe03efb73?s=96&d=mm&r=g","contentUrl":"https:\/\/secure.gravatar.com\/avatar\/76af1c514620ffe1937f018fe03efb73?s=96&d=mm&r=g","caption":"Andr\u00e9 Lopes"},"url":"https:\/\/www.atelierdocaractere.pt\/brevemente\/author\/andre-lopes\/"}]}},"_links":{"self":[{"href":"https:\/\/www.atelierdocaractere.pt\/brevemente\/wp-json\/wp\/v2\/posts\/13670"}],"collection":[{"href":"https:\/\/www.atelierdocaractere.pt\/brevemente\/wp-json\/wp\/v2\/posts"}],"about":[{"href":"https:\/\/www.atelierdocaractere.pt\/brevemente\/wp-json\/wp\/v2\/types\/post"}],"author":[{"embeddable":true,"href":"https:\/\/www.atelierdocaractere.pt\/brevemente\/wp-json\/wp\/v2\/users\/8"}],"replies":[{"embeddable":true,"href":"https:\/\/www.atelierdocaractere.pt\/brevemente\/wp-json\/wp\/v2\/comments?post=13670"}],"version-history":[{"count":1,"href":"https:\/\/www.atelierdocaractere.pt\/brevemente\/wp-json\/wp\/v2\/posts\/13670\/revisions"}],"predecessor-version":[{"id":13672,"href":"https:\/\/www.atelierdocaractere.pt\/brevemente\/wp-json\/wp\/v2\/posts\/13670\/revisions\/13672"}],"wp:featuredmedia":[{"embeddable":true,"href":"https:\/\/www.atelierdocaractere.pt\/brevemente\/wp-json\/wp\/v2\/media\/13671"}],"wp:attachment":[{"href":"https:\/\/www.atelierdocaractere.pt\/brevemente\/wp-json\/wp\/v2\/media?parent=13670"}],"wp:term":[{"taxonomy":"category","embeddable":true,"href":"https:\/\/www.atelierdocaractere.pt\/brevemente\/wp-json\/wp\/v2\/categories?post=13670"},{"taxonomy":"post_tag","embeddable":true,"href":"https:\/\/www.atelierdocaractere.pt\/brevemente\/wp-json\/wp\/v2\/tags?post=13670"}],"curies":[{"name":"wp","href":"https:\/\/api.w.org\/{rel}","templated":true}]}}