{"id":13674,"date":"2025-03-13T20:53:01","date_gmt":"2025-03-13T20:53:01","guid":{"rendered":"https:\/\/www.atelierdocaractere.pt\/brevemente\/?p=13674"},"modified":"2025-03-13T20:53:04","modified_gmt":"2025-03-13T20:53:04","slug":"btl-2025-centro-de-portugal-destaca-gastronomia-turismo-transfronteirico-e-rally-de-portugal-no-segundo-dia","status":"publish","type":"post","link":"https:\/\/www.atelierdocaractere.pt\/brevemente\/btl-2025-centro-de-portugal-destaca-gastronomia-turismo-transfronteirico-e-rally-de-portugal-no-segundo-dia\/","title":{"rendered":"BTL 2025: Centro de Portugal destaca gastronomia, turismo transfronteiri\u00e7o e Rally de Portugal no segundo dia"},"content":{"rendered":"\n<h4 class=\"wp-block-heading\">Regi\u00e3o apresentou novos produtos tur\u00edsticos na feira, com destaque para o \u201cSabores ao Centro!\u201d e a parceria com o Alentejo e a Extremadura espanhola.<\/h4>\n\n\n\n<figure class=\"wp-block-image size-large\"><img decoding=\"async\" width=\"1024\" height=\"682\" src=\"https:\/\/www.atelierdocaractere.pt\/wp-content\/uploads\/2025\/03\/btl2-1-1024x682.jpeg\" alt=\"\" class=\"wp-image-13676\" srcset=\"https:\/\/www.atelierdocaractere.pt\/wp-content\/uploads\/2025\/03\/btl2-1-1024x682.jpeg 1024w, https:\/\/www.atelierdocaractere.pt\/wp-content\/uploads\/2025\/03\/btl2-1-300x200.jpeg 300w, https:\/\/www.atelierdocaractere.pt\/wp-content\/uploads\/2025\/03\/btl2-1-768x512.jpeg 768w, https:\/\/www.atelierdocaractere.pt\/wp-content\/uploads\/2025\/03\/btl2-1-900x600.jpeg 900w, https:\/\/www.atelierdocaractere.pt\/wp-content\/uploads\/2025\/03\/btl2-1-675x450.jpeg 675w, https:\/\/www.atelierdocaractere.pt\/wp-content\/uploads\/2025\/03\/btl2-1.jpeg 1280w\" sizes=\"(max-width: 1024px) 100vw, 1024px\" \/><\/figure>\n\n\n\n<p>O segundo dia da BTL \u2013 Bolsa de Turismo de Lisboa foi marcado por um intenso programa de iniciativas e apresenta\u00e7\u00f5es no stand da Turismo Centro de Portugal. A valoriza\u00e7\u00e3o do patrim\u00f3nio, da gastronomia e dos produtos regionais esteve em grande evid\u00eancia, atraindo muitos visitantes ao Pavilh\u00e3o 1 da FIL.<\/p>\n\n\n\n<p>O momento alto da jornada foi a apresenta\u00e7\u00e3o do programa&nbsp;<strong>\u201cSabores ao Centro!\u201d<\/strong>, uma iniciativa estrat\u00e9gica que tem o objetivo de posicionar o Centro de Portugal como um&nbsp;<strong>destino de turismo gastron\u00f3mico de refer\u00eancia<\/strong>. O projeto, apresentado pelo consultor Carlos Martins, \u00e9 financiado pela CCDRC, ao abrigo do programa Centro 2030, e visa a valoriza\u00e7\u00e3o da gastronomia regional, dos produtos locais e dos seus produtores.<\/p>\n\n\n\n<p>O programa\u00a0<strong>\u201cSabores ao Centro!\u201d<\/strong>\u00a0assenta em quatro grandes medidas. Os\u00a0<strong>Pr\u00e9mios &#8220;Sabores ao Centro!&#8221;<\/strong>, que distinguir\u00e3o 12 categorias, incluindo os &#8220;10 melhores restaurantes&#8221;, o &#8220;restaurante tradicional do ano&#8221; e o &#8220;chef revela\u00e7\u00e3o&#8221;, ter\u00e3o a sua primeira gala de atribui\u00e7\u00e3o em novembro. Uma\u00a0<strong>Agenda de Eventos<\/strong>\u00a0promover\u00e1 a diversidade e a sazonalidade da gastronomia regional, dando a conhecer os m\u00faltiplos eventos gastron\u00f3micos que acontecem ao longo do ano no Centro de Portugal. As\u00a0<strong>Rotas Gastron\u00f3micas<\/strong>\u00a0convidar\u00e3o \u00e0 descoberta dos sabores aut\u00eanticos da regi\u00e3o, promovendo a sustentabilidade e os produtos certificados, ao mesmo tempo que exploram paisagens ic\u00f3nicas e descobrem figuras de destaque do mundo gastron\u00f3mico. Finalmente, a\u00a0<strong>Campanha de Marketing &#8220;Sabores ao Centro!&#8221;<\/strong>\u00a0ter\u00e1 como objetivo valorizar o talento dos chefs da regi\u00e3o, sensibilizar para o impacto dos h\u00e1bitos de consumo e promover experi\u00eancias gastron\u00f3micas aut\u00eanticas, destacando a import\u00e2ncia da utiliza\u00e7\u00e3o de ingredientes locais e de pr\u00e1ticas culin\u00e1rias sustent\u00e1veis para melhorar a sa\u00fade e a qualidade de vida.<\/p>\n\n\n\n<p>Uma das novidades foi o an\u00fancio dos primeiros cinco embaixadores do programa, cada um representando uma sub-regi\u00e3o do Centro de Portugal:&nbsp;<strong>H\u00e9lio Loureiro<\/strong>&nbsp;(Regi\u00e3o de Aveiro),&nbsp;<strong>Maria Caldeira Sousa<\/strong>&nbsp;(Beira Baixa),&nbsp;<strong>Lu\u00eds Lavrador<\/strong>&nbsp;(Regi\u00e3o de Coimbra),&nbsp;<strong>Diogo Rocha<\/strong>&nbsp;(Viseu D\u00e3o Laf\u00f5es) e&nbsp;<strong>Ricardo Ramos<\/strong>&nbsp;(Regi\u00e3o Beiras e Serra da Estrela). No total, o projeto contar\u00e1 com oito embaixadores, um por sub-regi\u00e3o, que ter\u00e3o um papel ativo na promo\u00e7\u00e3o e divulga\u00e7\u00e3o do projeto.<\/p>\n\n\n\n<p><strong>Parceria Transfronteiri\u00e7a e Rally de Portugal foram outros destaques do dia<\/strong><br>A aposta na gastronomia foi tamb\u00e9m evidenciada noutra iniciativa do dia: a apresenta\u00e7\u00e3o da&nbsp;<strong>Parceria Transfronteiri\u00e7a entre o Centro de Portugal, o Alentejo e a Extremadura espanhola<\/strong>, que visa potenciar sinergias e promover um turismo conjunto entre os tr\u00eas territ\u00f3rios.<\/p>\n\n\n\n<p>As interven\u00e7\u00f5es ficaram a cargo de\u00a0<strong>Anabela Freitas, vice-presidente da Turismo Centro de Portugal<\/strong>,\u00a0<strong>Jes\u00fas Vi\u00f1uales, Diretor do Turismo da Extremadura, Jos\u00e9 Santos, presidente da Turismo do Alentejo<\/strong>,\u00a0<strong>Jorge Loureiro<\/strong>,\u00a0<strong>vice-presidente da\u00a0Ag\u00eancia Regional de Promo\u00e7\u00e3o Tur\u00edstica do Centro de Portugal<\/strong>, e\u00a0<strong>V\u00edtor Silva<\/strong>,\u00a0<strong>presidente da\u00a0Ag\u00eancia Regional de Promo\u00e7\u00e3o Tur\u00edstica do Alentejo.<\/strong><\/p>\n\n\n\n<p>As iniciativas conjuntas previstas para 2025 incluem s\u00e9rie de a\u00e7\u00f5es promocionais, que decorrer\u00e3o em junho, em Madrid e Lisboa, junto dos meios de comunica\u00e7\u00e3o e que ter\u00e3o uma vertente de informa\u00e7\u00e3o promocional para o p\u00fablico em geral; e um encontro empresarial a realizar em Elvas, em novembro, que juntar\u00e1 empres\u00e1rios e administra\u00e7\u00f5es do setor tur\u00edstico do Centro de Portugal, Alentejo e Extremadura.<\/p>\n\n\n\n<p>O evento contou com uma degusta\u00e7\u00e3o de produtos t\u00edpicos e vinhos das tr\u00eas regi\u00f5es, refor\u00e7ando a gastronomia como um dos principais atrativos tur\u00edsticos.<\/p>\n\n\n\n<p>O dia terminou com a apresenta\u00e7\u00e3o das etapas do\u00a0<strong>Rally de Portugal no Centro de Portugal<\/strong>, que este ano arranca em\u00a0<strong>Coimbra<\/strong>, tem o in\u00edcio competitivo com uma super-especial na\u00a0<strong>Figueira da Foz<\/strong>, e inclui classificativas em\u00a0<strong>Arganil, G\u00f3is, Lous\u00e3<\/strong>\u00a0e, novidade este ano, em\u00a0<strong>\u00c1gueda, Albergaria-a-Velha\u00a0<\/strong>e<strong>\u00a0Sever do Vouga<\/strong>. O crescente peso do Centro no percurso do Rally de Portugal evidencia a import\u00e2ncia da regi\u00e3o na rota dos grandes eventos desportivos nacionais e internacionais.<\/p>\n\n\n\n<p>A apresenta\u00e7\u00e3o do Rally foi apadrinhada pelo&nbsp;<strong>Secret\u00e1rio de Estado do Turismo, Pedro Machado<\/strong>, que sublinhou a import\u00e2ncia que esta prova tem para o crescimento de atratividade tur\u00edstica da regi\u00e3o e do pa\u00eds.<br>Intervieram tamb\u00e9m Anabela Freitas, Vice-Presidente da Turismo Centro de Portugal, Jorge Almeida, Presidente do Munic\u00edpio de \u00c1gueda, Ant\u00f3nio Loureiro, Presidente do Munic\u00edpio de Albergaria-a-Velha, Lu\u00eds Paulo Costa, Presidente do Munic\u00edpio de Arganil, Francisco Veiga, Vice-Presidente do Munic\u00edpio de Coimbra, Manuel Domingues, Vereador do Munic\u00edpio da Figueira da Foz, Nuno Miguel Bandeira, Vice-Presidente do Munic\u00edpio de G\u00f3is, Jo\u00e3o Santos, Vereador do Munic\u00edpio da Lous\u00e3, Ricardo Pardal, Presidente do Munic\u00edpio de Mort\u00e1gua, Ricardo Silva, Vereador do Munic\u00edpio de Sever do Vouga, Carlos Barbosa, Presidente do ACP \u2013 Autom\u00f3vel Clube de Portugal e o piloto Rafael Cardeira, que vai participar na prova.<\/p>\n\n\n\n<p><strong>Atividade intensa durante todo o dia<\/strong><br>A manh\u00e3 arrancou com um espa\u00e7o dedicado \u00e0\u00a0<strong>Regi\u00e3o de Coimbra<\/strong>, que apresentou os \u201cLugares \u00danicos da Regi\u00e3o de Coimbra\u201d, um guia de bolso que d\u00e1 a conhecer 114 locais e experi\u00eancias \u00fanicas deste territ\u00f3rio.<\/p>\n\n\n\n<p>Seguiu-se a&nbsp;<strong>Beira Baixa<\/strong>, que trouxe ao palco do stand o olivoturismo, experi\u00eancia que une a tradi\u00e7\u00e3o \u00e0 inova\u00e7\u00e3o, atrav\u00e9s do Munic\u00edpio de Idanha-a-Nova e da APABI \u2013 Associa\u00e7\u00e3o dos Produtores de Azeite da Beira Interior. Os visitantes tiveram a oportunidade de ficar a saber tudo sobre \u2013 e a provar \u2013 a azeitona e o azeite da Beira Baixa, um dos produtos de excel\u00eancia da regi\u00e3o.<\/p>\n\n\n\n<p>A tarde iniciou-se com a apresenta\u00e7\u00e3o da&nbsp;<strong>Rota Nautical Portugal<\/strong>, pelas&nbsp;<strong>Esta\u00e7\u00f5es N\u00e1uticas do Centro de Portugal<\/strong>, e prosseguiu com v\u00e1rias iniciativas da&nbsp;<strong>Regi\u00e3o de Aveiro<\/strong>, nomeadamente a exibi\u00e7\u00e3o de v\u00eddeos da&nbsp;<strong>Regata dos Moliceiros<\/strong>&nbsp;e da&nbsp;<strong>Grande Rota da Ria de Aveiro<\/strong>, bem como a valoriza\u00e7\u00e3o do&nbsp;<strong>Barco Moliceiro<\/strong>, pe\u00e7a central da candidatura \u00e0 UNESCO. A CIRA \u2013 Comunidade Intermunicipal da Regi\u00e3o de Aveiro apresentou ainda a sua agenda de eventos para 2025, que inclui o&nbsp;<strong>Ria de Aveiro Weekend<\/strong>, a&nbsp;<strong>3.\u00aa edi\u00e7\u00e3o do Millesime \u2013 Encontro Nacional de Espumantes<\/strong>, o&nbsp;<strong>1.\u00ba Festival dos Moinhos de Portugal<\/strong>&nbsp;e a&nbsp;<strong>Maratona da Europa<\/strong>.<\/p>\n\n\n\n<p>No campo do debate e da reflex\u00e3o, o podcast\u00a0<strong>\u201cExpresso da Manh\u00e3\u201d<\/strong>, gravado no stand, contou com a presen\u00e7a do Secret\u00e1rio de Estado do Turismo,\u00a0<strong>Pedro Machado<\/strong>, que foi entrevistado pelo jornalista\u00a0<strong>Paulo Baldaia<\/strong>\u00a0sobre os desafios e oportunidades do setor. Seguiu-se o painel\u00a0<strong>\u201cEscola Boa Cama Boa Mesa\u201d<\/strong>, que trouxe \u00e0 discuss\u00e3o o\u00a0<strong>potencial do turismo gastron\u00f3mico nos territ\u00f3rios de baixa densidade<\/strong>, com a participa\u00e7\u00e3o do coordenador do Programa \u201cSabores ao Centro\u201d\u00a0<strong>Carlos Martins<\/strong>\u00a0e do Chef\u00a0<strong>Diogo Rocha<\/strong>, com modera\u00e7\u00e3o do jornalista<strong>\u00a0Paulo Brilhante<\/strong>.<\/p>\n\n\n\n<p>De referir ainda a visita que o&nbsp;<strong>Presidente da Assembleia da Rep\u00fablica, Jos\u00e9 Pedro Aguiar-Branco<\/strong>, fez ao stand, acompanhado pelo&nbsp;<strong>Secret\u00e1rio de Estado do Turismo, Pedro Machado<\/strong>.<\/p>\n\n\n\n<p>A participa\u00e7\u00e3o do\u00a0<strong>Turismo Centro de Portugal na BTL 2025<\/strong>\u00a0prossegue amanh\u00e3, com novas iniciativas e apresenta\u00e7\u00f5es, reafirmando o compromisso de afirmar o Centro de Portugal como um destino de excel\u00eancia.<\/p>\n\n\n\n<p><strong>Sobre a Turismo Centro de Portugal:<\/strong><\/p>\n\n\n\n<p>A Turismo Centro de Portugal \u00e9 a entidade que estrutura e promove o turismo na Regi\u00e3o Centro do pa\u00eds. Esta \u00e9 a maior e mais diversificada \u00e1rea tur\u00edstica nacional, abrangendo 100 munic\u00edpios, e tem registado um intenso crescimento da procura interna e externa. \u00c9 a regi\u00e3o a escolher para quem pretende experi\u00eancias diversificadas, pois concilia locais Patrim\u00f3nio da Humanidade com a melhor costa de surf da Europa, termas e spas id\u00edlicos, locais de culto de import\u00e2ncia mundial e as mais belas aldeias.<\/p>\n","protected":false},"excerpt":{"rendered":"<p>Regi\u00e3o apresentou novos produtos tur\u00edsticos na feira, com destaque para o \u201cSabores ao Centro!\u201d e a parceria com o Alentejo&#8230;<\/p>\n","protected":false},"author":8,"featured_media":13675,"comment_status":"closed","ping_status":"open","sticky":false,"template":"","format":"standard","meta":[],"categories":[39],"tags":[81,765,349,346],"yoast_head":"<!-- This site is optimized with the Yoast SEO plugin v20.12 - https:\/\/yoast.com\/wordpress\/plugins\/seo\/ -->\n<title>BTL 2025: Centro de Portugal destaca gastronomia, turismo transfronteiri\u00e7o e Rally de Portugal no segundo dia - Atelier do Caractere<\/title>\n<meta name=\"robots\" content=\"index, follow, max-snippet:-1, max-image-preview:large, max-video-preview:-1\" \/>\n<link rel=\"canonical\" href=\"https:\/\/www.atelierdocaractere.pt\/brevemente\/btl-2025-centro-de-portugal-destaca-gastronomia-turismo-transfronteirico-e-rally-de-portugal-no-segundo-dia\/\" \/>\n<meta property=\"og:locale\" content=\"pt_PT\" \/>\n<meta property=\"og:type\" content=\"article\" \/>\n<meta property=\"og:title\" content=\"BTL 2025: Centro de Portugal destaca gastronomia, turismo transfronteiri\u00e7o e Rally de Portugal no segundo dia - Atelier do Caractere\" \/>\n<meta property=\"og:description\" content=\"Regi\u00e3o apresentou novos produtos tur\u00edsticos na feira, com destaque para o \u201cSabores ao Centro!\u201d e a parceria com o Alentejo...\" \/>\n<meta property=\"og:url\" content=\"https:\/\/www.atelierdocaractere.pt\/brevemente\/btl-2025-centro-de-portugal-destaca-gastronomia-turismo-transfronteirico-e-rally-de-portugal-no-segundo-dia\/\" \/>\n<meta property=\"og:site_name\" content=\"Atelier do Caractere\" \/>\n<meta property=\"article:publisher\" content=\"https:\/\/www.facebook.com\/AtelierdoCaractere\" \/>\n<meta property=\"article:published_time\" content=\"2025-03-13T20:53:01+00:00\" \/>\n<meta property=\"article:modified_time\" content=\"2025-03-13T20:53:04+00:00\" \/>\n<meta property=\"og:image\" content=\"https:\/\/www.atelierdocaractere.pt\/wp-content\/uploads\/2025\/03\/btl2.jpeg\" \/>\n\t<meta property=\"og:image:width\" content=\"1280\" \/>\n\t<meta property=\"og:image:height\" content=\"853\" \/>\n\t<meta property=\"og:image:type\" content=\"image\/jpeg\" \/>\n<meta name=\"author\" content=\"Andr\u00e9 Lopes\" \/>\n<meta name=\"twitter:card\" content=\"summary_large_image\" \/>\n<meta name=\"twitter:label1\" content=\"Escrito por\" \/>\n\t<meta name=\"twitter:data1\" content=\"Andr\u00e9 Lopes\" \/>\n\t<meta name=\"twitter:label2\" content=\"Tempo estimado de leitura\" \/>\n\t<meta name=\"twitter:data2\" content=\"7 minutos\" \/>\n<script type=\"application\/ld+json\" class=\"yoast-schema-graph\">{\"@context\":\"https:\/\/schema.org\",\"@graph\":[{\"@type\":\"WebPage\",\"@id\":\"https:\/\/www.atelierdocaractere.pt\/brevemente\/btl-2025-centro-de-portugal-destaca-gastronomia-turismo-transfronteirico-e-rally-de-portugal-no-segundo-dia\/\",\"url\":\"https:\/\/www.atelierdocaractere.pt\/brevemente\/btl-2025-centro-de-portugal-destaca-gastronomia-turismo-transfronteirico-e-rally-de-portugal-no-segundo-dia\/\",\"name\":\"BTL 2025: Centro de Portugal destaca gastronomia, turismo transfronteiri\u00e7o e Rally de Portugal no segundo dia - Atelier do Caractere\",\"isPartOf\":{\"@id\":\"https:\/\/www.atelierdocaractere.pt\/brevemente\/#website\"},\"datePublished\":\"2025-03-13T20:53:01+00:00\",\"dateModified\":\"2025-03-13T20:53:04+00:00\",\"author\":{\"@id\":\"https:\/\/www.atelierdocaractere.pt\/brevemente\/#\/schema\/person\/434214d094c7f8243eba52cce01c3fbf\"},\"breadcrumb\":{\"@id\":\"https:\/\/www.atelierdocaractere.pt\/brevemente\/btl-2025-centro-de-portugal-destaca-gastronomia-turismo-transfronteirico-e-rally-de-portugal-no-segundo-dia\/#breadcrumb\"},\"inLanguage\":\"pt-PT\",\"potentialAction\":[{\"@type\":\"ReadAction\",\"target\":[\"https:\/\/www.atelierdocaractere.pt\/brevemente\/btl-2025-centro-de-portugal-destaca-gastronomia-turismo-transfronteirico-e-rally-de-portugal-no-segundo-dia\/\"]}]},{\"@type\":\"BreadcrumbList\",\"@id\":\"https:\/\/www.atelierdocaractere.pt\/brevemente\/btl-2025-centro-de-portugal-destaca-gastronomia-turismo-transfronteirico-e-rally-de-portugal-no-segundo-dia\/#breadcrumb\",\"itemListElement\":[{\"@type\":\"ListItem\",\"position\":1,\"name\":\"In\u00edcio\",\"item\":\"https:\/\/www.atelierdocaractere.pt\/brevemente\/\"},{\"@type\":\"ListItem\",\"position\":2,\"name\":\"BTL 2025: Centro de Portugal destaca gastronomia, turismo transfronteiri\u00e7o e Rally de Portugal no segundo dia\"}]},{\"@type\":\"WebSite\",\"@id\":\"https:\/\/www.atelierdocaractere.pt\/brevemente\/#website\",\"url\":\"https:\/\/www.atelierdocaractere.pt\/brevemente\/\",\"name\":\"Atelier do Caractere\",\"description\":\"\",\"potentialAction\":[{\"@type\":\"SearchAction\",\"target\":{\"@type\":\"EntryPoint\",\"urlTemplate\":\"https:\/\/www.atelierdocaractere.pt\/brevemente\/?s={search_term_string}\"},\"query-input\":\"required name=search_term_string\"}],\"inLanguage\":\"pt-PT\"},{\"@type\":\"Person\",\"@id\":\"https:\/\/www.atelierdocaractere.pt\/brevemente\/#\/schema\/person\/434214d094c7f8243eba52cce01c3fbf\",\"name\":\"Andr\u00e9 Lopes\",\"image\":{\"@type\":\"ImageObject\",\"inLanguage\":\"pt-PT\",\"@id\":\"https:\/\/www.atelierdocaractere.pt\/brevemente\/#\/schema\/person\/image\/\",\"url\":\"https:\/\/secure.gravatar.com\/avatar\/76af1c514620ffe1937f018fe03efb73?s=96&d=mm&r=g\",\"contentUrl\":\"https:\/\/secure.gravatar.com\/avatar\/76af1c514620ffe1937f018fe03efb73?s=96&d=mm&r=g\",\"caption\":\"Andr\u00e9 Lopes\"},\"url\":\"https:\/\/www.atelierdocaractere.pt\/brevemente\/author\/andre-lopes\/\"}]}<\/script>\n<!-- \/ Yoast SEO plugin. -->","yoast_head_json":{"title":"BTL 2025: Centro de Portugal destaca gastronomia, turismo transfronteiri\u00e7o e Rally de Portugal no segundo dia - Atelier do Caractere","robots":{"index":"index","follow":"follow","max-snippet":"max-snippet:-1","max-image-preview":"max-image-preview:large","max-video-preview":"max-video-preview:-1"},"canonical":"https:\/\/www.atelierdocaractere.pt\/brevemente\/btl-2025-centro-de-portugal-destaca-gastronomia-turismo-transfronteirico-e-rally-de-portugal-no-segundo-dia\/","og_locale":"pt_PT","og_type":"article","og_title":"BTL 2025: Centro de Portugal destaca gastronomia, turismo transfronteiri\u00e7o e Rally de Portugal no segundo dia - Atelier do Caractere","og_description":"Regi\u00e3o apresentou novos produtos tur\u00edsticos na feira, com destaque para o \u201cSabores ao Centro!\u201d e a parceria com o Alentejo...","og_url":"https:\/\/www.atelierdocaractere.pt\/brevemente\/btl-2025-centro-de-portugal-destaca-gastronomia-turismo-transfronteirico-e-rally-de-portugal-no-segundo-dia\/","og_site_name":"Atelier do Caractere","article_publisher":"https:\/\/www.facebook.com\/AtelierdoCaractere","article_published_time":"2025-03-13T20:53:01+00:00","article_modified_time":"2025-03-13T20:53:04+00:00","og_image":[{"width":1280,"height":853,"url":"https:\/\/www.atelierdocaractere.pt\/wp-content\/uploads\/2025\/03\/btl2.jpeg","type":"image\/jpeg"}],"author":"Andr\u00e9 Lopes","twitter_card":"summary_large_image","twitter_misc":{"Escrito por":"Andr\u00e9 Lopes","Tempo estimado de leitura":"7 minutos"},"schema":{"@context":"https:\/\/schema.org","@graph":[{"@type":"WebPage","@id":"https:\/\/www.atelierdocaractere.pt\/brevemente\/btl-2025-centro-de-portugal-destaca-gastronomia-turismo-transfronteirico-e-rally-de-portugal-no-segundo-dia\/","url":"https:\/\/www.atelierdocaractere.pt\/brevemente\/btl-2025-centro-de-portugal-destaca-gastronomia-turismo-transfronteirico-e-rally-de-portugal-no-segundo-dia\/","name":"BTL 2025: Centro de Portugal destaca gastronomia, turismo transfronteiri\u00e7o e Rally de Portugal no segundo dia - Atelier do Caractere","isPartOf":{"@id":"https:\/\/www.atelierdocaractere.pt\/brevemente\/#website"},"datePublished":"2025-03-13T20:53:01+00:00","dateModified":"2025-03-13T20:53:04+00:00","author":{"@id":"https:\/\/www.atelierdocaractere.pt\/brevemente\/#\/schema\/person\/434214d094c7f8243eba52cce01c3fbf"},"breadcrumb":{"@id":"https:\/\/www.atelierdocaractere.pt\/brevemente\/btl-2025-centro-de-portugal-destaca-gastronomia-turismo-transfronteirico-e-rally-de-portugal-no-segundo-dia\/#breadcrumb"},"inLanguage":"pt-PT","potentialAction":[{"@type":"ReadAction","target":["https:\/\/www.atelierdocaractere.pt\/brevemente\/btl-2025-centro-de-portugal-destaca-gastronomia-turismo-transfronteirico-e-rally-de-portugal-no-segundo-dia\/"]}]},{"@type":"BreadcrumbList","@id":"https:\/\/www.atelierdocaractere.pt\/brevemente\/btl-2025-centro-de-portugal-destaca-gastronomia-turismo-transfronteirico-e-rally-de-portugal-no-segundo-dia\/#breadcrumb","itemListElement":[{"@type":"ListItem","position":1,"name":"In\u00edcio","item":"https:\/\/www.atelierdocaractere.pt\/brevemente\/"},{"@type":"ListItem","position":2,"name":"BTL 2025: Centro de Portugal destaca gastronomia, turismo transfronteiri\u00e7o e Rally de Portugal no segundo dia"}]},{"@type":"WebSite","@id":"https:\/\/www.atelierdocaractere.pt\/brevemente\/#website","url":"https:\/\/www.atelierdocaractere.pt\/brevemente\/","name":"Atelier do Caractere","description":"","potentialAction":[{"@type":"SearchAction","target":{"@type":"EntryPoint","urlTemplate":"https:\/\/www.atelierdocaractere.pt\/brevemente\/?s={search_term_string}"},"query-input":"required name=search_term_string"}],"inLanguage":"pt-PT"},{"@type":"Person","@id":"https:\/\/www.atelierdocaractere.pt\/brevemente\/#\/schema\/person\/434214d094c7f8243eba52cce01c3fbf","name":"Andr\u00e9 Lopes","image":{"@type":"ImageObject","inLanguage":"pt-PT","@id":"https:\/\/www.atelierdocaractere.pt\/brevemente\/#\/schema\/person\/image\/","url":"https:\/\/secure.gravatar.com\/avatar\/76af1c514620ffe1937f018fe03efb73?s=96&d=mm&r=g","contentUrl":"https:\/\/secure.gravatar.com\/avatar\/76af1c514620ffe1937f018fe03efb73?s=96&d=mm&r=g","caption":"Andr\u00e9 Lopes"},"url":"https:\/\/www.atelierdocaractere.pt\/brevemente\/author\/andre-lopes\/"}]}},"_links":{"self":[{"href":"https:\/\/www.atelierdocaractere.pt\/brevemente\/wp-json\/wp\/v2\/posts\/13674"}],"collection":[{"href":"https:\/\/www.atelierdocaractere.pt\/brevemente\/wp-json\/wp\/v2\/posts"}],"about":[{"href":"https:\/\/www.atelierdocaractere.pt\/brevemente\/wp-json\/wp\/v2\/types\/post"}],"author":[{"embeddable":true,"href":"https:\/\/www.atelierdocaractere.pt\/brevemente\/wp-json\/wp\/v2\/users\/8"}],"replies":[{"embeddable":true,"href":"https:\/\/www.atelierdocaractere.pt\/brevemente\/wp-json\/wp\/v2\/comments?post=13674"}],"version-history":[{"count":1,"href":"https:\/\/www.atelierdocaractere.pt\/brevemente\/wp-json\/wp\/v2\/posts\/13674\/revisions"}],"predecessor-version":[{"id":13677,"href":"https:\/\/www.atelierdocaractere.pt\/brevemente\/wp-json\/wp\/v2\/posts\/13674\/revisions\/13677"}],"wp:featuredmedia":[{"embeddable":true,"href":"https:\/\/www.atelierdocaractere.pt\/brevemente\/wp-json\/wp\/v2\/media\/13675"}],"wp:attachment":[{"href":"https:\/\/www.atelierdocaractere.pt\/brevemente\/wp-json\/wp\/v2\/media?parent=13674"}],"wp:term":[{"taxonomy":"category","embeddable":true,"href":"https:\/\/www.atelierdocaractere.pt\/brevemente\/wp-json\/wp\/v2\/categories?post=13674"},{"taxonomy":"post_tag","embeddable":true,"href":"https:\/\/www.atelierdocaractere.pt\/brevemente\/wp-json\/wp\/v2\/tags?post=13674"}],"curies":[{"name":"wp","href":"https:\/\/api.w.org\/{rel}","templated":true}]}}