{"id":13683,"date":"2025-03-14T12:52:13","date_gmt":"2025-03-14T12:52:13","guid":{"rendered":"https:\/\/www.atelierdocaractere.pt\/brevemente\/?p=13683"},"modified":"2025-03-14T12:52:18","modified_gmt":"2025-03-14T12:52:18","slug":"clio-trophy-portugal-fecha-o-calendario-2025-e-convida-pilotos-a-testar-o-clio-rally5","status":"publish","type":"post","link":"https:\/\/www.atelierdocaractere.pt\/brevemente\/clio-trophy-portugal-fecha-o-calendario-2025-e-convida-pilotos-a-testar-o-clio-rally5\/","title":{"rendered":"Clio Trophy Portugal fecha o calend\u00e1rio 2025 e convida pilotos a testar o Clio Rally5"},"content":{"rendered":"\n<p><strong>Est\u00e1 fechado o calend\u00e1rio da edi\u00e7\u00e3o 2025 do Clio Trophy Portugal. Uma \u00e9poca com cinco ralis de asfalto, com a primeira prova marcada para 13 e 14 de junho e a derradeira para 31 de outubro e 1 de novembro. No dia 12 de abril (s\u00e1bado), no Centro do pa\u00eds, a Comiss\u00e3o Organizadora do Clio Trophy Portugal vai promover um teste com o Clio Rally 5, para todos os pilotos interessados em participar, pela primeira vez, no trof\u00e9u.<\/strong><\/p>\n\n\n\n<figure class=\"wp-block-image size-large\"><img decoding=\"async\" width=\"1024\" height=\"578\" src=\"https:\/\/www.atelierdocaractere.pt\/wp-content\/uploads\/2025\/03\/74bd3e082bf85e76fc60aa0f94a428df-l.png-1024x578.webp\" alt=\"\" class=\"wp-image-13684\" srcset=\"https:\/\/www.atelierdocaractere.pt\/wp-content\/uploads\/2025\/03\/74bd3e082bf85e76fc60aa0f94a428df-l.png-1024x578.webp 1024w, https:\/\/www.atelierdocaractere.pt\/wp-content\/uploads\/2025\/03\/74bd3e082bf85e76fc60aa0f94a428df-l.png-300x169.webp 300w, https:\/\/www.atelierdocaractere.pt\/wp-content\/uploads\/2025\/03\/74bd3e082bf85e76fc60aa0f94a428df-l.png-768x433.webp 768w, https:\/\/www.atelierdocaractere.pt\/wp-content\/uploads\/2025\/03\/74bd3e082bf85e76fc60aa0f94a428df-l.png-1536x866.webp 1536w, https:\/\/www.atelierdocaractere.pt\/wp-content\/uploads\/2025\/03\/74bd3e082bf85e76fc60aa0f94a428df-l.png.webp 2000w\" sizes=\"(max-width: 1024px) 100vw, 1024px\" \/><\/figure>\n\n\n\n<p>Com cinco ralis de asfalto, est\u00e1 fechado o calend\u00e1rio da segunda edi\u00e7\u00e3o do Clio Trophy Portugal:<\/p>\n\n\n\n<ul>\n<li>13 e 14 de junho &#8211; Rali Castelo Branco e Vila Velha de R\u00f3d\u00e3o;<\/li>\n\n\n\n<li>06 e 07 de setembro &#8211; Const\u00e1lica Rallye Vouzela e Viseu;<\/li>\n\n\n\n<li>19 e 20 de setembro &#8211; Rali da \u00c1gua-Transib\u00e9rico Eurocidade Chaves-Ver\u00edn;<\/li>\n\n\n\n<li>17 e 18 de outubro &#8211; Rali Vidreiro Centro de Portugal;<\/li>\n\n\n\n<li>31 de outubro e 01 de novembro &#8211; Rally de Lisboa.<\/li>\n<\/ul>\n\n\n\n<p>Mais uma excelente \u00e9poca em perspetiva, n\u00e3o apenas por ser o mais acess\u00edvel trof\u00e9u de ralis organizado em Portugal, mas tamb\u00e9m pela imbat\u00edvel rela\u00e7\u00e3o competitividade\/pre\u00e7o do Clio Rally 5 que, em 2024, n\u00e3o registou uma \u00fanica desist\u00eancia por problemas t\u00e9cnicos! A juntar a estes argumentos, o valor de 40.000\u20ac em pr\u00e9mios.<\/p>\n\n\n\n<h3 class=\"wp-block-heading\"><strong>Renault convida candidatos a pilotos a testar o Clio Rally 5<\/strong><\/h3>\n\n\n\n<p>Para todos os interessados em participar \u2013 pela primeira vez \u2013 no trof\u00e9u, no dia 12 de abril (s\u00e1bado), a Comiss\u00e3o Organizadora do Clio Trophy Portugal vai promover um teste com o Clio Rally 5. Numa classificativa de asfalto do Centro do pa\u00eds e com notas ditadas por um experiente navegador, os candidatos a piloto s\u00f3 v\u00e3o ter de levar consigo fato, capacete e luvas para poder confirmar a competitividade e viver as emo\u00e7\u00f5es que o Clio Rally 5 proporciona.<\/p>\n\n\n\n<p>A participa\u00e7\u00e3o no teste implica um pagamento de 500\u20ac, valor que ser\u00e1 integralmente deduzido com a inscri\u00e7\u00e3o no Clio Trophy Portugal. Para mais informa\u00e7\u00f5es e formaliza\u00e7\u00e3o da inscri\u00e7\u00e3o, os interessados devem recorrer ao email&nbsp;<a href=\"mailto:info@cliotrophy.pt\">info@cliotrophy.pt<\/a><\/p>\n\n\n\n<p>Com uma rela\u00e7\u00e3o competitividade\/pre\u00e7o imbat\u00edvel, o Clio Rally 5 \u00e9 o mais vitorioso e fi\u00e1vel carro da categoria. Para al\u00e9m de beneficiar de uma homologa\u00e7\u00e3o FIA, \u00e9 equipado com uma caixa de velocidades sequencial Sadev, diferencial autoblocante, suspens\u00f5es e trav\u00f5es espec\u00edficos e, claro, todos os equipamentos de seguran\u00e7a exigidos pelos regulamentos internacionais.<\/p>\n\n\n\n<p>A\u00a0<a href=\"https:\/\/www.michelin.pt\/\">Michelin<\/a>\u00a0\u00e9 o novo fornecedor de pneus, juntando-se assim \u00e0\u00a0<a href=\"https:\/\/mobilize-fs.pt\/\">Mobilize Financial Services<\/a>\u00a0e \u00e0\u00a0<a href=\"https:\/\/www.motrio.pt\/\">MOTRIO<\/a>\u00a0como parceiros da iniciativa promovida pela Renault Portugal.<\/p>\n\n\n\n<p><strong>Sobre o Clio Trophy Portugal<\/strong><br>O Clio Trophy Portugal \u00e9 um trof\u00e9u monomarca promovido pela Renault Portugal, baseado no Renault Clio Rally5, um modelo homologado pela FIA. Com um calend\u00e1rio competitivo e acess\u00edvel, o trof\u00e9u \u00e9 ideal para pilotos em in\u00edcio de carreira que desejam destacar-se no desporto autom\u00f3vel.<\/p>\n","protected":false},"excerpt":{"rendered":"<p>Est\u00e1 fechado o calend\u00e1rio da edi\u00e7\u00e3o 2025 do Clio Trophy Portugal. Uma \u00e9poca com cinco ralis de asfalto, com a&#8230;<\/p>\n","protected":false},"author":7,"featured_media":13684,"comment_status":"closed","ping_status":"open","sticky":false,"template":"","format":"standard","meta":[],"categories":[24],"tags":[852,848,242,751,217,457,85,87],"yoast_head":"<!-- This site is optimized with the Yoast SEO plugin v20.12 - https:\/\/yoast.com\/wordpress\/plugins\/seo\/ -->\n<title>Clio Trophy Portugal fecha o calend\u00e1rio 2025 e convida pilotos a testar o Clio Rally5 - Atelier do Caractere<\/title>\n<meta name=\"robots\" content=\"index, follow, max-snippet:-1, max-image-preview:large, max-video-preview:-1\" \/>\n<link rel=\"canonical\" href=\"https:\/\/www.atelierdocaractere.pt\/brevemente\/clio-trophy-portugal-fecha-o-calendario-2025-e-convida-pilotos-a-testar-o-clio-rally5\/\" \/>\n<meta property=\"og:locale\" content=\"pt_PT\" \/>\n<meta property=\"og:type\" content=\"article\" \/>\n<meta property=\"og:title\" content=\"Clio Trophy Portugal fecha o calend\u00e1rio 2025 e convida pilotos a testar o Clio Rally5 - Atelier do Caractere\" \/>\n<meta property=\"og:description\" content=\"Est\u00e1 fechado o calend\u00e1rio da edi\u00e7\u00e3o 2025 do Clio Trophy Portugal. Uma \u00e9poca com cinco ralis de asfalto, com a...\" \/>\n<meta property=\"og:url\" content=\"https:\/\/www.atelierdocaractere.pt\/brevemente\/clio-trophy-portugal-fecha-o-calendario-2025-e-convida-pilotos-a-testar-o-clio-rally5\/\" \/>\n<meta property=\"og:site_name\" content=\"Atelier do Caractere\" \/>\n<meta property=\"article:publisher\" content=\"https:\/\/www.facebook.com\/AtelierdoCaractere\" \/>\n<meta property=\"article:published_time\" content=\"2025-03-14T12:52:13+00:00\" \/>\n<meta property=\"article:modified_time\" content=\"2025-03-14T12:52:18+00:00\" \/>\n<meta property=\"og:image\" content=\"https:\/\/www.atelierdocaractere.pt\/wp-content\/uploads\/2025\/03\/74bd3e082bf85e76fc60aa0f94a428df-l.png.webp\" \/>\n\t<meta property=\"og:image:width\" content=\"2000\" \/>\n\t<meta property=\"og:image:height\" content=\"1128\" \/>\n\t<meta property=\"og:image:type\" content=\"image\/webp\" \/>\n<meta name=\"author\" content=\"Joana Barbosa\" \/>\n<meta name=\"twitter:card\" content=\"summary_large_image\" \/>\n<meta name=\"twitter:label1\" content=\"Escrito por\" \/>\n\t<meta name=\"twitter:data1\" content=\"Joana Barbosa\" \/>\n\t<meta name=\"twitter:label2\" content=\"Tempo estimado de leitura\" \/>\n\t<meta name=\"twitter:data2\" content=\"3 minutos\" \/>\n<script type=\"application\/ld+json\" class=\"yoast-schema-graph\">{\"@context\":\"https:\/\/schema.org\",\"@graph\":[{\"@type\":\"WebPage\",\"@id\":\"https:\/\/www.atelierdocaractere.pt\/brevemente\/clio-trophy-portugal-fecha-o-calendario-2025-e-convida-pilotos-a-testar-o-clio-rally5\/\",\"url\":\"https:\/\/www.atelierdocaractere.pt\/brevemente\/clio-trophy-portugal-fecha-o-calendario-2025-e-convida-pilotos-a-testar-o-clio-rally5\/\",\"name\":\"Clio Trophy Portugal fecha o calend\u00e1rio 2025 e convida pilotos a testar o Clio Rally5 - Atelier do Caractere\",\"isPartOf\":{\"@id\":\"https:\/\/www.atelierdocaractere.pt\/brevemente\/#website\"},\"datePublished\":\"2025-03-14T12:52:13+00:00\",\"dateModified\":\"2025-03-14T12:52:18+00:00\",\"author\":{\"@id\":\"https:\/\/www.atelierdocaractere.pt\/brevemente\/#\/schema\/person\/f2f096eb0f27d9894725af22cb97c0db\"},\"breadcrumb\":{\"@id\":\"https:\/\/www.atelierdocaractere.pt\/brevemente\/clio-trophy-portugal-fecha-o-calendario-2025-e-convida-pilotos-a-testar-o-clio-rally5\/#breadcrumb\"},\"inLanguage\":\"pt-PT\",\"potentialAction\":[{\"@type\":\"ReadAction\",\"target\":[\"https:\/\/www.atelierdocaractere.pt\/brevemente\/clio-trophy-portugal-fecha-o-calendario-2025-e-convida-pilotos-a-testar-o-clio-rally5\/\"]}]},{\"@type\":\"BreadcrumbList\",\"@id\":\"https:\/\/www.atelierdocaractere.pt\/brevemente\/clio-trophy-portugal-fecha-o-calendario-2025-e-convida-pilotos-a-testar-o-clio-rally5\/#breadcrumb\",\"itemListElement\":[{\"@type\":\"ListItem\",\"position\":1,\"name\":\"In\u00edcio\",\"item\":\"https:\/\/www.atelierdocaractere.pt\/brevemente\/\"},{\"@type\":\"ListItem\",\"position\":2,\"name\":\"Clio Trophy Portugal fecha o calend\u00e1rio 2025 e convida pilotos a testar o Clio Rally5\"}]},{\"@type\":\"WebSite\",\"@id\":\"https:\/\/www.atelierdocaractere.pt\/brevemente\/#website\",\"url\":\"https:\/\/www.atelierdocaractere.pt\/brevemente\/\",\"name\":\"Atelier do Caractere\",\"description\":\"\",\"potentialAction\":[{\"@type\":\"SearchAction\",\"target\":{\"@type\":\"EntryPoint\",\"urlTemplate\":\"https:\/\/www.atelierdocaractere.pt\/brevemente\/?s={search_term_string}\"},\"query-input\":\"required name=search_term_string\"}],\"inLanguage\":\"pt-PT\"},{\"@type\":\"Person\",\"@id\":\"https:\/\/www.atelierdocaractere.pt\/brevemente\/#\/schema\/person\/f2f096eb0f27d9894725af22cb97c0db\",\"name\":\"Joana Barbosa\",\"image\":{\"@type\":\"ImageObject\",\"inLanguage\":\"pt-PT\",\"@id\":\"https:\/\/www.atelierdocaractere.pt\/brevemente\/#\/schema\/person\/image\/\",\"url\":\"https:\/\/secure.gravatar.com\/avatar\/33e8214b45e9d68a3a83008731075979?s=96&d=mm&r=g\",\"contentUrl\":\"https:\/\/secure.gravatar.com\/avatar\/33e8214b45e9d68a3a83008731075979?s=96&d=mm&r=g\",\"caption\":\"Joana Barbosa\"},\"url\":\"https:\/\/www.atelierdocaractere.pt\/brevemente\/author\/joanabarbosa\/\"}]}<\/script>\n<!-- \/ Yoast SEO plugin. -->","yoast_head_json":{"title":"Clio Trophy Portugal fecha o calend\u00e1rio 2025 e convida pilotos a testar o Clio Rally5 - Atelier do Caractere","robots":{"index":"index","follow":"follow","max-snippet":"max-snippet:-1","max-image-preview":"max-image-preview:large","max-video-preview":"max-video-preview:-1"},"canonical":"https:\/\/www.atelierdocaractere.pt\/brevemente\/clio-trophy-portugal-fecha-o-calendario-2025-e-convida-pilotos-a-testar-o-clio-rally5\/","og_locale":"pt_PT","og_type":"article","og_title":"Clio Trophy Portugal fecha o calend\u00e1rio 2025 e convida pilotos a testar o Clio Rally5 - Atelier do Caractere","og_description":"Est\u00e1 fechado o calend\u00e1rio da edi\u00e7\u00e3o 2025 do Clio Trophy Portugal. Uma \u00e9poca com cinco ralis de asfalto, com a...","og_url":"https:\/\/www.atelierdocaractere.pt\/brevemente\/clio-trophy-portugal-fecha-o-calendario-2025-e-convida-pilotos-a-testar-o-clio-rally5\/","og_site_name":"Atelier do Caractere","article_publisher":"https:\/\/www.facebook.com\/AtelierdoCaractere","article_published_time":"2025-03-14T12:52:13+00:00","article_modified_time":"2025-03-14T12:52:18+00:00","og_image":[{"width":2000,"height":1128,"url":"https:\/\/www.atelierdocaractere.pt\/wp-content\/uploads\/2025\/03\/74bd3e082bf85e76fc60aa0f94a428df-l.png.webp","type":"image\/webp"}],"author":"Joana Barbosa","twitter_card":"summary_large_image","twitter_misc":{"Escrito por":"Joana Barbosa","Tempo estimado de leitura":"3 minutos"},"schema":{"@context":"https:\/\/schema.org","@graph":[{"@type":"WebPage","@id":"https:\/\/www.atelierdocaractere.pt\/brevemente\/clio-trophy-portugal-fecha-o-calendario-2025-e-convida-pilotos-a-testar-o-clio-rally5\/","url":"https:\/\/www.atelierdocaractere.pt\/brevemente\/clio-trophy-portugal-fecha-o-calendario-2025-e-convida-pilotos-a-testar-o-clio-rally5\/","name":"Clio Trophy Portugal fecha o calend\u00e1rio 2025 e convida pilotos a testar o Clio Rally5 - Atelier do Caractere","isPartOf":{"@id":"https:\/\/www.atelierdocaractere.pt\/brevemente\/#website"},"datePublished":"2025-03-14T12:52:13+00:00","dateModified":"2025-03-14T12:52:18+00:00","author":{"@id":"https:\/\/www.atelierdocaractere.pt\/brevemente\/#\/schema\/person\/f2f096eb0f27d9894725af22cb97c0db"},"breadcrumb":{"@id":"https:\/\/www.atelierdocaractere.pt\/brevemente\/clio-trophy-portugal-fecha-o-calendario-2025-e-convida-pilotos-a-testar-o-clio-rally5\/#breadcrumb"},"inLanguage":"pt-PT","potentialAction":[{"@type":"ReadAction","target":["https:\/\/www.atelierdocaractere.pt\/brevemente\/clio-trophy-portugal-fecha-o-calendario-2025-e-convida-pilotos-a-testar-o-clio-rally5\/"]}]},{"@type":"BreadcrumbList","@id":"https:\/\/www.atelierdocaractere.pt\/brevemente\/clio-trophy-portugal-fecha-o-calendario-2025-e-convida-pilotos-a-testar-o-clio-rally5\/#breadcrumb","itemListElement":[{"@type":"ListItem","position":1,"name":"In\u00edcio","item":"https:\/\/www.atelierdocaractere.pt\/brevemente\/"},{"@type":"ListItem","position":2,"name":"Clio Trophy Portugal fecha o calend\u00e1rio 2025 e convida pilotos a testar o Clio Rally5"}]},{"@type":"WebSite","@id":"https:\/\/www.atelierdocaractere.pt\/brevemente\/#website","url":"https:\/\/www.atelierdocaractere.pt\/brevemente\/","name":"Atelier do Caractere","description":"","potentialAction":[{"@type":"SearchAction","target":{"@type":"EntryPoint","urlTemplate":"https:\/\/www.atelierdocaractere.pt\/brevemente\/?s={search_term_string}"},"query-input":"required name=search_term_string"}],"inLanguage":"pt-PT"},{"@type":"Person","@id":"https:\/\/www.atelierdocaractere.pt\/brevemente\/#\/schema\/person\/f2f096eb0f27d9894725af22cb97c0db","name":"Joana Barbosa","image":{"@type":"ImageObject","inLanguage":"pt-PT","@id":"https:\/\/www.atelierdocaractere.pt\/brevemente\/#\/schema\/person\/image\/","url":"https:\/\/secure.gravatar.com\/avatar\/33e8214b45e9d68a3a83008731075979?s=96&d=mm&r=g","contentUrl":"https:\/\/secure.gravatar.com\/avatar\/33e8214b45e9d68a3a83008731075979?s=96&d=mm&r=g","caption":"Joana Barbosa"},"url":"https:\/\/www.atelierdocaractere.pt\/brevemente\/author\/joanabarbosa\/"}]}},"_links":{"self":[{"href":"https:\/\/www.atelierdocaractere.pt\/brevemente\/wp-json\/wp\/v2\/posts\/13683"}],"collection":[{"href":"https:\/\/www.atelierdocaractere.pt\/brevemente\/wp-json\/wp\/v2\/posts"}],"about":[{"href":"https:\/\/www.atelierdocaractere.pt\/brevemente\/wp-json\/wp\/v2\/types\/post"}],"author":[{"embeddable":true,"href":"https:\/\/www.atelierdocaractere.pt\/brevemente\/wp-json\/wp\/v2\/users\/7"}],"replies":[{"embeddable":true,"href":"https:\/\/www.atelierdocaractere.pt\/brevemente\/wp-json\/wp\/v2\/comments?post=13683"}],"version-history":[{"count":1,"href":"https:\/\/www.atelierdocaractere.pt\/brevemente\/wp-json\/wp\/v2\/posts\/13683\/revisions"}],"predecessor-version":[{"id":13685,"href":"https:\/\/www.atelierdocaractere.pt\/brevemente\/wp-json\/wp\/v2\/posts\/13683\/revisions\/13685"}],"wp:featuredmedia":[{"embeddable":true,"href":"https:\/\/www.atelierdocaractere.pt\/brevemente\/wp-json\/wp\/v2\/media\/13684"}],"wp:attachment":[{"href":"https:\/\/www.atelierdocaractere.pt\/brevemente\/wp-json\/wp\/v2\/media?parent=13683"}],"wp:term":[{"taxonomy":"category","embeddable":true,"href":"https:\/\/www.atelierdocaractere.pt\/brevemente\/wp-json\/wp\/v2\/categories?post=13683"},{"taxonomy":"post_tag","embeddable":true,"href":"https:\/\/www.atelierdocaractere.pt\/brevemente\/wp-json\/wp\/v2\/tags?post=13683"}],"curies":[{"name":"wp","href":"https:\/\/api.w.org\/{rel}","templated":true}]}}