{"id":13699,"date":"2025-03-14T21:36:24","date_gmt":"2025-03-14T21:36:24","guid":{"rendered":"https:\/\/www.atelierdocaractere.pt\/brevemente\/?p=13699"},"modified":"2025-03-14T21:36:27","modified_gmt":"2025-03-14T21:36:27","slug":"turismo-centro-de-portugal-lanca-novo-portal-outdoor-e-reforca-parcerias-na-btl","status":"publish","type":"post","link":"https:\/\/www.atelierdocaractere.pt\/brevemente\/turismo-centro-de-portugal-lanca-novo-portal-outdoor-e-reforca-parcerias-na-btl\/","title":{"rendered":"Turismo Centro de Portugal lan\u00e7a novo Portal Outdoor e refor\u00e7a parcerias na BTL\u00a0"},"content":{"rendered":"\n<h3 class=\"wp-block-heading\">O terceiro dia de feira no stand da Turismo Centro de Portugal ficou marcado pela assinatura de protocolos com parceiros e com apresenta\u00e7\u00f5es de novos produtos tur\u00edsticos.<\/h3>\n\n\n\n<figure class=\"wp-block-image size-large\"><img decoding=\"async\" width=\"1024\" height=\"682\" src=\"https:\/\/www.atelierdocaractere.pt\/wp-content\/uploads\/2025\/03\/btl5-1024x682.jpeg\" alt=\"\" class=\"wp-image-13700\" srcset=\"https:\/\/www.atelierdocaractere.pt\/wp-content\/uploads\/2025\/03\/btl5-1024x682.jpeg 1024w, https:\/\/www.atelierdocaractere.pt\/wp-content\/uploads\/2025\/03\/btl5-300x200.jpeg 300w, https:\/\/www.atelierdocaractere.pt\/wp-content\/uploads\/2025\/03\/btl5-768x512.jpeg 768w, https:\/\/www.atelierdocaractere.pt\/wp-content\/uploads\/2025\/03\/btl5-900x600.jpeg 900w, https:\/\/www.atelierdocaractere.pt\/wp-content\/uploads\/2025\/03\/btl5-675x450.jpeg 675w, https:\/\/www.atelierdocaractere.pt\/wp-content\/uploads\/2025\/03\/btl5.jpeg 1280w\" sizes=\"(max-width: 1024px) 100vw, 1024px\" \/><\/figure>\n\n\n\n<p>O terceiro dia da&nbsp;<strong>BTL \u2013 Bolsa de Turismo de Lisboa<\/strong>&nbsp;no stand da Turismo Centro de Portugal foi marcado por tr\u00eas momentos de grande import\u00e2ncia para o turismo na regi\u00e3o: a apresenta\u00e7\u00e3o do novo &#8220;Portal Outdoor&#8221;, a ades\u00e3o de novos parceiros \u00e0 Rede Portuguesa do Turismo Industrial e a assinatura do protocolo de colabora\u00e7\u00e3o para os Itiner\u00e1rios Napole\u00f3nicos.<\/p>\n\n\n\n<p>A apresenta\u00e7\u00e3o do &#8220;Portal Outdoor&#8221; do Centro de Portugal foi um dos destaques do dia. Esta inovadora plataforma digital, acess\u00edvel a partir de hoje no site da Turismo Centro de Portugal (<a href=\"https:\/\/turismodocentro.us17.list-manage.com\/track\/click?u=9b14ef0c6c1999e92ddae9fc9&amp;id=5ebf48bf4f&amp;e=b491eca746\">https:\/\/outdoor.turismodocentro.pt\/<\/a>), re\u00fane num s\u00f3 espa\u00e7o toda a oferta de atividades ao ar livre da regi\u00e3o, anteriormente dispersa. O portal disponibiliza mais de 1.200 percursos, incluindo trilhos pedestres, rotas cicl\u00e1veis, ciclismo de estrada, grandes rotas, travessias e caminhos de f\u00e9. Os utilizadores podem configurar os percursos conforme diversos filtros, como dist\u00e2ncia, dura\u00e7\u00e3o e n\u00edvel de dificuldade, entre outras funcionalidades.<\/p>\n\n\n\n<p>Al\u00e9m disso, a plataforma integra informa\u00e7\u00e3o sobre alojamentos, unidades de enoturismo, ag\u00eancias de viagens, empresas de anima\u00e7\u00e3o tur\u00edstica e servi\u00e7os de rent-a-car, permitindo aos visitantes planear experi\u00eancias completas na regi\u00e3o.<br>\u00a0<br><strong>Itiner\u00e1rios Napole\u00f3nicos e Turismo Industrial s\u00e3o apostas fortes<\/strong><br>Outro momento relevante do dia foi a assinatura do protocolo de colabora\u00e7\u00e3o para os Itiner\u00e1rios Napole\u00f3nicos, que reuniu no stand da Turismo Centro de Portugal representantes de cerca de 25 munic\u00edpios e diversas entidades ligadas ao turismo e patrim\u00f3nio hist\u00f3rico-militar. Esta iniciativa, promovida pelo Turismo de Portugal, visa coordenar a gest\u00e3o dos itiner\u00e1rios e refor\u00e7ar a identidade e atratividade das rotas napole\u00f3nicas no pa\u00eds.<\/p>\n\n\n\n<p>O protocolo prev\u00ea a dinamiza\u00e7\u00e3o de iniciativas de divulga\u00e7\u00e3o, a realiza\u00e7\u00e3o de um encontro nacional anual e a colabora\u00e7\u00e3o com o &#8220;Destination Napoleon&#8221;, Itiner\u00e1rio Cultural reconhecido pelo Conselho da Europa. A cria\u00e7\u00e3o e gest\u00e3o da marca &#8220;Itiner\u00e1rios Napole\u00f3nicos Portugal&#8221; s\u00e3o tamb\u00e9m compromissos assumidos pelos signat\u00e1rios.<\/p>\n\n\n\n<p>Os parceiros da rede na regi\u00e3o Centro incluem a Turismo Centro de Portugal, a CIM Regi\u00e3o de Coimbra, a Associa\u00e7\u00e3o Linhas de Torres e os munic\u00edpios de Albergaria-a-Velha, Almeida, Batalha, Belmonte, Celorico da Beira, Condeixa-a-Nova, Covilh\u00e3, Gouveia, Lous\u00e3, Mealhada, Montemor-o-Velho, Mort\u00e1gua, \u00d3bidos, Penacova, Pinhel, Pombal, Sabugal e Vila Nova de Poiares.<\/p>\n\n\n\n<p>A sess\u00e3o de ades\u00e3o de 14 novos parceiros \u00e0 Rede Portuguesa do Turismo Industrial foi outro momento de destaque, seguida da apresenta\u00e7\u00e3o do Roteiro de Turismo Industrial, que convida os visitantes a conhecer f\u00e1bricas em labora\u00e7\u00e3o e museus ligados a antigos complexos industriais. Os novos parceiros s\u00e3o: Bambu Bicycles (Anadia), Lic\u00f3bidos (\u00d3bidos), J. Gomes (Covilh\u00e3), Frut\u00f3bidos (\u00d3bidos), Museu do Azeite (Oliveira do Hospital), Museu F\u00e1brica da Hist\u00f3ria-Arroz (Estarreja), Mutex \u2013 Museu dos T\u00eaxteis (Castelo Branco), Museu Municipal de Alcanena, Renova \u2013 F\u00e1brica de Papel do Almonda (Torres Novas), Recer (Oliveira do Bairro), Radiol\u00e2ndia \u2013 Museu da R\u00e1dio (Oliveira do Bairro), Porcel (Oliveira do Bairro), Margaval Vinhos (Tomar) e Albano Morgado SA (Castanheira de Pera).<br>\u00a0<br><strong>Muitas apresenta\u00e7\u00f5es e ativa\u00e7\u00f5es<\/strong><br>Al\u00e9m destes momentos principais, o dia foi marcado por outras iniciativas de relevo. Logo pela manh\u00e3, o stand da Turismo Centro de Portugal recebeu a grava\u00e7\u00e3o do \u201cPrograma Cujo Nome Estamos Legalmente Impedidos de Dizer\u201d, da SIC Not\u00edcias, que contou com a presen\u00e7a de Ricardo Ara\u00fajo Pereira, Jo\u00e3o Miguel Tavares, Francisco Mendes da Silva (em substitui\u00e7\u00e3o tempor\u00e1ria de Pedro Mexia) e Carlos Vaz Marques, atraindo uma multid\u00e3o de curiosos.<\/p>\n\n\n\n<p>Durante a tarde, v\u00e1rios parceiros da Turismo Centro de Portugal apresentaram novos projetos. A ADXISTUR &#8211; Aldeias do Xisto revelou o seu novo posicionamento estrat\u00e9gico, assente no conceito \u201cXclusive Xisto\u201d, que convida os visitantes a desfrutarem de experi\u00eancias exclusivas na rede, dispon\u00edveis para reserva no site Bookinxisto. J\u00e1 as Aldeias de Montanha lan\u00e7aram o programa &#8220;V\u00f3ficina&#8221;, que pretende integrar as pequenas oficinas artesanais na atividade tur\u00edstica, promovendo o artesanato local e proporcionando experi\u00eancias aos visitantes.<\/p>\n\n\n\n<p>O turismo desportivo esteve em evid\u00eancia com a apresenta\u00e7\u00e3o do evento &#8220;Oh Meu Deus\u00ae Ultra Trail \u2013 Centro de Portugal&#8221; e do Granfondo Serra da Estrela, refor\u00e7ando a posi\u00e7\u00e3o da regi\u00e3o como destino privilegiado para desportos de resist\u00eancia e aventura.<\/p>\n\n\n\n<p>Os munic\u00edpios da Mealhada, Mort\u00e1gua e Penacova apresentaram o calend\u00e1rio de eventos do produto tur\u00edstico \u201cMondego Bussaco\u201d, que junta os tr\u00eas territ\u00f3rios numa promo\u00e7\u00e3o comum.<\/p>\n\n\n\n<p>No setor gastron\u00f3mico e v\u00ednico, os visitantes puderam assistir a provas e degusta\u00e7\u00f5es que evidenciaram a riqueza da oferta regional, com destaque para os vinhos da Quinta de S. Sebasti\u00e3o, o showcooking &#8220;Sabores Monumentais&#8221; do restaurante Mosteiro do Leit\u00e3o, a apresenta\u00e7\u00e3o da Chanfana como prato identit\u00e1rio do Centro de Portugal pela Confraria da Chanfana, e a prova Charme, promovida pela Ginja Vila das Rainhas.<\/p>\n\n\n\n<p>O Munic\u00edpio de Trancoso apresentou o produto tur\u00edstico \u201cPatrim\u00f3nio Judaico em Trancoso\u201d e a Covilh\u00e3 deu a conhecer a Trienal de Design, inserida na Cidade Criativa do Design.<\/p>\n\n\n\n<p>Tal como nos dias anteriores, o stand da Turismo Centro de Portugal recebeu visitas de figuras de destaque. Hoje, o Primeiro-Ministro, Lu\u00eds Montenegro, e o l\u00edder do PS, Pedro Nuno Santos, marcaram presen\u00e7a, sublinhando a import\u00e2ncia estrat\u00e9gica do turismo para a economia nacional e a valoriza\u00e7\u00e3o das regi\u00f5es.<br><br><strong>Jantar \u201cSabores ao Centro!\u201d deu a provar o melhor da regi\u00e3o<\/strong><br>Uma refer\u00eancia ainda para o jantar \u201cSabores ao Centro!\u201d, que decorreu na noite de dia 13 e que deu a provar, a jornalistas e convidados, alguns produtos das oito sub-regi\u00f5es do Centro de Portugal, acompanhados pelos vinhos das cinco comiss\u00f5es vitivin\u00edcolas da regi\u00e3o. Foi um momento alto da afirma\u00e7\u00e3o do Centro de Portugal como destino de excel\u00eancia na gastronomia e na enologia.<\/p>\n\n\n\n<p>A programa\u00e7\u00e3o da BTL continua amanh\u00e3, com mais iniciativas que evidenciam a diversidade e riqueza do Centro de Portugal como destino tur\u00edstico de excel\u00eancia.<br><br><strong>CORRE\u00c7\u00c3O: Etapas do Rally de Portugal no Centro de Portugal<\/strong><\/p>\n\n\n\n<p>Por lament\u00e1vel lapso, no comunicado de imprensa enviado ontem, n\u00e3o foi referido o munic\u00edpio de Mort\u00e1gua como recebendo tamb\u00e9m o Rally de Portugal. Mort\u00e1gua recebe o Rally, como nos anos anteriores, com duas passagens pela classificativa que decorre neste territ\u00f3rio.<\/p>\n\n\n\n<p><strong>Sobre a Turismo Centro de Portugal:<\/strong><\/p>\n\n\n\n<p>A Turismo Centro de Portugal \u00e9 a entidade que estrutura e promove o turismo na Regi\u00e3o Centro do pa\u00eds. Esta \u00e9 a maior e mais diversificada \u00e1rea tur\u00edstica nacional, abrangendo 100 munic\u00edpios, e tem registado um intenso crescimento da procura interna e externa. \u00c9 a regi\u00e3o a escolher para quem pretende experi\u00eancias diversificadas, pois concilia locais Patrim\u00f3nio da Humanidade com a melhor costa de surf da Europa, termas e spas id\u00edlicos, locais de culto de import\u00e2ncia mundial e as mais belas aldeias.<\/p>\n","protected":false},"excerpt":{"rendered":"<p>O terceiro dia de feira no stand da Turismo Centro de Portugal ficou marcado pela assinatura de protocolos com parceiros&#8230;<\/p>\n","protected":false},"author":8,"featured_media":13700,"comment_status":"closed","ping_status":"open","sticky":false,"template":"","format":"standard","meta":[],"categories":[39],"tags":[81,485,765,349,346],"yoast_head":"<!-- This site is optimized with the Yoast SEO plugin v20.12 - https:\/\/yoast.com\/wordpress\/plugins\/seo\/ -->\n<title>Turismo Centro de Portugal lan\u00e7a novo Portal Outdoor e refor\u00e7a parcerias na BTL\u00a0 - Atelier do Caractere<\/title>\n<meta name=\"robots\" content=\"index, follow, max-snippet:-1, max-image-preview:large, max-video-preview:-1\" \/>\n<link rel=\"canonical\" href=\"https:\/\/www.atelierdocaractere.pt\/brevemente\/turismo-centro-de-portugal-lanca-novo-portal-outdoor-e-reforca-parcerias-na-btl\/\" \/>\n<meta property=\"og:locale\" content=\"pt_PT\" \/>\n<meta property=\"og:type\" content=\"article\" \/>\n<meta property=\"og:title\" content=\"Turismo Centro de Portugal lan\u00e7a novo Portal Outdoor e refor\u00e7a parcerias na BTL\u00a0 - Atelier do Caractere\" \/>\n<meta property=\"og:description\" content=\"O terceiro dia de feira no stand da Turismo Centro de Portugal ficou marcado pela assinatura de protocolos com parceiros...\" \/>\n<meta property=\"og:url\" content=\"https:\/\/www.atelierdocaractere.pt\/brevemente\/turismo-centro-de-portugal-lanca-novo-portal-outdoor-e-reforca-parcerias-na-btl\/\" \/>\n<meta property=\"og:site_name\" content=\"Atelier do Caractere\" \/>\n<meta property=\"article:publisher\" content=\"https:\/\/www.facebook.com\/AtelierdoCaractere\" \/>\n<meta property=\"article:published_time\" content=\"2025-03-14T21:36:24+00:00\" \/>\n<meta property=\"article:modified_time\" content=\"2025-03-14T21:36:27+00:00\" \/>\n<meta property=\"og:image\" content=\"https:\/\/www.atelierdocaractere.pt\/wp-content\/uploads\/2025\/03\/btl5.jpeg\" \/>\n\t<meta property=\"og:image:width\" content=\"1280\" \/>\n\t<meta property=\"og:image:height\" content=\"853\" \/>\n\t<meta property=\"og:image:type\" content=\"image\/jpeg\" \/>\n<meta name=\"author\" content=\"Andr\u00e9 Lopes\" \/>\n<meta name=\"twitter:card\" content=\"summary_large_image\" \/>\n<meta name=\"twitter:label1\" content=\"Escrito por\" \/>\n\t<meta name=\"twitter:data1\" content=\"Andr\u00e9 Lopes\" \/>\n\t<meta name=\"twitter:label2\" content=\"Tempo estimado de leitura\" \/>\n\t<meta name=\"twitter:data2\" content=\"7 minutos\" \/>\n<script type=\"application\/ld+json\" class=\"yoast-schema-graph\">{\"@context\":\"https:\/\/schema.org\",\"@graph\":[{\"@type\":\"WebPage\",\"@id\":\"https:\/\/www.atelierdocaractere.pt\/brevemente\/turismo-centro-de-portugal-lanca-novo-portal-outdoor-e-reforca-parcerias-na-btl\/\",\"url\":\"https:\/\/www.atelierdocaractere.pt\/brevemente\/turismo-centro-de-portugal-lanca-novo-portal-outdoor-e-reforca-parcerias-na-btl\/\",\"name\":\"Turismo Centro de Portugal lan\u00e7a novo Portal Outdoor e refor\u00e7a parcerias na BTL\u00a0 - Atelier do Caractere\",\"isPartOf\":{\"@id\":\"https:\/\/www.atelierdocaractere.pt\/brevemente\/#website\"},\"datePublished\":\"2025-03-14T21:36:24+00:00\",\"dateModified\":\"2025-03-14T21:36:27+00:00\",\"author\":{\"@id\":\"https:\/\/www.atelierdocaractere.pt\/brevemente\/#\/schema\/person\/434214d094c7f8243eba52cce01c3fbf\"},\"breadcrumb\":{\"@id\":\"https:\/\/www.atelierdocaractere.pt\/brevemente\/turismo-centro-de-portugal-lanca-novo-portal-outdoor-e-reforca-parcerias-na-btl\/#breadcrumb\"},\"inLanguage\":\"pt-PT\",\"potentialAction\":[{\"@type\":\"ReadAction\",\"target\":[\"https:\/\/www.atelierdocaractere.pt\/brevemente\/turismo-centro-de-portugal-lanca-novo-portal-outdoor-e-reforca-parcerias-na-btl\/\"]}]},{\"@type\":\"BreadcrumbList\",\"@id\":\"https:\/\/www.atelierdocaractere.pt\/brevemente\/turismo-centro-de-portugal-lanca-novo-portal-outdoor-e-reforca-parcerias-na-btl\/#breadcrumb\",\"itemListElement\":[{\"@type\":\"ListItem\",\"position\":1,\"name\":\"In\u00edcio\",\"item\":\"https:\/\/www.atelierdocaractere.pt\/brevemente\/\"},{\"@type\":\"ListItem\",\"position\":2,\"name\":\"Turismo Centro de Portugal lan\u00e7a novo Portal Outdoor e refor\u00e7a parcerias na BTL\u00a0\"}]},{\"@type\":\"WebSite\",\"@id\":\"https:\/\/www.atelierdocaractere.pt\/brevemente\/#website\",\"url\":\"https:\/\/www.atelierdocaractere.pt\/brevemente\/\",\"name\":\"Atelier do Caractere\",\"description\":\"\",\"potentialAction\":[{\"@type\":\"SearchAction\",\"target\":{\"@type\":\"EntryPoint\",\"urlTemplate\":\"https:\/\/www.atelierdocaractere.pt\/brevemente\/?s={search_term_string}\"},\"query-input\":\"required name=search_term_string\"}],\"inLanguage\":\"pt-PT\"},{\"@type\":\"Person\",\"@id\":\"https:\/\/www.atelierdocaractere.pt\/brevemente\/#\/schema\/person\/434214d094c7f8243eba52cce01c3fbf\",\"name\":\"Andr\u00e9 Lopes\",\"image\":{\"@type\":\"ImageObject\",\"inLanguage\":\"pt-PT\",\"@id\":\"https:\/\/www.atelierdocaractere.pt\/brevemente\/#\/schema\/person\/image\/\",\"url\":\"https:\/\/secure.gravatar.com\/avatar\/76af1c514620ffe1937f018fe03efb73?s=96&d=mm&r=g\",\"contentUrl\":\"https:\/\/secure.gravatar.com\/avatar\/76af1c514620ffe1937f018fe03efb73?s=96&d=mm&r=g\",\"caption\":\"Andr\u00e9 Lopes\"},\"url\":\"https:\/\/www.atelierdocaractere.pt\/brevemente\/author\/andre-lopes\/\"}]}<\/script>\n<!-- \/ Yoast SEO plugin. -->","yoast_head_json":{"title":"Turismo Centro de Portugal lan\u00e7a novo Portal Outdoor e refor\u00e7a parcerias na BTL\u00a0 - Atelier do Caractere","robots":{"index":"index","follow":"follow","max-snippet":"max-snippet:-1","max-image-preview":"max-image-preview:large","max-video-preview":"max-video-preview:-1"},"canonical":"https:\/\/www.atelierdocaractere.pt\/brevemente\/turismo-centro-de-portugal-lanca-novo-portal-outdoor-e-reforca-parcerias-na-btl\/","og_locale":"pt_PT","og_type":"article","og_title":"Turismo Centro de Portugal lan\u00e7a novo Portal Outdoor e refor\u00e7a parcerias na BTL\u00a0 - Atelier do Caractere","og_description":"O terceiro dia de feira no stand da Turismo Centro de Portugal ficou marcado pela assinatura de protocolos com parceiros...","og_url":"https:\/\/www.atelierdocaractere.pt\/brevemente\/turismo-centro-de-portugal-lanca-novo-portal-outdoor-e-reforca-parcerias-na-btl\/","og_site_name":"Atelier do Caractere","article_publisher":"https:\/\/www.facebook.com\/AtelierdoCaractere","article_published_time":"2025-03-14T21:36:24+00:00","article_modified_time":"2025-03-14T21:36:27+00:00","og_image":[{"width":1280,"height":853,"url":"https:\/\/www.atelierdocaractere.pt\/wp-content\/uploads\/2025\/03\/btl5.jpeg","type":"image\/jpeg"}],"author":"Andr\u00e9 Lopes","twitter_card":"summary_large_image","twitter_misc":{"Escrito por":"Andr\u00e9 Lopes","Tempo estimado de leitura":"7 minutos"},"schema":{"@context":"https:\/\/schema.org","@graph":[{"@type":"WebPage","@id":"https:\/\/www.atelierdocaractere.pt\/brevemente\/turismo-centro-de-portugal-lanca-novo-portal-outdoor-e-reforca-parcerias-na-btl\/","url":"https:\/\/www.atelierdocaractere.pt\/brevemente\/turismo-centro-de-portugal-lanca-novo-portal-outdoor-e-reforca-parcerias-na-btl\/","name":"Turismo Centro de Portugal lan\u00e7a novo Portal Outdoor e refor\u00e7a parcerias na BTL\u00a0 - Atelier do Caractere","isPartOf":{"@id":"https:\/\/www.atelierdocaractere.pt\/brevemente\/#website"},"datePublished":"2025-03-14T21:36:24+00:00","dateModified":"2025-03-14T21:36:27+00:00","author":{"@id":"https:\/\/www.atelierdocaractere.pt\/brevemente\/#\/schema\/person\/434214d094c7f8243eba52cce01c3fbf"},"breadcrumb":{"@id":"https:\/\/www.atelierdocaractere.pt\/brevemente\/turismo-centro-de-portugal-lanca-novo-portal-outdoor-e-reforca-parcerias-na-btl\/#breadcrumb"},"inLanguage":"pt-PT","potentialAction":[{"@type":"ReadAction","target":["https:\/\/www.atelierdocaractere.pt\/brevemente\/turismo-centro-de-portugal-lanca-novo-portal-outdoor-e-reforca-parcerias-na-btl\/"]}]},{"@type":"BreadcrumbList","@id":"https:\/\/www.atelierdocaractere.pt\/brevemente\/turismo-centro-de-portugal-lanca-novo-portal-outdoor-e-reforca-parcerias-na-btl\/#breadcrumb","itemListElement":[{"@type":"ListItem","position":1,"name":"In\u00edcio","item":"https:\/\/www.atelierdocaractere.pt\/brevemente\/"},{"@type":"ListItem","position":2,"name":"Turismo Centro de Portugal lan\u00e7a novo Portal Outdoor e refor\u00e7a parcerias na BTL\u00a0"}]},{"@type":"WebSite","@id":"https:\/\/www.atelierdocaractere.pt\/brevemente\/#website","url":"https:\/\/www.atelierdocaractere.pt\/brevemente\/","name":"Atelier do Caractere","description":"","potentialAction":[{"@type":"SearchAction","target":{"@type":"EntryPoint","urlTemplate":"https:\/\/www.atelierdocaractere.pt\/brevemente\/?s={search_term_string}"},"query-input":"required name=search_term_string"}],"inLanguage":"pt-PT"},{"@type":"Person","@id":"https:\/\/www.atelierdocaractere.pt\/brevemente\/#\/schema\/person\/434214d094c7f8243eba52cce01c3fbf","name":"Andr\u00e9 Lopes","image":{"@type":"ImageObject","inLanguage":"pt-PT","@id":"https:\/\/www.atelierdocaractere.pt\/brevemente\/#\/schema\/person\/image\/","url":"https:\/\/secure.gravatar.com\/avatar\/76af1c514620ffe1937f018fe03efb73?s=96&d=mm&r=g","contentUrl":"https:\/\/secure.gravatar.com\/avatar\/76af1c514620ffe1937f018fe03efb73?s=96&d=mm&r=g","caption":"Andr\u00e9 Lopes"},"url":"https:\/\/www.atelierdocaractere.pt\/brevemente\/author\/andre-lopes\/"}]}},"_links":{"self":[{"href":"https:\/\/www.atelierdocaractere.pt\/brevemente\/wp-json\/wp\/v2\/posts\/13699"}],"collection":[{"href":"https:\/\/www.atelierdocaractere.pt\/brevemente\/wp-json\/wp\/v2\/posts"}],"about":[{"href":"https:\/\/www.atelierdocaractere.pt\/brevemente\/wp-json\/wp\/v2\/types\/post"}],"author":[{"embeddable":true,"href":"https:\/\/www.atelierdocaractere.pt\/brevemente\/wp-json\/wp\/v2\/users\/8"}],"replies":[{"embeddable":true,"href":"https:\/\/www.atelierdocaractere.pt\/brevemente\/wp-json\/wp\/v2\/comments?post=13699"}],"version-history":[{"count":1,"href":"https:\/\/www.atelierdocaractere.pt\/brevemente\/wp-json\/wp\/v2\/posts\/13699\/revisions"}],"predecessor-version":[{"id":13701,"href":"https:\/\/www.atelierdocaractere.pt\/brevemente\/wp-json\/wp\/v2\/posts\/13699\/revisions\/13701"}],"wp:featuredmedia":[{"embeddable":true,"href":"https:\/\/www.atelierdocaractere.pt\/brevemente\/wp-json\/wp\/v2\/media\/13700"}],"wp:attachment":[{"href":"https:\/\/www.atelierdocaractere.pt\/brevemente\/wp-json\/wp\/v2\/media?parent=13699"}],"wp:term":[{"taxonomy":"category","embeddable":true,"href":"https:\/\/www.atelierdocaractere.pt\/brevemente\/wp-json\/wp\/v2\/categories?post=13699"},{"taxonomy":"post_tag","embeddable":true,"href":"https:\/\/www.atelierdocaractere.pt\/brevemente\/wp-json\/wp\/v2\/tags?post=13699"}],"curies":[{"name":"wp","href":"https:\/\/api.w.org\/{rel}","templated":true}]}}