{"id":13740,"date":"2025-04-07T10:52:21","date_gmt":"2025-04-07T10:52:21","guid":{"rendered":"https:\/\/www.atelierdocaractere.pt\/brevemente\/?p=13740"},"modified":"2025-04-07T10:52:26","modified_gmt":"2025-04-07T10:52:26","slug":"carros-com-historia-voltam-a-acelerar-na-regiao-dos-templarios","status":"publish","type":"post","link":"https:\/\/www.atelierdocaractere.pt\/brevemente\/carros-com-historia-voltam-a-acelerar-na-regiao-dos-templarios\/","title":{"rendered":"Carros com hist\u00f3ria voltam a acelerar na regi\u00e3o dos Templ\u00e1rios"},"content":{"rendered":"\n<p><strong>O Templ\u00e1rios Rally Classic volta \u00e0 estrada nos dias 25 e 26 de abril. A cidade de Tomar \u00e9 o centro de um rali que re\u00fane alguns dos carros mais ic\u00f3nicos da hist\u00f3ria da modalidade, mas tamb\u00e9m alguns dos mais evolu\u00eddos e competitivos da atualidade. Uma prova que desafia o tempo, maioritariamente disputada num concelho com forte tradi\u00e7\u00e3o no desporto motorizado, mas este ano tamb\u00e9m com passagem por Ferreira do Z\u00eazere. Com organiza\u00e7\u00e3o do Motor Clube de Tomar, o Templ\u00e1rio Classic Rally vai ser disputado em pisos de asfalto.<\/strong><\/p>\n\n\n\n<figure class=\"wp-block-image size-large\"><img decoding=\"async\" width=\"1024\" height=\"682\" src=\"https:\/\/www.atelierdocaractere.pt\/wp-content\/uploads\/2025\/04\/templarios-rally-classic-nuno-pinto-1024x682.jpg\" alt=\"\" class=\"wp-image-13741\" srcset=\"https:\/\/www.atelierdocaractere.pt\/wp-content\/uploads\/2025\/04\/templarios-rally-classic-nuno-pinto-1024x682.jpg 1024w, https:\/\/www.atelierdocaractere.pt\/wp-content\/uploads\/2025\/04\/templarios-rally-classic-nuno-pinto-300x200.jpg 300w, https:\/\/www.atelierdocaractere.pt\/wp-content\/uploads\/2025\/04\/templarios-rally-classic-nuno-pinto-768x512.jpg 768w, https:\/\/www.atelierdocaractere.pt\/wp-content\/uploads\/2025\/04\/templarios-rally-classic-nuno-pinto-900x600.jpg 900w, https:\/\/www.atelierdocaractere.pt\/wp-content\/uploads\/2025\/04\/templarios-rally-classic-nuno-pinto-675x450.jpg 675w, https:\/\/www.atelierdocaractere.pt\/wp-content\/uploads\/2025\/04\/templarios-rally-classic-nuno-pinto.jpg 1280w\" sizes=\"(max-width: 1024px) 100vw, 1024px\" \/><\/figure>\n\n\n\n<p>Durante os anos 70 e in\u00edcio deste s\u00e9culo, o Rali de Portugal e a Volta a Portugal tinham passagem obrigat\u00f3ria pela cidade dos Templ\u00e1rios. Mais recentemente, fez parte do itiner\u00e1rio de provas pontu\u00e1veis para o Campeonato Nacional e Regional de ralis.&nbsp;<\/p>\n\n\n\n<p>A 6.\u00aa edi\u00e7\u00e3o do Templ\u00e1rios Rally Classic vai trazer para a estrada alguns emblem\u00e1ticos carros dessas \u00e9pocas, mas tamb\u00e9m mais recentes. A prova da categoria Legend organizada pelo Motor Clube de Tomar, realiza-se em piso de asfalto, tem duas etapas, num total de 183,09 km, e oito Provas Especiais de Classifica\u00e7\u00e3o, que totalizam 52,68 km, que na verdade s\u00e3o quatro, s\u00f3 que realizadas duas vezes. Al\u00e9m de podermos ver modelos de diferentes \u00e9pocas que ilustram a evolu\u00e7\u00e3o dos ralis, o Templ\u00e1rios Rally Classic serve tamb\u00e9m de promo\u00e7\u00e3o tur\u00edstica da regi\u00e3o.&nbsp;<\/p>\n\n\n\n<p>As classificativas disputam-se nas belas e seletivas estradas dos concelhos de Tomar e de Ferreira do Z\u00eazere, que t\u00eam, habitualmente, milhares de espetadores a seguir o rali. De destacar a realiza\u00e7\u00e3o de uma Super Especial no centro da cidade de Tomar, na noite de sexta-feira, dia 25, e a nova classificativa Dornes, que se realiza no s\u00e1bado, dia 26 de abril. O Parque Fechado, Parque de Assist\u00eancia e Abastecimento situam-se no Largo da V\u00e1rzea Grande, em Tomar, o que permite ao p\u00fablico estar perto dos carros e pilotos.<\/p>\n\n\n\n<p>O Templ\u00e1rios Rally Classic \u00e9 mais do que uma prova desportiva \u00e9 como mergulhar na hist\u00f3ria dos ralis. S\u00e3o admitidos carros de quatro categorias:&nbsp;<\/p>\n\n\n\n<p>&#8211; Ve\u00edculos Hist\u00f3ricos, viaturas at\u00e9 31\/12\/1987;<\/p>\n\n\n\n<p>&#8211; Ve\u00edculos Sport, com ficha de homologa\u00e7\u00e3o desde 01\/01\/1988 at\u00e9 31\/12\/1999;<\/p>\n\n\n\n<p>&#8211; Ve\u00edculos Open, viaturas de 01\/01\/2000 at\u00e9 31\/03\/2025.&nbsp;<\/p>\n\n\n\n<p>&#8211; Existe ainda a categoria Ve\u00edculos Show, para carros com homologa\u00e7\u00e3o FIA de Rally 1, Rally 2, Rally 3, Rally 4 e Rally 5, mas tamb\u00e9m os impressionantes carros de Grupos B, que foram proibidos de correr no WRC, no final de 1986.<\/p>\n\n\n\n<p>Quem quiser participar nesta emblem\u00e1tica prova pode fazer a sua inscri\u00e7\u00e3o no Portal Online da FPAK, at\u00e9 dia 21 de abril. A entrega da documenta\u00e7\u00e3o (road-book) come\u00e7a a ser feita a partir de 17 de abril.<\/p>\n\n\n\n<p>A primeira edi\u00e7\u00e3o teve lugar em 2017 e, nos anos seguintes, contou com a presen\u00e7a de alguns dos melhores pilotos portugueses, caso de Rui Madeira, que venceu em 2019.<\/p>\n\n\n<div class=\"wp-block-image\">\n<figure class=\"aligncenter size-large\"><img decoding=\"async\" width=\"721\" height=\"1024\" src=\"https:\/\/www.atelierdocaractere.pt\/wp-content\/uploads\/2025\/04\/templarios-rally-classic-cartaz-721x1024.jpg\" alt=\"\" class=\"wp-image-13742\" srcset=\"https:\/\/www.atelierdocaractere.pt\/wp-content\/uploads\/2025\/04\/templarios-rally-classic-cartaz-721x1024.jpg 721w, https:\/\/www.atelierdocaractere.pt\/wp-content\/uploads\/2025\/04\/templarios-rally-classic-cartaz-211x300.jpg 211w, https:\/\/www.atelierdocaractere.pt\/wp-content\/uploads\/2025\/04\/templarios-rally-classic-cartaz-768x1091.jpg 768w, https:\/\/www.atelierdocaractere.pt\/wp-content\/uploads\/2025\/04\/templarios-rally-classic-cartaz-1082x1536.jpg 1082w, https:\/\/www.atelierdocaractere.pt\/wp-content\/uploads\/2025\/04\/templarios-rally-classic-cartaz.jpg 1352w\" sizes=\"(max-width: 721px) 100vw, 721px\" \/><\/figure><\/div>\n\n\n<p><strong>PROGRAMA<\/strong><\/p>\n\n\n\n<p><strong>Sexta-feira, 25 de abril<\/strong><br>08h00 \u00e0s 13h00 \u2013 Verifica\u00e7\u00f5es Administrativas<br>08h10 \u00e0s 13h10 \u2013 Verifica\u00e7\u00f5es T\u00e9cnicas<br>16h00 \u2013 Partida 1.\u00aa etapa\/1.\u00aa sec\u00e7\u00e3o<br>16h13 &#8211; PEC 1 Porto Cavaleiros 1 (9,60 km)<br>17h31 \u2013 PEC 2 Porto de Cavaleiros 2 (9,60 km)\u00a0<br>18h06 \u2013 Parque de assist\u00eancia, V\u00e1rzea Grande<br>18h38 \u2013 Chegada da 1.\u00ba etapa\/1.\u00aa sec\u00e7\u00e3o<br>21h23 &#8211; Partida 1.\u00aa etapa\/2.\u00aa sec\u00e7\u00e3o<br>21h30 \u2013 PEC 3 Super Especial de Tomar 1 (1,72 km)<br>22h43 \u2013 PEC 4 Super Especial de Tomar 2 (1,72 km)<br>22h53 \u2013 Chegada da 1.\u00aa etapa\/2.\u00aa sec\u00e7\u00e3o<\/p>\n\n\n\n<p><strong>S\u00e1bado, 26 de abril<\/strong><br>9h30 &#8211; Partida 2.\u00aa etapa\/3.\u00aa sec\u00e7\u00e3o<br>10h18 \u2013 PEC 5 Dornes 1 (7,27 km)<br>11h36 \u2013 PEC 6 Dornes 2 (7,27 km)<br>12h11 \u2013 Reagrupamento em Ferreira do Z\u00eazere &#8211; Mercado\u00a0<br>13h56 \u2013 Partida 2.\u00aa etapa\/4.\u00ba sec\u00e7\u00e3o\u00a0<br>14h26 \u2013 Parque de assist\u00eancia, V\u00e1rzea Grande<br>14h59 \u2013 PEC 7 Bras\u00f5es 1 (7,75 km)<br>16h20 \u2013 PEC 8 Bras\u00f5es 2 (7,75 km)<br>16h42 \u2013 Chegada 2.\u00aa etapa\/3.\u00aa sec\u00e7\u00e3o<br>19h30 \u2013 Entrega de pr\u00e9mios<\/p>\n","protected":false},"excerpt":{"rendered":"<p>O Templ\u00e1rios Rally Classic volta \u00e0 estrada nos dias 25 e 26 de abril. A cidade de Tomar \u00e9 o&#8230;<\/p>\n","protected":false},"author":7,"featured_media":13741,"comment_status":"closed","ping_status":"open","sticky":false,"template":"","format":"standard","meta":[],"categories":[24],"tags":[947,945,946],"yoast_head":"<!-- This site is optimized with the Yoast SEO plugin v20.12 - https:\/\/yoast.com\/wordpress\/plugins\/seo\/ -->\n<title>Carros com hist\u00f3ria voltam a acelerar na regi\u00e3o dos Templ\u00e1rios - Atelier do Caractere<\/title>\n<meta name=\"robots\" content=\"index, follow, max-snippet:-1, max-image-preview:large, max-video-preview:-1\" \/>\n<link rel=\"canonical\" href=\"https:\/\/www.atelierdocaractere.pt\/brevemente\/carros-com-historia-voltam-a-acelerar-na-regiao-dos-templarios\/\" \/>\n<meta property=\"og:locale\" content=\"pt_PT\" \/>\n<meta property=\"og:type\" content=\"article\" \/>\n<meta property=\"og:title\" content=\"Carros com hist\u00f3ria voltam a acelerar na regi\u00e3o dos Templ\u00e1rios - Atelier do Caractere\" \/>\n<meta property=\"og:description\" content=\"O Templ\u00e1rios Rally Classic volta \u00e0 estrada nos dias 25 e 26 de abril. A cidade de Tomar \u00e9 o...\" \/>\n<meta property=\"og:url\" content=\"https:\/\/www.atelierdocaractere.pt\/brevemente\/carros-com-historia-voltam-a-acelerar-na-regiao-dos-templarios\/\" \/>\n<meta property=\"og:site_name\" content=\"Atelier do Caractere\" \/>\n<meta property=\"article:publisher\" content=\"https:\/\/www.facebook.com\/AtelierdoCaractere\" \/>\n<meta property=\"article:published_time\" content=\"2025-04-07T10:52:21+00:00\" \/>\n<meta property=\"article:modified_time\" content=\"2025-04-07T10:52:26+00:00\" \/>\n<meta property=\"og:image\" content=\"https:\/\/www.atelierdocaractere.pt\/wp-content\/uploads\/2025\/04\/templarios-rally-classic-nuno-pinto.jpg\" \/>\n\t<meta property=\"og:image:width\" content=\"1280\" \/>\n\t<meta property=\"og:image:height\" content=\"853\" \/>\n\t<meta property=\"og:image:type\" content=\"image\/jpeg\" \/>\n<meta name=\"author\" content=\"Joana Barbosa\" \/>\n<meta name=\"twitter:card\" content=\"summary_large_image\" \/>\n<meta name=\"twitter:label1\" content=\"Escrito por\" \/>\n\t<meta name=\"twitter:data1\" content=\"Joana Barbosa\" \/>\n\t<meta name=\"twitter:label2\" content=\"Tempo estimado de leitura\" \/>\n\t<meta name=\"twitter:data2\" content=\"4 minutos\" \/>\n<script type=\"application\/ld+json\" class=\"yoast-schema-graph\">{\"@context\":\"https:\/\/schema.org\",\"@graph\":[{\"@type\":\"WebPage\",\"@id\":\"https:\/\/www.atelierdocaractere.pt\/brevemente\/carros-com-historia-voltam-a-acelerar-na-regiao-dos-templarios\/\",\"url\":\"https:\/\/www.atelierdocaractere.pt\/brevemente\/carros-com-historia-voltam-a-acelerar-na-regiao-dos-templarios\/\",\"name\":\"Carros com hist\u00f3ria voltam a acelerar na regi\u00e3o dos Templ\u00e1rios - Atelier do Caractere\",\"isPartOf\":{\"@id\":\"https:\/\/www.atelierdocaractere.pt\/brevemente\/#website\"},\"datePublished\":\"2025-04-07T10:52:21+00:00\",\"dateModified\":\"2025-04-07T10:52:26+00:00\",\"author\":{\"@id\":\"https:\/\/www.atelierdocaractere.pt\/brevemente\/#\/schema\/person\/f2f096eb0f27d9894725af22cb97c0db\"},\"breadcrumb\":{\"@id\":\"https:\/\/www.atelierdocaractere.pt\/brevemente\/carros-com-historia-voltam-a-acelerar-na-regiao-dos-templarios\/#breadcrumb\"},\"inLanguage\":\"pt-PT\",\"potentialAction\":[{\"@type\":\"ReadAction\",\"target\":[\"https:\/\/www.atelierdocaractere.pt\/brevemente\/carros-com-historia-voltam-a-acelerar-na-regiao-dos-templarios\/\"]}]},{\"@type\":\"BreadcrumbList\",\"@id\":\"https:\/\/www.atelierdocaractere.pt\/brevemente\/carros-com-historia-voltam-a-acelerar-na-regiao-dos-templarios\/#breadcrumb\",\"itemListElement\":[{\"@type\":\"ListItem\",\"position\":1,\"name\":\"In\u00edcio\",\"item\":\"https:\/\/www.atelierdocaractere.pt\/brevemente\/\"},{\"@type\":\"ListItem\",\"position\":2,\"name\":\"Carros com hist\u00f3ria voltam a acelerar na regi\u00e3o dos Templ\u00e1rios\"}]},{\"@type\":\"WebSite\",\"@id\":\"https:\/\/www.atelierdocaractere.pt\/brevemente\/#website\",\"url\":\"https:\/\/www.atelierdocaractere.pt\/brevemente\/\",\"name\":\"Atelier do Caractere\",\"description\":\"\",\"potentialAction\":[{\"@type\":\"SearchAction\",\"target\":{\"@type\":\"EntryPoint\",\"urlTemplate\":\"https:\/\/www.atelierdocaractere.pt\/brevemente\/?s={search_term_string}\"},\"query-input\":\"required name=search_term_string\"}],\"inLanguage\":\"pt-PT\"},{\"@type\":\"Person\",\"@id\":\"https:\/\/www.atelierdocaractere.pt\/brevemente\/#\/schema\/person\/f2f096eb0f27d9894725af22cb97c0db\",\"name\":\"Joana Barbosa\",\"image\":{\"@type\":\"ImageObject\",\"inLanguage\":\"pt-PT\",\"@id\":\"https:\/\/www.atelierdocaractere.pt\/brevemente\/#\/schema\/person\/image\/\",\"url\":\"https:\/\/secure.gravatar.com\/avatar\/33e8214b45e9d68a3a83008731075979?s=96&d=mm&r=g\",\"contentUrl\":\"https:\/\/secure.gravatar.com\/avatar\/33e8214b45e9d68a3a83008731075979?s=96&d=mm&r=g\",\"caption\":\"Joana Barbosa\"},\"url\":\"https:\/\/www.atelierdocaractere.pt\/brevemente\/author\/joanabarbosa\/\"}]}<\/script>\n<!-- \/ Yoast SEO plugin. -->","yoast_head_json":{"title":"Carros com hist\u00f3ria voltam a acelerar na regi\u00e3o dos Templ\u00e1rios - Atelier do Caractere","robots":{"index":"index","follow":"follow","max-snippet":"max-snippet:-1","max-image-preview":"max-image-preview:large","max-video-preview":"max-video-preview:-1"},"canonical":"https:\/\/www.atelierdocaractere.pt\/brevemente\/carros-com-historia-voltam-a-acelerar-na-regiao-dos-templarios\/","og_locale":"pt_PT","og_type":"article","og_title":"Carros com hist\u00f3ria voltam a acelerar na regi\u00e3o dos Templ\u00e1rios - Atelier do Caractere","og_description":"O Templ\u00e1rios Rally Classic volta \u00e0 estrada nos dias 25 e 26 de abril. A cidade de Tomar \u00e9 o...","og_url":"https:\/\/www.atelierdocaractere.pt\/brevemente\/carros-com-historia-voltam-a-acelerar-na-regiao-dos-templarios\/","og_site_name":"Atelier do Caractere","article_publisher":"https:\/\/www.facebook.com\/AtelierdoCaractere","article_published_time":"2025-04-07T10:52:21+00:00","article_modified_time":"2025-04-07T10:52:26+00:00","og_image":[{"width":1280,"height":853,"url":"https:\/\/www.atelierdocaractere.pt\/wp-content\/uploads\/2025\/04\/templarios-rally-classic-nuno-pinto.jpg","type":"image\/jpeg"}],"author":"Joana Barbosa","twitter_card":"summary_large_image","twitter_misc":{"Escrito por":"Joana Barbosa","Tempo estimado de leitura":"4 minutos"},"schema":{"@context":"https:\/\/schema.org","@graph":[{"@type":"WebPage","@id":"https:\/\/www.atelierdocaractere.pt\/brevemente\/carros-com-historia-voltam-a-acelerar-na-regiao-dos-templarios\/","url":"https:\/\/www.atelierdocaractere.pt\/brevemente\/carros-com-historia-voltam-a-acelerar-na-regiao-dos-templarios\/","name":"Carros com hist\u00f3ria voltam a acelerar na regi\u00e3o dos Templ\u00e1rios - Atelier do Caractere","isPartOf":{"@id":"https:\/\/www.atelierdocaractere.pt\/brevemente\/#website"},"datePublished":"2025-04-07T10:52:21+00:00","dateModified":"2025-04-07T10:52:26+00:00","author":{"@id":"https:\/\/www.atelierdocaractere.pt\/brevemente\/#\/schema\/person\/f2f096eb0f27d9894725af22cb97c0db"},"breadcrumb":{"@id":"https:\/\/www.atelierdocaractere.pt\/brevemente\/carros-com-historia-voltam-a-acelerar-na-regiao-dos-templarios\/#breadcrumb"},"inLanguage":"pt-PT","potentialAction":[{"@type":"ReadAction","target":["https:\/\/www.atelierdocaractere.pt\/brevemente\/carros-com-historia-voltam-a-acelerar-na-regiao-dos-templarios\/"]}]},{"@type":"BreadcrumbList","@id":"https:\/\/www.atelierdocaractere.pt\/brevemente\/carros-com-historia-voltam-a-acelerar-na-regiao-dos-templarios\/#breadcrumb","itemListElement":[{"@type":"ListItem","position":1,"name":"In\u00edcio","item":"https:\/\/www.atelierdocaractere.pt\/brevemente\/"},{"@type":"ListItem","position":2,"name":"Carros com hist\u00f3ria voltam a acelerar na regi\u00e3o dos Templ\u00e1rios"}]},{"@type":"WebSite","@id":"https:\/\/www.atelierdocaractere.pt\/brevemente\/#website","url":"https:\/\/www.atelierdocaractere.pt\/brevemente\/","name":"Atelier do Caractere","description":"","potentialAction":[{"@type":"SearchAction","target":{"@type":"EntryPoint","urlTemplate":"https:\/\/www.atelierdocaractere.pt\/brevemente\/?s={search_term_string}"},"query-input":"required name=search_term_string"}],"inLanguage":"pt-PT"},{"@type":"Person","@id":"https:\/\/www.atelierdocaractere.pt\/brevemente\/#\/schema\/person\/f2f096eb0f27d9894725af22cb97c0db","name":"Joana Barbosa","image":{"@type":"ImageObject","inLanguage":"pt-PT","@id":"https:\/\/www.atelierdocaractere.pt\/brevemente\/#\/schema\/person\/image\/","url":"https:\/\/secure.gravatar.com\/avatar\/33e8214b45e9d68a3a83008731075979?s=96&d=mm&r=g","contentUrl":"https:\/\/secure.gravatar.com\/avatar\/33e8214b45e9d68a3a83008731075979?s=96&d=mm&r=g","caption":"Joana Barbosa"},"url":"https:\/\/www.atelierdocaractere.pt\/brevemente\/author\/joanabarbosa\/"}]}},"_links":{"self":[{"href":"https:\/\/www.atelierdocaractere.pt\/brevemente\/wp-json\/wp\/v2\/posts\/13740"}],"collection":[{"href":"https:\/\/www.atelierdocaractere.pt\/brevemente\/wp-json\/wp\/v2\/posts"}],"about":[{"href":"https:\/\/www.atelierdocaractere.pt\/brevemente\/wp-json\/wp\/v2\/types\/post"}],"author":[{"embeddable":true,"href":"https:\/\/www.atelierdocaractere.pt\/brevemente\/wp-json\/wp\/v2\/users\/7"}],"replies":[{"embeddable":true,"href":"https:\/\/www.atelierdocaractere.pt\/brevemente\/wp-json\/wp\/v2\/comments?post=13740"}],"version-history":[{"count":1,"href":"https:\/\/www.atelierdocaractere.pt\/brevemente\/wp-json\/wp\/v2\/posts\/13740\/revisions"}],"predecessor-version":[{"id":13743,"href":"https:\/\/www.atelierdocaractere.pt\/brevemente\/wp-json\/wp\/v2\/posts\/13740\/revisions\/13743"}],"wp:featuredmedia":[{"embeddable":true,"href":"https:\/\/www.atelierdocaractere.pt\/brevemente\/wp-json\/wp\/v2\/media\/13741"}],"wp:attachment":[{"href":"https:\/\/www.atelierdocaractere.pt\/brevemente\/wp-json\/wp\/v2\/media?parent=13740"}],"wp:term":[{"taxonomy":"category","embeddable":true,"href":"https:\/\/www.atelierdocaractere.pt\/brevemente\/wp-json\/wp\/v2\/categories?post=13740"},{"taxonomy":"post_tag","embeddable":true,"href":"https:\/\/www.atelierdocaractere.pt\/brevemente\/wp-json\/wp\/v2\/tags?post=13740"}],"curies":[{"name":"wp","href":"https:\/\/api.w.org\/{rel}","templated":true}]}}